{"id":232259,"date":"2025-02-25T12:25:30","date_gmt":"2025-02-25T15:25:30","guid":{"rendered":"https:\/\/www.gaveanews.com\/?p=232259"},"modified":"2025-02-25T12:14:26","modified_gmt":"2025-02-25T15:14:26","slug":"a-declaracao-de-suarez-sobre-o-gol-olimpico-de-neymar-pelo-santos","status":"publish","type":"post","link":"https:\/\/www.gaveanews.com\/index.php\/2025\/02\/25\/a-declaracao-de-suarez-sobre-o-gol-olimpico-de-neymar-pelo-santos\/","title":{"rendered":"A declara\u00e7\u00e3o de Su\u00e1rez sobre o gol ol\u00edmpico de Neymar pelo Santos"},"content":{"rendered":"\n<p>O atacante uruguaio Lu\u00eds Su\u00e1rez, que atualmente defende o Inter Miami, reagiu de forma bem-humorada ao gol ol\u00edmpico marcado por Neymar na vit\u00f3ria do Santos sobre a Inter de Limeira. A partida, realizada no \u00faltimo domingo (23\/2), terminou com placar de 3 a 0 e foi v\u00e1lida pela 12\u00aa rodada do Campeonato Paulista. <\/p>\n\n\n\n<p>Ap\u00f3s o jogo, Neymar celebrou seu desempenho em uma publica\u00e7\u00e3o no X (antigo Twitter), destacando sua felicidade por retornar aos gramados ap\u00f3s um longo per\u00edodo afastado devido a uma les\u00e3o no joelho esquerdo. Ao ver a postagem, Su\u00e1rez brincou: \u201cMarque um gol, gordinho\u201d, relembrando a amizade constru\u00edda durante os tempos de Barcelona.<\/p>\n\n\n\n<p>Neymar, por sua vez, expressou nas redes sociais sua satisfa\u00e7\u00e3o por estar novamente em campo. Ele afirmou: \u201cA minha maior alegria \u00e9 jogar futebol\u201d, enfatizando o quanto valoriza o retorno \u00e0s competi\u00e7\u00f5es. <\/p>\n\n\n\n<p>O gol contra a Inter de Limeira foi o segundo do camisa 10 desde que voltou ao Santos, clube onde se tornou \u00eddolo na d\u00e9cada passada. Al\u00e9m disso, ele acumula tr\u00eas assist\u00eancias em seis partidas disputadas nesta temporada, demonstrando que ainda pode ser decisivo mesmo ap\u00f3s um per\u00edodo de inatividade.<\/p>\n\n\n\n<blockquote class=\"twitter-tweet\"><p lang=\"es\" dir=\"ltr\">Hacete un gol gordito \ud83d\ude02\u2764\ufe0f\u26bd\ufe0f<\/p>&mdash; Luis Su\u00e1rez (@LuisSuarez9) <a href=\"https:\/\/twitter.com\/LuisSuarez9\/status\/1893995330082861100?ref_src=twsrc%5Etfw\">February 24, 2025<\/a><\/blockquote> <script async src=\"https:\/\/platform.twitter.com\/widgets.js\" charset=\"utf-8\"><\/script>\n\n\n\n<h2 class=\"wp-block-heading\" id=\"h-santos-garante-classificacao-para-quartas-de-final\">Santos garante classifica\u00e7\u00e3o para quartas de final<\/h2>\n\n\n\n<p>Com a vit\u00f3ria convincente, o Santos garantiu sua classifica\u00e7\u00e3o para as quartas de final do Campeonato Paulista como l\u00edder do Grupo B, somando 18 pontos. Na pr\u00f3xima fase, o Peixe enfrentar\u00e1 o Bragantino no s\u00e1bado (2\/3), na Vila Belmiro, embora o hor\u00e1rio da partida ainda n\u00e3o tenha sido divulgado oficialmente. <\/p>\n\n\n\n<h2 class=\"wp-block-heading\" id=\"h-amizade-nos-gramados-do-barcelona\">Amizade nos gramados do Barcelona<\/h2>\n\n\n\n<p>A rela\u00e7\u00e3o entre Neymar e Su\u00e1rez remonta ao per\u00edodo em que ambos atuaram juntos no Barcelona, entre 2013 e 2017. Durante esse tempo, os dois dividiram o campo em 125 partidas, formando, ao lado de Lionel Messi, o lend\u00e1rio trio MSN. <\/p>\n\n\n\n<p>Juntos, eles conquistaram t\u00edtulos importantes, incluindo dois Campeonatos Espanh\u00f3is, tr\u00eas Copas do Rei, al\u00e9m da Liga dos Campe\u00f5es e do Mundial de Clubes. Neymar marcou 73 gols nesse per\u00edodo, enquanto Su\u00e1rez anotou impressionantes 100 tentos.<\/p>\n","protected":false},"excerpt":{"rendered":"<p>O atacante uruguaio Lu\u00eds Su\u00e1rez, que atualmente defende o Inter Miami, reagiu de forma bem-humorada ao gol ol\u00edmpico marcado por Neymar na vit\u00f3ria do Santos sobre a Inter de Limeira. A partida, realizada no \u00faltimo domingo (23\/2), terminou com placar de 3 a 0 e foi v\u00e1lida pela 12\u00aa rodada do Campeonato Paulista. Ap\u00f3s o [&hellip;]<\/p>\n","protected":false},"author":28,"featured_media":155443,"comment_status":"open","ping_status":"closed","sticky":false,"template":"","format":"standard","meta":{"footnotes":""},"categories":[473,139],"tags":[],"class_list":["post-232259","post","type-post","status-publish","format-standard","has-post-thumbnail","hentry","category-inter-miami","category-santos"],"yoast_head":"<!-- This site is optimized with the Yoast SEO Premium plugin v24.2 (Yoast SEO v26.9) - https:\/\/yoast.com\/product\/yoast-seo-premium-wordpress\/ -->\n<title>A declara\u00e7\u00e3o de Su\u00e1rez sobre o gol ol\u00edmpico de Neymar pelo Santos<\/title>\n<meta name=\"robots\" content=\"index, follow, max-snippet:-1, max-image-preview:large, max-video-preview:-1\" \/>\n<link rel=\"canonical\" href=\"https:\/\/www.gaveanews.com\/index.php\/2025\/02\/25\/a-declaracao-de-suarez-sobre-o-gol-olimpico-de-neymar-pelo-santos\/\" \/>\n<meta property=\"og:locale\" content=\"pt_BR\" \/>\n<meta property=\"og:type\" content=\"article\" \/>\n<meta property=\"og:title\" content=\"A declara\u00e7\u00e3o de Su\u00e1rez sobre o gol ol\u00edmpico de Neymar pelo Santos\" \/>\n<meta property=\"og:description\" content=\"O atacante uruguaio Lu\u00eds Su\u00e1rez, que atualmente defende o Inter Miami, reagiu de forma bem-humorada ao gol ol\u00edmpico marcado por Neymar na vit\u00f3ria do Santos sobre a Inter de Limeira. A partida, realizada no \u00faltimo domingo (23\/2), terminou com placar de 3 a 0 e foi v\u00e1lida pela 12\u00aa rodada do Campeonato Paulista. Ap\u00f3s o [&hellip;]\" \/>\n<meta property=\"og:url\" content=\"https:\/\/www.gaveanews.com\/index.php\/2025\/02\/25\/a-declaracao-de-suarez-sobre-o-gol-olimpico-de-neymar-pelo-santos\/\" \/>\n<meta property=\"og:site_name\" content=\"G\u00e1vea News\" \/>\n<meta property=\"article:publisher\" content=\"https:\/\/facebook.com\/gaveaNews\/\" \/>\n<meta property=\"article:published_time\" content=\"2025-02-25T15:25:30+00:00\" \/>\n<meta property=\"og:image\" content=\"https:\/\/www.gaveanews.com\/wp-content\/uploads\/Luis-Alberto-Suarez-com-a-camisa-da-selecao-do-Uruguai-em-2024.webp\" \/>\n\t<meta property=\"og:image:width\" content=\"1422\" \/>\n\t<meta property=\"og:image:height\" content=\"1067\" \/>\n\t<meta property=\"og:image:type\" content=\"image\/webp\" \/>\n<meta name=\"author\" content=\"Hudson Pereira\" \/>\n<meta name=\"twitter:card\" content=\"summary_large_image\" \/>\n<meta name=\"twitter:label1\" content=\"Escrito por\" \/>\n\t<meta name=\"twitter:data1\" content=\"Hudson Pereira\" \/>\n\t<meta name=\"twitter:label2\" content=\"Est. tempo de leitura\" \/>\n\t<meta name=\"twitter:data2\" content=\"2 minutos\" \/>\n<script type=\"application\/ld+json\" class=\"yoast-schema-graph\">{\"@context\":\"https:\/\/schema.org\",\"@graph\":[{\"@type\":\"NewsArticle\",\"@id\":\"https:\/\/www.gaveanews.com\/index.php\/2025\/02\/25\/a-declaracao-de-suarez-sobre-o-gol-olimpico-de-neymar-pelo-santos\/#article\",\"isPartOf\":{\"@id\":\"https:\/\/www.gaveanews.com\/index.php\/2025\/02\/25\/a-declaracao-de-suarez-sobre-o-gol-olimpico-de-neymar-pelo-santos\/\"},\"author\":{\"name\":\"Hudson Pereira\",\"@id\":\"https:\/\/www.gaveanews.com\/#\/schema\/person\/bd08f00534b403119b92741a6d469ef0\"},\"headline\":\"A declara\u00e7\u00e3o de Su\u00e1rez sobre o gol ol\u00edmpico de Neymar pelo Santos\",\"datePublished\":\"2025-02-25T15:25:30+00:00\",\"mainEntityOfPage\":{\"@id\":\"https:\/\/www.gaveanews.com\/index.php\/2025\/02\/25\/a-declaracao-de-suarez-sobre-o-gol-olimpico-de-neymar-pelo-santos\/\"},\"wordCount\":376,\"commentCount\":0,\"image\":{\"@id\":\"https:\/\/www.gaveanews.com\/index.php\/2025\/02\/25\/a-declaracao-de-suarez-sobre-o-gol-olimpico-de-neymar-pelo-santos\/#primaryimage\"},\"thumbnailUrl\":\"https:\/\/www.gaveanews.com\/wp-content\/uploads\/Luis-Alberto-Suarez-com-a-camisa-da-selecao-do-Uruguai-em-2024.webp\",\"articleSection\":[\"Inter Miami\",\"Santos\"],\"inLanguage\":\"pt-BR\",\"potentialAction\":[{\"@type\":\"CommentAction\",\"name\":\"Comment\",\"target\":[\"https:\/\/www.gaveanews.com\/index.php\/2025\/02\/25\/a-declaracao-de-suarez-sobre-o-gol-olimpico-de-neymar-pelo-santos\/#respond\"]}],\"copyrightYear\":\"2025\",\"copyrightHolder\":{\"@id\":\"https:\/\/www.gaveanews.com\/#organization\"}},{\"@type\":\"WebPage\",\"@id\":\"https:\/\/www.gaveanews.com\/index.php\/2025\/02\/25\/a-declaracao-de-suarez-sobre-o-gol-olimpico-de-neymar-pelo-santos\/\",\"url\":\"https:\/\/www.gaveanews.com\/index.php\/2025\/02\/25\/a-declaracao-de-suarez-sobre-o-gol-olimpico-de-neymar-pelo-santos\/\",\"name\":\"A declara\u00e7\u00e3o de Su\u00e1rez sobre o gol ol\u00edmpico de Neymar pelo Santos\",\"isPartOf\":{\"@id\":\"https:\/\/www.gaveanews.com\/#website\"},\"primaryImageOfPage\":{\"@id\":\"https:\/\/www.gaveanews.com\/index.php\/2025\/02\/25\/a-declaracao-de-suarez-sobre-o-gol-olimpico-de-neymar-pelo-santos\/#primaryimage\"},\"image\":{\"@id\":\"https:\/\/www.gaveanews.com\/index.php\/2025\/02\/25\/a-declaracao-de-suarez-sobre-o-gol-olimpico-de-neymar-pelo-santos\/#primaryimage\"},\"thumbnailUrl\":\"https:\/\/www.gaveanews.com\/wp-content\/uploads\/Luis-Alberto-Suarez-com-a-camisa-da-selecao-do-Uruguai-em-2024.webp\",\"datePublished\":\"2025-02-25T15:25:30+00:00\",\"author\":{\"@id\":\"https:\/\/www.gaveanews.com\/#\/schema\/person\/bd08f00534b403119b92741a6d469ef0\"},\"breadcrumb\":{\"@id\":\"https:\/\/www.gaveanews.com\/index.php\/2025\/02\/25\/a-declaracao-de-suarez-sobre-o-gol-olimpico-de-neymar-pelo-santos\/#breadcrumb\"},\"inLanguage\":\"pt-BR\",\"potentialAction\":[{\"@type\":\"ReadAction\",\"target\":[\"https:\/\/www.gaveanews.com\/index.php\/2025\/02\/25\/a-declaracao-de-suarez-sobre-o-gol-olimpico-de-neymar-pelo-santos\/\"]}]},{\"@type\":\"ImageObject\",\"inLanguage\":\"pt-BR\",\"@id\":\"https:\/\/www.gaveanews.com\/index.php\/2025\/02\/25\/a-declaracao-de-suarez-sobre-o-gol-olimpico-de-neymar-pelo-santos\/#primaryimage\",\"url\":\"https:\/\/www.gaveanews.com\/wp-content\/uploads\/Luis-Alberto-Suarez-com-a-camisa-da-selecao-do-Uruguai-em-2024.webp\",\"contentUrl\":\"https:\/\/www.gaveanews.com\/wp-content\/uploads\/Luis-Alberto-Suarez-com-a-camisa-da-selecao-do-Uruguai-em-2024.webp\",\"width\":1422,\"height\":1067,\"caption\":\"Luis Alberto Su\u00e1rez com a camisa da sele\u00e7\u00e3o do Uruguai em 2024 (Foto: Reprodu\u00e7\u00e3o\/Instagram)\"},{\"@type\":\"BreadcrumbList\",\"@id\":\"https:\/\/www.gaveanews.com\/index.php\/2025\/02\/25\/a-declaracao-de-suarez-sobre-o-gol-olimpico-de-neymar-pelo-santos\/#breadcrumb\",\"itemListElement\":[{\"@type\":\"ListItem\",\"position\":1,\"name\":\"Home\",\"item\":\"https:\/\/www.gaveanews.com\/\"},{\"@type\":\"ListItem\",\"position\":2,\"name\":\"A declara\u00e7\u00e3o de Su\u00e1rez sobre o gol ol\u00edmpico de Neymar pelo Santos\"}]},{\"@type\":\"WebSite\",\"@id\":\"https:\/\/www.gaveanews.com\/#website\",\"url\":\"https:\/\/www.gaveanews.com\/\",\"name\":\"G\u00e1vea News\",\"description\":\"Veja todas as not\u00edcias sobre o Flamengo: Contrata\u00e7\u00f5es, categorias de base, resultados das partidas, tabela de classifica\u00e7\u00e3o, pr\u00f3ximos jogos!\",\"potentialAction\":[{\"@type\":\"SearchAction\",\"target\":{\"@type\":\"EntryPoint\",\"urlTemplate\":\"https:\/\/www.gaveanews.com\/?s={search_term_string}\"},\"query-input\":{\"@type\":\"PropertyValueSpecification\",\"valueRequired\":true,\"valueName\":\"search_term_string\"}}],\"inLanguage\":\"pt-BR\"},{\"@type\":\"Person\",\"@id\":\"https:\/\/www.gaveanews.com\/#\/schema\/person\/bd08f00534b403119b92741a6d469ef0\",\"name\":\"Hudson Pereira\",\"image\":{\"@type\":\"ImageObject\",\"inLanguage\":\"pt-BR\",\"@id\":\"https:\/\/www.gaveanews.com\/#\/schema\/person\/image\/\",\"url\":\"https:\/\/secure.gravatar.com\/avatar\/ecc491b489e454e510efffc9b23c1052ce5fb4f2e05555768ba65819cd55f03e?s=96&d=mm&r=g\",\"contentUrl\":\"https:\/\/secure.gravatar.com\/avatar\/ecc491b489e454e510efffc9b23c1052ce5fb4f2e05555768ba65819cd55f03e?s=96&d=mm&r=g\",\"caption\":\"Hudson Pereira\"}}]}<\/script>\n<!-- \/ Yoast SEO Premium plugin. -->","yoast_head_json":{"title":"A declara\u00e7\u00e3o de Su\u00e1rez sobre o gol ol\u00edmpico de Neymar pelo Santos","robots":{"index":"index","follow":"follow","max-snippet":"max-snippet:-1","max-image-preview":"max-image-preview:large","max-video-preview":"max-video-preview:-1"},"canonical":"https:\/\/www.gaveanews.com\/index.php\/2025\/02\/25\/a-declaracao-de-suarez-sobre-o-gol-olimpico-de-neymar-pelo-santos\/","og_locale":"pt_BR","og_type":"article","og_title":"A declara\u00e7\u00e3o de Su\u00e1rez sobre o gol ol\u00edmpico de Neymar pelo Santos","og_description":"O atacante uruguaio Lu\u00eds Su\u00e1rez, que atualmente defende o Inter Miami, reagiu de forma bem-humorada ao gol ol\u00edmpico marcado por Neymar na vit\u00f3ria do Santos sobre a Inter de Limeira. A partida, realizada no \u00faltimo domingo (23\/2), terminou com placar de 3 a 0 e foi v\u00e1lida pela 12\u00aa rodada do Campeonato Paulista. Ap\u00f3s o [&hellip;]","og_url":"https:\/\/www.gaveanews.com\/index.php\/2025\/02\/25\/a-declaracao-de-suarez-sobre-o-gol-olimpico-de-neymar-pelo-santos\/","og_site_name":"G\u00e1vea News","article_publisher":"https:\/\/facebook.com\/gaveaNews\/","article_published_time":"2025-02-25T15:25:30+00:00","og_image":[{"width":1422,"height":1067,"url":"https:\/\/www.gaveanews.com\/wp-content\/uploads\/Luis-Alberto-Suarez-com-a-camisa-da-selecao-do-Uruguai-em-2024.webp","type":"image\/webp"}],"author":"Hudson Pereira","twitter_card":"summary_large_image","twitter_misc":{"Escrito por":"Hudson Pereira","Est. tempo de leitura":"2 minutos"},"schema":{"@context":"https:\/\/schema.org","@graph":[{"@type":"NewsArticle","@id":"https:\/\/www.gaveanews.com\/index.php\/2025\/02\/25\/a-declaracao-de-suarez-sobre-o-gol-olimpico-de-neymar-pelo-santos\/#article","isPartOf":{"@id":"https:\/\/www.gaveanews.com\/index.php\/2025\/02\/25\/a-declaracao-de-suarez-sobre-o-gol-olimpico-de-neymar-pelo-santos\/"},"author":{"name":"Hudson Pereira","@id":"https:\/\/www.gaveanews.com\/#\/schema\/person\/bd08f00534b403119b92741a6d469ef0"},"headline":"A declara\u00e7\u00e3o de Su\u00e1rez sobre o gol ol\u00edmpico de Neymar pelo Santos","datePublished":"2025-02-25T15:25:30+00:00","mainEntityOfPage":{"@id":"https:\/\/www.gaveanews.com\/index.php\/2025\/02\/25\/a-declaracao-de-suarez-sobre-o-gol-olimpico-de-neymar-pelo-santos\/"},"wordCount":376,"commentCount":0,"image":{"@id":"https:\/\/www.gaveanews.com\/index.php\/2025\/02\/25\/a-declaracao-de-suarez-sobre-o-gol-olimpico-de-neymar-pelo-santos\/#primaryimage"},"thumbnailUrl":"https:\/\/www.gaveanews.com\/wp-content\/uploads\/Luis-Alberto-Suarez-com-a-camisa-da-selecao-do-Uruguai-em-2024.webp","articleSection":["Inter Miami","Santos"],"inLanguage":"pt-BR","potentialAction":[{"@type":"CommentAction","name":"Comment","target":["https:\/\/www.gaveanews.com\/index.php\/2025\/02\/25\/a-declaracao-de-suarez-sobre-o-gol-olimpico-de-neymar-pelo-santos\/#respond"]}],"copyrightYear":"2025","copyrightHolder":{"@id":"https:\/\/www.gaveanews.com\/#organization"}},{"@type":"WebPage","@id":"https:\/\/www.gaveanews.com\/index.php\/2025\/02\/25\/a-declaracao-de-suarez-sobre-o-gol-olimpico-de-neymar-pelo-santos\/","url":"https:\/\/www.gaveanews.com\/index.php\/2025\/02\/25\/a-declaracao-de-suarez-sobre-o-gol-olimpico-de-neymar-pelo-santos\/","name":"A declara\u00e7\u00e3o de Su\u00e1rez sobre o gol ol\u00edmpico de Neymar pelo Santos","isPartOf":{"@id":"https:\/\/www.gaveanews.com\/#website"},"primaryImageOfPage":{"@id":"https:\/\/www.gaveanews.com\/index.php\/2025\/02\/25\/a-declaracao-de-suarez-sobre-o-gol-olimpico-de-neymar-pelo-santos\/#primaryimage"},"image":{"@id":"https:\/\/www.gaveanews.com\/index.php\/2025\/02\/25\/a-declaracao-de-suarez-sobre-o-gol-olimpico-de-neymar-pelo-santos\/#primaryimage"},"thumbnailUrl":"https:\/\/www.gaveanews.com\/wp-content\/uploads\/Luis-Alberto-Suarez-com-a-camisa-da-selecao-do-Uruguai-em-2024.webp","datePublished":"2025-02-25T15:25:30+00:00","author":{"@id":"https:\/\/www.gaveanews.com\/#\/schema\/person\/bd08f00534b403119b92741a6d469ef0"},"breadcrumb":{"@id":"https:\/\/www.gaveanews.com\/index.php\/2025\/02\/25\/a-declaracao-de-suarez-sobre-o-gol-olimpico-de-neymar-pelo-santos\/#breadcrumb"},"inLanguage":"pt-BR","potentialAction":[{"@type":"ReadAction","target":["https:\/\/www.gaveanews.com\/index.php\/2025\/02\/25\/a-declaracao-de-suarez-sobre-o-gol-olimpico-de-neymar-pelo-santos\/"]}]},{"@type":"ImageObject","inLanguage":"pt-BR","@id":"https:\/\/www.gaveanews.com\/index.php\/2025\/02\/25\/a-declaracao-de-suarez-sobre-o-gol-olimpico-de-neymar-pelo-santos\/#primaryimage","url":"https:\/\/www.gaveanews.com\/wp-content\/uploads\/Luis-Alberto-Suarez-com-a-camisa-da-selecao-do-Uruguai-em-2024.webp","contentUrl":"https:\/\/www.gaveanews.com\/wp-content\/uploads\/Luis-Alberto-Suarez-com-a-camisa-da-selecao-do-Uruguai-em-2024.webp","width":1422,"height":1067,"caption":"Luis Alberto Su\u00e1rez com a camisa da sele\u00e7\u00e3o do Uruguai em 2024 (Foto: Reprodu\u00e7\u00e3o\/Instagram)"},{"@type":"BreadcrumbList","@id":"https:\/\/www.gaveanews.com\/index.php\/2025\/02\/25\/a-declaracao-de-suarez-sobre-o-gol-olimpico-de-neymar-pelo-santos\/#breadcrumb","itemListElement":[{"@type":"ListItem","position":1,"name":"Home","item":"https:\/\/www.gaveanews.com\/"},{"@type":"ListItem","position":2,"name":"A declara\u00e7\u00e3o de Su\u00e1rez sobre o gol ol\u00edmpico de Neymar pelo Santos"}]},{"@type":"WebSite","@id":"https:\/\/www.gaveanews.com\/#website","url":"https:\/\/www.gaveanews.com\/","name":"G\u00e1vea News","description":"Veja todas as not\u00edcias sobre o Flamengo: Contrata\u00e7\u00f5es, categorias de base, resultados das partidas, tabela de classifica\u00e7\u00e3o, pr\u00f3ximos jogos!","potentialAction":[{"@type":"SearchAction","target":{"@type":"EntryPoint","urlTemplate":"https:\/\/www.gaveanews.com\/?s={search_term_string}"},"query-input":{"@type":"PropertyValueSpecification","valueRequired":true,"valueName":"search_term_string"}}],"inLanguage":"pt-BR"},{"@type":"Person","@id":"https:\/\/www.gaveanews.com\/#\/schema\/person\/bd08f00534b403119b92741a6d469ef0","name":"Hudson Pereira","image":{"@type":"ImageObject","inLanguage":"pt-BR","@id":"https:\/\/www.gaveanews.com\/#\/schema\/person\/image\/","url":"https:\/\/secure.gravatar.com\/avatar\/ecc491b489e454e510efffc9b23c1052ce5fb4f2e05555768ba65819cd55f03e?s=96&d=mm&r=g","contentUrl":"https:\/\/secure.gravatar.com\/avatar\/ecc491b489e454e510efffc9b23c1052ce5fb4f2e05555768ba65819cd55f03e?s=96&d=mm&r=g","caption":"Hudson Pereira"}}]}},"_links":{"self":[{"href":"https:\/\/www.gaveanews.com\/index.php\/wp-json\/wp\/v2\/posts\/232259","targetHints":{"allow":["GET"]}}],"collection":[{"href":"https:\/\/www.gaveanews.com\/index.php\/wp-json\/wp\/v2\/posts"}],"about":[{"href":"https:\/\/www.gaveanews.com\/index.php\/wp-json\/wp\/v2\/types\/post"}],"author":[{"embeddable":true,"href":"https:\/\/www.gaveanews.com\/index.php\/wp-json\/wp\/v2\/users\/28"}],"replies":[{"embeddable":true,"href":"https:\/\/www.gaveanews.com\/index.php\/wp-json\/wp\/v2\/comments?post=232259"}],"version-history":[{"count":2,"href":"https:\/\/www.gaveanews.com\/index.php\/wp-json\/wp\/v2\/posts\/232259\/revisions"}],"predecessor-version":[{"id":232266,"href":"https:\/\/www.gaveanews.com\/index.php\/wp-json\/wp\/v2\/posts\/232259\/revisions\/232266"}],"wp:featuredmedia":[{"embeddable":true,"href":"https:\/\/www.gaveanews.com\/index.php\/wp-json\/wp\/v2\/media\/155443"}],"wp:attachment":[{"href":"https:\/\/www.gaveanews.com\/index.php\/wp-json\/wp\/v2\/media?parent=232259"}],"wp:term":[{"taxonomy":"category","embeddable":true,"href":"https:\/\/www.gaveanews.com\/index.php\/wp-json\/wp\/v2\/categories?post=232259"},{"taxonomy":"post_tag","embeddable":true,"href":"https:\/\/www.gaveanews.com\/index.php\/wp-json\/wp\/v2\/tags?post=232259"}],"curies":[{"name":"wp","href":"https:\/\/api.w.org\/{rel}","templated":true}]}}