{"id":232466,"date":"2025-02-25T21:00:00","date_gmt":"2025-02-26T00:00:00","guid":{"rendered":"https:\/\/www.gaveanews.com\/?p=232466"},"modified":"2025-03-16T17:32:20","modified_gmt":"2025-03-16T20:32:20","slug":"flamengo-x-vasco-flavio-prado-crava-classificado","status":"publish","type":"post","link":"https:\/\/www.gaveanews.com\/index.php\/2025\/02\/25\/flamengo-x-vasco-flavio-prado-crava-classificado\/","title":{"rendered":"Flamengo x Vasco: Fl\u00e1vio Prado crava classificado"},"content":{"rendered":"\n<p>O Campeonato Carioca chegou a suas semifinais e a grande expectativa gira em torno do cl\u00e1ssico Flamengo x <a href=\"https:\/\/vasconoticias.com.br\/\">Vasco<\/a>. No entanto, ao contr\u00e1rio da rivalidade acirrada entre as torcidas, o jornalista Fl\u00e1vio Prado n\u00e3o acredita que o Cruzmaltino tenha qualquer chance diante do Rubro-Negro.\u00a0<\/p>\n\n\n\n<p>Em declara\u00e7\u00f5es contundentes, ele afirmou que o Vasco \u201cn\u00e3o tem condi\u00e7\u00f5es\u201d de superar o Flamengo e ainda previu uma poss\u00edvel goleada nos dois confrontos.<\/p>\n\n\n\n<h2 class=\"wp-block-heading\" id=\"h-a-confianca-de-flavio-prado-na-superioridade-do-flamengo\">A confian\u00e7a de Fl\u00e1vio Prado na superioridade do Flamengo<\/h2>\n\n\n\n<p>Logo ap\u00f3s a classifica\u00e7\u00e3o do Vasco como quarto colocado, o que garantiu o confronto com o Flamengo, o centroavante Pablo Vegetti causou um alvoro\u00e7o com a declara\u00e7\u00e3o de que o time cruzmaltino estava com \u201csede de vingan\u00e7a\u201d contra o rival.&nbsp;<\/p>\n\n\n\n<p>Por\u00e9m, Fl\u00e1vio Prado tratou de minimizar a fala do argentino. &#8220;Est\u00e1 com sede, n\u00e9? Quando come\u00e7ar o jogo, ele vai se sentir no deserto&#8221;, ironizou o comentarista durante o programa Bate-Pronto, da r\u00e1dio Jovem Pan.&nbsp;<\/p>\n\n\n\n<p>Para Fl\u00e1vio, as chances do Vasco s\u00e3o praticamente nulas, cravando: \u201cA chance do Vasco \u00e9 zero. \u00c9 100% a zero para o Flamengo. N\u00e3o tem condi\u00e7\u00e3o. S\u00e3o patamares diferentes.\u201d<\/p>\n\n\n\n<h2 class=\"wp-block-heading\" id=\"h-expectativa-de-goleadas-e-confianca-no-flamengo\">Expectativa de goleadas e confian\u00e7a no Flamengo<\/h2>\n\n\n\n<p>A confian\u00e7a de Fl\u00e1vio Prado vai al\u00e9m da simples classifica\u00e7\u00e3o. Ele acredita que o Flamengo tem tudo para conquistar uma vit\u00f3ria el\u00e1stica nos dois confrontos das semifinais.&nbsp;<\/p>\n\n\n\n<p>\u201cEm dois jogos, ent\u00e3o, piorou. N\u00e3o vou ficar surpreso se o Flamengo meter duas goleadas no Vasco. Ficarei surpreso se o Vasco engrossar em um jogo\u201d, afirmou o jornalista, destacando o abismo entre as duas equipes neste momento.<\/p>\n\n\n\n<h2 class=\"wp-block-heading\" id=\"h-flavio-prado-elogia-a-filosofia-do-flamengo\">Fl\u00e1vio Prado elogia a filosofia do Flamengo<\/h2>\n\n\n\n<p>Al\u00e9m de sua confian\u00e7a no Rubro-Negro para as semifinais, Fl\u00e1vio Prado tamb\u00e9m elogiou a filosofia adotada pela dire\u00e7\u00e3o do Flamengo. O comentarista afirmou que o time carioca \u00e9 um exemplo a ser seguido, especialmente por investir em treinadores jovens, como Filipe Lu\u00eds.&nbsp;<\/p>\n\n\n\n<p>\u201cEu acho que o Flamengo assim vai trazer um novo modismo: treinadores da base. Vamos parar com a mania de t\u00e9cnico de Portugal, Argentina e voltar para nossa realidade\u201d, disse Prado, refor\u00e7ando que \u00e9 a forma de ver um futebol mais bonito sendo praticado no pa\u00eds.<\/p>\n","protected":false},"excerpt":{"rendered":"<p>O Campeonato Carioca chegou a suas semifinais e a grande expectativa gira em torno do cl\u00e1ssico Flamengo x Vasco. No entanto, ao contr\u00e1rio da rivalidade acirrada entre as torcidas, o jornalista Fl\u00e1vio Prado n\u00e3o acredita que o Cruzmaltino tenha qualquer chance diante do Rubro-Negro.\u00a0 Em declara\u00e7\u00f5es contundentes, ele afirmou que o Vasco \u201cn\u00e3o tem condi\u00e7\u00f5es\u201d [&hellip;]<\/p>\n","protected":false},"author":25,"featured_media":102292,"comment_status":"open","ping_status":"closed","sticky":false,"template":"","format":"standard","meta":{"footnotes":""},"categories":[1,152],"tags":[],"class_list":["post-232466","post","type-post","status-publish","format-standard","has-post-thumbnail","hentry","category-flamengo","category-vasco"],"yoast_head":"<!-- This site is optimized with the Yoast SEO Premium plugin v24.2 (Yoast SEO v26.9) - https:\/\/yoast.com\/product\/yoast-seo-premium-wordpress\/ -->\n<title>Flamengo x Vasco: Fl\u00e1vio Prado crava classificado<\/title>\n<meta name=\"robots\" content=\"index, follow, max-snippet:-1, max-image-preview:large, max-video-preview:-1\" \/>\n<link rel=\"canonical\" href=\"https:\/\/www.gaveanews.com\/index.php\/2025\/02\/25\/flamengo-x-vasco-flavio-prado-crava-classificado\/\" \/>\n<meta property=\"og:locale\" content=\"pt_BR\" \/>\n<meta property=\"og:type\" content=\"article\" \/>\n<meta property=\"og:title\" content=\"Flamengo x Vasco: Fl\u00e1vio Prado crava classificado\" \/>\n<meta property=\"og:description\" content=\"O Campeonato Carioca chegou a suas semifinais e a grande expectativa gira em torno do cl\u00e1ssico Flamengo x Vasco. No entanto, ao contr\u00e1rio da rivalidade acirrada entre as torcidas, o jornalista Fl\u00e1vio Prado n\u00e3o acredita que o Cruzmaltino tenha qualquer chance diante do Rubro-Negro.\u00a0 Em declara\u00e7\u00f5es contundentes, ele afirmou que o Vasco \u201cn\u00e3o tem condi\u00e7\u00f5es\u201d [&hellip;]\" \/>\n<meta property=\"og:url\" content=\"https:\/\/www.gaveanews.com\/index.php\/2025\/02\/25\/flamengo-x-vasco-flavio-prado-crava-classificado\/\" \/>\n<meta property=\"og:site_name\" content=\"G\u00e1vea News\" \/>\n<meta property=\"article:publisher\" content=\"https:\/\/facebook.com\/gaveaNews\/\" \/>\n<meta property=\"article:published_time\" content=\"2025-02-26T00:00:00+00:00\" \/>\n<meta property=\"article:modified_time\" content=\"2025-03-16T20:32:20+00:00\" \/>\n<meta property=\"og:image\" content=\"http:\/\/www.gaveanews.com\/wp-content\/uploads\/Flavio-Prado.webp\" \/>\n\t<meta property=\"og:image:width\" content=\"999\" \/>\n\t<meta property=\"og:image:height\" content=\"548\" \/>\n\t<meta property=\"og:image:type\" content=\"image\/png\" \/>\n<meta name=\"author\" content=\"Rafaela Ladeira\" \/>\n<meta name=\"twitter:card\" content=\"summary_large_image\" \/>\n<meta name=\"twitter:label1\" content=\"Escrito por\" \/>\n\t<meta name=\"twitter:data1\" content=\"Rafaela Ladeira\" \/>\n\t<meta name=\"twitter:label2\" content=\"Est. tempo de leitura\" \/>\n\t<meta name=\"twitter:data2\" content=\"3 minutos\" \/>\n<script type=\"application\/ld+json\" class=\"yoast-schema-graph\">{\"@context\":\"https:\/\/schema.org\",\"@graph\":[{\"@type\":\"NewsArticle\",\"@id\":\"https:\/\/www.gaveanews.com\/index.php\/2025\/02\/25\/flamengo-x-vasco-flavio-prado-crava-classificado\/#article\",\"isPartOf\":{\"@id\":\"https:\/\/www.gaveanews.com\/index.php\/2025\/02\/25\/flamengo-x-vasco-flavio-prado-crava-classificado\/\"},\"author\":{\"name\":\"Rafaela Ladeira\",\"@id\":\"https:\/\/www.gaveanews.com\/#\/schema\/person\/0eb3e3fe1754f0205218538adbe8f5ed\"},\"headline\":\"Flamengo x Vasco: Fl\u00e1vio Prado crava classificado\",\"datePublished\":\"2025-02-26T00:00:00+00:00\",\"dateModified\":\"2025-03-16T20:32:20+00:00\",\"mainEntityOfPage\":{\"@id\":\"https:\/\/www.gaveanews.com\/index.php\/2025\/02\/25\/flamengo-x-vasco-flavio-prado-crava-classificado\/\"},\"wordCount\":398,\"commentCount\":0,\"image\":{\"@id\":\"https:\/\/www.gaveanews.com\/index.php\/2025\/02\/25\/flamengo-x-vasco-flavio-prado-crava-classificado\/#primaryimage\"},\"thumbnailUrl\":\"https:\/\/www.gaveanews.com\/wp-content\/uploads\/Flavio-Prado.webp\",\"articleSection\":[\"Flamengo\",\"Vasco\"],\"inLanguage\":\"pt-BR\",\"potentialAction\":[{\"@type\":\"CommentAction\",\"name\":\"Comment\",\"target\":[\"https:\/\/www.gaveanews.com\/index.php\/2025\/02\/25\/flamengo-x-vasco-flavio-prado-crava-classificado\/#respond\"]}],\"copyrightYear\":\"2025\",\"copyrightHolder\":{\"@id\":\"https:\/\/www.gaveanews.com\/#organization\"}},{\"@type\":\"WebPage\",\"@id\":\"https:\/\/www.gaveanews.com\/index.php\/2025\/02\/25\/flamengo-x-vasco-flavio-prado-crava-classificado\/\",\"url\":\"https:\/\/www.gaveanews.com\/index.php\/2025\/02\/25\/flamengo-x-vasco-flavio-prado-crava-classificado\/\",\"name\":\"Flamengo x Vasco: Fl\u00e1vio Prado crava classificado\",\"isPartOf\":{\"@id\":\"https:\/\/www.gaveanews.com\/#website\"},\"primaryImageOfPage\":{\"@id\":\"https:\/\/www.gaveanews.com\/index.php\/2025\/02\/25\/flamengo-x-vasco-flavio-prado-crava-classificado\/#primaryimage\"},\"image\":{\"@id\":\"https:\/\/www.gaveanews.com\/index.php\/2025\/02\/25\/flamengo-x-vasco-flavio-prado-crava-classificado\/#primaryimage\"},\"thumbnailUrl\":\"https:\/\/www.gaveanews.com\/wp-content\/uploads\/Flavio-Prado.webp\",\"datePublished\":\"2025-02-26T00:00:00+00:00\",\"dateModified\":\"2025-03-16T20:32:20+00:00\",\"author\":{\"@id\":\"https:\/\/www.gaveanews.com\/#\/schema\/person\/0eb3e3fe1754f0205218538adbe8f5ed\"},\"breadcrumb\":{\"@id\":\"https:\/\/www.gaveanews.com\/index.php\/2025\/02\/25\/flamengo-x-vasco-flavio-prado-crava-classificado\/#breadcrumb\"},\"inLanguage\":\"pt-BR\",\"potentialAction\":[{\"@type\":\"ReadAction\",\"target\":[\"https:\/\/www.gaveanews.com\/index.php\/2025\/02\/25\/flamengo-x-vasco-flavio-prado-crava-classificado\/\"]}]},{\"@type\":\"ImageObject\",\"inLanguage\":\"pt-BR\",\"@id\":\"https:\/\/www.gaveanews.com\/index.php\/2025\/02\/25\/flamengo-x-vasco-flavio-prado-crava-classificado\/#primaryimage\",\"url\":\"https:\/\/www.gaveanews.com\/wp-content\/uploads\/Flavio-Prado.webp\",\"contentUrl\":\"https:\/\/www.gaveanews.com\/wp-content\/uploads\/Flavio-Prado.webp\",\"width\":999,\"height\":548,\"caption\":\"Flavio Prado - Foto: Reprodu\u00e7\u00e3o\"},{\"@type\":\"BreadcrumbList\",\"@id\":\"https:\/\/www.gaveanews.com\/index.php\/2025\/02\/25\/flamengo-x-vasco-flavio-prado-crava-classificado\/#breadcrumb\",\"itemListElement\":[{\"@type\":\"ListItem\",\"position\":1,\"name\":\"Home\",\"item\":\"https:\/\/www.gaveanews.com\/\"},{\"@type\":\"ListItem\",\"position\":2,\"name\":\"Flamengo x Vasco: Fl\u00e1vio Prado crava classificado\"}]},{\"@type\":\"WebSite\",\"@id\":\"https:\/\/www.gaveanews.com\/#website\",\"url\":\"https:\/\/www.gaveanews.com\/\",\"name\":\"G\u00e1vea News\",\"description\":\"Veja todas as not\u00edcias sobre o Flamengo: Contrata\u00e7\u00f5es, categorias de base, resultados das partidas, tabela de classifica\u00e7\u00e3o, pr\u00f3ximos jogos!\",\"potentialAction\":[{\"@type\":\"SearchAction\",\"target\":{\"@type\":\"EntryPoint\",\"urlTemplate\":\"https:\/\/www.gaveanews.com\/?s={search_term_string}\"},\"query-input\":{\"@type\":\"PropertyValueSpecification\",\"valueRequired\":true,\"valueName\":\"search_term_string\"}}],\"inLanguage\":\"pt-BR\"},{\"@type\":\"Person\",\"@id\":\"https:\/\/www.gaveanews.com\/#\/schema\/person\/0eb3e3fe1754f0205218538adbe8f5ed\",\"name\":\"Rafaela Ladeira\",\"image\":{\"@type\":\"ImageObject\",\"inLanguage\":\"pt-BR\",\"@id\":\"https:\/\/www.gaveanews.com\/#\/schema\/person\/image\/\",\"url\":\"https:\/\/secure.gravatar.com\/avatar\/c31f513acffd85eacab5730cbdfdbbf59f21ba5aeada8cd890acea879fbb2455?s=96&d=mm&r=g\",\"contentUrl\":\"https:\/\/secure.gravatar.com\/avatar\/c31f513acffd85eacab5730cbdfdbbf59f21ba5aeada8cd890acea879fbb2455?s=96&d=mm&r=g\",\"caption\":\"Rafaela Ladeira\"}}]}<\/script>\n<!-- \/ Yoast SEO Premium plugin. -->","yoast_head_json":{"title":"Flamengo x Vasco: Fl\u00e1vio Prado crava classificado","robots":{"index":"index","follow":"follow","max-snippet":"max-snippet:-1","max-image-preview":"max-image-preview:large","max-video-preview":"max-video-preview:-1"},"canonical":"https:\/\/www.gaveanews.com\/index.php\/2025\/02\/25\/flamengo-x-vasco-flavio-prado-crava-classificado\/","og_locale":"pt_BR","og_type":"article","og_title":"Flamengo x Vasco: Fl\u00e1vio Prado crava classificado","og_description":"O Campeonato Carioca chegou a suas semifinais e a grande expectativa gira em torno do cl\u00e1ssico Flamengo x Vasco. No entanto, ao contr\u00e1rio da rivalidade acirrada entre as torcidas, o jornalista Fl\u00e1vio Prado n\u00e3o acredita que o Cruzmaltino tenha qualquer chance diante do Rubro-Negro.\u00a0 Em declara\u00e7\u00f5es contundentes, ele afirmou que o Vasco \u201cn\u00e3o tem condi\u00e7\u00f5es\u201d [&hellip;]","og_url":"https:\/\/www.gaveanews.com\/index.php\/2025\/02\/25\/flamengo-x-vasco-flavio-prado-crava-classificado\/","og_site_name":"G\u00e1vea News","article_publisher":"https:\/\/facebook.com\/gaveaNews\/","article_published_time":"2025-02-26T00:00:00+00:00","article_modified_time":"2025-03-16T20:32:20+00:00","og_image":[{"width":999,"height":548,"url":"http:\/\/www.gaveanews.com\/wp-content\/uploads\/Flavio-Prado.webp","type":"image\/png"}],"author":"Rafaela Ladeira","twitter_card":"summary_large_image","twitter_misc":{"Escrito por":"Rafaela Ladeira","Est. tempo de leitura":"3 minutos"},"schema":{"@context":"https:\/\/schema.org","@graph":[{"@type":"NewsArticle","@id":"https:\/\/www.gaveanews.com\/index.php\/2025\/02\/25\/flamengo-x-vasco-flavio-prado-crava-classificado\/#article","isPartOf":{"@id":"https:\/\/www.gaveanews.com\/index.php\/2025\/02\/25\/flamengo-x-vasco-flavio-prado-crava-classificado\/"},"author":{"name":"Rafaela Ladeira","@id":"https:\/\/www.gaveanews.com\/#\/schema\/person\/0eb3e3fe1754f0205218538adbe8f5ed"},"headline":"Flamengo x Vasco: Fl\u00e1vio Prado crava classificado","datePublished":"2025-02-26T00:00:00+00:00","dateModified":"2025-03-16T20:32:20+00:00","mainEntityOfPage":{"@id":"https:\/\/www.gaveanews.com\/index.php\/2025\/02\/25\/flamengo-x-vasco-flavio-prado-crava-classificado\/"},"wordCount":398,"commentCount":0,"image":{"@id":"https:\/\/www.gaveanews.com\/index.php\/2025\/02\/25\/flamengo-x-vasco-flavio-prado-crava-classificado\/#primaryimage"},"thumbnailUrl":"https:\/\/www.gaveanews.com\/wp-content\/uploads\/Flavio-Prado.webp","articleSection":["Flamengo","Vasco"],"inLanguage":"pt-BR","potentialAction":[{"@type":"CommentAction","name":"Comment","target":["https:\/\/www.gaveanews.com\/index.php\/2025\/02\/25\/flamengo-x-vasco-flavio-prado-crava-classificado\/#respond"]}],"copyrightYear":"2025","copyrightHolder":{"@id":"https:\/\/www.gaveanews.com\/#organization"}},{"@type":"WebPage","@id":"https:\/\/www.gaveanews.com\/index.php\/2025\/02\/25\/flamengo-x-vasco-flavio-prado-crava-classificado\/","url":"https:\/\/www.gaveanews.com\/index.php\/2025\/02\/25\/flamengo-x-vasco-flavio-prado-crava-classificado\/","name":"Flamengo x Vasco: Fl\u00e1vio Prado crava classificado","isPartOf":{"@id":"https:\/\/www.gaveanews.com\/#website"},"primaryImageOfPage":{"@id":"https:\/\/www.gaveanews.com\/index.php\/2025\/02\/25\/flamengo-x-vasco-flavio-prado-crava-classificado\/#primaryimage"},"image":{"@id":"https:\/\/www.gaveanews.com\/index.php\/2025\/02\/25\/flamengo-x-vasco-flavio-prado-crava-classificado\/#primaryimage"},"thumbnailUrl":"https:\/\/www.gaveanews.com\/wp-content\/uploads\/Flavio-Prado.webp","datePublished":"2025-02-26T00:00:00+00:00","dateModified":"2025-03-16T20:32:20+00:00","author":{"@id":"https:\/\/www.gaveanews.com\/#\/schema\/person\/0eb3e3fe1754f0205218538adbe8f5ed"},"breadcrumb":{"@id":"https:\/\/www.gaveanews.com\/index.php\/2025\/02\/25\/flamengo-x-vasco-flavio-prado-crava-classificado\/#breadcrumb"},"inLanguage":"pt-BR","potentialAction":[{"@type":"ReadAction","target":["https:\/\/www.gaveanews.com\/index.php\/2025\/02\/25\/flamengo-x-vasco-flavio-prado-crava-classificado\/"]}]},{"@type":"ImageObject","inLanguage":"pt-BR","@id":"https:\/\/www.gaveanews.com\/index.php\/2025\/02\/25\/flamengo-x-vasco-flavio-prado-crava-classificado\/#primaryimage","url":"https:\/\/www.gaveanews.com\/wp-content\/uploads\/Flavio-Prado.webp","contentUrl":"https:\/\/www.gaveanews.com\/wp-content\/uploads\/Flavio-Prado.webp","width":999,"height":548,"caption":"Flavio Prado - Foto: Reprodu\u00e7\u00e3o"},{"@type":"BreadcrumbList","@id":"https:\/\/www.gaveanews.com\/index.php\/2025\/02\/25\/flamengo-x-vasco-flavio-prado-crava-classificado\/#breadcrumb","itemListElement":[{"@type":"ListItem","position":1,"name":"Home","item":"https:\/\/www.gaveanews.com\/"},{"@type":"ListItem","position":2,"name":"Flamengo x Vasco: Fl\u00e1vio Prado crava classificado"}]},{"@type":"WebSite","@id":"https:\/\/www.gaveanews.com\/#website","url":"https:\/\/www.gaveanews.com\/","name":"G\u00e1vea News","description":"Veja todas as not\u00edcias sobre o Flamengo: Contrata\u00e7\u00f5es, categorias de base, resultados das partidas, tabela de classifica\u00e7\u00e3o, pr\u00f3ximos jogos!","potentialAction":[{"@type":"SearchAction","target":{"@type":"EntryPoint","urlTemplate":"https:\/\/www.gaveanews.com\/?s={search_term_string}"},"query-input":{"@type":"PropertyValueSpecification","valueRequired":true,"valueName":"search_term_string"}}],"inLanguage":"pt-BR"},{"@type":"Person","@id":"https:\/\/www.gaveanews.com\/#\/schema\/person\/0eb3e3fe1754f0205218538adbe8f5ed","name":"Rafaela Ladeira","image":{"@type":"ImageObject","inLanguage":"pt-BR","@id":"https:\/\/www.gaveanews.com\/#\/schema\/person\/image\/","url":"https:\/\/secure.gravatar.com\/avatar\/c31f513acffd85eacab5730cbdfdbbf59f21ba5aeada8cd890acea879fbb2455?s=96&d=mm&r=g","contentUrl":"https:\/\/secure.gravatar.com\/avatar\/c31f513acffd85eacab5730cbdfdbbf59f21ba5aeada8cd890acea879fbb2455?s=96&d=mm&r=g","caption":"Rafaela Ladeira"}}]}},"_links":{"self":[{"href":"https:\/\/www.gaveanews.com\/index.php\/wp-json\/wp\/v2\/posts\/232466","targetHints":{"allow":["GET"]}}],"collection":[{"href":"https:\/\/www.gaveanews.com\/index.php\/wp-json\/wp\/v2\/posts"}],"about":[{"href":"https:\/\/www.gaveanews.com\/index.php\/wp-json\/wp\/v2\/types\/post"}],"author":[{"embeddable":true,"href":"https:\/\/www.gaveanews.com\/index.php\/wp-json\/wp\/v2\/users\/25"}],"replies":[{"embeddable":true,"href":"https:\/\/www.gaveanews.com\/index.php\/wp-json\/wp\/v2\/comments?post=232466"}],"version-history":[{"count":2,"href":"https:\/\/www.gaveanews.com\/index.php\/wp-json\/wp\/v2\/posts\/232466\/revisions"}],"predecessor-version":[{"id":240669,"href":"https:\/\/www.gaveanews.com\/index.php\/wp-json\/wp\/v2\/posts\/232466\/revisions\/240669"}],"wp:featuredmedia":[{"embeddable":true,"href":"https:\/\/www.gaveanews.com\/index.php\/wp-json\/wp\/v2\/media\/102292"}],"wp:attachment":[{"href":"https:\/\/www.gaveanews.com\/index.php\/wp-json\/wp\/v2\/media?parent=232466"}],"wp:term":[{"taxonomy":"category","embeddable":true,"href":"https:\/\/www.gaveanews.com\/index.php\/wp-json\/wp\/v2\/categories?post=232466"},{"taxonomy":"post_tag","embeddable":true,"href":"https:\/\/www.gaveanews.com\/index.php\/wp-json\/wp\/v2\/tags?post=232466"}],"curies":[{"name":"wp","href":"https:\/\/api.w.org\/{rel}","templated":true}]}}