{"id":232492,"date":"2025-02-25T21:55:00","date_gmt":"2025-02-26T00:55:00","guid":{"rendered":"https:\/\/www.gaveanews.com\/?p=232492"},"modified":"2025-02-25T19:23:08","modified_gmt":"2025-02-25T22:23:08","slug":"a-declaracao-de-ronaldo-fenomeno-direcionada-a-cbf","status":"publish","type":"post","link":"https:\/\/www.gaveanews.com\/index.php\/2025\/02\/25\/a-declaracao-de-ronaldo-fenomeno-direcionada-a-cbf\/","title":{"rendered":"A declara\u00e7\u00e3o de Ronaldo Fen\u00f4meno direcionada a CBF"},"content":{"rendered":"\n<h2 class=\"wp-block-heading\" id=\"h-fenomeno-pede-transparencia-em-eleicao-da-cbf\">Fen\u00f4meno pede transpar\u00eancia em elei\u00e7\u00e3o da CBF <\/h2>\n\n\n\n<p>Ronaldo Fen\u00f4meno j\u00e1 comunicou que dever\u00e1 se candidatar para as elei\u00e7\u00f5es da CBF (Confedera\u00e7\u00e3o Brasileira de Futebol) e na \u00faltima segunda-feira (24) mandou um recado para a entidade. Ronaldo solicitou que a data do pleito seja definida ao menos um m\u00eas antes, afim de ter toda organiza\u00e7\u00e3o.<\/p>\n\n\n\n<p>Al\u00e9m de ter enviado a carta para a CBF, Ronaldo Naz\u00e1rio tamb\u00e9m enviou para os presidentes de clubes que disputam as S\u00e9rie A e B do Campeonato Brasileiro, para a Fifa e tamb\u00e9m para a Conmebol. A expectativa \u00e9 que a data do pleito seja estabelecida a partir do dia 23 de mar\u00e7o, quando o presidente Ednaldo Rodrigues poder\u00e1 solicitar o dia desejado para a realiza\u00e7\u00e3o do evento.<\/p>\n\n\n\n<h2 class=\"wp-block-heading\" id=\"h-veja-a-carta-de-ronaldo-fenomeno\">Veja a carta de Ronaldo Fen\u00f4meno:<\/h2>\n\n\n\n<p>\u201cPrezados Senhores,<\/p>\n\n\n\n<p>Conforme comuniquei publicamente, pretendo me candidatar \u00e0 presid\u00eancia da CBF no pr\u00f3ximo pleito. Preocupa-me, no entanto, a falta de transpar\u00eancia e seguran\u00e7a jur\u00eddica no processo eleitoral, que pode comprometer a imparcialidade e a legitimidade das elei\u00e7\u00f5es.<\/p>\n\n\n\n<p>\u00c9 not\u00f3rio que, com o estatuto vigente, o presidente em exerc\u00edcio tem controle absoluto de todo o processo &#8211; o que, por si s\u00f3, nos distancia das condi\u00e7\u00f5es de concorr\u00eancia leal e ison\u00f4mica. Al\u00e9m de n\u00e3o contribuir para a integridade do pleito, o modelo dificulta (qui\u00e7\u00e1, impede) o surgimento de candidaturas alternativas.<\/p>\n\n\n\n<p>Ademais, a crise dos \u00faltimos anos no comando da CBF, marcada por uma s\u00e9rie de interfer\u00eancias externas e disputas judiciais incompat\u00edveis com a autonomia e grandeza da entidade, maculou sua reputa\u00e7\u00e3o a n\u00edvel mundial e colocou em risco a sua independ\u00eancia.<\/p>\n\n\n\n<p>Se existe um fato incontest\u00e1vel nesses anos de imbr\u00f3glio &#8211; que, inclusive, antecede a atual gest\u00e3o &#8211; \u00e9 que essa sucess\u00e3o de acontecimentos gerou um sentimento coletivo de inseguran\u00e7a jur\u00eddica e afetou negativamente a credibilidade da confedera\u00e7\u00e3o.<\/p>\n\n\n\n<p>Faltam menos de 16 meses para a pr\u00f3xima Copa do Mundo &#8211; chegaremos a 2026 com um jejum de 24 anos sem o t\u00edtulo &#8211; e tudo que o futebol brasileiro n\u00e3o precisa agora \u00e9 passar por um processo eleitoral de legitimidade duvidosa. O que precisamos \u00e9 de tempo para dar voz e espa\u00e7o aos clubes que, unidos, s\u00e3o ainda mais fortes; para escutar as federa\u00e7\u00f5es em prol de melhorias nas competi\u00e7\u00f5es e desenvolvimento do esporte em seus estados; para que a for\u00e7a da vis\u00e3o compartilhada, no alinhamento estrat\u00e9gico, nos conduza \u00e0 mudan\u00e7a<em>.<\/em><\/p>\n\n\n\n<p>\u00c0 luz dessas preocupa\u00e7\u00f5es, solicito que a data para as pr\u00f3ximas elei\u00e7\u00f5es &#8211; cujo prazo estatut\u00e1rio \u00e9 de um ano a partir de 23 de mar\u00e7o de 2025 &#8211; seja definida com anteced\u00eancia m\u00ednima de um m\u00eas, a fim de assegurar a organiza\u00e7\u00e3o e participa\u00e7\u00e3o dos interessados.<\/p>\n\n\n\n<p>Solicito ainda que o pleito seja supervisionado presencialmente pela FIFA e pela CONMEBOL, para dar mais transpar\u00eancia e seguran\u00e7a jur\u00eddica ao processo eleitoral, bem como alinhamento aos princ\u00edpios internacionais de governan\u00e7a no futebol. Est\u00e1 nas m\u00e3os do col\u00e9gio eleitoral a oportunidade e a responsabilidade de atender \u00e0 urg\u00eancia de um choque de gest\u00e3o na CBF, que comece por restaurar a confian\u00e7a na institui\u00e7\u00e3o e seja sustent\u00e1vel no longo prazo. Reitero minha completa disposi\u00e7\u00e3o colaborativa para a reconstru\u00e7\u00e3o da credibilidade e prote\u00e7\u00e3o do futuro da entidade. O futebol brasileiro \u00e9 patrim\u00f4nio p\u00fablico &#8211; cabe a n\u00f3s defend\u00ea-lo\u201d.<\/p>\n","protected":false},"excerpt":{"rendered":"<p>Fen\u00f4meno pede transpar\u00eancia em elei\u00e7\u00e3o da CBF Ronaldo Fen\u00f4meno j\u00e1 comunicou que dever\u00e1 se candidatar para as elei\u00e7\u00f5es da CBF (Confedera\u00e7\u00e3o Brasileira de Futebol) e na \u00faltima segunda-feira (24) mandou um recado para a entidade. Ronaldo solicitou que a data do pleito seja definida ao menos um m\u00eas antes, afim de ter toda organiza\u00e7\u00e3o. Al\u00e9m [&hellip;]<\/p>\n","protected":false},"author":21,"featured_media":157476,"comment_status":"open","ping_status":"closed","sticky":false,"template":"","format":"standard","meta":{"footnotes":""},"categories":[478],"tags":[],"class_list":["post-232492","post","type-post","status-publish","format-standard","has-post-thumbnail","hentry","category-brasil"],"yoast_head":"<!-- This site is optimized with the Yoast SEO Premium plugin v24.2 (Yoast SEO v26.9) - https:\/\/yoast.com\/product\/yoast-seo-premium-wordpress\/ -->\n<title>A declara\u00e7\u00e3o de Ronaldo Fen\u00f4meno direcionada a CBF<\/title>\n<meta name=\"robots\" content=\"index, follow, max-snippet:-1, max-image-preview:large, max-video-preview:-1\" \/>\n<link rel=\"canonical\" href=\"https:\/\/www.gaveanews.com\/index.php\/2025\/02\/25\/a-declaracao-de-ronaldo-fenomeno-direcionada-a-cbf\/\" \/>\n<meta property=\"og:locale\" content=\"pt_BR\" \/>\n<meta property=\"og:type\" content=\"article\" \/>\n<meta property=\"og:title\" content=\"A declara\u00e7\u00e3o de Ronaldo Fen\u00f4meno direcionada a CBF\" \/>\n<meta property=\"og:description\" content=\"Fen\u00f4meno pede transpar\u00eancia em elei\u00e7\u00e3o da CBF Ronaldo Fen\u00f4meno j\u00e1 comunicou que dever\u00e1 se candidatar para as elei\u00e7\u00f5es da CBF (Confedera\u00e7\u00e3o Brasileira de Futebol) e na \u00faltima segunda-feira (24) mandou um recado para a entidade. Ronaldo solicitou que a data do pleito seja definida ao menos um m\u00eas antes, afim de ter toda organiza\u00e7\u00e3o. Al\u00e9m [&hellip;]\" \/>\n<meta property=\"og:url\" content=\"https:\/\/www.gaveanews.com\/index.php\/2025\/02\/25\/a-declaracao-de-ronaldo-fenomeno-direcionada-a-cbf\/\" \/>\n<meta property=\"og:site_name\" content=\"G\u00e1vea News\" \/>\n<meta property=\"article:publisher\" content=\"https:\/\/facebook.com\/gaveaNews\/\" \/>\n<meta property=\"article:published_time\" content=\"2025-02-26T00:55:00+00:00\" \/>\n<meta property=\"og:image\" content=\"https:\/\/www.gaveanews.com\/wp-content\/uploads\/Ronaldo-Fenomeno-durante-premiacao-da-FIFA.webp\" \/>\n\t<meta property=\"og:image:width\" content=\"640\" \/>\n\t<meta property=\"og:image:height\" content=\"480\" \/>\n\t<meta property=\"og:image:type\" content=\"image\/jpeg\" \/>\n<meta name=\"author\" content=\"Andr\u00e9 Serra\" \/>\n<meta name=\"twitter:card\" content=\"summary_large_image\" \/>\n<meta name=\"twitter:label1\" content=\"Escrito por\" \/>\n\t<meta name=\"twitter:data1\" content=\"Andr\u00e9 Serra\" \/>\n\t<meta name=\"twitter:label2\" content=\"Est. tempo de leitura\" \/>\n\t<meta name=\"twitter:data2\" content=\"4 minutos\" \/>\n<script type=\"application\/ld+json\" class=\"yoast-schema-graph\">{\"@context\":\"https:\/\/schema.org\",\"@graph\":[{\"@type\":\"NewsArticle\",\"@id\":\"https:\/\/www.gaveanews.com\/index.php\/2025\/02\/25\/a-declaracao-de-ronaldo-fenomeno-direcionada-a-cbf\/#article\",\"isPartOf\":{\"@id\":\"https:\/\/www.gaveanews.com\/index.php\/2025\/02\/25\/a-declaracao-de-ronaldo-fenomeno-direcionada-a-cbf\/\"},\"author\":{\"name\":\"Andr\u00e9 Serra\",\"@id\":\"https:\/\/www.gaveanews.com\/#\/schema\/person\/0277a79a1289c451c281ec0411d84f0c\"},\"headline\":\"A declara\u00e7\u00e3o de Ronaldo Fen\u00f4meno direcionada a CBF\",\"datePublished\":\"2025-02-26T00:55:00+00:00\",\"mainEntityOfPage\":{\"@id\":\"https:\/\/www.gaveanews.com\/index.php\/2025\/02\/25\/a-declaracao-de-ronaldo-fenomeno-direcionada-a-cbf\/\"},\"wordCount\":606,\"commentCount\":0,\"image\":{\"@id\":\"https:\/\/www.gaveanews.com\/index.php\/2025\/02\/25\/a-declaracao-de-ronaldo-fenomeno-direcionada-a-cbf\/#primaryimage\"},\"thumbnailUrl\":\"https:\/\/www.gaveanews.com\/wp-content\/uploads\/Ronaldo-Fenomeno-durante-premiacao-da-FIFA.webp\",\"articleSection\":[\"Brasil\"],\"inLanguage\":\"pt-BR\",\"potentialAction\":[{\"@type\":\"CommentAction\",\"name\":\"Comment\",\"target\":[\"https:\/\/www.gaveanews.com\/index.php\/2025\/02\/25\/a-declaracao-de-ronaldo-fenomeno-direcionada-a-cbf\/#respond\"]}],\"copyrightYear\":\"2025\",\"copyrightHolder\":{\"@id\":\"https:\/\/www.gaveanews.com\/#organization\"}},{\"@type\":\"WebPage\",\"@id\":\"https:\/\/www.gaveanews.com\/index.php\/2025\/02\/25\/a-declaracao-de-ronaldo-fenomeno-direcionada-a-cbf\/\",\"url\":\"https:\/\/www.gaveanews.com\/index.php\/2025\/02\/25\/a-declaracao-de-ronaldo-fenomeno-direcionada-a-cbf\/\",\"name\":\"A declara\u00e7\u00e3o de Ronaldo Fen\u00f4meno direcionada a CBF\",\"isPartOf\":{\"@id\":\"https:\/\/www.gaveanews.com\/#website\"},\"primaryImageOfPage\":{\"@id\":\"https:\/\/www.gaveanews.com\/index.php\/2025\/02\/25\/a-declaracao-de-ronaldo-fenomeno-direcionada-a-cbf\/#primaryimage\"},\"image\":{\"@id\":\"https:\/\/www.gaveanews.com\/index.php\/2025\/02\/25\/a-declaracao-de-ronaldo-fenomeno-direcionada-a-cbf\/#primaryimage\"},\"thumbnailUrl\":\"https:\/\/www.gaveanews.com\/wp-content\/uploads\/Ronaldo-Fenomeno-durante-premiacao-da-FIFA.webp\",\"datePublished\":\"2025-02-26T00:55:00+00:00\",\"author\":{\"@id\":\"https:\/\/www.gaveanews.com\/#\/schema\/person\/0277a79a1289c451c281ec0411d84f0c\"},\"breadcrumb\":{\"@id\":\"https:\/\/www.gaveanews.com\/index.php\/2025\/02\/25\/a-declaracao-de-ronaldo-fenomeno-direcionada-a-cbf\/#breadcrumb\"},\"inLanguage\":\"pt-BR\",\"potentialAction\":[{\"@type\":\"ReadAction\",\"target\":[\"https:\/\/www.gaveanews.com\/index.php\/2025\/02\/25\/a-declaracao-de-ronaldo-fenomeno-direcionada-a-cbf\/\"]}]},{\"@type\":\"ImageObject\",\"inLanguage\":\"pt-BR\",\"@id\":\"https:\/\/www.gaveanews.com\/index.php\/2025\/02\/25\/a-declaracao-de-ronaldo-fenomeno-direcionada-a-cbf\/#primaryimage\",\"url\":\"https:\/\/www.gaveanews.com\/wp-content\/uploads\/Ronaldo-Fenomeno-durante-premiacao-da-FIFA.webp\",\"contentUrl\":\"https:\/\/www.gaveanews.com\/wp-content\/uploads\/Ronaldo-Fenomeno-durante-premiacao-da-FIFA.webp\",\"width\":640,\"height\":480,\"caption\":\"Ronaldo Fen\u00f4meno durante premia\u00e7\u00e3o da FIFA (Foto: Reprodu\u00e7\u00e3o)\"},{\"@type\":\"BreadcrumbList\",\"@id\":\"https:\/\/www.gaveanews.com\/index.php\/2025\/02\/25\/a-declaracao-de-ronaldo-fenomeno-direcionada-a-cbf\/#breadcrumb\",\"itemListElement\":[{\"@type\":\"ListItem\",\"position\":1,\"name\":\"Home\",\"item\":\"https:\/\/www.gaveanews.com\/\"},{\"@type\":\"ListItem\",\"position\":2,\"name\":\"A declara\u00e7\u00e3o de Ronaldo Fen\u00f4meno direcionada a CBF\"}]},{\"@type\":\"WebSite\",\"@id\":\"https:\/\/www.gaveanews.com\/#website\",\"url\":\"https:\/\/www.gaveanews.com\/\",\"name\":\"G\u00e1vea News\",\"description\":\"Veja todas as not\u00edcias sobre o Flamengo: Contrata\u00e7\u00f5es, categorias de base, resultados das partidas, tabela de classifica\u00e7\u00e3o, pr\u00f3ximos jogos!\",\"potentialAction\":[{\"@type\":\"SearchAction\",\"target\":{\"@type\":\"EntryPoint\",\"urlTemplate\":\"https:\/\/www.gaveanews.com\/?s={search_term_string}\"},\"query-input\":{\"@type\":\"PropertyValueSpecification\",\"valueRequired\":true,\"valueName\":\"search_term_string\"}}],\"inLanguage\":\"pt-BR\"},{\"@type\":\"Person\",\"@id\":\"https:\/\/www.gaveanews.com\/#\/schema\/person\/0277a79a1289c451c281ec0411d84f0c\",\"name\":\"Andr\u00e9 Serra\",\"image\":{\"@type\":\"ImageObject\",\"inLanguage\":\"pt-BR\",\"@id\":\"https:\/\/www.gaveanews.com\/#\/schema\/person\/image\/\",\"url\":\"https:\/\/secure.gravatar.com\/avatar\/d7231369fe48db93292b3e88eb2162dbd9a34a47a8437d9ef3bcaca2a86a83d7?s=96&d=mm&r=g\",\"contentUrl\":\"https:\/\/secure.gravatar.com\/avatar\/d7231369fe48db93292b3e88eb2162dbd9a34a47a8437d9ef3bcaca2a86a83d7?s=96&d=mm&r=g\",\"caption\":\"Andr\u00e9 Serra\"}}]}<\/script>\n<!-- \/ Yoast SEO Premium plugin. -->","yoast_head_json":{"title":"A declara\u00e7\u00e3o de Ronaldo Fen\u00f4meno direcionada a CBF","robots":{"index":"index","follow":"follow","max-snippet":"max-snippet:-1","max-image-preview":"max-image-preview:large","max-video-preview":"max-video-preview:-1"},"canonical":"https:\/\/www.gaveanews.com\/index.php\/2025\/02\/25\/a-declaracao-de-ronaldo-fenomeno-direcionada-a-cbf\/","og_locale":"pt_BR","og_type":"article","og_title":"A declara\u00e7\u00e3o de Ronaldo Fen\u00f4meno direcionada a CBF","og_description":"Fen\u00f4meno pede transpar\u00eancia em elei\u00e7\u00e3o da CBF Ronaldo Fen\u00f4meno j\u00e1 comunicou que dever\u00e1 se candidatar para as elei\u00e7\u00f5es da CBF (Confedera\u00e7\u00e3o Brasileira de Futebol) e na \u00faltima segunda-feira (24) mandou um recado para a entidade. Ronaldo solicitou que a data do pleito seja definida ao menos um m\u00eas antes, afim de ter toda organiza\u00e7\u00e3o. Al\u00e9m [&hellip;]","og_url":"https:\/\/www.gaveanews.com\/index.php\/2025\/02\/25\/a-declaracao-de-ronaldo-fenomeno-direcionada-a-cbf\/","og_site_name":"G\u00e1vea News","article_publisher":"https:\/\/facebook.com\/gaveaNews\/","article_published_time":"2025-02-26T00:55:00+00:00","og_image":[{"width":640,"height":480,"url":"https:\/\/www.gaveanews.com\/wp-content\/uploads\/Ronaldo-Fenomeno-durante-premiacao-da-FIFA.webp","type":"image\/jpeg"}],"author":"Andr\u00e9 Serra","twitter_card":"summary_large_image","twitter_misc":{"Escrito por":"Andr\u00e9 Serra","Est. tempo de leitura":"4 minutos"},"schema":{"@context":"https:\/\/schema.org","@graph":[{"@type":"NewsArticle","@id":"https:\/\/www.gaveanews.com\/index.php\/2025\/02\/25\/a-declaracao-de-ronaldo-fenomeno-direcionada-a-cbf\/#article","isPartOf":{"@id":"https:\/\/www.gaveanews.com\/index.php\/2025\/02\/25\/a-declaracao-de-ronaldo-fenomeno-direcionada-a-cbf\/"},"author":{"name":"Andr\u00e9 Serra","@id":"https:\/\/www.gaveanews.com\/#\/schema\/person\/0277a79a1289c451c281ec0411d84f0c"},"headline":"A declara\u00e7\u00e3o de Ronaldo Fen\u00f4meno direcionada a CBF","datePublished":"2025-02-26T00:55:00+00:00","mainEntityOfPage":{"@id":"https:\/\/www.gaveanews.com\/index.php\/2025\/02\/25\/a-declaracao-de-ronaldo-fenomeno-direcionada-a-cbf\/"},"wordCount":606,"commentCount":0,"image":{"@id":"https:\/\/www.gaveanews.com\/index.php\/2025\/02\/25\/a-declaracao-de-ronaldo-fenomeno-direcionada-a-cbf\/#primaryimage"},"thumbnailUrl":"https:\/\/www.gaveanews.com\/wp-content\/uploads\/Ronaldo-Fenomeno-durante-premiacao-da-FIFA.webp","articleSection":["Brasil"],"inLanguage":"pt-BR","potentialAction":[{"@type":"CommentAction","name":"Comment","target":["https:\/\/www.gaveanews.com\/index.php\/2025\/02\/25\/a-declaracao-de-ronaldo-fenomeno-direcionada-a-cbf\/#respond"]}],"copyrightYear":"2025","copyrightHolder":{"@id":"https:\/\/www.gaveanews.com\/#organization"}},{"@type":"WebPage","@id":"https:\/\/www.gaveanews.com\/index.php\/2025\/02\/25\/a-declaracao-de-ronaldo-fenomeno-direcionada-a-cbf\/","url":"https:\/\/www.gaveanews.com\/index.php\/2025\/02\/25\/a-declaracao-de-ronaldo-fenomeno-direcionada-a-cbf\/","name":"A declara\u00e7\u00e3o de Ronaldo Fen\u00f4meno direcionada a CBF","isPartOf":{"@id":"https:\/\/www.gaveanews.com\/#website"},"primaryImageOfPage":{"@id":"https:\/\/www.gaveanews.com\/index.php\/2025\/02\/25\/a-declaracao-de-ronaldo-fenomeno-direcionada-a-cbf\/#primaryimage"},"image":{"@id":"https:\/\/www.gaveanews.com\/index.php\/2025\/02\/25\/a-declaracao-de-ronaldo-fenomeno-direcionada-a-cbf\/#primaryimage"},"thumbnailUrl":"https:\/\/www.gaveanews.com\/wp-content\/uploads\/Ronaldo-Fenomeno-durante-premiacao-da-FIFA.webp","datePublished":"2025-02-26T00:55:00+00:00","author":{"@id":"https:\/\/www.gaveanews.com\/#\/schema\/person\/0277a79a1289c451c281ec0411d84f0c"},"breadcrumb":{"@id":"https:\/\/www.gaveanews.com\/index.php\/2025\/02\/25\/a-declaracao-de-ronaldo-fenomeno-direcionada-a-cbf\/#breadcrumb"},"inLanguage":"pt-BR","potentialAction":[{"@type":"ReadAction","target":["https:\/\/www.gaveanews.com\/index.php\/2025\/02\/25\/a-declaracao-de-ronaldo-fenomeno-direcionada-a-cbf\/"]}]},{"@type":"ImageObject","inLanguage":"pt-BR","@id":"https:\/\/www.gaveanews.com\/index.php\/2025\/02\/25\/a-declaracao-de-ronaldo-fenomeno-direcionada-a-cbf\/#primaryimage","url":"https:\/\/www.gaveanews.com\/wp-content\/uploads\/Ronaldo-Fenomeno-durante-premiacao-da-FIFA.webp","contentUrl":"https:\/\/www.gaveanews.com\/wp-content\/uploads\/Ronaldo-Fenomeno-durante-premiacao-da-FIFA.webp","width":640,"height":480,"caption":"Ronaldo Fen\u00f4meno durante premia\u00e7\u00e3o da FIFA (Foto: Reprodu\u00e7\u00e3o)"},{"@type":"BreadcrumbList","@id":"https:\/\/www.gaveanews.com\/index.php\/2025\/02\/25\/a-declaracao-de-ronaldo-fenomeno-direcionada-a-cbf\/#breadcrumb","itemListElement":[{"@type":"ListItem","position":1,"name":"Home","item":"https:\/\/www.gaveanews.com\/"},{"@type":"ListItem","position":2,"name":"A declara\u00e7\u00e3o de Ronaldo Fen\u00f4meno direcionada a CBF"}]},{"@type":"WebSite","@id":"https:\/\/www.gaveanews.com\/#website","url":"https:\/\/www.gaveanews.com\/","name":"G\u00e1vea News","description":"Veja todas as not\u00edcias sobre o Flamengo: Contrata\u00e7\u00f5es, categorias de base, resultados das partidas, tabela de classifica\u00e7\u00e3o, pr\u00f3ximos jogos!","potentialAction":[{"@type":"SearchAction","target":{"@type":"EntryPoint","urlTemplate":"https:\/\/www.gaveanews.com\/?s={search_term_string}"},"query-input":{"@type":"PropertyValueSpecification","valueRequired":true,"valueName":"search_term_string"}}],"inLanguage":"pt-BR"},{"@type":"Person","@id":"https:\/\/www.gaveanews.com\/#\/schema\/person\/0277a79a1289c451c281ec0411d84f0c","name":"Andr\u00e9 Serra","image":{"@type":"ImageObject","inLanguage":"pt-BR","@id":"https:\/\/www.gaveanews.com\/#\/schema\/person\/image\/","url":"https:\/\/secure.gravatar.com\/avatar\/d7231369fe48db93292b3e88eb2162dbd9a34a47a8437d9ef3bcaca2a86a83d7?s=96&d=mm&r=g","contentUrl":"https:\/\/secure.gravatar.com\/avatar\/d7231369fe48db93292b3e88eb2162dbd9a34a47a8437d9ef3bcaca2a86a83d7?s=96&d=mm&r=g","caption":"Andr\u00e9 Serra"}}]}},"_links":{"self":[{"href":"https:\/\/www.gaveanews.com\/index.php\/wp-json\/wp\/v2\/posts\/232492","targetHints":{"allow":["GET"]}}],"collection":[{"href":"https:\/\/www.gaveanews.com\/index.php\/wp-json\/wp\/v2\/posts"}],"about":[{"href":"https:\/\/www.gaveanews.com\/index.php\/wp-json\/wp\/v2\/types\/post"}],"author":[{"embeddable":true,"href":"https:\/\/www.gaveanews.com\/index.php\/wp-json\/wp\/v2\/users\/21"}],"replies":[{"embeddable":true,"href":"https:\/\/www.gaveanews.com\/index.php\/wp-json\/wp\/v2\/comments?post=232492"}],"version-history":[{"count":1,"href":"https:\/\/www.gaveanews.com\/index.php\/wp-json\/wp\/v2\/posts\/232492\/revisions"}],"predecessor-version":[{"id":232586,"href":"https:\/\/www.gaveanews.com\/index.php\/wp-json\/wp\/v2\/posts\/232492\/revisions\/232586"}],"wp:featuredmedia":[{"embeddable":true,"href":"https:\/\/www.gaveanews.com\/index.php\/wp-json\/wp\/v2\/media\/157476"}],"wp:attachment":[{"href":"https:\/\/www.gaveanews.com\/index.php\/wp-json\/wp\/v2\/media?parent=232492"}],"wp:term":[{"taxonomy":"category","embeddable":true,"href":"https:\/\/www.gaveanews.com\/index.php\/wp-json\/wp\/v2\/categories?post=232492"},{"taxonomy":"post_tag","embeddable":true,"href":"https:\/\/www.gaveanews.com\/index.php\/wp-json\/wp\/v2\/tags?post=232492"}],"curies":[{"name":"wp","href":"https:\/\/api.w.org\/{rel}","templated":true}]}}