{"id":232527,"date":"2025-02-25T20:40:00","date_gmt":"2025-02-25T23:40:00","guid":{"rendered":"https:\/\/www.gaveanews.com\/?p=232527"},"modified":"2025-02-25T19:14:44","modified_gmt":"2025-02-25T22:14:44","slug":"a-declaracao-de-pep-guardiola-direcionada-a-kevin-de-bruyne-do-manchester-city","status":"publish","type":"post","link":"https:\/\/www.gaveanews.com\/index.php\/2025\/02\/25\/a-declaracao-de-pep-guardiola-direcionada-a-kevin-de-bruyne-do-manchester-city\/","title":{"rendered":"A declara\u00e7\u00e3o de Pep Guardiola direcionada a Kevin De Bruyne, do Manchester City"},"content":{"rendered":"\n<p>O futuro de Kevin De Bruyne no Manchester City segue sendo discutido entre torcedores e especialistas. Questionado sobre a perman\u00eancia do meio-campista belga, Pep Guardiola manteve a cautela e afirmou que a decis\u00e3o cabe ao jogador e ao clube.&nbsp;<\/p>\n\n\n\n<p>A incerteza aumenta as especula\u00e7\u00f5es sobre uma poss\u00edvel sa\u00edda, mas o treinador refor\u00e7ou a import\u00e2ncia do camisa 17 para os Citizens.<\/p>\n\n\n\n<h2 class=\"wp-block-heading\" id=\"h-guardiola-evita-cravar-o-futuro-de-de-bruyne\">Guardiola evita cravar o futuro de De Bruyne<\/h2>\n\n\n\n<p>Durante entrevista, Guardiola destacou a relev\u00e2ncia de De Bruyne para o City e preferiu n\u00e3o garantir sua continuidade.&nbsp;<\/p>\n\n\n\n<p>\u201cO que vai acontecer, pertence principalmente a Kevin e ao clube. Ele \u00e9 um jogador excepcional, foi e \u00e9, e espero que seja\u201d, declarou o t\u00e9cnico.<\/p>\n\n\n\n<p>Vale destacar que o meia tem contrato at\u00e9 2025 e, mesmo ap\u00f3s enfrentar problemas f\u00edsicos na temporada, segue sendo pe\u00e7a-chave no esquema t\u00e1tico de Guardiola. Por isso, seu futuro desperta aten\u00e7\u00e3o n\u00e3o s\u00f3 na Inglaterra, mas tamb\u00e9m em outros mercados, como o futebol saudita, que j\u00e1 sondou sua situa\u00e7\u00e3o.<\/p>\n\n\n\n<blockquote class=\"twitter-tweet\"><p lang=\"en\" dir=\"ltr\">\ud83d\udea8\ud83d\udc40 Pep Guardiola on Kevin De Bruyne\u2019s future: \u201cWhat&#39;s going to happen, mainly belongs to Kevin and the club\u201d.<br><br>\u201cHe&#39;s an exceptional player, was and is, and hopefully will be\u201d. <a href=\"https:\/\/t.co\/KRtDSRvns3\">pic.twitter.com\/KRtDSRvns3<\/a><\/p>&mdash; Fabrizio Romano (@FabrizioRomano) <a href=\"https:\/\/twitter.com\/FabrizioRomano\/status\/1894369516949295430?ref_src=twsrc%5Etfw\">February 25, 2025<\/a><\/blockquote> <script async src=\"https:\/\/platform.twitter.com\/widgets.js\" charset=\"utf-8\"><\/script>\n\n\n\n<h2 class=\"wp-block-heading\" id=\"h-possiveis-rumos-para-o-belga\">Poss\u00edveis rumos para o belga<\/h2>\n\n\n\n<p>Sendo assim, as pr\u00f3ximas movimenta\u00e7\u00f5es da diretoria do City ser\u00e3o determinantes para definir o destino do jogador. Isso porque, caso n\u00e3o haja uma renova\u00e7\u00e3o de contrato nos pr\u00f3ximos meses, a sa\u00edda pode ser uma possibilidade concreta. Dessa maneira, clubes interessados podem buscar um acordo antes do t\u00e9rmino do v\u00ednculo.<\/p>\n\n\n\n<p>Cabe ressaltar que De Bruyne construiu uma trajet\u00f3ria vitoriosa em Manchester e continua sendo um dos l\u00edderes do elenco. Portanto, a perman\u00eancia tamb\u00e9m n\u00e3o est\u00e1 descartada, principalmente se houver um entendimento entre as partes.<\/p>\n\n\n\n<h2 class=\"wp-block-heading\" id=\"h-o-impacto-da-decisao-no-manchester-city\">O impacto da decis\u00e3o no Manchester City<\/h2>\n\n\n\n<p>Com isso, a defini\u00e7\u00e3o sobre o futuro do craque belga ser\u00e1 crucial para o planejamento do City na pr\u00f3xima temporada. Afinal, perder um jogador desse n\u00edvel significaria uma grande reformula\u00e7\u00e3o no meio-campo da equipe.&nbsp;<\/p>\n\n\n\n<p>Dessa forma, resta aguardar os pr\u00f3ximos passos para entender qual ser\u00e1 o desfecho dessa hist\u00f3ria.<\/p>\n","protected":false},"excerpt":{"rendered":"<p>O futuro de Kevin De Bruyne no Manchester City segue sendo discutido entre torcedores e especialistas. Questionado sobre a perman\u00eancia do meio-campista belga, Pep Guardiola manteve a cautela e afirmou que a decis\u00e3o cabe ao jogador e ao clube.&nbsp; A incerteza aumenta as especula\u00e7\u00f5es sobre uma poss\u00edvel sa\u00edda, mas o treinador refor\u00e7ou a import\u00e2ncia do [&hellip;]<\/p>\n","protected":false},"author":25,"featured_media":128964,"comment_status":"open","ping_status":"closed","sticky":false,"template":"","format":"standard","meta":{"footnotes":""},"categories":[84],"tags":[],"class_list":["post-232527","post","type-post","status-publish","format-standard","has-post-thumbnail","hentry","category-manchester-city"],"yoast_head":"<!-- This site is optimized with the Yoast SEO Premium plugin v24.2 (Yoast SEO v26.9) - https:\/\/yoast.com\/product\/yoast-seo-premium-wordpress\/ -->\n<title>A declara\u00e7\u00e3o de Pep Guardiola direcionada a Kevin De Bruyne, do Manchester City<\/title>\n<meta name=\"robots\" content=\"index, follow, max-snippet:-1, max-image-preview:large, max-video-preview:-1\" \/>\n<link rel=\"canonical\" href=\"https:\/\/www.gaveanews.com\/index.php\/2025\/02\/25\/a-declaracao-de-pep-guardiola-direcionada-a-kevin-de-bruyne-do-manchester-city\/\" \/>\n<meta property=\"og:locale\" content=\"pt_BR\" \/>\n<meta property=\"og:type\" content=\"article\" \/>\n<meta property=\"og:title\" content=\"A declara\u00e7\u00e3o de Pep Guardiola direcionada a Kevin De Bruyne, do Manchester City\" \/>\n<meta property=\"og:description\" content=\"O futuro de Kevin De Bruyne no Manchester City segue sendo discutido entre torcedores e especialistas. Questionado sobre a perman\u00eancia do meio-campista belga, Pep Guardiola manteve a cautela e afirmou que a decis\u00e3o cabe ao jogador e ao clube.&nbsp; A incerteza aumenta as especula\u00e7\u00f5es sobre uma poss\u00edvel sa\u00edda, mas o treinador refor\u00e7ou a import\u00e2ncia do [&hellip;]\" \/>\n<meta property=\"og:url\" content=\"https:\/\/www.gaveanews.com\/index.php\/2025\/02\/25\/a-declaracao-de-pep-guardiola-direcionada-a-kevin-de-bruyne-do-manchester-city\/\" \/>\n<meta property=\"og:site_name\" content=\"G\u00e1vea News\" \/>\n<meta property=\"article:publisher\" content=\"https:\/\/facebook.com\/gaveaNews\/\" \/>\n<meta property=\"article:published_time\" content=\"2025-02-25T23:40:00+00:00\" \/>\n<meta property=\"og:image\" content=\"https:\/\/www.gaveanews.com\/wp-content\/uploads\/kevindebruyne_1709072459423.webp\" \/>\n\t<meta property=\"og:image:width\" content=\"1440\" \/>\n\t<meta property=\"og:image:height\" content=\"960\" \/>\n\t<meta property=\"og:image:type\" content=\"image\/webp\" \/>\n<meta name=\"author\" content=\"Rafaela Ladeira\" \/>\n<meta name=\"twitter:card\" content=\"summary_large_image\" \/>\n<meta name=\"twitter:label1\" content=\"Escrito por\" \/>\n\t<meta name=\"twitter:data1\" content=\"Rafaela Ladeira\" \/>\n\t<meta name=\"twitter:label2\" content=\"Est. tempo de leitura\" \/>\n\t<meta name=\"twitter:data2\" content=\"2 minutos\" \/>\n<script type=\"application\/ld+json\" class=\"yoast-schema-graph\">{\"@context\":\"https:\/\/schema.org\",\"@graph\":[{\"@type\":\"NewsArticle\",\"@id\":\"https:\/\/www.gaveanews.com\/index.php\/2025\/02\/25\/a-declaracao-de-pep-guardiola-direcionada-a-kevin-de-bruyne-do-manchester-city\/#article\",\"isPartOf\":{\"@id\":\"https:\/\/www.gaveanews.com\/index.php\/2025\/02\/25\/a-declaracao-de-pep-guardiola-direcionada-a-kevin-de-bruyne-do-manchester-city\/\"},\"author\":{\"name\":\"Rafaela Ladeira\",\"@id\":\"https:\/\/www.gaveanews.com\/#\/schema\/person\/0eb3e3fe1754f0205218538adbe8f5ed\"},\"headline\":\"A declara\u00e7\u00e3o de Pep Guardiola direcionada a Kevin De Bruyne, do Manchester City\",\"datePublished\":\"2025-02-25T23:40:00+00:00\",\"mainEntityOfPage\":{\"@id\":\"https:\/\/www.gaveanews.com\/index.php\/2025\/02\/25\/a-declaracao-de-pep-guardiola-direcionada-a-kevin-de-bruyne-do-manchester-city\/\"},\"wordCount\":399,\"commentCount\":0,\"image\":{\"@id\":\"https:\/\/www.gaveanews.com\/index.php\/2025\/02\/25\/a-declaracao-de-pep-guardiola-direcionada-a-kevin-de-bruyne-do-manchester-city\/#primaryimage\"},\"thumbnailUrl\":\"https:\/\/www.gaveanews.com\/wp-content\/uploads\/kevindebruyne_1709072459423.webp\",\"articleSection\":[\"Manchester City\"],\"inLanguage\":\"pt-BR\",\"potentialAction\":[{\"@type\":\"CommentAction\",\"name\":\"Comment\",\"target\":[\"https:\/\/www.gaveanews.com\/index.php\/2025\/02\/25\/a-declaracao-de-pep-guardiola-direcionada-a-kevin-de-bruyne-do-manchester-city\/#respond\"]}],\"copyrightYear\":\"2025\",\"copyrightHolder\":{\"@id\":\"https:\/\/www.gaveanews.com\/#organization\"}},{\"@type\":\"WebPage\",\"@id\":\"https:\/\/www.gaveanews.com\/index.php\/2025\/02\/25\/a-declaracao-de-pep-guardiola-direcionada-a-kevin-de-bruyne-do-manchester-city\/\",\"url\":\"https:\/\/www.gaveanews.com\/index.php\/2025\/02\/25\/a-declaracao-de-pep-guardiola-direcionada-a-kevin-de-bruyne-do-manchester-city\/\",\"name\":\"A declara\u00e7\u00e3o de Pep Guardiola direcionada a Kevin De Bruyne, do Manchester City\",\"isPartOf\":{\"@id\":\"https:\/\/www.gaveanews.com\/#website\"},\"primaryImageOfPage\":{\"@id\":\"https:\/\/www.gaveanews.com\/index.php\/2025\/02\/25\/a-declaracao-de-pep-guardiola-direcionada-a-kevin-de-bruyne-do-manchester-city\/#primaryimage\"},\"image\":{\"@id\":\"https:\/\/www.gaveanews.com\/index.php\/2025\/02\/25\/a-declaracao-de-pep-guardiola-direcionada-a-kevin-de-bruyne-do-manchester-city\/#primaryimage\"},\"thumbnailUrl\":\"https:\/\/www.gaveanews.com\/wp-content\/uploads\/kevindebruyne_1709072459423.webp\",\"datePublished\":\"2025-02-25T23:40:00+00:00\",\"author\":{\"@id\":\"https:\/\/www.gaveanews.com\/#\/schema\/person\/0eb3e3fe1754f0205218538adbe8f5ed\"},\"breadcrumb\":{\"@id\":\"https:\/\/www.gaveanews.com\/index.php\/2025\/02\/25\/a-declaracao-de-pep-guardiola-direcionada-a-kevin-de-bruyne-do-manchester-city\/#breadcrumb\"},\"inLanguage\":\"pt-BR\",\"potentialAction\":[{\"@type\":\"ReadAction\",\"target\":[\"https:\/\/www.gaveanews.com\/index.php\/2025\/02\/25\/a-declaracao-de-pep-guardiola-direcionada-a-kevin-de-bruyne-do-manchester-city\/\"]}]},{\"@type\":\"ImageObject\",\"inLanguage\":\"pt-BR\",\"@id\":\"https:\/\/www.gaveanews.com\/index.php\/2025\/02\/25\/a-declaracao-de-pep-guardiola-direcionada-a-kevin-de-bruyne-do-manchester-city\/#primaryimage\",\"url\":\"https:\/\/www.gaveanews.com\/wp-content\/uploads\/kevindebruyne_1709072459423.webp\",\"contentUrl\":\"https:\/\/www.gaveanews.com\/wp-content\/uploads\/kevindebruyne_1709072459423.webp\",\"width\":1440,\"height\":960,\"caption\":\"Kevin De Bruyne pelo City (Foto: Reprodu\u00e7\u00e3o\/Instagram)\"},{\"@type\":\"BreadcrumbList\",\"@id\":\"https:\/\/www.gaveanews.com\/index.php\/2025\/02\/25\/a-declaracao-de-pep-guardiola-direcionada-a-kevin-de-bruyne-do-manchester-city\/#breadcrumb\",\"itemListElement\":[{\"@type\":\"ListItem\",\"position\":1,\"name\":\"Home\",\"item\":\"https:\/\/www.gaveanews.com\/\"},{\"@type\":\"ListItem\",\"position\":2,\"name\":\"A declara\u00e7\u00e3o de Pep Guardiola direcionada a Kevin De Bruyne, do Manchester City\"}]},{\"@type\":\"WebSite\",\"@id\":\"https:\/\/www.gaveanews.com\/#website\",\"url\":\"https:\/\/www.gaveanews.com\/\",\"name\":\"G\u00e1vea News\",\"description\":\"Veja todas as not\u00edcias sobre o Flamengo: Contrata\u00e7\u00f5es, categorias de base, resultados das partidas, tabela de classifica\u00e7\u00e3o, pr\u00f3ximos jogos!\",\"potentialAction\":[{\"@type\":\"SearchAction\",\"target\":{\"@type\":\"EntryPoint\",\"urlTemplate\":\"https:\/\/www.gaveanews.com\/?s={search_term_string}\"},\"query-input\":{\"@type\":\"PropertyValueSpecification\",\"valueRequired\":true,\"valueName\":\"search_term_string\"}}],\"inLanguage\":\"pt-BR\"},{\"@type\":\"Person\",\"@id\":\"https:\/\/www.gaveanews.com\/#\/schema\/person\/0eb3e3fe1754f0205218538adbe8f5ed\",\"name\":\"Rafaela Ladeira\",\"image\":{\"@type\":\"ImageObject\",\"inLanguage\":\"pt-BR\",\"@id\":\"https:\/\/www.gaveanews.com\/#\/schema\/person\/image\/\",\"url\":\"https:\/\/secure.gravatar.com\/avatar\/c31f513acffd85eacab5730cbdfdbbf59f21ba5aeada8cd890acea879fbb2455?s=96&d=mm&r=g\",\"contentUrl\":\"https:\/\/secure.gravatar.com\/avatar\/c31f513acffd85eacab5730cbdfdbbf59f21ba5aeada8cd890acea879fbb2455?s=96&d=mm&r=g\",\"caption\":\"Rafaela Ladeira\"}}]}<\/script>\n<!-- \/ Yoast SEO Premium plugin. -->","yoast_head_json":{"title":"A declara\u00e7\u00e3o de Pep Guardiola direcionada a Kevin De Bruyne, do Manchester City","robots":{"index":"index","follow":"follow","max-snippet":"max-snippet:-1","max-image-preview":"max-image-preview:large","max-video-preview":"max-video-preview:-1"},"canonical":"https:\/\/www.gaveanews.com\/index.php\/2025\/02\/25\/a-declaracao-de-pep-guardiola-direcionada-a-kevin-de-bruyne-do-manchester-city\/","og_locale":"pt_BR","og_type":"article","og_title":"A declara\u00e7\u00e3o de Pep Guardiola direcionada a Kevin De Bruyne, do Manchester City","og_description":"O futuro de Kevin De Bruyne no Manchester City segue sendo discutido entre torcedores e especialistas. Questionado sobre a perman\u00eancia do meio-campista belga, Pep Guardiola manteve a cautela e afirmou que a decis\u00e3o cabe ao jogador e ao clube.&nbsp; A incerteza aumenta as especula\u00e7\u00f5es sobre uma poss\u00edvel sa\u00edda, mas o treinador refor\u00e7ou a import\u00e2ncia do [&hellip;]","og_url":"https:\/\/www.gaveanews.com\/index.php\/2025\/02\/25\/a-declaracao-de-pep-guardiola-direcionada-a-kevin-de-bruyne-do-manchester-city\/","og_site_name":"G\u00e1vea News","article_publisher":"https:\/\/facebook.com\/gaveaNews\/","article_published_time":"2025-02-25T23:40:00+00:00","og_image":[{"width":1440,"height":960,"url":"https:\/\/www.gaveanews.com\/wp-content\/uploads\/kevindebruyne_1709072459423.webp","type":"image\/webp"}],"author":"Rafaela Ladeira","twitter_card":"summary_large_image","twitter_misc":{"Escrito por":"Rafaela Ladeira","Est. tempo de leitura":"2 minutos"},"schema":{"@context":"https:\/\/schema.org","@graph":[{"@type":"NewsArticle","@id":"https:\/\/www.gaveanews.com\/index.php\/2025\/02\/25\/a-declaracao-de-pep-guardiola-direcionada-a-kevin-de-bruyne-do-manchester-city\/#article","isPartOf":{"@id":"https:\/\/www.gaveanews.com\/index.php\/2025\/02\/25\/a-declaracao-de-pep-guardiola-direcionada-a-kevin-de-bruyne-do-manchester-city\/"},"author":{"name":"Rafaela Ladeira","@id":"https:\/\/www.gaveanews.com\/#\/schema\/person\/0eb3e3fe1754f0205218538adbe8f5ed"},"headline":"A declara\u00e7\u00e3o de Pep Guardiola direcionada a Kevin De Bruyne, do Manchester City","datePublished":"2025-02-25T23:40:00+00:00","mainEntityOfPage":{"@id":"https:\/\/www.gaveanews.com\/index.php\/2025\/02\/25\/a-declaracao-de-pep-guardiola-direcionada-a-kevin-de-bruyne-do-manchester-city\/"},"wordCount":399,"commentCount":0,"image":{"@id":"https:\/\/www.gaveanews.com\/index.php\/2025\/02\/25\/a-declaracao-de-pep-guardiola-direcionada-a-kevin-de-bruyne-do-manchester-city\/#primaryimage"},"thumbnailUrl":"https:\/\/www.gaveanews.com\/wp-content\/uploads\/kevindebruyne_1709072459423.webp","articleSection":["Manchester City"],"inLanguage":"pt-BR","potentialAction":[{"@type":"CommentAction","name":"Comment","target":["https:\/\/www.gaveanews.com\/index.php\/2025\/02\/25\/a-declaracao-de-pep-guardiola-direcionada-a-kevin-de-bruyne-do-manchester-city\/#respond"]}],"copyrightYear":"2025","copyrightHolder":{"@id":"https:\/\/www.gaveanews.com\/#organization"}},{"@type":"WebPage","@id":"https:\/\/www.gaveanews.com\/index.php\/2025\/02\/25\/a-declaracao-de-pep-guardiola-direcionada-a-kevin-de-bruyne-do-manchester-city\/","url":"https:\/\/www.gaveanews.com\/index.php\/2025\/02\/25\/a-declaracao-de-pep-guardiola-direcionada-a-kevin-de-bruyne-do-manchester-city\/","name":"A declara\u00e7\u00e3o de Pep Guardiola direcionada a Kevin De Bruyne, do Manchester City","isPartOf":{"@id":"https:\/\/www.gaveanews.com\/#website"},"primaryImageOfPage":{"@id":"https:\/\/www.gaveanews.com\/index.php\/2025\/02\/25\/a-declaracao-de-pep-guardiola-direcionada-a-kevin-de-bruyne-do-manchester-city\/#primaryimage"},"image":{"@id":"https:\/\/www.gaveanews.com\/index.php\/2025\/02\/25\/a-declaracao-de-pep-guardiola-direcionada-a-kevin-de-bruyne-do-manchester-city\/#primaryimage"},"thumbnailUrl":"https:\/\/www.gaveanews.com\/wp-content\/uploads\/kevindebruyne_1709072459423.webp","datePublished":"2025-02-25T23:40:00+00:00","author":{"@id":"https:\/\/www.gaveanews.com\/#\/schema\/person\/0eb3e3fe1754f0205218538adbe8f5ed"},"breadcrumb":{"@id":"https:\/\/www.gaveanews.com\/index.php\/2025\/02\/25\/a-declaracao-de-pep-guardiola-direcionada-a-kevin-de-bruyne-do-manchester-city\/#breadcrumb"},"inLanguage":"pt-BR","potentialAction":[{"@type":"ReadAction","target":["https:\/\/www.gaveanews.com\/index.php\/2025\/02\/25\/a-declaracao-de-pep-guardiola-direcionada-a-kevin-de-bruyne-do-manchester-city\/"]}]},{"@type":"ImageObject","inLanguage":"pt-BR","@id":"https:\/\/www.gaveanews.com\/index.php\/2025\/02\/25\/a-declaracao-de-pep-guardiola-direcionada-a-kevin-de-bruyne-do-manchester-city\/#primaryimage","url":"https:\/\/www.gaveanews.com\/wp-content\/uploads\/kevindebruyne_1709072459423.webp","contentUrl":"https:\/\/www.gaveanews.com\/wp-content\/uploads\/kevindebruyne_1709072459423.webp","width":1440,"height":960,"caption":"Kevin De Bruyne pelo City (Foto: Reprodu\u00e7\u00e3o\/Instagram)"},{"@type":"BreadcrumbList","@id":"https:\/\/www.gaveanews.com\/index.php\/2025\/02\/25\/a-declaracao-de-pep-guardiola-direcionada-a-kevin-de-bruyne-do-manchester-city\/#breadcrumb","itemListElement":[{"@type":"ListItem","position":1,"name":"Home","item":"https:\/\/www.gaveanews.com\/"},{"@type":"ListItem","position":2,"name":"A declara\u00e7\u00e3o de Pep Guardiola direcionada a Kevin De Bruyne, do Manchester City"}]},{"@type":"WebSite","@id":"https:\/\/www.gaveanews.com\/#website","url":"https:\/\/www.gaveanews.com\/","name":"G\u00e1vea News","description":"Veja todas as not\u00edcias sobre o Flamengo: Contrata\u00e7\u00f5es, categorias de base, resultados das partidas, tabela de classifica\u00e7\u00e3o, pr\u00f3ximos jogos!","potentialAction":[{"@type":"SearchAction","target":{"@type":"EntryPoint","urlTemplate":"https:\/\/www.gaveanews.com\/?s={search_term_string}"},"query-input":{"@type":"PropertyValueSpecification","valueRequired":true,"valueName":"search_term_string"}}],"inLanguage":"pt-BR"},{"@type":"Person","@id":"https:\/\/www.gaveanews.com\/#\/schema\/person\/0eb3e3fe1754f0205218538adbe8f5ed","name":"Rafaela Ladeira","image":{"@type":"ImageObject","inLanguage":"pt-BR","@id":"https:\/\/www.gaveanews.com\/#\/schema\/person\/image\/","url":"https:\/\/secure.gravatar.com\/avatar\/c31f513acffd85eacab5730cbdfdbbf59f21ba5aeada8cd890acea879fbb2455?s=96&d=mm&r=g","contentUrl":"https:\/\/secure.gravatar.com\/avatar\/c31f513acffd85eacab5730cbdfdbbf59f21ba5aeada8cd890acea879fbb2455?s=96&d=mm&r=g","caption":"Rafaela Ladeira"}}]}},"_links":{"self":[{"href":"https:\/\/www.gaveanews.com\/index.php\/wp-json\/wp\/v2\/posts\/232527","targetHints":{"allow":["GET"]}}],"collection":[{"href":"https:\/\/www.gaveanews.com\/index.php\/wp-json\/wp\/v2\/posts"}],"about":[{"href":"https:\/\/www.gaveanews.com\/index.php\/wp-json\/wp\/v2\/types\/post"}],"author":[{"embeddable":true,"href":"https:\/\/www.gaveanews.com\/index.php\/wp-json\/wp\/v2\/users\/25"}],"replies":[{"embeddable":true,"href":"https:\/\/www.gaveanews.com\/index.php\/wp-json\/wp\/v2\/comments?post=232527"}],"version-history":[{"count":2,"href":"https:\/\/www.gaveanews.com\/index.php\/wp-json\/wp\/v2\/posts\/232527\/revisions"}],"predecessor-version":[{"id":232529,"href":"https:\/\/www.gaveanews.com\/index.php\/wp-json\/wp\/v2\/posts\/232527\/revisions\/232529"}],"wp:featuredmedia":[{"embeddable":true,"href":"https:\/\/www.gaveanews.com\/index.php\/wp-json\/wp\/v2\/media\/128964"}],"wp:attachment":[{"href":"https:\/\/www.gaveanews.com\/index.php\/wp-json\/wp\/v2\/media?parent=232527"}],"wp:term":[{"taxonomy":"category","embeddable":true,"href":"https:\/\/www.gaveanews.com\/index.php\/wp-json\/wp\/v2\/categories?post=232527"},{"taxonomy":"post_tag","embeddable":true,"href":"https:\/\/www.gaveanews.com\/index.php\/wp-json\/wp\/v2\/tags?post=232527"}],"curies":[{"name":"wp","href":"https:\/\/api.w.org\/{rel}","templated":true}]}}