{"id":232548,"date":"2025-02-25T21:10:00","date_gmt":"2025-02-26T00:10:00","guid":{"rendered":"https:\/\/www.gaveanews.com\/?p=232548"},"modified":"2025-02-25T19:18:21","modified_gmt":"2025-02-25T22:18:21","slug":"a-declaracao-benzema-direcionada-a-ronaldo-fenomeno","status":"publish","type":"post","link":"https:\/\/www.gaveanews.com\/index.php\/2025\/02\/25\/a-declaracao-benzema-direcionada-a-ronaldo-fenomeno\/","title":{"rendered":"A declara\u00e7\u00e3o Benzema direcionada a Ronaldo Fen\u00f4meno"},"content":{"rendered":"\n<p>Karim Benzema apontou Ronaldo Fen\u00f4meno como o maior jogador da hist\u00f3ria do futebol, contrariando a opini\u00e3o de Cristiano Ronaldo. O atacante franc\u00eas, atualmente no Al-Ittihad, destacou que respeita a vis\u00e3o do ex-companheiro de Real Madrid, mas discorda. <em>&#8220;<\/em>Eu penso que cada um pode dizer o que quer. Se ele pensa que \u00e9 o melhor da hist\u00f3ria, ent\u00e3o ele \u00e9. Depende. Para mim, por exemplo, o melhor \u00e9 o Ronaldo, do Brasil. Mas Cristiano \u00e9 o que \u00e9&#8221;, afirmou Benzema.<\/p>\n\n\n\n<p>A declara\u00e7\u00e3o veio ap\u00f3s Cristiano Ronaldo se autodeclarar o &#8220;atleta mais completo da hist\u00f3ria&#8221;. Os dois atuaram juntos no Real Madrid entre 2009 e 2018, conquistando diversos t\u00edtulos, incluindo quatro edi\u00e7\u00f5es da Champions League. Mesmo ap\u00f3s a sa\u00edda do portugu\u00eas para a Juventus, Benzema se tornou pe\u00e7a fundamental no ataque do clube espanhol.<\/p>\n\n\n\n<figure class=\"wp-block-image size-full\"><img loading=\"lazy\" decoding=\"async\" width=\"914\" height=\"686\" src=\"http:\/\/www.gaveanews.com\/wp-content\/uploads\/karim-benzema-e-cristiano-ronaldo-em-jogo-pelo-real-madrid-.webp\" alt=\"\" class=\"wp-image-124462\" srcset=\"https:\/\/www.gaveanews.com\/wp-content\/uploads\/karim-benzema-e-cristiano-ronaldo-em-jogo-pelo-real-madrid-.webp 914w, https:\/\/www.gaveanews.com\/wp-content\/uploads\/karim-benzema-e-cristiano-ronaldo-em-jogo-pelo-real-madrid--300x225.webp 300w, https:\/\/www.gaveanews.com\/wp-content\/uploads\/karim-benzema-e-cristiano-ronaldo-em-jogo-pelo-real-madrid--768x576.webp 768w, https:\/\/www.gaveanews.com\/wp-content\/uploads\/karim-benzema-e-cristiano-ronaldo-em-jogo-pelo-real-madrid--560x420.webp 560w, https:\/\/www.gaveanews.com\/wp-content\/uploads\/karim-benzema-e-cristiano-ronaldo-em-jogo-pelo-real-madrid--80x60.webp 80w, https:\/\/www.gaveanews.com\/wp-content\/uploads\/karim-benzema-e-cristiano-ronaldo-em-jogo-pelo-real-madrid--160x120.webp 160w, https:\/\/www.gaveanews.com\/wp-content\/uploads\/karim-benzema-e-cristiano-ronaldo-em-jogo-pelo-real-madrid--100x75.webp 100w, https:\/\/www.gaveanews.com\/wp-content\/uploads\/karim-benzema-e-cristiano-ronaldo-em-jogo-pelo-real-madrid--200x150.webp 200w, https:\/\/www.gaveanews.com\/wp-content\/uploads\/karim-benzema-e-cristiano-ronaldo-em-jogo-pelo-real-madrid--180x135.webp 180w, https:\/\/www.gaveanews.com\/wp-content\/uploads\/karim-benzema-e-cristiano-ronaldo-em-jogo-pelo-real-madrid--360x270.webp 360w, https:\/\/www.gaveanews.com\/wp-content\/uploads\/karim-benzema-e-cristiano-ronaldo-em-jogo-pelo-real-madrid--238x178.webp 238w, https:\/\/www.gaveanews.com\/wp-content\/uploads\/karim-benzema-e-cristiano-ronaldo-em-jogo-pelo-real-madrid--476x356.webp 476w, https:\/\/www.gaveanews.com\/wp-content\/uploads\/karim-benzema-e-cristiano-ronaldo-em-jogo-pelo-real-madrid--640x480.webp 640w, https:\/\/www.gaveanews.com\/wp-content\/uploads\/karim-benzema-e-cristiano-ronaldo-em-jogo-pelo-real-madrid--681x511.webp 681w\" sizes=\"auto, (max-width: 914px) 100vw, 914px\" \/><figcaption class=\"wp-element-caption\">Karim Benzema e Cristiano Ronaldo pelo Real Madrid (Foto:AMA\/Getty Images)<\/figcaption><\/figure>\n\n\n\n<p>Atualmente, Benzema e Cristiano Ronaldo disputam a Liga Saudita por clubes rivais. O Al-Ittihad, equipe do franc\u00eas, lidera a competi\u00e7\u00e3o com 55 pontos, seguido pelo Al-Hilal, que tem 48. J\u00e1 o Al-Nassr, de Cristiano, ocupa a quarta posi\u00e7\u00e3o com 44 pontos. Os dois atacantes dividem a artilharia do campeonato, ambos com 16 gols, mas Benzema leva vantagem nas assist\u00eancias, com sete contra tr\u00eas do portugu\u00eas.<\/p>\n\n\n\n<p>A compara\u00e7\u00e3o entre Ronaldo Fen\u00f4meno e Cristiano Ronaldo sempre gerou debates entre torcedores e especialistas do futebol. Enquanto o portugu\u00eas construiu uma carreira marcada pela longevidade, disciplina f\u00edsica e conquistas expressivas, o brasileiro brilhou intensamente em seu auge, encantando o mundo com sua habilidade, velocidade e poder de finaliza\u00e7\u00e3o. Para Benzema, o impacto de Ronaldo nos gramados foi incompar\u00e1vel, mesmo com uma trajet\u00f3ria encurtada por les\u00f5es.<\/p>\n\n\n\n<h2 class=\"wp-block-heading\" id=\"h-comparacao-polemica\">Compara\u00e7\u00e3o pol\u00eamica<\/h2>\n\n\n\n<p>Al\u00e9m da rivalidade entre os dois craques dentro de campo, a disputa tamb\u00e9m se reflete fora dele. Cristiano Ronaldo, frequentemente envolvido em discuss\u00f5es sobre quem \u00e9 o maior jogador da hist\u00f3ria, j\u00e1 afirmou em diversas ocasi\u00f5es que se considera o melhor. <\/p>\n\n\n\n<p>A pol\u00eamica declara\u00e7\u00e3o do atacante franc\u00eas refor\u00e7a o quanto esse debate est\u00e1 longe de um consenso. Com tantas lendas que marcaram gera\u00e7\u00f5es, a escolha sobre quem foi o maior jogador da hist\u00f3ria segue sendo uma quest\u00e3o de perspectiva e prefer\u00eancia individual. <\/p>\n","protected":false},"excerpt":{"rendered":"<p>Karim Benzema apontou Ronaldo Fen\u00f4meno como o maior jogador da hist\u00f3ria do futebol, contrariando a opini\u00e3o de Cristiano Ronaldo. O atacante franc\u00eas, atualmente no Al-Ittihad, destacou que respeita a vis\u00e3o do ex-companheiro de Real Madrid, mas discorda. &#8220;Eu penso que cada um pode dizer o que quer. Se ele pensa que \u00e9 o melhor da [&hellip;]<\/p>\n","protected":false},"author":27,"featured_media":121760,"comment_status":"open","ping_status":"closed","sticky":false,"template":"","format":"standard","meta":{"footnotes":""},"categories":[88],"tags":[],"class_list":["post-232548","post","type-post","status-publish","format-standard","has-post-thumbnail","hentry","category-real-madrid"],"yoast_head":"<!-- This site is optimized with the Yoast SEO Premium plugin v24.2 (Yoast SEO v26.9) - https:\/\/yoast.com\/product\/yoast-seo-premium-wordpress\/ -->\n<title>A declara\u00e7\u00e3o Benzema direcionada a Ronaldo Fen\u00f4meno<\/title>\n<meta name=\"robots\" content=\"index, follow, max-snippet:-1, max-image-preview:large, max-video-preview:-1\" \/>\n<link rel=\"canonical\" href=\"https:\/\/www.gaveanews.com\/index.php\/2025\/02\/25\/a-declaracao-benzema-direcionada-a-ronaldo-fenomeno\/\" \/>\n<meta property=\"og:locale\" content=\"pt_BR\" \/>\n<meta property=\"og:type\" content=\"article\" \/>\n<meta property=\"og:title\" content=\"A declara\u00e7\u00e3o Benzema direcionada a Ronaldo Fen\u00f4meno\" \/>\n<meta property=\"og:description\" content=\"Karim Benzema apontou Ronaldo Fen\u00f4meno como o maior jogador da hist\u00f3ria do futebol, contrariando a opini\u00e3o de Cristiano Ronaldo. O atacante franc\u00eas, atualmente no Al-Ittihad, destacou que respeita a vis\u00e3o do ex-companheiro de Real Madrid, mas discorda. &#8220;Eu penso que cada um pode dizer o que quer. Se ele pensa que \u00e9 o melhor da [&hellip;]\" \/>\n<meta property=\"og:url\" content=\"https:\/\/www.gaveanews.com\/index.php\/2025\/02\/25\/a-declaracao-benzema-direcionada-a-ronaldo-fenomeno\/\" \/>\n<meta property=\"og:site_name\" content=\"G\u00e1vea News\" \/>\n<meta property=\"article:publisher\" content=\"https:\/\/facebook.com\/gaveaNews\/\" \/>\n<meta property=\"article:published_time\" content=\"2025-02-26T00:10:00+00:00\" \/>\n<meta property=\"og:image\" content=\"https:\/\/www.gaveanews.com\/wp-content\/uploads\/karimbenzema9_officiel_1705421031993-edited.webp\" \/>\n\t<meta property=\"og:image:width\" content=\"720\" \/>\n\t<meta property=\"og:image:height\" content=\"480\" \/>\n\t<meta property=\"og:image:type\" content=\"image\/jpeg\" \/>\n<meta name=\"author\" content=\"Matheus Felipe\" \/>\n<meta name=\"twitter:card\" content=\"summary_large_image\" \/>\n<meta name=\"twitter:label1\" content=\"Escrito por\" \/>\n\t<meta name=\"twitter:data1\" content=\"Matheus Felipe\" \/>\n\t<meta name=\"twitter:label2\" content=\"Est. tempo de leitura\" \/>\n\t<meta name=\"twitter:data2\" content=\"3 minutos\" \/>\n<script type=\"application\/ld+json\" class=\"yoast-schema-graph\">{\"@context\":\"https:\/\/schema.org\",\"@graph\":[{\"@type\":\"NewsArticle\",\"@id\":\"https:\/\/www.gaveanews.com\/index.php\/2025\/02\/25\/a-declaracao-benzema-direcionada-a-ronaldo-fenomeno\/#article\",\"isPartOf\":{\"@id\":\"https:\/\/www.gaveanews.com\/index.php\/2025\/02\/25\/a-declaracao-benzema-direcionada-a-ronaldo-fenomeno\/\"},\"author\":{\"name\":\"Matheus Felipe\",\"@id\":\"https:\/\/www.gaveanews.com\/#\/schema\/person\/8207cd4627f56151707418bfc835b2fb\"},\"headline\":\"A declara\u00e7\u00e3o Benzema direcionada a Ronaldo Fen\u00f4meno\",\"datePublished\":\"2025-02-26T00:10:00+00:00\",\"mainEntityOfPage\":{\"@id\":\"https:\/\/www.gaveanews.com\/index.php\/2025\/02\/25\/a-declaracao-benzema-direcionada-a-ronaldo-fenomeno\/\"},\"wordCount\":401,\"commentCount\":0,\"image\":{\"@id\":\"https:\/\/www.gaveanews.com\/index.php\/2025\/02\/25\/a-declaracao-benzema-direcionada-a-ronaldo-fenomeno\/#primaryimage\"},\"thumbnailUrl\":\"https:\/\/www.gaveanews.com\/wp-content\/uploads\/karimbenzema9_officiel_1705421031993-edited.webp\",\"articleSection\":[\"Real Madrid\"],\"inLanguage\":\"pt-BR\",\"potentialAction\":[{\"@type\":\"CommentAction\",\"name\":\"Comment\",\"target\":[\"https:\/\/www.gaveanews.com\/index.php\/2025\/02\/25\/a-declaracao-benzema-direcionada-a-ronaldo-fenomeno\/#respond\"]}],\"copyrightYear\":\"2025\",\"copyrightHolder\":{\"@id\":\"https:\/\/www.gaveanews.com\/#organization\"}},{\"@type\":\"WebPage\",\"@id\":\"https:\/\/www.gaveanews.com\/index.php\/2025\/02\/25\/a-declaracao-benzema-direcionada-a-ronaldo-fenomeno\/\",\"url\":\"https:\/\/www.gaveanews.com\/index.php\/2025\/02\/25\/a-declaracao-benzema-direcionada-a-ronaldo-fenomeno\/\",\"name\":\"A declara\u00e7\u00e3o Benzema direcionada a Ronaldo Fen\u00f4meno\",\"isPartOf\":{\"@id\":\"https:\/\/www.gaveanews.com\/#website\"},\"primaryImageOfPage\":{\"@id\":\"https:\/\/www.gaveanews.com\/index.php\/2025\/02\/25\/a-declaracao-benzema-direcionada-a-ronaldo-fenomeno\/#primaryimage\"},\"image\":{\"@id\":\"https:\/\/www.gaveanews.com\/index.php\/2025\/02\/25\/a-declaracao-benzema-direcionada-a-ronaldo-fenomeno\/#primaryimage\"},\"thumbnailUrl\":\"https:\/\/www.gaveanews.com\/wp-content\/uploads\/karimbenzema9_officiel_1705421031993-edited.webp\",\"datePublished\":\"2025-02-26T00:10:00+00:00\",\"author\":{\"@id\":\"https:\/\/www.gaveanews.com\/#\/schema\/person\/8207cd4627f56151707418bfc835b2fb\"},\"breadcrumb\":{\"@id\":\"https:\/\/www.gaveanews.com\/index.php\/2025\/02\/25\/a-declaracao-benzema-direcionada-a-ronaldo-fenomeno\/#breadcrumb\"},\"inLanguage\":\"pt-BR\",\"potentialAction\":[{\"@type\":\"ReadAction\",\"target\":[\"https:\/\/www.gaveanews.com\/index.php\/2025\/02\/25\/a-declaracao-benzema-direcionada-a-ronaldo-fenomeno\/\"]}]},{\"@type\":\"ImageObject\",\"inLanguage\":\"pt-BR\",\"@id\":\"https:\/\/www.gaveanews.com\/index.php\/2025\/02\/25\/a-declaracao-benzema-direcionada-a-ronaldo-fenomeno\/#primaryimage\",\"url\":\"https:\/\/www.gaveanews.com\/wp-content\/uploads\/karimbenzema9_officiel_1705421031993-edited.webp\",\"contentUrl\":\"https:\/\/www.gaveanews.com\/wp-content\/uploads\/karimbenzema9_officiel_1705421031993-edited.webp\",\"width\":720,\"height\":480,\"caption\":\"Benzema em a\u00e7\u00e3o pelo Al-Ittihad FC (Foto: Reprodu\u00e7\u00e3o\/Instagram)\"},{\"@type\":\"BreadcrumbList\",\"@id\":\"https:\/\/www.gaveanews.com\/index.php\/2025\/02\/25\/a-declaracao-benzema-direcionada-a-ronaldo-fenomeno\/#breadcrumb\",\"itemListElement\":[{\"@type\":\"ListItem\",\"position\":1,\"name\":\"Home\",\"item\":\"https:\/\/www.gaveanews.com\/\"},{\"@type\":\"ListItem\",\"position\":2,\"name\":\"A declara\u00e7\u00e3o Benzema direcionada a Ronaldo Fen\u00f4meno\"}]},{\"@type\":\"WebSite\",\"@id\":\"https:\/\/www.gaveanews.com\/#website\",\"url\":\"https:\/\/www.gaveanews.com\/\",\"name\":\"G\u00e1vea News\",\"description\":\"Veja todas as not\u00edcias sobre o Flamengo: Contrata\u00e7\u00f5es, categorias de base, resultados das partidas, tabela de classifica\u00e7\u00e3o, pr\u00f3ximos jogos!\",\"potentialAction\":[{\"@type\":\"SearchAction\",\"target\":{\"@type\":\"EntryPoint\",\"urlTemplate\":\"https:\/\/www.gaveanews.com\/?s={search_term_string}\"},\"query-input\":{\"@type\":\"PropertyValueSpecification\",\"valueRequired\":true,\"valueName\":\"search_term_string\"}}],\"inLanguage\":\"pt-BR\"},{\"@type\":\"Person\",\"@id\":\"https:\/\/www.gaveanews.com\/#\/schema\/person\/8207cd4627f56151707418bfc835b2fb\",\"name\":\"Matheus Felipe\",\"image\":{\"@type\":\"ImageObject\",\"inLanguage\":\"pt-BR\",\"@id\":\"https:\/\/www.gaveanews.com\/#\/schema\/person\/image\/\",\"url\":\"https:\/\/secure.gravatar.com\/avatar\/a452ffbed9130f726358b298bb3a99ce4bd3c5338411f8440e87e14d74c7c087?s=96&d=mm&r=g\",\"contentUrl\":\"https:\/\/secure.gravatar.com\/avatar\/a452ffbed9130f726358b298bb3a99ce4bd3c5338411f8440e87e14d74c7c087?s=96&d=mm&r=g\",\"caption\":\"Matheus Felipe\"}}]}<\/script>\n<!-- \/ Yoast SEO Premium plugin. -->","yoast_head_json":{"title":"A declara\u00e7\u00e3o Benzema direcionada a Ronaldo Fen\u00f4meno","robots":{"index":"index","follow":"follow","max-snippet":"max-snippet:-1","max-image-preview":"max-image-preview:large","max-video-preview":"max-video-preview:-1"},"canonical":"https:\/\/www.gaveanews.com\/index.php\/2025\/02\/25\/a-declaracao-benzema-direcionada-a-ronaldo-fenomeno\/","og_locale":"pt_BR","og_type":"article","og_title":"A declara\u00e7\u00e3o Benzema direcionada a Ronaldo Fen\u00f4meno","og_description":"Karim Benzema apontou Ronaldo Fen\u00f4meno como o maior jogador da hist\u00f3ria do futebol, contrariando a opini\u00e3o de Cristiano Ronaldo. O atacante franc\u00eas, atualmente no Al-Ittihad, destacou que respeita a vis\u00e3o do ex-companheiro de Real Madrid, mas discorda. &#8220;Eu penso que cada um pode dizer o que quer. Se ele pensa que \u00e9 o melhor da [&hellip;]","og_url":"https:\/\/www.gaveanews.com\/index.php\/2025\/02\/25\/a-declaracao-benzema-direcionada-a-ronaldo-fenomeno\/","og_site_name":"G\u00e1vea News","article_publisher":"https:\/\/facebook.com\/gaveaNews\/","article_published_time":"2025-02-26T00:10:00+00:00","og_image":[{"width":720,"height":480,"url":"https:\/\/www.gaveanews.com\/wp-content\/uploads\/karimbenzema9_officiel_1705421031993-edited.webp","type":"image\/jpeg"}],"author":"Matheus Felipe","twitter_card":"summary_large_image","twitter_misc":{"Escrito por":"Matheus Felipe","Est. tempo de leitura":"3 minutos"},"schema":{"@context":"https:\/\/schema.org","@graph":[{"@type":"NewsArticle","@id":"https:\/\/www.gaveanews.com\/index.php\/2025\/02\/25\/a-declaracao-benzema-direcionada-a-ronaldo-fenomeno\/#article","isPartOf":{"@id":"https:\/\/www.gaveanews.com\/index.php\/2025\/02\/25\/a-declaracao-benzema-direcionada-a-ronaldo-fenomeno\/"},"author":{"name":"Matheus Felipe","@id":"https:\/\/www.gaveanews.com\/#\/schema\/person\/8207cd4627f56151707418bfc835b2fb"},"headline":"A declara\u00e7\u00e3o Benzema direcionada a Ronaldo Fen\u00f4meno","datePublished":"2025-02-26T00:10:00+00:00","mainEntityOfPage":{"@id":"https:\/\/www.gaveanews.com\/index.php\/2025\/02\/25\/a-declaracao-benzema-direcionada-a-ronaldo-fenomeno\/"},"wordCount":401,"commentCount":0,"image":{"@id":"https:\/\/www.gaveanews.com\/index.php\/2025\/02\/25\/a-declaracao-benzema-direcionada-a-ronaldo-fenomeno\/#primaryimage"},"thumbnailUrl":"https:\/\/www.gaveanews.com\/wp-content\/uploads\/karimbenzema9_officiel_1705421031993-edited.webp","articleSection":["Real Madrid"],"inLanguage":"pt-BR","potentialAction":[{"@type":"CommentAction","name":"Comment","target":["https:\/\/www.gaveanews.com\/index.php\/2025\/02\/25\/a-declaracao-benzema-direcionada-a-ronaldo-fenomeno\/#respond"]}],"copyrightYear":"2025","copyrightHolder":{"@id":"https:\/\/www.gaveanews.com\/#organization"}},{"@type":"WebPage","@id":"https:\/\/www.gaveanews.com\/index.php\/2025\/02\/25\/a-declaracao-benzema-direcionada-a-ronaldo-fenomeno\/","url":"https:\/\/www.gaveanews.com\/index.php\/2025\/02\/25\/a-declaracao-benzema-direcionada-a-ronaldo-fenomeno\/","name":"A declara\u00e7\u00e3o Benzema direcionada a Ronaldo Fen\u00f4meno","isPartOf":{"@id":"https:\/\/www.gaveanews.com\/#website"},"primaryImageOfPage":{"@id":"https:\/\/www.gaveanews.com\/index.php\/2025\/02\/25\/a-declaracao-benzema-direcionada-a-ronaldo-fenomeno\/#primaryimage"},"image":{"@id":"https:\/\/www.gaveanews.com\/index.php\/2025\/02\/25\/a-declaracao-benzema-direcionada-a-ronaldo-fenomeno\/#primaryimage"},"thumbnailUrl":"https:\/\/www.gaveanews.com\/wp-content\/uploads\/karimbenzema9_officiel_1705421031993-edited.webp","datePublished":"2025-02-26T00:10:00+00:00","author":{"@id":"https:\/\/www.gaveanews.com\/#\/schema\/person\/8207cd4627f56151707418bfc835b2fb"},"breadcrumb":{"@id":"https:\/\/www.gaveanews.com\/index.php\/2025\/02\/25\/a-declaracao-benzema-direcionada-a-ronaldo-fenomeno\/#breadcrumb"},"inLanguage":"pt-BR","potentialAction":[{"@type":"ReadAction","target":["https:\/\/www.gaveanews.com\/index.php\/2025\/02\/25\/a-declaracao-benzema-direcionada-a-ronaldo-fenomeno\/"]}]},{"@type":"ImageObject","inLanguage":"pt-BR","@id":"https:\/\/www.gaveanews.com\/index.php\/2025\/02\/25\/a-declaracao-benzema-direcionada-a-ronaldo-fenomeno\/#primaryimage","url":"https:\/\/www.gaveanews.com\/wp-content\/uploads\/karimbenzema9_officiel_1705421031993-edited.webp","contentUrl":"https:\/\/www.gaveanews.com\/wp-content\/uploads\/karimbenzema9_officiel_1705421031993-edited.webp","width":720,"height":480,"caption":"Benzema em a\u00e7\u00e3o pelo Al-Ittihad FC (Foto: Reprodu\u00e7\u00e3o\/Instagram)"},{"@type":"BreadcrumbList","@id":"https:\/\/www.gaveanews.com\/index.php\/2025\/02\/25\/a-declaracao-benzema-direcionada-a-ronaldo-fenomeno\/#breadcrumb","itemListElement":[{"@type":"ListItem","position":1,"name":"Home","item":"https:\/\/www.gaveanews.com\/"},{"@type":"ListItem","position":2,"name":"A declara\u00e7\u00e3o Benzema direcionada a Ronaldo Fen\u00f4meno"}]},{"@type":"WebSite","@id":"https:\/\/www.gaveanews.com\/#website","url":"https:\/\/www.gaveanews.com\/","name":"G\u00e1vea News","description":"Veja todas as not\u00edcias sobre o Flamengo: Contrata\u00e7\u00f5es, categorias de base, resultados das partidas, tabela de classifica\u00e7\u00e3o, pr\u00f3ximos jogos!","potentialAction":[{"@type":"SearchAction","target":{"@type":"EntryPoint","urlTemplate":"https:\/\/www.gaveanews.com\/?s={search_term_string}"},"query-input":{"@type":"PropertyValueSpecification","valueRequired":true,"valueName":"search_term_string"}}],"inLanguage":"pt-BR"},{"@type":"Person","@id":"https:\/\/www.gaveanews.com\/#\/schema\/person\/8207cd4627f56151707418bfc835b2fb","name":"Matheus Felipe","image":{"@type":"ImageObject","inLanguage":"pt-BR","@id":"https:\/\/www.gaveanews.com\/#\/schema\/person\/image\/","url":"https:\/\/secure.gravatar.com\/avatar\/a452ffbed9130f726358b298bb3a99ce4bd3c5338411f8440e87e14d74c7c087?s=96&d=mm&r=g","contentUrl":"https:\/\/secure.gravatar.com\/avatar\/a452ffbed9130f726358b298bb3a99ce4bd3c5338411f8440e87e14d74c7c087?s=96&d=mm&r=g","caption":"Matheus Felipe"}}]}},"_links":{"self":[{"href":"https:\/\/www.gaveanews.com\/index.php\/wp-json\/wp\/v2\/posts\/232548","targetHints":{"allow":["GET"]}}],"collection":[{"href":"https:\/\/www.gaveanews.com\/index.php\/wp-json\/wp\/v2\/posts"}],"about":[{"href":"https:\/\/www.gaveanews.com\/index.php\/wp-json\/wp\/v2\/types\/post"}],"author":[{"embeddable":true,"href":"https:\/\/www.gaveanews.com\/index.php\/wp-json\/wp\/v2\/users\/27"}],"replies":[{"embeddable":true,"href":"https:\/\/www.gaveanews.com\/index.php\/wp-json\/wp\/v2\/comments?post=232548"}],"version-history":[{"count":3,"href":"https:\/\/www.gaveanews.com\/index.php\/wp-json\/wp\/v2\/posts\/232548\/revisions"}],"predecessor-version":[{"id":232749,"href":"https:\/\/www.gaveanews.com\/index.php\/wp-json\/wp\/v2\/posts\/232548\/revisions\/232749"}],"wp:featuredmedia":[{"embeddable":true,"href":"https:\/\/www.gaveanews.com\/index.php\/wp-json\/wp\/v2\/media\/121760"}],"wp:attachment":[{"href":"https:\/\/www.gaveanews.com\/index.php\/wp-json\/wp\/v2\/media?parent=232548"}],"wp:term":[{"taxonomy":"category","embeddable":true,"href":"https:\/\/www.gaveanews.com\/index.php\/wp-json\/wp\/v2\/categories?post=232548"},{"taxonomy":"post_tag","embeddable":true,"href":"https:\/\/www.gaveanews.com\/index.php\/wp-json\/wp\/v2\/tags?post=232548"}],"curies":[{"name":"wp","href":"https:\/\/api.w.org\/{rel}","templated":true}]}}