{"id":232549,"date":"2025-02-25T21:30:00","date_gmt":"2025-02-26T00:30:00","guid":{"rendered":"https:\/\/www.gaveanews.com\/?p=232549"},"modified":"2025-02-25T19:19:55","modified_gmt":"2025-02-25T22:19:55","slug":"video-danilo-manda-forte-recado-direcionado-ao-time-do-flamengo","status":"publish","type":"post","link":"https:\/\/www.gaveanews.com\/index.php\/2025\/02\/25\/video-danilo-manda-forte-recado-direcionado-ao-time-do-flamengo\/","title":{"rendered":"V\u00eddeo: Danilo manda forte recado direcionado ao time do Flamengo"},"content":{"rendered":"\n<p>Ap\u00f3s a vit\u00f3ria do Flamengo sobre o Maric\u00e1 na decis\u00e3o da Ta\u00e7a Guanabara, o zagueiro Danilo tomou a iniciativa de reunir os companheiros no vesti\u00e1rio para um breve discurso. <\/p>\n\n\n\n<p>Capturadas pela Fla TV, as imagens mostram o jogador enfatizando a necessidade de autorreflex\u00e3o e compromisso cont\u00ednuo. \u201cAcho que \u00e9 muito importante olharmos para n\u00f3s. Para o nosso comportamento, as nossas atitudes e o nosso comprometimento\u201d, afirmou ele.<\/p>\n\n\n\n<h2 class=\"wp-block-heading\" id=\"h-mentalidade-como-fator-decisivo-em-2025\">Mentalidade como fator decisivo em 2025<\/h2>\n\n\n\n<p>Ao mesmo tempo, Danilo destacou o potencial do elenco flamenguista, apontando que ainda h\u00e1 espa\u00e7o para evolu\u00e7\u00e3o mental. Segundo ele, embora o grupo j\u00e1 demonstre qualidade t\u00e9cnica, a for\u00e7a psicol\u00f3gica pode ser decisiva ao longo da temporada. <\/p>\n\n\n\n<p>Em entrevista concedida \u00e0 Fla TV, o defensor tamb\u00e9m refor\u00e7ou a relev\u00e2ncia de manter o foco nos objetivos futuros, especialmente porque o calend\u00e1rio ainda reserva desafios significativos.<\/p>\n\n\n\n<p>\u201c\u00c9 importante vencer, agora \u00e9 continuar nessa sinergia, de bom ambiente, de trabalho, de dedica\u00e7\u00e3o. N\u00e3o importa o trof\u00e9u, \u00e9 sempre importante levar isso para a gente\u201d, pontuou Danilo, reiterando que o ano ser\u00e1 longo e exigir\u00e1 esfor\u00e7o constante. <\/p>\n\n\n\n<p>Essa mentalidade, segundo ele, serve como combust\u00edvel para manter o time motivado enquanto novas competi\u00e7\u00f5es se aproximam.<\/p>\n\n\n\n<figure class=\"wp-block-embed is-type-video is-provider-youtube wp-block-embed-youtube wp-embed-aspect-16-9 wp-has-aspect-ratio\"><div class=\"wp-block-embed__wrapper\">\n<iframe loading=\"lazy\" title=\"Bastidores | Flamengo 5x0 Maric\u00e1\" width=\"640\" height=\"360\" src=\"https:\/\/www.youtube.com\/embed\/hc3nZEidboc?feature=oembed\" frameborder=\"0\" allow=\"accelerometer; autoplay; clipboard-write; encrypted-media; gyroscope; picture-in-picture; web-share\" referrerpolicy=\"strict-origin-when-cross-origin\" allowfullscreen><\/iframe>\n<\/div><\/figure>\n\n\n\n<h2 class=\"wp-block-heading\" id=\"h-flamengo-encara-o-vasco-nas-semifinais-do-carioca\">Flamengo encara o Vasco nas semifinais do Carioca<\/h2>\n\n\n\n<p>Atual campe\u00e3o da Supercopa do Brasil e da Ta\u00e7a Guanabara, o Flamengo agora concentra suas aten\u00e7\u00f5es na semifinal do Campeonato Carioca. O advers\u00e1rio ser\u00e1 o Vasco, com o primeiro jogo marcado para o dia 1\u00ba de mar\u00e7o. <\/p>\n\n\n\n<p>A equipe rubro-negra possui vantagem por ter realizado a melhor campanha na fase inicial, podendo empatar os dois confrontos para avan\u00e7ar \u00e0 final. O duelo decisivo ocorrer\u00e1 no dia 8.<\/p>\n\n\n\n<h2 class=\"wp-block-heading\" id=\"h-calendario-repleto-de-competicoes-em-2025\">Calend\u00e1rio repleto de competi\u00e7\u00f5es em 2025<\/h2>\n\n\n\n<p>Al\u00e9m do Estadual, o Meng\u00e3o ter\u00e1 pela frente quatro competi\u00e7\u00f5es de grande relev\u00e2ncia na temporada. Entre elas est\u00e3o a Copa Conmebol Libertadores, o Campeonato Brasileiro, a Copa do Brasil e o Super Mundial de Clubes da Fifa. <\/p>\n\n\n\n<p>\u00c9 v\u00e1lido ressaltar que esses torneios representam oportunidades valiosas para o clube aumentar ainda mais seu prest\u00edgio no cen\u00e1rio nacional e internacional.<\/p>\n","protected":false},"excerpt":{"rendered":"<p>Ap\u00f3s a vit\u00f3ria do Flamengo sobre o Maric\u00e1 na decis\u00e3o da Ta\u00e7a Guanabara, o zagueiro Danilo tomou a iniciativa de reunir os companheiros no vesti\u00e1rio para um breve discurso. Capturadas pela Fla TV, as imagens mostram o jogador enfatizando a necessidade de autorreflex\u00e3o e compromisso cont\u00ednuo. \u201cAcho que \u00e9 muito importante olharmos para n\u00f3s. Para [&hellip;]<\/p>\n","protected":false},"author":28,"featured_media":222093,"comment_status":"open","ping_status":"closed","sticky":false,"template":"","format":"standard","meta":{"footnotes":""},"categories":[1,40],"tags":[],"class_list":["post-232549","post","type-post","status-publish","format-standard","has-post-thumbnail","hentry","category-flamengo","category-video"],"yoast_head":"<!-- This site is optimized with the Yoast SEO Premium plugin v24.2 (Yoast SEO v26.9) - https:\/\/yoast.com\/product\/yoast-seo-premium-wordpress\/ -->\n<title>V\u00eddeo: Danilo manda forte recado direcionado ao time do Flamengo<\/title>\n<meta name=\"robots\" content=\"index, follow, max-snippet:-1, max-image-preview:large, max-video-preview:-1\" \/>\n<link rel=\"canonical\" href=\"https:\/\/www.gaveanews.com\/index.php\/2025\/02\/25\/video-danilo-manda-forte-recado-direcionado-ao-time-do-flamengo\/\" \/>\n<meta property=\"og:locale\" content=\"pt_BR\" \/>\n<meta property=\"og:type\" content=\"article\" \/>\n<meta property=\"og:title\" content=\"V\u00eddeo: Danilo manda forte recado direcionado ao time do Flamengo\" \/>\n<meta property=\"og:description\" content=\"Ap\u00f3s a vit\u00f3ria do Flamengo sobre o Maric\u00e1 na decis\u00e3o da Ta\u00e7a Guanabara, o zagueiro Danilo tomou a iniciativa de reunir os companheiros no vesti\u00e1rio para um breve discurso. Capturadas pela Fla TV, as imagens mostram o jogador enfatizando a necessidade de autorreflex\u00e3o e compromisso cont\u00ednuo. \u201cAcho que \u00e9 muito importante olharmos para n\u00f3s. Para [&hellip;]\" \/>\n<meta property=\"og:url\" content=\"https:\/\/www.gaveanews.com\/index.php\/2025\/02\/25\/video-danilo-manda-forte-recado-direcionado-ao-time-do-flamengo\/\" \/>\n<meta property=\"og:site_name\" content=\"G\u00e1vea News\" \/>\n<meta property=\"article:publisher\" content=\"https:\/\/facebook.com\/gaveaNews\/\" \/>\n<meta property=\"article:published_time\" content=\"2025-02-26T00:30:00+00:00\" \/>\n<meta property=\"og:image\" content=\"https:\/\/www.gaveanews.com\/wp-content\/uploads\/Danilo-pelo-Flamengo.webp\" \/>\n\t<meta property=\"og:image:width\" content=\"622\" \/>\n\t<meta property=\"og:image:height\" content=\"519\" \/>\n\t<meta property=\"og:image:type\" content=\"image\/jpeg\" \/>\n<meta name=\"author\" content=\"Hudson Pereira\" \/>\n<meta name=\"twitter:card\" content=\"summary_large_image\" \/>\n<meta name=\"twitter:label1\" content=\"Escrito por\" \/>\n\t<meta name=\"twitter:data1\" content=\"Hudson Pereira\" \/>\n\t<meta name=\"twitter:label2\" content=\"Est. tempo de leitura\" \/>\n\t<meta name=\"twitter:data2\" content=\"3 minutos\" \/>\n<script type=\"application\/ld+json\" class=\"yoast-schema-graph\">{\"@context\":\"https:\/\/schema.org\",\"@graph\":[{\"@type\":\"NewsArticle\",\"@id\":\"https:\/\/www.gaveanews.com\/index.php\/2025\/02\/25\/video-danilo-manda-forte-recado-direcionado-ao-time-do-flamengo\/#article\",\"isPartOf\":{\"@id\":\"https:\/\/www.gaveanews.com\/index.php\/2025\/02\/25\/video-danilo-manda-forte-recado-direcionado-ao-time-do-flamengo\/\"},\"author\":{\"name\":\"Hudson Pereira\",\"@id\":\"https:\/\/www.gaveanews.com\/#\/schema\/person\/bd08f00534b403119b92741a6d469ef0\"},\"headline\":\"V\u00eddeo: Danilo manda forte recado direcionado ao time do Flamengo\",\"datePublished\":\"2025-02-26T00:30:00+00:00\",\"mainEntityOfPage\":{\"@id\":\"https:\/\/www.gaveanews.com\/index.php\/2025\/02\/25\/video-danilo-manda-forte-recado-direcionado-ao-time-do-flamengo\/\"},\"wordCount\":379,\"commentCount\":0,\"image\":{\"@id\":\"https:\/\/www.gaveanews.com\/index.php\/2025\/02\/25\/video-danilo-manda-forte-recado-direcionado-ao-time-do-flamengo\/#primaryimage\"},\"thumbnailUrl\":\"https:\/\/www.gaveanews.com\/wp-content\/uploads\/Danilo-pelo-Flamengo.webp\",\"articleSection\":[\"Flamengo\",\"V\u00eddeos\"],\"inLanguage\":\"pt-BR\",\"potentialAction\":[{\"@type\":\"CommentAction\",\"name\":\"Comment\",\"target\":[\"https:\/\/www.gaveanews.com\/index.php\/2025\/02\/25\/video-danilo-manda-forte-recado-direcionado-ao-time-do-flamengo\/#respond\"]}],\"copyrightYear\":\"2025\",\"copyrightHolder\":{\"@id\":\"https:\/\/www.gaveanews.com\/#organization\"}},{\"@type\":\"WebPage\",\"@id\":\"https:\/\/www.gaveanews.com\/index.php\/2025\/02\/25\/video-danilo-manda-forte-recado-direcionado-ao-time-do-flamengo\/\",\"url\":\"https:\/\/www.gaveanews.com\/index.php\/2025\/02\/25\/video-danilo-manda-forte-recado-direcionado-ao-time-do-flamengo\/\",\"name\":\"V\u00eddeo: Danilo manda forte recado direcionado ao time do Flamengo\",\"isPartOf\":{\"@id\":\"https:\/\/www.gaveanews.com\/#website\"},\"primaryImageOfPage\":{\"@id\":\"https:\/\/www.gaveanews.com\/index.php\/2025\/02\/25\/video-danilo-manda-forte-recado-direcionado-ao-time-do-flamengo\/#primaryimage\"},\"image\":{\"@id\":\"https:\/\/www.gaveanews.com\/index.php\/2025\/02\/25\/video-danilo-manda-forte-recado-direcionado-ao-time-do-flamengo\/#primaryimage\"},\"thumbnailUrl\":\"https:\/\/www.gaveanews.com\/wp-content\/uploads\/Danilo-pelo-Flamengo.webp\",\"datePublished\":\"2025-02-26T00:30:00+00:00\",\"author\":{\"@id\":\"https:\/\/www.gaveanews.com\/#\/schema\/person\/bd08f00534b403119b92741a6d469ef0\"},\"breadcrumb\":{\"@id\":\"https:\/\/www.gaveanews.com\/index.php\/2025\/02\/25\/video-danilo-manda-forte-recado-direcionado-ao-time-do-flamengo\/#breadcrumb\"},\"inLanguage\":\"pt-BR\",\"potentialAction\":[{\"@type\":\"ReadAction\",\"target\":[\"https:\/\/www.gaveanews.com\/index.php\/2025\/02\/25\/video-danilo-manda-forte-recado-direcionado-ao-time-do-flamengo\/\"]}]},{\"@type\":\"ImageObject\",\"inLanguage\":\"pt-BR\",\"@id\":\"https:\/\/www.gaveanews.com\/index.php\/2025\/02\/25\/video-danilo-manda-forte-recado-direcionado-ao-time-do-flamengo\/#primaryimage\",\"url\":\"https:\/\/www.gaveanews.com\/wp-content\/uploads\/Danilo-pelo-Flamengo.webp\",\"contentUrl\":\"https:\/\/www.gaveanews.com\/wp-content\/uploads\/Danilo-pelo-Flamengo.webp\",\"width\":622,\"height\":519,\"caption\":\"Danilo pelo Flamengo (Foto: Divulga\u00e7\u00e3o\/Flamengo)\"},{\"@type\":\"BreadcrumbList\",\"@id\":\"https:\/\/www.gaveanews.com\/index.php\/2025\/02\/25\/video-danilo-manda-forte-recado-direcionado-ao-time-do-flamengo\/#breadcrumb\",\"itemListElement\":[{\"@type\":\"ListItem\",\"position\":1,\"name\":\"Home\",\"item\":\"https:\/\/www.gaveanews.com\/\"},{\"@type\":\"ListItem\",\"position\":2,\"name\":\"V\u00eddeo: Danilo manda forte recado direcionado ao time do Flamengo\"}]},{\"@type\":\"WebSite\",\"@id\":\"https:\/\/www.gaveanews.com\/#website\",\"url\":\"https:\/\/www.gaveanews.com\/\",\"name\":\"G\u00e1vea News\",\"description\":\"Veja todas as not\u00edcias sobre o Flamengo: Contrata\u00e7\u00f5es, categorias de base, resultados das partidas, tabela de classifica\u00e7\u00e3o, pr\u00f3ximos jogos!\",\"potentialAction\":[{\"@type\":\"SearchAction\",\"target\":{\"@type\":\"EntryPoint\",\"urlTemplate\":\"https:\/\/www.gaveanews.com\/?s={search_term_string}\"},\"query-input\":{\"@type\":\"PropertyValueSpecification\",\"valueRequired\":true,\"valueName\":\"search_term_string\"}}],\"inLanguage\":\"pt-BR\"},{\"@type\":\"Person\",\"@id\":\"https:\/\/www.gaveanews.com\/#\/schema\/person\/bd08f00534b403119b92741a6d469ef0\",\"name\":\"Hudson Pereira\",\"image\":{\"@type\":\"ImageObject\",\"inLanguage\":\"pt-BR\",\"@id\":\"https:\/\/www.gaveanews.com\/#\/schema\/person\/image\/\",\"url\":\"https:\/\/secure.gravatar.com\/avatar\/ecc491b489e454e510efffc9b23c1052ce5fb4f2e05555768ba65819cd55f03e?s=96&d=mm&r=g\",\"contentUrl\":\"https:\/\/secure.gravatar.com\/avatar\/ecc491b489e454e510efffc9b23c1052ce5fb4f2e05555768ba65819cd55f03e?s=96&d=mm&r=g\",\"caption\":\"Hudson Pereira\"}}]}<\/script>\n<!-- \/ Yoast SEO Premium plugin. -->","yoast_head_json":{"title":"V\u00eddeo: Danilo manda forte recado direcionado ao time do Flamengo","robots":{"index":"index","follow":"follow","max-snippet":"max-snippet:-1","max-image-preview":"max-image-preview:large","max-video-preview":"max-video-preview:-1"},"canonical":"https:\/\/www.gaveanews.com\/index.php\/2025\/02\/25\/video-danilo-manda-forte-recado-direcionado-ao-time-do-flamengo\/","og_locale":"pt_BR","og_type":"article","og_title":"V\u00eddeo: Danilo manda forte recado direcionado ao time do Flamengo","og_description":"Ap\u00f3s a vit\u00f3ria do Flamengo sobre o Maric\u00e1 na decis\u00e3o da Ta\u00e7a Guanabara, o zagueiro Danilo tomou a iniciativa de reunir os companheiros no vesti\u00e1rio para um breve discurso. Capturadas pela Fla TV, as imagens mostram o jogador enfatizando a necessidade de autorreflex\u00e3o e compromisso cont\u00ednuo. \u201cAcho que \u00e9 muito importante olharmos para n\u00f3s. Para [&hellip;]","og_url":"https:\/\/www.gaveanews.com\/index.php\/2025\/02\/25\/video-danilo-manda-forte-recado-direcionado-ao-time-do-flamengo\/","og_site_name":"G\u00e1vea News","article_publisher":"https:\/\/facebook.com\/gaveaNews\/","article_published_time":"2025-02-26T00:30:00+00:00","og_image":[{"width":622,"height":519,"url":"https:\/\/www.gaveanews.com\/wp-content\/uploads\/Danilo-pelo-Flamengo.webp","type":"image\/jpeg"}],"author":"Hudson Pereira","twitter_card":"summary_large_image","twitter_misc":{"Escrito por":"Hudson Pereira","Est. tempo de leitura":"3 minutos"},"schema":{"@context":"https:\/\/schema.org","@graph":[{"@type":"NewsArticle","@id":"https:\/\/www.gaveanews.com\/index.php\/2025\/02\/25\/video-danilo-manda-forte-recado-direcionado-ao-time-do-flamengo\/#article","isPartOf":{"@id":"https:\/\/www.gaveanews.com\/index.php\/2025\/02\/25\/video-danilo-manda-forte-recado-direcionado-ao-time-do-flamengo\/"},"author":{"name":"Hudson Pereira","@id":"https:\/\/www.gaveanews.com\/#\/schema\/person\/bd08f00534b403119b92741a6d469ef0"},"headline":"V\u00eddeo: Danilo manda forte recado direcionado ao time do Flamengo","datePublished":"2025-02-26T00:30:00+00:00","mainEntityOfPage":{"@id":"https:\/\/www.gaveanews.com\/index.php\/2025\/02\/25\/video-danilo-manda-forte-recado-direcionado-ao-time-do-flamengo\/"},"wordCount":379,"commentCount":0,"image":{"@id":"https:\/\/www.gaveanews.com\/index.php\/2025\/02\/25\/video-danilo-manda-forte-recado-direcionado-ao-time-do-flamengo\/#primaryimage"},"thumbnailUrl":"https:\/\/www.gaveanews.com\/wp-content\/uploads\/Danilo-pelo-Flamengo.webp","articleSection":["Flamengo","V\u00eddeos"],"inLanguage":"pt-BR","potentialAction":[{"@type":"CommentAction","name":"Comment","target":["https:\/\/www.gaveanews.com\/index.php\/2025\/02\/25\/video-danilo-manda-forte-recado-direcionado-ao-time-do-flamengo\/#respond"]}],"copyrightYear":"2025","copyrightHolder":{"@id":"https:\/\/www.gaveanews.com\/#organization"}},{"@type":"WebPage","@id":"https:\/\/www.gaveanews.com\/index.php\/2025\/02\/25\/video-danilo-manda-forte-recado-direcionado-ao-time-do-flamengo\/","url":"https:\/\/www.gaveanews.com\/index.php\/2025\/02\/25\/video-danilo-manda-forte-recado-direcionado-ao-time-do-flamengo\/","name":"V\u00eddeo: Danilo manda forte recado direcionado ao time do Flamengo","isPartOf":{"@id":"https:\/\/www.gaveanews.com\/#website"},"primaryImageOfPage":{"@id":"https:\/\/www.gaveanews.com\/index.php\/2025\/02\/25\/video-danilo-manda-forte-recado-direcionado-ao-time-do-flamengo\/#primaryimage"},"image":{"@id":"https:\/\/www.gaveanews.com\/index.php\/2025\/02\/25\/video-danilo-manda-forte-recado-direcionado-ao-time-do-flamengo\/#primaryimage"},"thumbnailUrl":"https:\/\/www.gaveanews.com\/wp-content\/uploads\/Danilo-pelo-Flamengo.webp","datePublished":"2025-02-26T00:30:00+00:00","author":{"@id":"https:\/\/www.gaveanews.com\/#\/schema\/person\/bd08f00534b403119b92741a6d469ef0"},"breadcrumb":{"@id":"https:\/\/www.gaveanews.com\/index.php\/2025\/02\/25\/video-danilo-manda-forte-recado-direcionado-ao-time-do-flamengo\/#breadcrumb"},"inLanguage":"pt-BR","potentialAction":[{"@type":"ReadAction","target":["https:\/\/www.gaveanews.com\/index.php\/2025\/02\/25\/video-danilo-manda-forte-recado-direcionado-ao-time-do-flamengo\/"]}]},{"@type":"ImageObject","inLanguage":"pt-BR","@id":"https:\/\/www.gaveanews.com\/index.php\/2025\/02\/25\/video-danilo-manda-forte-recado-direcionado-ao-time-do-flamengo\/#primaryimage","url":"https:\/\/www.gaveanews.com\/wp-content\/uploads\/Danilo-pelo-Flamengo.webp","contentUrl":"https:\/\/www.gaveanews.com\/wp-content\/uploads\/Danilo-pelo-Flamengo.webp","width":622,"height":519,"caption":"Danilo pelo Flamengo (Foto: Divulga\u00e7\u00e3o\/Flamengo)"},{"@type":"BreadcrumbList","@id":"https:\/\/www.gaveanews.com\/index.php\/2025\/02\/25\/video-danilo-manda-forte-recado-direcionado-ao-time-do-flamengo\/#breadcrumb","itemListElement":[{"@type":"ListItem","position":1,"name":"Home","item":"https:\/\/www.gaveanews.com\/"},{"@type":"ListItem","position":2,"name":"V\u00eddeo: Danilo manda forte recado direcionado ao time do Flamengo"}]},{"@type":"WebSite","@id":"https:\/\/www.gaveanews.com\/#website","url":"https:\/\/www.gaveanews.com\/","name":"G\u00e1vea News","description":"Veja todas as not\u00edcias sobre o Flamengo: Contrata\u00e7\u00f5es, categorias de base, resultados das partidas, tabela de classifica\u00e7\u00e3o, pr\u00f3ximos jogos!","potentialAction":[{"@type":"SearchAction","target":{"@type":"EntryPoint","urlTemplate":"https:\/\/www.gaveanews.com\/?s={search_term_string}"},"query-input":{"@type":"PropertyValueSpecification","valueRequired":true,"valueName":"search_term_string"}}],"inLanguage":"pt-BR"},{"@type":"Person","@id":"https:\/\/www.gaveanews.com\/#\/schema\/person\/bd08f00534b403119b92741a6d469ef0","name":"Hudson Pereira","image":{"@type":"ImageObject","inLanguage":"pt-BR","@id":"https:\/\/www.gaveanews.com\/#\/schema\/person\/image\/","url":"https:\/\/secure.gravatar.com\/avatar\/ecc491b489e454e510efffc9b23c1052ce5fb4f2e05555768ba65819cd55f03e?s=96&d=mm&r=g","contentUrl":"https:\/\/secure.gravatar.com\/avatar\/ecc491b489e454e510efffc9b23c1052ce5fb4f2e05555768ba65819cd55f03e?s=96&d=mm&r=g","caption":"Hudson Pereira"}}]}},"_links":{"self":[{"href":"https:\/\/www.gaveanews.com\/index.php\/wp-json\/wp\/v2\/posts\/232549","targetHints":{"allow":["GET"]}}],"collection":[{"href":"https:\/\/www.gaveanews.com\/index.php\/wp-json\/wp\/v2\/posts"}],"about":[{"href":"https:\/\/www.gaveanews.com\/index.php\/wp-json\/wp\/v2\/types\/post"}],"author":[{"embeddable":true,"href":"https:\/\/www.gaveanews.com\/index.php\/wp-json\/wp\/v2\/users\/28"}],"replies":[{"embeddable":true,"href":"https:\/\/www.gaveanews.com\/index.php\/wp-json\/wp\/v2\/comments?post=232549"}],"version-history":[{"count":2,"href":"https:\/\/www.gaveanews.com\/index.php\/wp-json\/wp\/v2\/posts\/232549\/revisions"}],"predecessor-version":[{"id":232562,"href":"https:\/\/www.gaveanews.com\/index.php\/wp-json\/wp\/v2\/posts\/232549\/revisions\/232562"}],"wp:featuredmedia":[{"embeddable":true,"href":"https:\/\/www.gaveanews.com\/index.php\/wp-json\/wp\/v2\/media\/222093"}],"wp:attachment":[{"href":"https:\/\/www.gaveanews.com\/index.php\/wp-json\/wp\/v2\/media?parent=232549"}],"wp:term":[{"taxonomy":"category","embeddable":true,"href":"https:\/\/www.gaveanews.com\/index.php\/wp-json\/wp\/v2\/categories?post=232549"},{"taxonomy":"post_tag","embeddable":true,"href":"https:\/\/www.gaveanews.com\/index.php\/wp-json\/wp\/v2\/tags?post=232549"}],"curies":[{"name":"wp","href":"https:\/\/api.w.org\/{rel}","templated":true}]}}