{"id":232582,"date":"2025-02-25T21:45:00","date_gmt":"2025-02-26T00:45:00","guid":{"rendered":"https:\/\/www.gaveanews.com\/?p=232582"},"modified":"2025-02-25T19:22:40","modified_gmt":"2025-02-25T22:22:40","slug":"a-declaracao-de-pep-guardiola-direcionada-a-haaland-do-manchester-city","status":"publish","type":"post","link":"https:\/\/www.gaveanews.com\/index.php\/2025\/02\/25\/a-declaracao-de-pep-guardiola-direcionada-a-haaland-do-manchester-city\/","title":{"rendered":"A declara\u00e7\u00e3o de Pep Guardiola direcionada a Haaland, do Manchester City"},"content":{"rendered":"\n<p>Pep Guardiola, t\u00e9cnico do Manchester City, fez uma declara\u00e7\u00e3o que deixou os torcedores do clube ansiosos sobre a presen\u00e7a de Erling Haaland no duelo contra o Tottenham Hotspur, que acontece nesta quarta-feira (26), pela 27\u00aa rodada da Premier League.&nbsp;<\/p>\n\n\n\n<h2 class=\"wp-block-heading\" id=\"h-guardiola-fala-sobre-haaland\">Guardiola fala sobre Haaland<\/h2>\n\n\n\n<figure class=\"wp-block-image size-full\"><img loading=\"lazy\" decoding=\"async\" width=\"984\" height=\"704\" src=\"http:\/\/www.gaveanews.com\/wp-content\/uploads\/Haaland-vibra-apos-marcar-um-gol-pelo-Manchester-City.webp\" alt=\"\" class=\"wp-image-95604\" srcset=\"https:\/\/www.gaveanews.com\/wp-content\/uploads\/Haaland-vibra-apos-marcar-um-gol-pelo-Manchester-City.webp 984w, https:\/\/www.gaveanews.com\/wp-content\/uploads\/Haaland-vibra-apos-marcar-um-gol-pelo-Manchester-City-300x215.webp 300w, https:\/\/www.gaveanews.com\/wp-content\/uploads\/Haaland-vibra-apos-marcar-um-gol-pelo-Manchester-City-768x549.webp 768w, https:\/\/www.gaveanews.com\/wp-content\/uploads\/Haaland-vibra-apos-marcar-um-gol-pelo-Manchester-City-587x420.webp 587w, https:\/\/www.gaveanews.com\/wp-content\/uploads\/Haaland-vibra-apos-marcar-um-gol-pelo-Manchester-City-640x458.webp 640w, https:\/\/www.gaveanews.com\/wp-content\/uploads\/Haaland-vibra-apos-marcar-um-gol-pelo-Manchester-City-681x487.webp 681w, https:\/\/www.gaveanews.com\/wp-content\/uploads\/Haaland-vibra-apos-marcar-um-gol-pelo-Manchester-City-100x72.webp 100w\" sizes=\"auto, (max-width: 984px) 100vw, 984px\" \/><figcaption class=\"wp-element-caption\">Haaland vibra ap\u00f3s marcar um gol pelo Manchester City (Foto: Matthew Childs\/Reuters)<\/figcaption><\/figure>\n\n\n\n<p>O comandante espanhol afirmou que ainda n\u00e3o sabe se o atacante noruegu\u00eas estar\u00e1 dispon\u00edvel para a partida, revelando que o jogador se sente melhor, mas que os dois \u00faltimos dias de aus\u00eancia preocupam a equipe.&nbsp;<\/p>\n\n\n\n<p>&#8220;Hoje \u00e0 noite saberemos depois do treino. Espero que sim, mas ainda n\u00e3o sei. Ele se sente melhor, mas os \u00faltimos dois dias ele n\u00e3o pode jogar, veremos amanh\u00e3&#8221;, disse Guardiola.<\/p>\n\n\n\n<h2 class=\"wp-block-heading\" id=\"h-expectativas-para-o-confronto\">Expectativas para o confronto<\/h2>\n\n\n\n<p>O confronto entre Tottenham e Manchester City \u00e9 aguardado com grande expectativa, n\u00e3o apenas pela rivalidade entre os times, mas tamb\u00e9m pela situa\u00e7\u00e3o atual de ambos na temporada. Al\u00e9m disso, vale destacar que ambos os clubes enfrentam campanhas abaixo do esperado, o que aumenta a press\u00e3o para conseguir uma vit\u00f3ria importante.<\/p>\n\n\n\n<p>O Tottenham, que enfrenta uma s\u00e9rie de les\u00f5es em atletas chave, ocupa apenas a 12\u00aa posi\u00e7\u00e3o na Premier League, com 33 pontos. Isso porque os Spurs, que come\u00e7avam a temporada com grandes expectativas, n\u00e3o conseguiram emplacar um desempenho regular.&nbsp;<\/p>\n\n\n\n<p>Sendo assim, a vit\u00f3ria sobre o Manchester United nas \u00faltimas rodadas traz alguma esperan\u00e7a, e a equipe chega para o duelo contra o City com o moral elevado.<\/p>\n\n\n\n<p>Por outro lado, o Manchester City, tetracampe\u00e3o nacional, tamb\u00e9m n\u00e3o vive seu melhor momento. Com 44 pontos, o City ocupa a 4\u00aa posi\u00e7\u00e3o, mas a elimina\u00e7\u00e3o na Champions League e a derrota para o Liverpool, l\u00edder do campeonato, no \u00faltimo fim de semana, colocam press\u00e3o sobre os Citizens. Isso porque, apesar do elenco estelar, a equipe de Guardiola precisa reagir para n\u00e3o perder mais terreno na briga pelo t\u00edtulo.<\/p>\n\n\n\n<h2 class=\"wp-block-heading\" id=\"h-onde-assistir\">Onde assistir?<\/h2>\n\n\n\n<p>O jogo entre Tottenham e Manchester City ser\u00e1 transmitido AO VIVO no Disney+, a partir das 16h30 (de Bras\u00edlia). Portanto, os torcedores podem acompanhar o confronto em tempo real atrav\u00e9s da plataforma de streaming, com a expectativa de um jogo eletrizante.<\/p>\n","protected":false},"excerpt":{"rendered":"<p>Pep Guardiola, t\u00e9cnico do Manchester City, fez uma declara\u00e7\u00e3o que deixou os torcedores do clube ansiosos sobre a presen\u00e7a de Erling Haaland no duelo contra o Tottenham Hotspur, que acontece nesta quarta-feira (26), pela 27\u00aa rodada da Premier League.&nbsp; Guardiola fala sobre Haaland O comandante espanhol afirmou que ainda n\u00e3o sabe se o atacante noruegu\u00eas [&hellip;]<\/p>\n","protected":false},"author":25,"featured_media":110322,"comment_status":"open","ping_status":"closed","sticky":false,"template":"","format":"standard","meta":{"footnotes":""},"categories":[84],"tags":[],"class_list":["post-232582","post","type-post","status-publish","format-standard","has-post-thumbnail","hentry","category-manchester-city"],"yoast_head":"<!-- This site is optimized with the Yoast SEO Premium plugin v24.2 (Yoast SEO v26.9) - https:\/\/yoast.com\/product\/yoast-seo-premium-wordpress\/ -->\n<title>A declara\u00e7\u00e3o de Pep Guardiola direcionada a Haaland, do Manchester City<\/title>\n<meta name=\"robots\" content=\"index, follow, max-snippet:-1, max-image-preview:large, max-video-preview:-1\" \/>\n<link rel=\"canonical\" href=\"https:\/\/www.gaveanews.com\/index.php\/2025\/02\/25\/a-declaracao-de-pep-guardiola-direcionada-a-haaland-do-manchester-city\/\" \/>\n<meta property=\"og:locale\" content=\"pt_BR\" \/>\n<meta property=\"og:type\" content=\"article\" \/>\n<meta property=\"og:title\" content=\"A declara\u00e7\u00e3o de Pep Guardiola direcionada a Haaland, do Manchester City\" \/>\n<meta property=\"og:description\" content=\"Pep Guardiola, t\u00e9cnico do Manchester City, fez uma declara\u00e7\u00e3o que deixou os torcedores do clube ansiosos sobre a presen\u00e7a de Erling Haaland no duelo contra o Tottenham Hotspur, que acontece nesta quarta-feira (26), pela 27\u00aa rodada da Premier League.&nbsp; Guardiola fala sobre Haaland O comandante espanhol afirmou que ainda n\u00e3o sabe se o atacante noruegu\u00eas [&hellip;]\" \/>\n<meta property=\"og:url\" content=\"https:\/\/www.gaveanews.com\/index.php\/2025\/02\/25\/a-declaracao-de-pep-guardiola-direcionada-a-haaland-do-manchester-city\/\" \/>\n<meta property=\"og:site_name\" content=\"G\u00e1vea News\" \/>\n<meta property=\"article:publisher\" content=\"https:\/\/facebook.com\/gaveaNews\/\" \/>\n<meta property=\"article:published_time\" content=\"2025-02-26T00:45:00+00:00\" \/>\n<meta property=\"og:image\" content=\"https:\/\/www.gaveanews.com\/wp-content\/uploads\/Pep-Guardiola-durante-o-jogo-entre-Manchester-City-x-West-Ham-pela-Premier-League-2023-24.webp\" \/>\n\t<meta property=\"og:image:width\" content=\"1080\" \/>\n\t<meta property=\"og:image:height\" content=\"719\" \/>\n\t<meta property=\"og:image:type\" content=\"image\/jpeg\" \/>\n<meta name=\"author\" content=\"Rafaela Ladeira\" \/>\n<meta name=\"twitter:card\" content=\"summary_large_image\" \/>\n<meta name=\"twitter:label1\" content=\"Escrito por\" \/>\n\t<meta name=\"twitter:data1\" content=\"Rafaela Ladeira\" \/>\n\t<meta name=\"twitter:label2\" content=\"Est. tempo de leitura\" \/>\n\t<meta name=\"twitter:data2\" content=\"3 minutos\" \/>\n<script type=\"application\/ld+json\" class=\"yoast-schema-graph\">{\"@context\":\"https:\/\/schema.org\",\"@graph\":[{\"@type\":\"NewsArticle\",\"@id\":\"https:\/\/www.gaveanews.com\/index.php\/2025\/02\/25\/a-declaracao-de-pep-guardiola-direcionada-a-haaland-do-manchester-city\/#article\",\"isPartOf\":{\"@id\":\"https:\/\/www.gaveanews.com\/index.php\/2025\/02\/25\/a-declaracao-de-pep-guardiola-direcionada-a-haaland-do-manchester-city\/\"},\"author\":{\"name\":\"Rafaela Ladeira\",\"@id\":\"https:\/\/www.gaveanews.com\/#\/schema\/person\/0eb3e3fe1754f0205218538adbe8f5ed\"},\"headline\":\"A declara\u00e7\u00e3o de Pep Guardiola direcionada a Haaland, do Manchester City\",\"datePublished\":\"2025-02-26T00:45:00+00:00\",\"mainEntityOfPage\":{\"@id\":\"https:\/\/www.gaveanews.com\/index.php\/2025\/02\/25\/a-declaracao-de-pep-guardiola-direcionada-a-haaland-do-manchester-city\/\"},\"wordCount\":397,\"commentCount\":0,\"image\":{\"@id\":\"https:\/\/www.gaveanews.com\/index.php\/2025\/02\/25\/a-declaracao-de-pep-guardiola-direcionada-a-haaland-do-manchester-city\/#primaryimage\"},\"thumbnailUrl\":\"https:\/\/www.gaveanews.com\/wp-content\/uploads\/Pep-Guardiola-durante-o-jogo-entre-Manchester-City-x-West-Ham-pela-Premier-League-2023-24.webp\",\"articleSection\":[\"Manchester City\"],\"inLanguage\":\"pt-BR\",\"potentialAction\":[{\"@type\":\"CommentAction\",\"name\":\"Comment\",\"target\":[\"https:\/\/www.gaveanews.com\/index.php\/2025\/02\/25\/a-declaracao-de-pep-guardiola-direcionada-a-haaland-do-manchester-city\/#respond\"]}],\"copyrightYear\":\"2025\",\"copyrightHolder\":{\"@id\":\"https:\/\/www.gaveanews.com\/#organization\"}},{\"@type\":\"WebPage\",\"@id\":\"https:\/\/www.gaveanews.com\/index.php\/2025\/02\/25\/a-declaracao-de-pep-guardiola-direcionada-a-haaland-do-manchester-city\/\",\"url\":\"https:\/\/www.gaveanews.com\/index.php\/2025\/02\/25\/a-declaracao-de-pep-guardiola-direcionada-a-haaland-do-manchester-city\/\",\"name\":\"A declara\u00e7\u00e3o de Pep Guardiola direcionada a Haaland, do Manchester City\",\"isPartOf\":{\"@id\":\"https:\/\/www.gaveanews.com\/#website\"},\"primaryImageOfPage\":{\"@id\":\"https:\/\/www.gaveanews.com\/index.php\/2025\/02\/25\/a-declaracao-de-pep-guardiola-direcionada-a-haaland-do-manchester-city\/#primaryimage\"},\"image\":{\"@id\":\"https:\/\/www.gaveanews.com\/index.php\/2025\/02\/25\/a-declaracao-de-pep-guardiola-direcionada-a-haaland-do-manchester-city\/#primaryimage\"},\"thumbnailUrl\":\"https:\/\/www.gaveanews.com\/wp-content\/uploads\/Pep-Guardiola-durante-o-jogo-entre-Manchester-City-x-West-Ham-pela-Premier-League-2023-24.webp\",\"datePublished\":\"2025-02-26T00:45:00+00:00\",\"author\":{\"@id\":\"https:\/\/www.gaveanews.com\/#\/schema\/person\/0eb3e3fe1754f0205218538adbe8f5ed\"},\"breadcrumb\":{\"@id\":\"https:\/\/www.gaveanews.com\/index.php\/2025\/02\/25\/a-declaracao-de-pep-guardiola-direcionada-a-haaland-do-manchester-city\/#breadcrumb\"},\"inLanguage\":\"pt-BR\",\"potentialAction\":[{\"@type\":\"ReadAction\",\"target\":[\"https:\/\/www.gaveanews.com\/index.php\/2025\/02\/25\/a-declaracao-de-pep-guardiola-direcionada-a-haaland-do-manchester-city\/\"]}]},{\"@type\":\"ImageObject\",\"inLanguage\":\"pt-BR\",\"@id\":\"https:\/\/www.gaveanews.com\/index.php\/2025\/02\/25\/a-declaracao-de-pep-guardiola-direcionada-a-haaland-do-manchester-city\/#primaryimage\",\"url\":\"https:\/\/www.gaveanews.com\/wp-content\/uploads\/Pep-Guardiola-durante-o-jogo-entre-Manchester-City-x-West-Ham-pela-Premier-League-2023-24.webp\",\"contentUrl\":\"https:\/\/www.gaveanews.com\/wp-content\/uploads\/Pep-Guardiola-durante-o-jogo-entre-Manchester-City-x-West-Ham-pela-Premier-League-2023-24.webp\",\"width\":1080,\"height\":719,\"caption\":\"Pep Guardiola durante o jogo entre Manchester City x West Ham pela Premier League 2023-24 (Foto: Reprodu\u00e7\u00e3o\/Instagram)\"},{\"@type\":\"BreadcrumbList\",\"@id\":\"https:\/\/www.gaveanews.com\/index.php\/2025\/02\/25\/a-declaracao-de-pep-guardiola-direcionada-a-haaland-do-manchester-city\/#breadcrumb\",\"itemListElement\":[{\"@type\":\"ListItem\",\"position\":1,\"name\":\"Home\",\"item\":\"https:\/\/www.gaveanews.com\/\"},{\"@type\":\"ListItem\",\"position\":2,\"name\":\"A declara\u00e7\u00e3o de Pep Guardiola direcionada a Haaland, do Manchester City\"}]},{\"@type\":\"WebSite\",\"@id\":\"https:\/\/www.gaveanews.com\/#website\",\"url\":\"https:\/\/www.gaveanews.com\/\",\"name\":\"G\u00e1vea News\",\"description\":\"Veja todas as not\u00edcias sobre o Flamengo: Contrata\u00e7\u00f5es, categorias de base, resultados das partidas, tabela de classifica\u00e7\u00e3o, pr\u00f3ximos jogos!\",\"potentialAction\":[{\"@type\":\"SearchAction\",\"target\":{\"@type\":\"EntryPoint\",\"urlTemplate\":\"https:\/\/www.gaveanews.com\/?s={search_term_string}\"},\"query-input\":{\"@type\":\"PropertyValueSpecification\",\"valueRequired\":true,\"valueName\":\"search_term_string\"}}],\"inLanguage\":\"pt-BR\"},{\"@type\":\"Person\",\"@id\":\"https:\/\/www.gaveanews.com\/#\/schema\/person\/0eb3e3fe1754f0205218538adbe8f5ed\",\"name\":\"Rafaela Ladeira\",\"image\":{\"@type\":\"ImageObject\",\"inLanguage\":\"pt-BR\",\"@id\":\"https:\/\/www.gaveanews.com\/#\/schema\/person\/image\/\",\"url\":\"https:\/\/secure.gravatar.com\/avatar\/c31f513acffd85eacab5730cbdfdbbf59f21ba5aeada8cd890acea879fbb2455?s=96&d=mm&r=g\",\"contentUrl\":\"https:\/\/secure.gravatar.com\/avatar\/c31f513acffd85eacab5730cbdfdbbf59f21ba5aeada8cd890acea879fbb2455?s=96&d=mm&r=g\",\"caption\":\"Rafaela Ladeira\"}}]}<\/script>\n<!-- \/ Yoast SEO Premium plugin. -->","yoast_head_json":{"title":"A declara\u00e7\u00e3o de Pep Guardiola direcionada a Haaland, do Manchester City","robots":{"index":"index","follow":"follow","max-snippet":"max-snippet:-1","max-image-preview":"max-image-preview:large","max-video-preview":"max-video-preview:-1"},"canonical":"https:\/\/www.gaveanews.com\/index.php\/2025\/02\/25\/a-declaracao-de-pep-guardiola-direcionada-a-haaland-do-manchester-city\/","og_locale":"pt_BR","og_type":"article","og_title":"A declara\u00e7\u00e3o de Pep Guardiola direcionada a Haaland, do Manchester City","og_description":"Pep Guardiola, t\u00e9cnico do Manchester City, fez uma declara\u00e7\u00e3o que deixou os torcedores do clube ansiosos sobre a presen\u00e7a de Erling Haaland no duelo contra o Tottenham Hotspur, que acontece nesta quarta-feira (26), pela 27\u00aa rodada da Premier League.&nbsp; Guardiola fala sobre Haaland O comandante espanhol afirmou que ainda n\u00e3o sabe se o atacante noruegu\u00eas [&hellip;]","og_url":"https:\/\/www.gaveanews.com\/index.php\/2025\/02\/25\/a-declaracao-de-pep-guardiola-direcionada-a-haaland-do-manchester-city\/","og_site_name":"G\u00e1vea News","article_publisher":"https:\/\/facebook.com\/gaveaNews\/","article_published_time":"2025-02-26T00:45:00+00:00","og_image":[{"width":1080,"height":719,"url":"https:\/\/www.gaveanews.com\/wp-content\/uploads\/Pep-Guardiola-durante-o-jogo-entre-Manchester-City-x-West-Ham-pela-Premier-League-2023-24.webp","type":"image\/jpeg"}],"author":"Rafaela Ladeira","twitter_card":"summary_large_image","twitter_misc":{"Escrito por":"Rafaela Ladeira","Est. tempo de leitura":"3 minutos"},"schema":{"@context":"https:\/\/schema.org","@graph":[{"@type":"NewsArticle","@id":"https:\/\/www.gaveanews.com\/index.php\/2025\/02\/25\/a-declaracao-de-pep-guardiola-direcionada-a-haaland-do-manchester-city\/#article","isPartOf":{"@id":"https:\/\/www.gaveanews.com\/index.php\/2025\/02\/25\/a-declaracao-de-pep-guardiola-direcionada-a-haaland-do-manchester-city\/"},"author":{"name":"Rafaela Ladeira","@id":"https:\/\/www.gaveanews.com\/#\/schema\/person\/0eb3e3fe1754f0205218538adbe8f5ed"},"headline":"A declara\u00e7\u00e3o de Pep Guardiola direcionada a Haaland, do Manchester City","datePublished":"2025-02-26T00:45:00+00:00","mainEntityOfPage":{"@id":"https:\/\/www.gaveanews.com\/index.php\/2025\/02\/25\/a-declaracao-de-pep-guardiola-direcionada-a-haaland-do-manchester-city\/"},"wordCount":397,"commentCount":0,"image":{"@id":"https:\/\/www.gaveanews.com\/index.php\/2025\/02\/25\/a-declaracao-de-pep-guardiola-direcionada-a-haaland-do-manchester-city\/#primaryimage"},"thumbnailUrl":"https:\/\/www.gaveanews.com\/wp-content\/uploads\/Pep-Guardiola-durante-o-jogo-entre-Manchester-City-x-West-Ham-pela-Premier-League-2023-24.webp","articleSection":["Manchester City"],"inLanguage":"pt-BR","potentialAction":[{"@type":"CommentAction","name":"Comment","target":["https:\/\/www.gaveanews.com\/index.php\/2025\/02\/25\/a-declaracao-de-pep-guardiola-direcionada-a-haaland-do-manchester-city\/#respond"]}],"copyrightYear":"2025","copyrightHolder":{"@id":"https:\/\/www.gaveanews.com\/#organization"}},{"@type":"WebPage","@id":"https:\/\/www.gaveanews.com\/index.php\/2025\/02\/25\/a-declaracao-de-pep-guardiola-direcionada-a-haaland-do-manchester-city\/","url":"https:\/\/www.gaveanews.com\/index.php\/2025\/02\/25\/a-declaracao-de-pep-guardiola-direcionada-a-haaland-do-manchester-city\/","name":"A declara\u00e7\u00e3o de Pep Guardiola direcionada a Haaland, do Manchester City","isPartOf":{"@id":"https:\/\/www.gaveanews.com\/#website"},"primaryImageOfPage":{"@id":"https:\/\/www.gaveanews.com\/index.php\/2025\/02\/25\/a-declaracao-de-pep-guardiola-direcionada-a-haaland-do-manchester-city\/#primaryimage"},"image":{"@id":"https:\/\/www.gaveanews.com\/index.php\/2025\/02\/25\/a-declaracao-de-pep-guardiola-direcionada-a-haaland-do-manchester-city\/#primaryimage"},"thumbnailUrl":"https:\/\/www.gaveanews.com\/wp-content\/uploads\/Pep-Guardiola-durante-o-jogo-entre-Manchester-City-x-West-Ham-pela-Premier-League-2023-24.webp","datePublished":"2025-02-26T00:45:00+00:00","author":{"@id":"https:\/\/www.gaveanews.com\/#\/schema\/person\/0eb3e3fe1754f0205218538adbe8f5ed"},"breadcrumb":{"@id":"https:\/\/www.gaveanews.com\/index.php\/2025\/02\/25\/a-declaracao-de-pep-guardiola-direcionada-a-haaland-do-manchester-city\/#breadcrumb"},"inLanguage":"pt-BR","potentialAction":[{"@type":"ReadAction","target":["https:\/\/www.gaveanews.com\/index.php\/2025\/02\/25\/a-declaracao-de-pep-guardiola-direcionada-a-haaland-do-manchester-city\/"]}]},{"@type":"ImageObject","inLanguage":"pt-BR","@id":"https:\/\/www.gaveanews.com\/index.php\/2025\/02\/25\/a-declaracao-de-pep-guardiola-direcionada-a-haaland-do-manchester-city\/#primaryimage","url":"https:\/\/www.gaveanews.com\/wp-content\/uploads\/Pep-Guardiola-durante-o-jogo-entre-Manchester-City-x-West-Ham-pela-Premier-League-2023-24.webp","contentUrl":"https:\/\/www.gaveanews.com\/wp-content\/uploads\/Pep-Guardiola-durante-o-jogo-entre-Manchester-City-x-West-Ham-pela-Premier-League-2023-24.webp","width":1080,"height":719,"caption":"Pep Guardiola durante o jogo entre Manchester City x West Ham pela Premier League 2023-24 (Foto: Reprodu\u00e7\u00e3o\/Instagram)"},{"@type":"BreadcrumbList","@id":"https:\/\/www.gaveanews.com\/index.php\/2025\/02\/25\/a-declaracao-de-pep-guardiola-direcionada-a-haaland-do-manchester-city\/#breadcrumb","itemListElement":[{"@type":"ListItem","position":1,"name":"Home","item":"https:\/\/www.gaveanews.com\/"},{"@type":"ListItem","position":2,"name":"A declara\u00e7\u00e3o de Pep Guardiola direcionada a Haaland, do Manchester City"}]},{"@type":"WebSite","@id":"https:\/\/www.gaveanews.com\/#website","url":"https:\/\/www.gaveanews.com\/","name":"G\u00e1vea News","description":"Veja todas as not\u00edcias sobre o Flamengo: Contrata\u00e7\u00f5es, categorias de base, resultados das partidas, tabela de classifica\u00e7\u00e3o, pr\u00f3ximos jogos!","potentialAction":[{"@type":"SearchAction","target":{"@type":"EntryPoint","urlTemplate":"https:\/\/www.gaveanews.com\/?s={search_term_string}"},"query-input":{"@type":"PropertyValueSpecification","valueRequired":true,"valueName":"search_term_string"}}],"inLanguage":"pt-BR"},{"@type":"Person","@id":"https:\/\/www.gaveanews.com\/#\/schema\/person\/0eb3e3fe1754f0205218538adbe8f5ed","name":"Rafaela Ladeira","image":{"@type":"ImageObject","inLanguage":"pt-BR","@id":"https:\/\/www.gaveanews.com\/#\/schema\/person\/image\/","url":"https:\/\/secure.gravatar.com\/avatar\/c31f513acffd85eacab5730cbdfdbbf59f21ba5aeada8cd890acea879fbb2455?s=96&d=mm&r=g","contentUrl":"https:\/\/secure.gravatar.com\/avatar\/c31f513acffd85eacab5730cbdfdbbf59f21ba5aeada8cd890acea879fbb2455?s=96&d=mm&r=g","caption":"Rafaela Ladeira"}}]}},"_links":{"self":[{"href":"https:\/\/www.gaveanews.com\/index.php\/wp-json\/wp\/v2\/posts\/232582","targetHints":{"allow":["GET"]}}],"collection":[{"href":"https:\/\/www.gaveanews.com\/index.php\/wp-json\/wp\/v2\/posts"}],"about":[{"href":"https:\/\/www.gaveanews.com\/index.php\/wp-json\/wp\/v2\/types\/post"}],"author":[{"embeddable":true,"href":"https:\/\/www.gaveanews.com\/index.php\/wp-json\/wp\/v2\/users\/25"}],"replies":[{"embeddable":true,"href":"https:\/\/www.gaveanews.com\/index.php\/wp-json\/wp\/v2\/comments?post=232582"}],"version-history":[{"count":1,"href":"https:\/\/www.gaveanews.com\/index.php\/wp-json\/wp\/v2\/posts\/232582\/revisions"}],"predecessor-version":[{"id":232583,"href":"https:\/\/www.gaveanews.com\/index.php\/wp-json\/wp\/v2\/posts\/232582\/revisions\/232583"}],"wp:featuredmedia":[{"embeddable":true,"href":"https:\/\/www.gaveanews.com\/index.php\/wp-json\/wp\/v2\/media\/110322"}],"wp:attachment":[{"href":"https:\/\/www.gaveanews.com\/index.php\/wp-json\/wp\/v2\/media?parent=232582"}],"wp:term":[{"taxonomy":"category","embeddable":true,"href":"https:\/\/www.gaveanews.com\/index.php\/wp-json\/wp\/v2\/categories?post=232582"},{"taxonomy":"post_tag","embeddable":true,"href":"https:\/\/www.gaveanews.com\/index.php\/wp-json\/wp\/v2\/tags?post=232582"}],"curies":[{"name":"wp","href":"https:\/\/api.w.org\/{rel}","templated":true}]}}