{"id":232584,"date":"2025-02-25T21:50:00","date_gmt":"2025-02-26T00:50:00","guid":{"rendered":"https:\/\/www.gaveanews.com\/?p=232584"},"modified":"2025-02-25T19:22:57","modified_gmt":"2025-02-25T22:22:57","slug":"video-a-declaracao-de-jair-sobre-jogar-no-botafogo","status":"publish","type":"post","link":"https:\/\/www.gaveanews.com\/index.php\/2025\/02\/25\/video-a-declaracao-de-jair-sobre-jogar-no-botafogo\/","title":{"rendered":"V\u00eddeo: a declara\u00e7\u00e3o de Jair sobre jogar no Botafogo"},"content":{"rendered":"\n<p>O zagueiro Jair Cunha, de 19 anos e criado nas categorias de base do Santos, \u00e9 o mais novo refor\u00e7o do Alvinegro. O jogador, que j\u00e1 se destaca como promessa no futebol brasileiro, falou sobre o seu desejo de defender o clube carioca. Acompanhe os detalhes dessa movimenta\u00e7\u00e3o e o impacto que ele pode trazer \u00e0 zaga do Botafogo.<\/p>\n\n\n\n<h2 class=\"wp-block-heading\" id=\"h-a-vontade-de-jair-de-jogar-no-botafogo\">A vontade de Jair de jogar no Botafogo<\/h2>\n\n\n\n<p>Em sua apresenta\u00e7\u00e3o oficial, Jair revelou que, desde a primeira proposta, ele tinha a inten\u00e7\u00e3o de se transferir para o Botafogo. &#8220;Desde a primeira proposta eu queria estar aqui. O Santos n\u00e3o liberou&#8221;, disse o defensor. A fala de Jair demonstra o seu desejo de vestir a camisa do Botafogo, uma vez que, em 2024, o clube j\u00e1 havia tentado contrat\u00e1-lo, mas sem sucesso.<\/p>\n\n\n\n<blockquote class=\"twitter-tweet\" data-media-max-width=\"560\"><p lang=\"pt\" dir=\"ltr\">&#39;MEU DESEJO SEMPRE FOI ESTAR AQUI NO BOTAFOGO&#39; \ud83d\udd25 <br><br>Jair desmentiu as publica\u00e7\u00f5es que falavam que sua vontade era ficar no Santos&#8230; <a href=\"https:\/\/t.co\/VNwm0dkucE\">pic.twitter.com\/VNwm0dkucE<\/a><\/p>&mdash; TNT Sports BR (@TNTSportsBR) <a href=\"https:\/\/twitter.com\/TNTSportsBR\/status\/1894427569992159640?ref_src=twsrc%5Etfw\">February 25, 2025<\/a><\/blockquote> <script async src=\"https:\/\/platform.twitter.com\/widgets.js\" charset=\"utf-8\"><\/script>\n\n\n\n<p>Vale destacar que a negocia\u00e7\u00e3o com o Santos n\u00e3o foi simples. Al\u00e9m do Botafogo, clubes internacionais como o Porto, de Portugal, e a Atalanta, da It\u00e1lia, tamb\u00e9m tentaram garantir o jogador. No entanto, o Santos recusou todas as ofertas, e o zagueiro seguiu no time paulista at\u00e9 que o Botafogo conseguiu concretizar a transfer\u00eancia.<\/p>\n\n\n\n<p>O zagueiro ir\u00e1 se juntar ao Botafogo ap\u00f3s o dia 16 de fevereiro, quando finaliza sua participa\u00e7\u00e3o no Sul-Americano Sub-20 com a Sele\u00e7\u00e3o Brasileira. O contrato de Jair com o Alvinegro ser\u00e1 at\u00e9 o final de 2028. Sendo assim, ele chega ao Rio com grande expectativa, j\u00e1 que o clube almeja refor\u00e7ar a zaga com um jogador promissor, que pode se destacar no cen\u00e1rio nacional e at\u00e9 mesmo ser convocado para a Sele\u00e7\u00e3o principal no futuro.<\/p>\n\n\n\n<h2 class=\"wp-block-heading\" id=\"h-botafogo-rejuvenesce-o-setor-defensivo\">Botafogo rejuvenesce o setor defensivo<\/h2>\n\n\n\n<p>Al\u00e9m disso, a chegada de Jair promete trazer mais juventude e qualidade \u00e0 defesa do Botafogo. A dupla titular de zaga, composta por Alexander Barboza, de 29 anos, e Bastos, de 33 anos, dever\u00e1 ganhar um novo concorrente, sendo que Jair \u00e9 visto como um jogador com grande potencial. Com isso, o Botafogo aposta em um zagueiro jovem e talentoso para o futuro do clube.<\/p>\n\n\n\n<p>Dessa maneira, a chegada de Jair representa uma promessa de renova\u00e7\u00e3o na defesa do Botafogo, e a expectativa \u00e9 que ele se encaixe bem no esquema do treinador e se torne um pilar na zaga alvinegra. Isso porque o Botafogo n\u00e3o s\u00f3 refor\u00e7a seu elenco, mas tamb\u00e9m aposta no futuro com um talento que pode se tornar uma refer\u00eancia na defesa.<\/p>\n","protected":false},"excerpt":{"rendered":"<p>O zagueiro Jair Cunha, de 19 anos e criado nas categorias de base do Santos, \u00e9 o mais novo refor\u00e7o do Alvinegro. O jogador, que j\u00e1 se destaca como promessa no futebol brasileiro, falou sobre o seu desejo de defender o clube carioca. Acompanhe os detalhes dessa movimenta\u00e7\u00e3o e o impacto que ele pode trazer [&hellip;]<\/p>\n","protected":false},"author":24,"featured_media":150813,"comment_status":"open","ping_status":"closed","sticky":false,"template":"","format":"standard","meta":{"footnotes":""},"categories":[138,139],"tags":[],"class_list":["post-232584","post","type-post","status-publish","format-standard","has-post-thumbnail","hentry","category-botafogo","category-santos"],"yoast_head":"<!-- This site is optimized with the Yoast SEO Premium plugin v24.2 (Yoast SEO v26.9) - https:\/\/yoast.com\/product\/yoast-seo-premium-wordpress\/ -->\n<title>V\u00eddeo: a declara\u00e7\u00e3o de Jair sobre jogar no Botafogo<\/title>\n<meta name=\"robots\" content=\"index, follow, max-snippet:-1, max-image-preview:large, max-video-preview:-1\" \/>\n<link rel=\"canonical\" href=\"https:\/\/www.gaveanews.com\/index.php\/2025\/02\/25\/video-a-declaracao-de-jair-sobre-jogar-no-botafogo\/\" \/>\n<meta property=\"og:locale\" content=\"pt_BR\" \/>\n<meta property=\"og:type\" content=\"article\" \/>\n<meta property=\"og:title\" content=\"V\u00eddeo: a declara\u00e7\u00e3o de Jair sobre jogar no Botafogo\" \/>\n<meta property=\"og:description\" content=\"O zagueiro Jair Cunha, de 19 anos e criado nas categorias de base do Santos, \u00e9 o mais novo refor\u00e7o do Alvinegro. O jogador, que j\u00e1 se destaca como promessa no futebol brasileiro, falou sobre o seu desejo de defender o clube carioca. Acompanhe os detalhes dessa movimenta\u00e7\u00e3o e o impacto que ele pode trazer [&hellip;]\" \/>\n<meta property=\"og:url\" content=\"https:\/\/www.gaveanews.com\/index.php\/2025\/02\/25\/video-a-declaracao-de-jair-sobre-jogar-no-botafogo\/\" \/>\n<meta property=\"og:site_name\" content=\"G\u00e1vea News\" \/>\n<meta property=\"article:publisher\" content=\"https:\/\/facebook.com\/gaveaNews\/\" \/>\n<meta property=\"article:published_time\" content=\"2025-02-26T00:50:00+00:00\" \/>\n<meta property=\"og:image\" content=\"https:\/\/www.gaveanews.com\/wp-content\/uploads\/Jair-com-a-camisa-do-Santos.webp\" \/>\n\t<meta property=\"og:image:width\" content=\"1280\" \/>\n\t<meta property=\"og:image:height\" content=\"1600\" \/>\n\t<meta property=\"og:image:type\" content=\"image\/jpeg\" \/>\n<meta name=\"author\" content=\"Leandro Cardoso\" \/>\n<meta name=\"twitter:card\" content=\"summary_large_image\" \/>\n<meta name=\"twitter:label1\" content=\"Escrito por\" \/>\n\t<meta name=\"twitter:data1\" content=\"Leandro Cardoso\" \/>\n\t<meta name=\"twitter:label2\" content=\"Est. tempo de leitura\" \/>\n\t<meta name=\"twitter:data2\" content=\"3 minutos\" \/>\n<script type=\"application\/ld+json\" class=\"yoast-schema-graph\">{\"@context\":\"https:\/\/schema.org\",\"@graph\":[{\"@type\":\"NewsArticle\",\"@id\":\"https:\/\/www.gaveanews.com\/index.php\/2025\/02\/25\/video-a-declaracao-de-jair-sobre-jogar-no-botafogo\/#article\",\"isPartOf\":{\"@id\":\"https:\/\/www.gaveanews.com\/index.php\/2025\/02\/25\/video-a-declaracao-de-jair-sobre-jogar-no-botafogo\/\"},\"author\":{\"name\":\"Leandro Cardoso\",\"@id\":\"https:\/\/www.gaveanews.com\/#\/schema\/person\/2424ec6409bc3f068411fc5e4e9b6168\"},\"headline\":\"V\u00eddeo: a declara\u00e7\u00e3o de Jair sobre jogar no Botafogo\",\"datePublished\":\"2025-02-26T00:50:00+00:00\",\"mainEntityOfPage\":{\"@id\":\"https:\/\/www.gaveanews.com\/index.php\/2025\/02\/25\/video-a-declaracao-de-jair-sobre-jogar-no-botafogo\/\"},\"wordCount\":449,\"commentCount\":0,\"image\":{\"@id\":\"https:\/\/www.gaveanews.com\/index.php\/2025\/02\/25\/video-a-declaracao-de-jair-sobre-jogar-no-botafogo\/#primaryimage\"},\"thumbnailUrl\":\"https:\/\/www.gaveanews.com\/wp-content\/uploads\/Jair-com-a-camisa-do-Santos.webp\",\"articleSection\":[\"Botafogo\",\"Santos\"],\"inLanguage\":\"pt-BR\",\"potentialAction\":[{\"@type\":\"CommentAction\",\"name\":\"Comment\",\"target\":[\"https:\/\/www.gaveanews.com\/index.php\/2025\/02\/25\/video-a-declaracao-de-jair-sobre-jogar-no-botafogo\/#respond\"]}],\"copyrightYear\":\"2025\",\"copyrightHolder\":{\"@id\":\"https:\/\/www.gaveanews.com\/#organization\"}},{\"@type\":\"WebPage\",\"@id\":\"https:\/\/www.gaveanews.com\/index.php\/2025\/02\/25\/video-a-declaracao-de-jair-sobre-jogar-no-botafogo\/\",\"url\":\"https:\/\/www.gaveanews.com\/index.php\/2025\/02\/25\/video-a-declaracao-de-jair-sobre-jogar-no-botafogo\/\",\"name\":\"V\u00eddeo: a declara\u00e7\u00e3o de Jair sobre jogar no Botafogo\",\"isPartOf\":{\"@id\":\"https:\/\/www.gaveanews.com\/#website\"},\"primaryImageOfPage\":{\"@id\":\"https:\/\/www.gaveanews.com\/index.php\/2025\/02\/25\/video-a-declaracao-de-jair-sobre-jogar-no-botafogo\/#primaryimage\"},\"image\":{\"@id\":\"https:\/\/www.gaveanews.com\/index.php\/2025\/02\/25\/video-a-declaracao-de-jair-sobre-jogar-no-botafogo\/#primaryimage\"},\"thumbnailUrl\":\"https:\/\/www.gaveanews.com\/wp-content\/uploads\/Jair-com-a-camisa-do-Santos.webp\",\"datePublished\":\"2025-02-26T00:50:00+00:00\",\"author\":{\"@id\":\"https:\/\/www.gaveanews.com\/#\/schema\/person\/2424ec6409bc3f068411fc5e4e9b6168\"},\"breadcrumb\":{\"@id\":\"https:\/\/www.gaveanews.com\/index.php\/2025\/02\/25\/video-a-declaracao-de-jair-sobre-jogar-no-botafogo\/#breadcrumb\"},\"inLanguage\":\"pt-BR\",\"potentialAction\":[{\"@type\":\"ReadAction\",\"target\":[\"https:\/\/www.gaveanews.com\/index.php\/2025\/02\/25\/video-a-declaracao-de-jair-sobre-jogar-no-botafogo\/\"]}]},{\"@type\":\"ImageObject\",\"inLanguage\":\"pt-BR\",\"@id\":\"https:\/\/www.gaveanews.com\/index.php\/2025\/02\/25\/video-a-declaracao-de-jair-sobre-jogar-no-botafogo\/#primaryimage\",\"url\":\"https:\/\/www.gaveanews.com\/wp-content\/uploads\/Jair-com-a-camisa-do-Santos.webp\",\"contentUrl\":\"https:\/\/www.gaveanews.com\/wp-content\/uploads\/Jair-com-a-camisa-do-Santos.webp\",\"width\":1280,\"height\":1600,\"caption\":\"Jair com a camisa do Santos (Foto: Reprodu\u00e7\u00e3o\/Santos)\"},{\"@type\":\"BreadcrumbList\",\"@id\":\"https:\/\/www.gaveanews.com\/index.php\/2025\/02\/25\/video-a-declaracao-de-jair-sobre-jogar-no-botafogo\/#breadcrumb\",\"itemListElement\":[{\"@type\":\"ListItem\",\"position\":1,\"name\":\"Home\",\"item\":\"https:\/\/www.gaveanews.com\/\"},{\"@type\":\"ListItem\",\"position\":2,\"name\":\"V\u00eddeo: a declara\u00e7\u00e3o de Jair sobre jogar no Botafogo\"}]},{\"@type\":\"WebSite\",\"@id\":\"https:\/\/www.gaveanews.com\/#website\",\"url\":\"https:\/\/www.gaveanews.com\/\",\"name\":\"G\u00e1vea News\",\"description\":\"Veja todas as not\u00edcias sobre o Flamengo: Contrata\u00e7\u00f5es, categorias de base, resultados das partidas, tabela de classifica\u00e7\u00e3o, pr\u00f3ximos jogos!\",\"potentialAction\":[{\"@type\":\"SearchAction\",\"target\":{\"@type\":\"EntryPoint\",\"urlTemplate\":\"https:\/\/www.gaveanews.com\/?s={search_term_string}\"},\"query-input\":{\"@type\":\"PropertyValueSpecification\",\"valueRequired\":true,\"valueName\":\"search_term_string\"}}],\"inLanguage\":\"pt-BR\"},{\"@type\":\"Person\",\"@id\":\"https:\/\/www.gaveanews.com\/#\/schema\/person\/2424ec6409bc3f068411fc5e4e9b6168\",\"name\":\"Leandro Cardoso\",\"image\":{\"@type\":\"ImageObject\",\"inLanguage\":\"pt-BR\",\"@id\":\"https:\/\/www.gaveanews.com\/#\/schema\/person\/image\/\",\"url\":\"https:\/\/secure.gravatar.com\/avatar\/8ca179f9b55eefe9f376f5493ef25475bfa59fbc28ce937f6076ce20e523098f?s=96&d=mm&r=g\",\"contentUrl\":\"https:\/\/secure.gravatar.com\/avatar\/8ca179f9b55eefe9f376f5493ef25475bfa59fbc28ce937f6076ce20e523098f?s=96&d=mm&r=g\",\"caption\":\"Leandro Cardoso\"}}]}<\/script>\n<!-- \/ Yoast SEO Premium plugin. -->","yoast_head_json":{"title":"V\u00eddeo: a declara\u00e7\u00e3o de Jair sobre jogar no Botafogo","robots":{"index":"index","follow":"follow","max-snippet":"max-snippet:-1","max-image-preview":"max-image-preview:large","max-video-preview":"max-video-preview:-1"},"canonical":"https:\/\/www.gaveanews.com\/index.php\/2025\/02\/25\/video-a-declaracao-de-jair-sobre-jogar-no-botafogo\/","og_locale":"pt_BR","og_type":"article","og_title":"V\u00eddeo: a declara\u00e7\u00e3o de Jair sobre jogar no Botafogo","og_description":"O zagueiro Jair Cunha, de 19 anos e criado nas categorias de base do Santos, \u00e9 o mais novo refor\u00e7o do Alvinegro. O jogador, que j\u00e1 se destaca como promessa no futebol brasileiro, falou sobre o seu desejo de defender o clube carioca. Acompanhe os detalhes dessa movimenta\u00e7\u00e3o e o impacto que ele pode trazer [&hellip;]","og_url":"https:\/\/www.gaveanews.com\/index.php\/2025\/02\/25\/video-a-declaracao-de-jair-sobre-jogar-no-botafogo\/","og_site_name":"G\u00e1vea News","article_publisher":"https:\/\/facebook.com\/gaveaNews\/","article_published_time":"2025-02-26T00:50:00+00:00","og_image":[{"width":1280,"height":1600,"url":"https:\/\/www.gaveanews.com\/wp-content\/uploads\/Jair-com-a-camisa-do-Santos.webp","type":"image\/jpeg"}],"author":"Leandro Cardoso","twitter_card":"summary_large_image","twitter_misc":{"Escrito por":"Leandro Cardoso","Est. tempo de leitura":"3 minutos"},"schema":{"@context":"https:\/\/schema.org","@graph":[{"@type":"NewsArticle","@id":"https:\/\/www.gaveanews.com\/index.php\/2025\/02\/25\/video-a-declaracao-de-jair-sobre-jogar-no-botafogo\/#article","isPartOf":{"@id":"https:\/\/www.gaveanews.com\/index.php\/2025\/02\/25\/video-a-declaracao-de-jair-sobre-jogar-no-botafogo\/"},"author":{"name":"Leandro Cardoso","@id":"https:\/\/www.gaveanews.com\/#\/schema\/person\/2424ec6409bc3f068411fc5e4e9b6168"},"headline":"V\u00eddeo: a declara\u00e7\u00e3o de Jair sobre jogar no Botafogo","datePublished":"2025-02-26T00:50:00+00:00","mainEntityOfPage":{"@id":"https:\/\/www.gaveanews.com\/index.php\/2025\/02\/25\/video-a-declaracao-de-jair-sobre-jogar-no-botafogo\/"},"wordCount":449,"commentCount":0,"image":{"@id":"https:\/\/www.gaveanews.com\/index.php\/2025\/02\/25\/video-a-declaracao-de-jair-sobre-jogar-no-botafogo\/#primaryimage"},"thumbnailUrl":"https:\/\/www.gaveanews.com\/wp-content\/uploads\/Jair-com-a-camisa-do-Santos.webp","articleSection":["Botafogo","Santos"],"inLanguage":"pt-BR","potentialAction":[{"@type":"CommentAction","name":"Comment","target":["https:\/\/www.gaveanews.com\/index.php\/2025\/02\/25\/video-a-declaracao-de-jair-sobre-jogar-no-botafogo\/#respond"]}],"copyrightYear":"2025","copyrightHolder":{"@id":"https:\/\/www.gaveanews.com\/#organization"}},{"@type":"WebPage","@id":"https:\/\/www.gaveanews.com\/index.php\/2025\/02\/25\/video-a-declaracao-de-jair-sobre-jogar-no-botafogo\/","url":"https:\/\/www.gaveanews.com\/index.php\/2025\/02\/25\/video-a-declaracao-de-jair-sobre-jogar-no-botafogo\/","name":"V\u00eddeo: a declara\u00e7\u00e3o de Jair sobre jogar no Botafogo","isPartOf":{"@id":"https:\/\/www.gaveanews.com\/#website"},"primaryImageOfPage":{"@id":"https:\/\/www.gaveanews.com\/index.php\/2025\/02\/25\/video-a-declaracao-de-jair-sobre-jogar-no-botafogo\/#primaryimage"},"image":{"@id":"https:\/\/www.gaveanews.com\/index.php\/2025\/02\/25\/video-a-declaracao-de-jair-sobre-jogar-no-botafogo\/#primaryimage"},"thumbnailUrl":"https:\/\/www.gaveanews.com\/wp-content\/uploads\/Jair-com-a-camisa-do-Santos.webp","datePublished":"2025-02-26T00:50:00+00:00","author":{"@id":"https:\/\/www.gaveanews.com\/#\/schema\/person\/2424ec6409bc3f068411fc5e4e9b6168"},"breadcrumb":{"@id":"https:\/\/www.gaveanews.com\/index.php\/2025\/02\/25\/video-a-declaracao-de-jair-sobre-jogar-no-botafogo\/#breadcrumb"},"inLanguage":"pt-BR","potentialAction":[{"@type":"ReadAction","target":["https:\/\/www.gaveanews.com\/index.php\/2025\/02\/25\/video-a-declaracao-de-jair-sobre-jogar-no-botafogo\/"]}]},{"@type":"ImageObject","inLanguage":"pt-BR","@id":"https:\/\/www.gaveanews.com\/index.php\/2025\/02\/25\/video-a-declaracao-de-jair-sobre-jogar-no-botafogo\/#primaryimage","url":"https:\/\/www.gaveanews.com\/wp-content\/uploads\/Jair-com-a-camisa-do-Santos.webp","contentUrl":"https:\/\/www.gaveanews.com\/wp-content\/uploads\/Jair-com-a-camisa-do-Santos.webp","width":1280,"height":1600,"caption":"Jair com a camisa do Santos (Foto: Reprodu\u00e7\u00e3o\/Santos)"},{"@type":"BreadcrumbList","@id":"https:\/\/www.gaveanews.com\/index.php\/2025\/02\/25\/video-a-declaracao-de-jair-sobre-jogar-no-botafogo\/#breadcrumb","itemListElement":[{"@type":"ListItem","position":1,"name":"Home","item":"https:\/\/www.gaveanews.com\/"},{"@type":"ListItem","position":2,"name":"V\u00eddeo: a declara\u00e7\u00e3o de Jair sobre jogar no Botafogo"}]},{"@type":"WebSite","@id":"https:\/\/www.gaveanews.com\/#website","url":"https:\/\/www.gaveanews.com\/","name":"G\u00e1vea News","description":"Veja todas as not\u00edcias sobre o Flamengo: Contrata\u00e7\u00f5es, categorias de base, resultados das partidas, tabela de classifica\u00e7\u00e3o, pr\u00f3ximos jogos!","potentialAction":[{"@type":"SearchAction","target":{"@type":"EntryPoint","urlTemplate":"https:\/\/www.gaveanews.com\/?s={search_term_string}"},"query-input":{"@type":"PropertyValueSpecification","valueRequired":true,"valueName":"search_term_string"}}],"inLanguage":"pt-BR"},{"@type":"Person","@id":"https:\/\/www.gaveanews.com\/#\/schema\/person\/2424ec6409bc3f068411fc5e4e9b6168","name":"Leandro Cardoso","image":{"@type":"ImageObject","inLanguage":"pt-BR","@id":"https:\/\/www.gaveanews.com\/#\/schema\/person\/image\/","url":"https:\/\/secure.gravatar.com\/avatar\/8ca179f9b55eefe9f376f5493ef25475bfa59fbc28ce937f6076ce20e523098f?s=96&d=mm&r=g","contentUrl":"https:\/\/secure.gravatar.com\/avatar\/8ca179f9b55eefe9f376f5493ef25475bfa59fbc28ce937f6076ce20e523098f?s=96&d=mm&r=g","caption":"Leandro Cardoso"}}]}},"_links":{"self":[{"href":"https:\/\/www.gaveanews.com\/index.php\/wp-json\/wp\/v2\/posts\/232584","targetHints":{"allow":["GET"]}}],"collection":[{"href":"https:\/\/www.gaveanews.com\/index.php\/wp-json\/wp\/v2\/posts"}],"about":[{"href":"https:\/\/www.gaveanews.com\/index.php\/wp-json\/wp\/v2\/types\/post"}],"author":[{"embeddable":true,"href":"https:\/\/www.gaveanews.com\/index.php\/wp-json\/wp\/v2\/users\/24"}],"replies":[{"embeddable":true,"href":"https:\/\/www.gaveanews.com\/index.php\/wp-json\/wp\/v2\/comments?post=232584"}],"version-history":[{"count":1,"href":"https:\/\/www.gaveanews.com\/index.php\/wp-json\/wp\/v2\/posts\/232584\/revisions"}],"predecessor-version":[{"id":232585,"href":"https:\/\/www.gaveanews.com\/index.php\/wp-json\/wp\/v2\/posts\/232584\/revisions\/232585"}],"wp:featuredmedia":[{"embeddable":true,"href":"https:\/\/www.gaveanews.com\/index.php\/wp-json\/wp\/v2\/media\/150813"}],"wp:attachment":[{"href":"https:\/\/www.gaveanews.com\/index.php\/wp-json\/wp\/v2\/media?parent=232584"}],"wp:term":[{"taxonomy":"category","embeddable":true,"href":"https:\/\/www.gaveanews.com\/index.php\/wp-json\/wp\/v2\/categories?post=232584"},{"taxonomy":"post_tag","embeddable":true,"href":"https:\/\/www.gaveanews.com\/index.php\/wp-json\/wp\/v2\/tags?post=232584"}],"curies":[{"name":"wp","href":"https:\/\/api.w.org\/{rel}","templated":true}]}}