{"id":232589,"date":"2025-02-25T22:05:00","date_gmt":"2025-02-26T01:05:00","guid":{"rendered":"https:\/\/www.gaveanews.com\/?p=232589"},"modified":"2025-02-25T19:23:18","modified_gmt":"2025-02-25T22:23:18","slug":"atacante-desejado-pelo-vasco-desaparece-e-diretoria-toma-decisao","status":"publish","type":"post","link":"https:\/\/www.gaveanews.com\/index.php\/2025\/02\/25\/atacante-desejado-pelo-vasco-desaparece-e-diretoria-toma-decisao\/","title":{"rendered":"Atacante desejado pelo Vasco desaparece e diretoria toma decis\u00e3o"},"content":{"rendered":"\n<p>O Vasco da Gama surpreendeu ao retirar a proposta que havia apresentado ao Millonarios, da Col\u00f4mbia, e encerrar as negocia\u00e7\u00f5es com o jovem atacante Neiser Villarreal, de 19 anos. O colombiano, que brilhou no Sul-Americano Sub-20, havia despertado o interesse do clube carioca, mas um &#8220;sumi\u00e7o&#8221; do jogador e de seus representantes fez a diretoria vasca\u00edna rever seus planos. Entenda o que levou o Vasco a desistir da contrata\u00e7\u00e3o e como essa situa\u00e7\u00e3o se desenrolou.<\/p>\n\n\n\n<h2 class=\"wp-block-heading\" id=\"h-o-sumico-de-villarreal-e-o-impacto-nas-negociacoes\">O &#8220;sumi\u00e7o&#8221; de Villarreal e o impacto nas negocia\u00e7\u00f5es<\/h2>\n\n\n\n<p>Apesar de j\u00e1 ter o sinal verde do Millonarios para negociar, o Vasco enfrentou dificuldades em obter retorno de Villarreal e seus representantes. A diretoria do clube carioca havia oferecido uma proposta de US$ 2,8 milh\u00f5es (cerca de R$ 16,1 milh\u00f5es), com parcelas e b\u00f4nus por metas de desempenho. <\/p>\n\n\n\n<blockquote class=\"twitter-tweet\"><p lang=\"pt\" dir=\"ltr\">Neyser Villarreal some, e Vasco retira proposta.<br><br>O Cruzmaltino j\u00e1 estava acertado com o Millonarios, mas desistiu da contrata\u00e7\u00e3o ap\u00f3s o atacante de 19 anos e seu estafe sumirem e n\u00e3o darem retorno.<br><br>Inicialmente, Neyser estava inclinado a jogar no Vasco, em especial depois do\u2026 <a href=\"https:\/\/t.co\/8JXtdfZbnX\">pic.twitter.com\/8JXtdfZbnX<\/a><\/p>&mdash; Planeta do Futebol \ud83c\udf0e (@futebol_info) <a href=\"https:\/\/twitter.com\/futebol_info\/status\/1894458364413055137?ref_src=twsrc%5Etfw\">February 25, 2025<\/a><\/blockquote> <script async src=\"https:\/\/platform.twitter.com\/widgets.js\" charset=\"utf-8\"><\/script>\n\n\n\n<p>Al\u00e9m disso, o contrato proposto seria de cinco anos. Vale destacar que o Millonarios estava disposto a negociar, pois o v\u00ednculo com o jogador se encerraria em novembro e o clube colombiano n\u00e3o queria correr o risco de perd\u00ea-lo de gra\u00e7a.<\/p>\n\n\n\n<p>No entanto, Villarreal e seus representantes n\u00e3o mantiveram o contato adequado, e a postura do jogador esfriou as negocia\u00e7\u00f5es. Sendo assim, o Vasco optou por retirar a proposta e desistir do atacante.<\/p>\n\n\n\n<h2 class=\"wp-block-heading\" id=\"h-problemas-com-o-millonarios-e-especulacoes-sobre-aliciamento\">Problemas com o Millonarios e especula\u00e7\u00f5es sobre aliciamento<\/h2>\n\n\n\n<p>O jovem atacante, que se destacou como artilheiro do Sul-Americano Sub-20 com a Sele\u00e7\u00e3o da Col\u00f4mbia, deu poderes a mais de um empres\u00e1rio para represent\u00e1-lo. Isso gerou ru\u00eddos nas conversas com o Vasco, dificultando ainda mais o processo de negocia\u00e7\u00e3o. Com isso, o clube de S\u00e3o Janu\u00e1rio acabou se afastando das tratativas.<\/p>\n\n\n\n<p>Al\u00e9m disso, a situa\u00e7\u00e3o envolvendo Villarreal se complicou ainda mais quando o jogador n\u00e3o compareceu aos treinos no Millonarios. O clube colombiano, segundo a imprensa local, suspeita de aliciamento por parte de uma equipe europeia e, por isso, estuda acionar a Fifa.<\/p>\n\n\n\n<p>Dessa maneira, as negocia\u00e7\u00f5es entre o Vasco e o jovem atacante chegaram ao fim, deixando uma situa\u00e7\u00e3o incerta para o futuro de Villarreal e para os planos do clube carioca.<\/p>\n","protected":false},"excerpt":{"rendered":"<p>O Vasco da Gama surpreendeu ao retirar a proposta que havia apresentado ao Millonarios, da Col\u00f4mbia, e encerrar as negocia\u00e7\u00f5es com o jovem atacante Neiser Villarreal, de 19 anos. O colombiano, que brilhou no Sul-Americano Sub-20, havia despertado o interesse do clube carioca, mas um &#8220;sumi\u00e7o&#8221; do jogador e de seus representantes fez a diretoria [&hellip;]<\/p>\n","protected":false},"author":24,"featured_media":152090,"comment_status":"open","ping_status":"closed","sticky":false,"template":"","format":"standard","meta":{"footnotes":""},"categories":[152],"tags":[],"class_list":["post-232589","post","type-post","status-publish","format-standard","has-post-thumbnail","hentry","category-vasco"],"yoast_head":"<!-- This site is optimized with the Yoast SEO Premium plugin v24.2 (Yoast SEO v26.9) - https:\/\/yoast.com\/product\/yoast-seo-premium-wordpress\/ -->\n<title>Atacante desejado pelo Vasco desaparece e diretoria toma decis\u00e3o<\/title>\n<meta name=\"robots\" content=\"index, follow, max-snippet:-1, max-image-preview:large, max-video-preview:-1\" \/>\n<link rel=\"canonical\" href=\"https:\/\/www.gaveanews.com\/index.php\/2025\/02\/25\/atacante-desejado-pelo-vasco-desaparece-e-diretoria-toma-decisao\/\" \/>\n<meta property=\"og:locale\" content=\"pt_BR\" \/>\n<meta property=\"og:type\" content=\"article\" \/>\n<meta property=\"og:title\" content=\"Atacante desejado pelo Vasco desaparece e diretoria toma decis\u00e3o\" \/>\n<meta property=\"og:description\" content=\"O Vasco da Gama surpreendeu ao retirar a proposta que havia apresentado ao Millonarios, da Col\u00f4mbia, e encerrar as negocia\u00e7\u00f5es com o jovem atacante Neiser Villarreal, de 19 anos. O colombiano, que brilhou no Sul-Americano Sub-20, havia despertado o interesse do clube carioca, mas um &#8220;sumi\u00e7o&#8221; do jogador e de seus representantes fez a diretoria [&hellip;]\" \/>\n<meta property=\"og:url\" content=\"https:\/\/www.gaveanews.com\/index.php\/2025\/02\/25\/atacante-desejado-pelo-vasco-desaparece-e-diretoria-toma-decisao\/\" \/>\n<meta property=\"og:site_name\" content=\"G\u00e1vea News\" \/>\n<meta property=\"article:publisher\" content=\"https:\/\/facebook.com\/gaveaNews\/\" \/>\n<meta property=\"article:published_time\" content=\"2025-02-26T01:05:00+00:00\" \/>\n<meta property=\"og:image\" content=\"https:\/\/www.gaveanews.com\/wp-content\/uploads\/Bandeira-do-Vasco-da-Gama.webp\" \/>\n\t<meta property=\"og:image:width\" content=\"1159\" \/>\n\t<meta property=\"og:image:height\" content=\"772\" \/>\n\t<meta property=\"og:image:type\" content=\"image\/webp\" \/>\n<meta name=\"author\" content=\"Leandro Cardoso\" \/>\n<meta name=\"twitter:card\" content=\"summary_large_image\" \/>\n<meta name=\"twitter:label1\" content=\"Escrito por\" \/>\n\t<meta name=\"twitter:data1\" content=\"Leandro Cardoso\" \/>\n\t<meta name=\"twitter:label2\" content=\"Est. tempo de leitura\" \/>\n\t<meta name=\"twitter:data2\" content=\"3 minutos\" \/>\n<script type=\"application\/ld+json\" class=\"yoast-schema-graph\">{\"@context\":\"https:\/\/schema.org\",\"@graph\":[{\"@type\":\"NewsArticle\",\"@id\":\"https:\/\/www.gaveanews.com\/index.php\/2025\/02\/25\/atacante-desejado-pelo-vasco-desaparece-e-diretoria-toma-decisao\/#article\",\"isPartOf\":{\"@id\":\"https:\/\/www.gaveanews.com\/index.php\/2025\/02\/25\/atacante-desejado-pelo-vasco-desaparece-e-diretoria-toma-decisao\/\"},\"author\":{\"name\":\"Leandro Cardoso\",\"@id\":\"https:\/\/www.gaveanews.com\/#\/schema\/person\/2424ec6409bc3f068411fc5e4e9b6168\"},\"headline\":\"Atacante desejado pelo Vasco desaparece e diretoria toma decis\u00e3o\",\"datePublished\":\"2025-02-26T01:05:00+00:00\",\"mainEntityOfPage\":{\"@id\":\"https:\/\/www.gaveanews.com\/index.php\/2025\/02\/25\/atacante-desejado-pelo-vasco-desaparece-e-diretoria-toma-decisao\/\"},\"wordCount\":435,\"commentCount\":0,\"image\":{\"@id\":\"https:\/\/www.gaveanews.com\/index.php\/2025\/02\/25\/atacante-desejado-pelo-vasco-desaparece-e-diretoria-toma-decisao\/#primaryimage\"},\"thumbnailUrl\":\"https:\/\/www.gaveanews.com\/wp-content\/uploads\/Bandeira-do-Vasco-da-Gama.webp\",\"articleSection\":[\"Vasco\"],\"inLanguage\":\"pt-BR\",\"potentialAction\":[{\"@type\":\"CommentAction\",\"name\":\"Comment\",\"target\":[\"https:\/\/www.gaveanews.com\/index.php\/2025\/02\/25\/atacante-desejado-pelo-vasco-desaparece-e-diretoria-toma-decisao\/#respond\"]}],\"copyrightYear\":\"2025\",\"copyrightHolder\":{\"@id\":\"https:\/\/www.gaveanews.com\/#organization\"}},{\"@type\":\"WebPage\",\"@id\":\"https:\/\/www.gaveanews.com\/index.php\/2025\/02\/25\/atacante-desejado-pelo-vasco-desaparece-e-diretoria-toma-decisao\/\",\"url\":\"https:\/\/www.gaveanews.com\/index.php\/2025\/02\/25\/atacante-desejado-pelo-vasco-desaparece-e-diretoria-toma-decisao\/\",\"name\":\"Atacante desejado pelo Vasco desaparece e diretoria toma decis\u00e3o\",\"isPartOf\":{\"@id\":\"https:\/\/www.gaveanews.com\/#website\"},\"primaryImageOfPage\":{\"@id\":\"https:\/\/www.gaveanews.com\/index.php\/2025\/02\/25\/atacante-desejado-pelo-vasco-desaparece-e-diretoria-toma-decisao\/#primaryimage\"},\"image\":{\"@id\":\"https:\/\/www.gaveanews.com\/index.php\/2025\/02\/25\/atacante-desejado-pelo-vasco-desaparece-e-diretoria-toma-decisao\/#primaryimage\"},\"thumbnailUrl\":\"https:\/\/www.gaveanews.com\/wp-content\/uploads\/Bandeira-do-Vasco-da-Gama.webp\",\"datePublished\":\"2025-02-26T01:05:00+00:00\",\"author\":{\"@id\":\"https:\/\/www.gaveanews.com\/#\/schema\/person\/2424ec6409bc3f068411fc5e4e9b6168\"},\"breadcrumb\":{\"@id\":\"https:\/\/www.gaveanews.com\/index.php\/2025\/02\/25\/atacante-desejado-pelo-vasco-desaparece-e-diretoria-toma-decisao\/#breadcrumb\"},\"inLanguage\":\"pt-BR\",\"potentialAction\":[{\"@type\":\"ReadAction\",\"target\":[\"https:\/\/www.gaveanews.com\/index.php\/2025\/02\/25\/atacante-desejado-pelo-vasco-desaparece-e-diretoria-toma-decisao\/\"]}]},{\"@type\":\"ImageObject\",\"inLanguage\":\"pt-BR\",\"@id\":\"https:\/\/www.gaveanews.com\/index.php\/2025\/02\/25\/atacante-desejado-pelo-vasco-desaparece-e-diretoria-toma-decisao\/#primaryimage\",\"url\":\"https:\/\/www.gaveanews.com\/wp-content\/uploads\/Bandeira-do-Vasco-da-Gama.webp\",\"contentUrl\":\"https:\/\/www.gaveanews.com\/wp-content\/uploads\/Bandeira-do-Vasco-da-Gama.webp\",\"width\":1159,\"height\":772,\"caption\":\"Bandeira do Vasco da Gama (Foto: Reprodu\u00e7\u00e3o\/Vasco)\"},{\"@type\":\"BreadcrumbList\",\"@id\":\"https:\/\/www.gaveanews.com\/index.php\/2025\/02\/25\/atacante-desejado-pelo-vasco-desaparece-e-diretoria-toma-decisao\/#breadcrumb\",\"itemListElement\":[{\"@type\":\"ListItem\",\"position\":1,\"name\":\"Home\",\"item\":\"https:\/\/www.gaveanews.com\/\"},{\"@type\":\"ListItem\",\"position\":2,\"name\":\"Atacante desejado pelo Vasco desaparece e diretoria toma decis\u00e3o\"}]},{\"@type\":\"WebSite\",\"@id\":\"https:\/\/www.gaveanews.com\/#website\",\"url\":\"https:\/\/www.gaveanews.com\/\",\"name\":\"G\u00e1vea News\",\"description\":\"Veja todas as not\u00edcias sobre o Flamengo: Contrata\u00e7\u00f5es, categorias de base, resultados das partidas, tabela de classifica\u00e7\u00e3o, pr\u00f3ximos jogos!\",\"potentialAction\":[{\"@type\":\"SearchAction\",\"target\":{\"@type\":\"EntryPoint\",\"urlTemplate\":\"https:\/\/www.gaveanews.com\/?s={search_term_string}\"},\"query-input\":{\"@type\":\"PropertyValueSpecification\",\"valueRequired\":true,\"valueName\":\"search_term_string\"}}],\"inLanguage\":\"pt-BR\"},{\"@type\":\"Person\",\"@id\":\"https:\/\/www.gaveanews.com\/#\/schema\/person\/2424ec6409bc3f068411fc5e4e9b6168\",\"name\":\"Leandro Cardoso\",\"image\":{\"@type\":\"ImageObject\",\"inLanguage\":\"pt-BR\",\"@id\":\"https:\/\/www.gaveanews.com\/#\/schema\/person\/image\/\",\"url\":\"https:\/\/secure.gravatar.com\/avatar\/8ca179f9b55eefe9f376f5493ef25475bfa59fbc28ce937f6076ce20e523098f?s=96&d=mm&r=g\",\"contentUrl\":\"https:\/\/secure.gravatar.com\/avatar\/8ca179f9b55eefe9f376f5493ef25475bfa59fbc28ce937f6076ce20e523098f?s=96&d=mm&r=g\",\"caption\":\"Leandro Cardoso\"}}]}<\/script>\n<!-- \/ Yoast SEO Premium plugin. -->","yoast_head_json":{"title":"Atacante desejado pelo Vasco desaparece e diretoria toma decis\u00e3o","robots":{"index":"index","follow":"follow","max-snippet":"max-snippet:-1","max-image-preview":"max-image-preview:large","max-video-preview":"max-video-preview:-1"},"canonical":"https:\/\/www.gaveanews.com\/index.php\/2025\/02\/25\/atacante-desejado-pelo-vasco-desaparece-e-diretoria-toma-decisao\/","og_locale":"pt_BR","og_type":"article","og_title":"Atacante desejado pelo Vasco desaparece e diretoria toma decis\u00e3o","og_description":"O Vasco da Gama surpreendeu ao retirar a proposta que havia apresentado ao Millonarios, da Col\u00f4mbia, e encerrar as negocia\u00e7\u00f5es com o jovem atacante Neiser Villarreal, de 19 anos. O colombiano, que brilhou no Sul-Americano Sub-20, havia despertado o interesse do clube carioca, mas um &#8220;sumi\u00e7o&#8221; do jogador e de seus representantes fez a diretoria [&hellip;]","og_url":"https:\/\/www.gaveanews.com\/index.php\/2025\/02\/25\/atacante-desejado-pelo-vasco-desaparece-e-diretoria-toma-decisao\/","og_site_name":"G\u00e1vea News","article_publisher":"https:\/\/facebook.com\/gaveaNews\/","article_published_time":"2025-02-26T01:05:00+00:00","og_image":[{"width":1159,"height":772,"url":"https:\/\/www.gaveanews.com\/wp-content\/uploads\/Bandeira-do-Vasco-da-Gama.webp","type":"image\/webp"}],"author":"Leandro Cardoso","twitter_card":"summary_large_image","twitter_misc":{"Escrito por":"Leandro Cardoso","Est. tempo de leitura":"3 minutos"},"schema":{"@context":"https:\/\/schema.org","@graph":[{"@type":"NewsArticle","@id":"https:\/\/www.gaveanews.com\/index.php\/2025\/02\/25\/atacante-desejado-pelo-vasco-desaparece-e-diretoria-toma-decisao\/#article","isPartOf":{"@id":"https:\/\/www.gaveanews.com\/index.php\/2025\/02\/25\/atacante-desejado-pelo-vasco-desaparece-e-diretoria-toma-decisao\/"},"author":{"name":"Leandro Cardoso","@id":"https:\/\/www.gaveanews.com\/#\/schema\/person\/2424ec6409bc3f068411fc5e4e9b6168"},"headline":"Atacante desejado pelo Vasco desaparece e diretoria toma decis\u00e3o","datePublished":"2025-02-26T01:05:00+00:00","mainEntityOfPage":{"@id":"https:\/\/www.gaveanews.com\/index.php\/2025\/02\/25\/atacante-desejado-pelo-vasco-desaparece-e-diretoria-toma-decisao\/"},"wordCount":435,"commentCount":0,"image":{"@id":"https:\/\/www.gaveanews.com\/index.php\/2025\/02\/25\/atacante-desejado-pelo-vasco-desaparece-e-diretoria-toma-decisao\/#primaryimage"},"thumbnailUrl":"https:\/\/www.gaveanews.com\/wp-content\/uploads\/Bandeira-do-Vasco-da-Gama.webp","articleSection":["Vasco"],"inLanguage":"pt-BR","potentialAction":[{"@type":"CommentAction","name":"Comment","target":["https:\/\/www.gaveanews.com\/index.php\/2025\/02\/25\/atacante-desejado-pelo-vasco-desaparece-e-diretoria-toma-decisao\/#respond"]}],"copyrightYear":"2025","copyrightHolder":{"@id":"https:\/\/www.gaveanews.com\/#organization"}},{"@type":"WebPage","@id":"https:\/\/www.gaveanews.com\/index.php\/2025\/02\/25\/atacante-desejado-pelo-vasco-desaparece-e-diretoria-toma-decisao\/","url":"https:\/\/www.gaveanews.com\/index.php\/2025\/02\/25\/atacante-desejado-pelo-vasco-desaparece-e-diretoria-toma-decisao\/","name":"Atacante desejado pelo Vasco desaparece e diretoria toma decis\u00e3o","isPartOf":{"@id":"https:\/\/www.gaveanews.com\/#website"},"primaryImageOfPage":{"@id":"https:\/\/www.gaveanews.com\/index.php\/2025\/02\/25\/atacante-desejado-pelo-vasco-desaparece-e-diretoria-toma-decisao\/#primaryimage"},"image":{"@id":"https:\/\/www.gaveanews.com\/index.php\/2025\/02\/25\/atacante-desejado-pelo-vasco-desaparece-e-diretoria-toma-decisao\/#primaryimage"},"thumbnailUrl":"https:\/\/www.gaveanews.com\/wp-content\/uploads\/Bandeira-do-Vasco-da-Gama.webp","datePublished":"2025-02-26T01:05:00+00:00","author":{"@id":"https:\/\/www.gaveanews.com\/#\/schema\/person\/2424ec6409bc3f068411fc5e4e9b6168"},"breadcrumb":{"@id":"https:\/\/www.gaveanews.com\/index.php\/2025\/02\/25\/atacante-desejado-pelo-vasco-desaparece-e-diretoria-toma-decisao\/#breadcrumb"},"inLanguage":"pt-BR","potentialAction":[{"@type":"ReadAction","target":["https:\/\/www.gaveanews.com\/index.php\/2025\/02\/25\/atacante-desejado-pelo-vasco-desaparece-e-diretoria-toma-decisao\/"]}]},{"@type":"ImageObject","inLanguage":"pt-BR","@id":"https:\/\/www.gaveanews.com\/index.php\/2025\/02\/25\/atacante-desejado-pelo-vasco-desaparece-e-diretoria-toma-decisao\/#primaryimage","url":"https:\/\/www.gaveanews.com\/wp-content\/uploads\/Bandeira-do-Vasco-da-Gama.webp","contentUrl":"https:\/\/www.gaveanews.com\/wp-content\/uploads\/Bandeira-do-Vasco-da-Gama.webp","width":1159,"height":772,"caption":"Bandeira do Vasco da Gama (Foto: Reprodu\u00e7\u00e3o\/Vasco)"},{"@type":"BreadcrumbList","@id":"https:\/\/www.gaveanews.com\/index.php\/2025\/02\/25\/atacante-desejado-pelo-vasco-desaparece-e-diretoria-toma-decisao\/#breadcrumb","itemListElement":[{"@type":"ListItem","position":1,"name":"Home","item":"https:\/\/www.gaveanews.com\/"},{"@type":"ListItem","position":2,"name":"Atacante desejado pelo Vasco desaparece e diretoria toma decis\u00e3o"}]},{"@type":"WebSite","@id":"https:\/\/www.gaveanews.com\/#website","url":"https:\/\/www.gaveanews.com\/","name":"G\u00e1vea News","description":"Veja todas as not\u00edcias sobre o Flamengo: Contrata\u00e7\u00f5es, categorias de base, resultados das partidas, tabela de classifica\u00e7\u00e3o, pr\u00f3ximos jogos!","potentialAction":[{"@type":"SearchAction","target":{"@type":"EntryPoint","urlTemplate":"https:\/\/www.gaveanews.com\/?s={search_term_string}"},"query-input":{"@type":"PropertyValueSpecification","valueRequired":true,"valueName":"search_term_string"}}],"inLanguage":"pt-BR"},{"@type":"Person","@id":"https:\/\/www.gaveanews.com\/#\/schema\/person\/2424ec6409bc3f068411fc5e4e9b6168","name":"Leandro Cardoso","image":{"@type":"ImageObject","inLanguage":"pt-BR","@id":"https:\/\/www.gaveanews.com\/#\/schema\/person\/image\/","url":"https:\/\/secure.gravatar.com\/avatar\/8ca179f9b55eefe9f376f5493ef25475bfa59fbc28ce937f6076ce20e523098f?s=96&d=mm&r=g","contentUrl":"https:\/\/secure.gravatar.com\/avatar\/8ca179f9b55eefe9f376f5493ef25475bfa59fbc28ce937f6076ce20e523098f?s=96&d=mm&r=g","caption":"Leandro Cardoso"}}]}},"_links":{"self":[{"href":"https:\/\/www.gaveanews.com\/index.php\/wp-json\/wp\/v2\/posts\/232589","targetHints":{"allow":["GET"]}}],"collection":[{"href":"https:\/\/www.gaveanews.com\/index.php\/wp-json\/wp\/v2\/posts"}],"about":[{"href":"https:\/\/www.gaveanews.com\/index.php\/wp-json\/wp\/v2\/types\/post"}],"author":[{"embeddable":true,"href":"https:\/\/www.gaveanews.com\/index.php\/wp-json\/wp\/v2\/users\/24"}],"replies":[{"embeddable":true,"href":"https:\/\/www.gaveanews.com\/index.php\/wp-json\/wp\/v2\/comments?post=232589"}],"version-history":[{"count":1,"href":"https:\/\/www.gaveanews.com\/index.php\/wp-json\/wp\/v2\/posts\/232589\/revisions"}],"predecessor-version":[{"id":232591,"href":"https:\/\/www.gaveanews.com\/index.php\/wp-json\/wp\/v2\/posts\/232589\/revisions\/232591"}],"wp:featuredmedia":[{"embeddable":true,"href":"https:\/\/www.gaveanews.com\/index.php\/wp-json\/wp\/v2\/media\/152090"}],"wp:attachment":[{"href":"https:\/\/www.gaveanews.com\/index.php\/wp-json\/wp\/v2\/media?parent=232589"}],"wp:term":[{"taxonomy":"category","embeddable":true,"href":"https:\/\/www.gaveanews.com\/index.php\/wp-json\/wp\/v2\/categories?post=232589"},{"taxonomy":"post_tag","embeddable":true,"href":"https:\/\/www.gaveanews.com\/index.php\/wp-json\/wp\/v2\/tags?post=232589"}],"curies":[{"name":"wp","href":"https:\/\/api.w.org\/{rel}","templated":true}]}}