{"id":232596,"date":"2025-02-25T22:20:00","date_gmt":"2025-02-26T01:20:00","guid":{"rendered":"https:\/\/www.gaveanews.com\/?p=232596"},"modified":"2025-02-25T20:03:21","modified_gmt":"2025-02-25T23:03:21","slug":"martelo-batido-corinthians-decide-futuro-de-talles-magno","status":"publish","type":"post","link":"https:\/\/www.gaveanews.com\/index.php\/2025\/02\/25\/martelo-batido-corinthians-decide-futuro-de-talles-magno\/","title":{"rendered":"Martelo batido! Corinthians decide futuro de Talles Magno"},"content":{"rendered":"\n<p>O Corinthians tem acelerado as conversas com o New York City, dos Estados Unidos, e tenta estender o contrato de Talles Magno. O atacante tem v\u00ednculo com o Tim\u00e3o s\u00f3 at\u00e9 o final de junho e a diretoria tenta estend\u00ea-lo at\u00e9 dezembro.<\/p>\n\n\n\n<p>Contratado junto ao New York City no meio da temporada passada, Talles Magno tem sido o principal destaque do time do Parque S\u00e3o Jorge em 2025. Em 11 jogos, j\u00e1 marcou cinco gols, uma m\u00e9dia de quase 1 gol a cada duas partidas.<\/p>\n\n\n\n<p>Com o bom desempenho, o Tim\u00e3o tem intensificado as tratativas para renovar o contrato do jogador e o diretor de futebol Fabinho Soldado \u00e9 quem lidera a situa\u00e7\u00e3o. A expectativa \u00e9 que cheguem a um acordo ainda nesta semana e haja um desfecho positivo para o Alvinegro. O executivo conta com o otimismo criado pela boa ambienta\u00e7\u00e3o do atleta e desejo de permanecer em S\u00e3o Paulo.<\/p>\n\n\n\n<p>\u201cTivemos algumas conversas (sobre renova\u00e7\u00e3o). Nessa semana queremos intensificar e chegar a um desfecho. O atleta est\u00e1 muito satisfeito, ele quer renovar, n\u00f3s queremos tamb\u00e9m. Mas claro que existe um processo que precisamos avan\u00e7ar e essa semana vai ser definitiva\u201d, disse Fabinho Soldado.<\/p>\n\n\n\n<p>Talles Magno foi revelado nas categorias de base do Vasco da Gama e depois se destacou pela equipe principal. Em 2021, despertou o interesse do New York City e foi negociado por 42 milh\u00f5es de reais. Mas embora tenha alcan\u00e7ado n\u00fameros positivos nos Estados Unidos, com 19 gols e 10 assist\u00eancias em quatro temporadas, perdeu espa\u00e7o e foi emprestado para o Corinthians.<\/p>\n\n\n\n<p>Sob o comando de Ram\u00f3n D\u00edaz neste ano, participou de 11 dos 13 jogos do Tim\u00e3o, entre Campeonato Paulista e Copa Libertadores da Am\u00e9rica. Inclusive, deve ser utilizado no jogo de volta das preliminares da competi\u00e7\u00e3o continental na pr\u00f3xima quarta-feira (26\/2), contra o Universidad Central de Venezuela, na Neo Qu\u00edmica Arena. O Corinthians precisa de uma vit\u00f3ria simples para avan\u00e7ar para a terceira fase, haja visto que ficou no empate em 1 a 1, na Venezuela.<\/p>\n","protected":false},"excerpt":{"rendered":"<p>O Corinthians tem acelerado as conversas com o New York City, dos Estados Unidos, e tenta estender o contrato de Talles Magno. O atacante tem v\u00ednculo com o Tim\u00e3o s\u00f3 at\u00e9 o final de junho e a diretoria tenta estend\u00ea-lo at\u00e9 dezembro. Contratado junto ao New York City no meio da temporada passada, Talles Magno [&hellip;]<\/p>\n","protected":false},"author":29,"featured_media":159236,"comment_status":"open","ping_status":"closed","sticky":false,"template":"","format":"standard","meta":{"footnotes":""},"categories":[141],"tags":[],"class_list":["post-232596","post","type-post","status-publish","format-standard","has-post-thumbnail","hentry","category-corinthians"],"yoast_head":"<!-- This site is optimized with the Yoast SEO Premium plugin v24.2 (Yoast SEO v26.9) - https:\/\/yoast.com\/product\/yoast-seo-premium-wordpress\/ -->\n<title>Martelo batido! Corinthians decide futuro de Talles Magno<\/title>\n<meta name=\"robots\" content=\"index, follow, max-snippet:-1, max-image-preview:large, max-video-preview:-1\" \/>\n<link rel=\"canonical\" href=\"https:\/\/www.gaveanews.com\/index.php\/2025\/02\/25\/martelo-batido-corinthians-decide-futuro-de-talles-magno\/\" \/>\n<meta property=\"og:locale\" content=\"pt_BR\" \/>\n<meta property=\"og:type\" content=\"article\" \/>\n<meta property=\"og:title\" content=\"Martelo batido! Corinthians decide futuro de Talles Magno\" \/>\n<meta property=\"og:description\" content=\"O Corinthians tem acelerado as conversas com o New York City, dos Estados Unidos, e tenta estender o contrato de Talles Magno. O atacante tem v\u00ednculo com o Tim\u00e3o s\u00f3 at\u00e9 o final de junho e a diretoria tenta estend\u00ea-lo at\u00e9 dezembro. Contratado junto ao New York City no meio da temporada passada, Talles Magno [&hellip;]\" \/>\n<meta property=\"og:url\" content=\"https:\/\/www.gaveanews.com\/index.php\/2025\/02\/25\/martelo-batido-corinthians-decide-futuro-de-talles-magno\/\" \/>\n<meta property=\"og:site_name\" content=\"G\u00e1vea News\" \/>\n<meta property=\"article:publisher\" content=\"https:\/\/facebook.com\/gaveaNews\/\" \/>\n<meta property=\"article:published_time\" content=\"2025-02-26T01:20:00+00:00\" \/>\n<meta property=\"og:image\" content=\"https:\/\/www.gaveanews.com\/wp-content\/uploads\/Talles-Magno-ergue-a-mao-para-o-ceu-apos-marcar-seu-primeiro-gol-pelo-Corinthians.webp\" \/>\n\t<meta property=\"og:image:width\" content=\"1080\" \/>\n\t<meta property=\"og:image:height\" content=\"1349\" \/>\n\t<meta property=\"og:image:type\" content=\"image\/jpeg\" \/>\n<meta name=\"author\" content=\"Marco Menezes\" \/>\n<meta name=\"twitter:card\" content=\"summary_large_image\" \/>\n<meta name=\"twitter:label1\" content=\"Escrito por\" \/>\n\t<meta name=\"twitter:data1\" content=\"Marco Menezes\" \/>\n\t<meta name=\"twitter:label2\" content=\"Est. tempo de leitura\" \/>\n\t<meta name=\"twitter:data2\" content=\"3 minutos\" \/>\n<script type=\"application\/ld+json\" class=\"yoast-schema-graph\">{\"@context\":\"https:\/\/schema.org\",\"@graph\":[{\"@type\":\"NewsArticle\",\"@id\":\"https:\/\/www.gaveanews.com\/index.php\/2025\/02\/25\/martelo-batido-corinthians-decide-futuro-de-talles-magno\/#article\",\"isPartOf\":{\"@id\":\"https:\/\/www.gaveanews.com\/index.php\/2025\/02\/25\/martelo-batido-corinthians-decide-futuro-de-talles-magno\/\"},\"author\":{\"name\":\"Marco Menezes\",\"@id\":\"https:\/\/www.gaveanews.com\/#\/schema\/person\/a9f62fe75380c6bada1b2fc49bc23d69\"},\"headline\":\"Martelo batido! Corinthians decide futuro de Talles Magno\",\"datePublished\":\"2025-02-26T01:20:00+00:00\",\"mainEntityOfPage\":{\"@id\":\"https:\/\/www.gaveanews.com\/index.php\/2025\/02\/25\/martelo-batido-corinthians-decide-futuro-de-talles-magno\/\"},\"wordCount\":353,\"commentCount\":0,\"image\":{\"@id\":\"https:\/\/www.gaveanews.com\/index.php\/2025\/02\/25\/martelo-batido-corinthians-decide-futuro-de-talles-magno\/#primaryimage\"},\"thumbnailUrl\":\"https:\/\/www.gaveanews.com\/wp-content\/uploads\/Talles-Magno-ergue-a-mao-para-o-ceu-apos-marcar-seu-primeiro-gol-pelo-Corinthians.webp\",\"articleSection\":[\"Corinthians\"],\"inLanguage\":\"pt-BR\",\"potentialAction\":[{\"@type\":\"CommentAction\",\"name\":\"Comment\",\"target\":[\"https:\/\/www.gaveanews.com\/index.php\/2025\/02\/25\/martelo-batido-corinthians-decide-futuro-de-talles-magno\/#respond\"]}],\"copyrightYear\":\"2025\",\"copyrightHolder\":{\"@id\":\"https:\/\/www.gaveanews.com\/#organization\"}},{\"@type\":\"WebPage\",\"@id\":\"https:\/\/www.gaveanews.com\/index.php\/2025\/02\/25\/martelo-batido-corinthians-decide-futuro-de-talles-magno\/\",\"url\":\"https:\/\/www.gaveanews.com\/index.php\/2025\/02\/25\/martelo-batido-corinthians-decide-futuro-de-talles-magno\/\",\"name\":\"Martelo batido! Corinthians decide futuro de Talles Magno\",\"isPartOf\":{\"@id\":\"https:\/\/www.gaveanews.com\/#website\"},\"primaryImageOfPage\":{\"@id\":\"https:\/\/www.gaveanews.com\/index.php\/2025\/02\/25\/martelo-batido-corinthians-decide-futuro-de-talles-magno\/#primaryimage\"},\"image\":{\"@id\":\"https:\/\/www.gaveanews.com\/index.php\/2025\/02\/25\/martelo-batido-corinthians-decide-futuro-de-talles-magno\/#primaryimage\"},\"thumbnailUrl\":\"https:\/\/www.gaveanews.com\/wp-content\/uploads\/Talles-Magno-ergue-a-mao-para-o-ceu-apos-marcar-seu-primeiro-gol-pelo-Corinthians.webp\",\"datePublished\":\"2025-02-26T01:20:00+00:00\",\"author\":{\"@id\":\"https:\/\/www.gaveanews.com\/#\/schema\/person\/a9f62fe75380c6bada1b2fc49bc23d69\"},\"breadcrumb\":{\"@id\":\"https:\/\/www.gaveanews.com\/index.php\/2025\/02\/25\/martelo-batido-corinthians-decide-futuro-de-talles-magno\/#breadcrumb\"},\"inLanguage\":\"pt-BR\",\"potentialAction\":[{\"@type\":\"ReadAction\",\"target\":[\"https:\/\/www.gaveanews.com\/index.php\/2025\/02\/25\/martelo-batido-corinthians-decide-futuro-de-talles-magno\/\"]}]},{\"@type\":\"ImageObject\",\"inLanguage\":\"pt-BR\",\"@id\":\"https:\/\/www.gaveanews.com\/index.php\/2025\/02\/25\/martelo-batido-corinthians-decide-futuro-de-talles-magno\/#primaryimage\",\"url\":\"https:\/\/www.gaveanews.com\/wp-content\/uploads\/Talles-Magno-ergue-a-mao-para-o-ceu-apos-marcar-seu-primeiro-gol-pelo-Corinthians.webp\",\"contentUrl\":\"https:\/\/www.gaveanews.com\/wp-content\/uploads\/Talles-Magno-ergue-a-mao-para-o-ceu-apos-marcar-seu-primeiro-gol-pelo-Corinthians.webp\",\"width\":1080,\"height\":1349,\"caption\":\"Talles Magno ergue a m\u00e3o para o c\u00e9u ap\u00f3s marcar seu primeiro gol pelo Corinthians (Foto: Reprodu\u00e7\u00e3o\/Instagram)\"},{\"@type\":\"BreadcrumbList\",\"@id\":\"https:\/\/www.gaveanews.com\/index.php\/2025\/02\/25\/martelo-batido-corinthians-decide-futuro-de-talles-magno\/#breadcrumb\",\"itemListElement\":[{\"@type\":\"ListItem\",\"position\":1,\"name\":\"Home\",\"item\":\"https:\/\/www.gaveanews.com\/\"},{\"@type\":\"ListItem\",\"position\":2,\"name\":\"Martelo batido! Corinthians decide futuro de Talles Magno\"}]},{\"@type\":\"WebSite\",\"@id\":\"https:\/\/www.gaveanews.com\/#website\",\"url\":\"https:\/\/www.gaveanews.com\/\",\"name\":\"G\u00e1vea News\",\"description\":\"Veja todas as not\u00edcias sobre o Flamengo: Contrata\u00e7\u00f5es, categorias de base, resultados das partidas, tabela de classifica\u00e7\u00e3o, pr\u00f3ximos jogos!\",\"potentialAction\":[{\"@type\":\"SearchAction\",\"target\":{\"@type\":\"EntryPoint\",\"urlTemplate\":\"https:\/\/www.gaveanews.com\/?s={search_term_string}\"},\"query-input\":{\"@type\":\"PropertyValueSpecification\",\"valueRequired\":true,\"valueName\":\"search_term_string\"}}],\"inLanguage\":\"pt-BR\"},{\"@type\":\"Person\",\"@id\":\"https:\/\/www.gaveanews.com\/#\/schema\/person\/a9f62fe75380c6bada1b2fc49bc23d69\",\"name\":\"Marco Menezes\",\"image\":{\"@type\":\"ImageObject\",\"inLanguage\":\"pt-BR\",\"@id\":\"https:\/\/www.gaveanews.com\/#\/schema\/person\/image\/\",\"url\":\"https:\/\/secure.gravatar.com\/avatar\/a1d148ae17fc8bfc5dbccffd07979e8bd2c9ba494221779de86ec2c7907b71ec?s=96&d=mm&r=g\",\"contentUrl\":\"https:\/\/secure.gravatar.com\/avatar\/a1d148ae17fc8bfc5dbccffd07979e8bd2c9ba494221779de86ec2c7907b71ec?s=96&d=mm&r=g\",\"caption\":\"Marco Menezes\"}}]}<\/script>\n<!-- \/ Yoast SEO Premium plugin. -->","yoast_head_json":{"title":"Martelo batido! Corinthians decide futuro de Talles Magno","robots":{"index":"index","follow":"follow","max-snippet":"max-snippet:-1","max-image-preview":"max-image-preview:large","max-video-preview":"max-video-preview:-1"},"canonical":"https:\/\/www.gaveanews.com\/index.php\/2025\/02\/25\/martelo-batido-corinthians-decide-futuro-de-talles-magno\/","og_locale":"pt_BR","og_type":"article","og_title":"Martelo batido! Corinthians decide futuro de Talles Magno","og_description":"O Corinthians tem acelerado as conversas com o New York City, dos Estados Unidos, e tenta estender o contrato de Talles Magno. O atacante tem v\u00ednculo com o Tim\u00e3o s\u00f3 at\u00e9 o final de junho e a diretoria tenta estend\u00ea-lo at\u00e9 dezembro. Contratado junto ao New York City no meio da temporada passada, Talles Magno [&hellip;]","og_url":"https:\/\/www.gaveanews.com\/index.php\/2025\/02\/25\/martelo-batido-corinthians-decide-futuro-de-talles-magno\/","og_site_name":"G\u00e1vea News","article_publisher":"https:\/\/facebook.com\/gaveaNews\/","article_published_time":"2025-02-26T01:20:00+00:00","og_image":[{"width":1080,"height":1349,"url":"https:\/\/www.gaveanews.com\/wp-content\/uploads\/Talles-Magno-ergue-a-mao-para-o-ceu-apos-marcar-seu-primeiro-gol-pelo-Corinthians.webp","type":"image\/jpeg"}],"author":"Marco Menezes","twitter_card":"summary_large_image","twitter_misc":{"Escrito por":"Marco Menezes","Est. tempo de leitura":"3 minutos"},"schema":{"@context":"https:\/\/schema.org","@graph":[{"@type":"NewsArticle","@id":"https:\/\/www.gaveanews.com\/index.php\/2025\/02\/25\/martelo-batido-corinthians-decide-futuro-de-talles-magno\/#article","isPartOf":{"@id":"https:\/\/www.gaveanews.com\/index.php\/2025\/02\/25\/martelo-batido-corinthians-decide-futuro-de-talles-magno\/"},"author":{"name":"Marco Menezes","@id":"https:\/\/www.gaveanews.com\/#\/schema\/person\/a9f62fe75380c6bada1b2fc49bc23d69"},"headline":"Martelo batido! Corinthians decide futuro de Talles Magno","datePublished":"2025-02-26T01:20:00+00:00","mainEntityOfPage":{"@id":"https:\/\/www.gaveanews.com\/index.php\/2025\/02\/25\/martelo-batido-corinthians-decide-futuro-de-talles-magno\/"},"wordCount":353,"commentCount":0,"image":{"@id":"https:\/\/www.gaveanews.com\/index.php\/2025\/02\/25\/martelo-batido-corinthians-decide-futuro-de-talles-magno\/#primaryimage"},"thumbnailUrl":"https:\/\/www.gaveanews.com\/wp-content\/uploads\/Talles-Magno-ergue-a-mao-para-o-ceu-apos-marcar-seu-primeiro-gol-pelo-Corinthians.webp","articleSection":["Corinthians"],"inLanguage":"pt-BR","potentialAction":[{"@type":"CommentAction","name":"Comment","target":["https:\/\/www.gaveanews.com\/index.php\/2025\/02\/25\/martelo-batido-corinthians-decide-futuro-de-talles-magno\/#respond"]}],"copyrightYear":"2025","copyrightHolder":{"@id":"https:\/\/www.gaveanews.com\/#organization"}},{"@type":"WebPage","@id":"https:\/\/www.gaveanews.com\/index.php\/2025\/02\/25\/martelo-batido-corinthians-decide-futuro-de-talles-magno\/","url":"https:\/\/www.gaveanews.com\/index.php\/2025\/02\/25\/martelo-batido-corinthians-decide-futuro-de-talles-magno\/","name":"Martelo batido! Corinthians decide futuro de Talles Magno","isPartOf":{"@id":"https:\/\/www.gaveanews.com\/#website"},"primaryImageOfPage":{"@id":"https:\/\/www.gaveanews.com\/index.php\/2025\/02\/25\/martelo-batido-corinthians-decide-futuro-de-talles-magno\/#primaryimage"},"image":{"@id":"https:\/\/www.gaveanews.com\/index.php\/2025\/02\/25\/martelo-batido-corinthians-decide-futuro-de-talles-magno\/#primaryimage"},"thumbnailUrl":"https:\/\/www.gaveanews.com\/wp-content\/uploads\/Talles-Magno-ergue-a-mao-para-o-ceu-apos-marcar-seu-primeiro-gol-pelo-Corinthians.webp","datePublished":"2025-02-26T01:20:00+00:00","author":{"@id":"https:\/\/www.gaveanews.com\/#\/schema\/person\/a9f62fe75380c6bada1b2fc49bc23d69"},"breadcrumb":{"@id":"https:\/\/www.gaveanews.com\/index.php\/2025\/02\/25\/martelo-batido-corinthians-decide-futuro-de-talles-magno\/#breadcrumb"},"inLanguage":"pt-BR","potentialAction":[{"@type":"ReadAction","target":["https:\/\/www.gaveanews.com\/index.php\/2025\/02\/25\/martelo-batido-corinthians-decide-futuro-de-talles-magno\/"]}]},{"@type":"ImageObject","inLanguage":"pt-BR","@id":"https:\/\/www.gaveanews.com\/index.php\/2025\/02\/25\/martelo-batido-corinthians-decide-futuro-de-talles-magno\/#primaryimage","url":"https:\/\/www.gaveanews.com\/wp-content\/uploads\/Talles-Magno-ergue-a-mao-para-o-ceu-apos-marcar-seu-primeiro-gol-pelo-Corinthians.webp","contentUrl":"https:\/\/www.gaveanews.com\/wp-content\/uploads\/Talles-Magno-ergue-a-mao-para-o-ceu-apos-marcar-seu-primeiro-gol-pelo-Corinthians.webp","width":1080,"height":1349,"caption":"Talles Magno ergue a m\u00e3o para o c\u00e9u ap\u00f3s marcar seu primeiro gol pelo Corinthians (Foto: Reprodu\u00e7\u00e3o\/Instagram)"},{"@type":"BreadcrumbList","@id":"https:\/\/www.gaveanews.com\/index.php\/2025\/02\/25\/martelo-batido-corinthians-decide-futuro-de-talles-magno\/#breadcrumb","itemListElement":[{"@type":"ListItem","position":1,"name":"Home","item":"https:\/\/www.gaveanews.com\/"},{"@type":"ListItem","position":2,"name":"Martelo batido! Corinthians decide futuro de Talles Magno"}]},{"@type":"WebSite","@id":"https:\/\/www.gaveanews.com\/#website","url":"https:\/\/www.gaveanews.com\/","name":"G\u00e1vea News","description":"Veja todas as not\u00edcias sobre o Flamengo: Contrata\u00e7\u00f5es, categorias de base, resultados das partidas, tabela de classifica\u00e7\u00e3o, pr\u00f3ximos jogos!","potentialAction":[{"@type":"SearchAction","target":{"@type":"EntryPoint","urlTemplate":"https:\/\/www.gaveanews.com\/?s={search_term_string}"},"query-input":{"@type":"PropertyValueSpecification","valueRequired":true,"valueName":"search_term_string"}}],"inLanguage":"pt-BR"},{"@type":"Person","@id":"https:\/\/www.gaveanews.com\/#\/schema\/person\/a9f62fe75380c6bada1b2fc49bc23d69","name":"Marco Menezes","image":{"@type":"ImageObject","inLanguage":"pt-BR","@id":"https:\/\/www.gaveanews.com\/#\/schema\/person\/image\/","url":"https:\/\/secure.gravatar.com\/avatar\/a1d148ae17fc8bfc5dbccffd07979e8bd2c9ba494221779de86ec2c7907b71ec?s=96&d=mm&r=g","contentUrl":"https:\/\/secure.gravatar.com\/avatar\/a1d148ae17fc8bfc5dbccffd07979e8bd2c9ba494221779de86ec2c7907b71ec?s=96&d=mm&r=g","caption":"Marco Menezes"}}]}},"_links":{"self":[{"href":"https:\/\/www.gaveanews.com\/index.php\/wp-json\/wp\/v2\/posts\/232596","targetHints":{"allow":["GET"]}}],"collection":[{"href":"https:\/\/www.gaveanews.com\/index.php\/wp-json\/wp\/v2\/posts"}],"about":[{"href":"https:\/\/www.gaveanews.com\/index.php\/wp-json\/wp\/v2\/types\/post"}],"author":[{"embeddable":true,"href":"https:\/\/www.gaveanews.com\/index.php\/wp-json\/wp\/v2\/users\/29"}],"replies":[{"embeddable":true,"href":"https:\/\/www.gaveanews.com\/index.php\/wp-json\/wp\/v2\/comments?post=232596"}],"version-history":[{"count":1,"href":"https:\/\/www.gaveanews.com\/index.php\/wp-json\/wp\/v2\/posts\/232596\/revisions"}],"predecessor-version":[{"id":232597,"href":"https:\/\/www.gaveanews.com\/index.php\/wp-json\/wp\/v2\/posts\/232596\/revisions\/232597"}],"wp:featuredmedia":[{"embeddable":true,"href":"https:\/\/www.gaveanews.com\/index.php\/wp-json\/wp\/v2\/media\/159236"}],"wp:attachment":[{"href":"https:\/\/www.gaveanews.com\/index.php\/wp-json\/wp\/v2\/media?parent=232596"}],"wp:term":[{"taxonomy":"category","embeddable":true,"href":"https:\/\/www.gaveanews.com\/index.php\/wp-json\/wp\/v2\/categories?post=232596"},{"taxonomy":"post_tag","embeddable":true,"href":"https:\/\/www.gaveanews.com\/index.php\/wp-json\/wp\/v2\/tags?post=232596"}],"curies":[{"name":"wp","href":"https:\/\/api.w.org\/{rel}","templated":true}]}}