{"id":232632,"date":"2025-02-25T23:25:00","date_gmt":"2025-02-26T02:25:00","guid":{"rendered":"https:\/\/www.gaveanews.com\/?p=232632"},"modified":"2025-02-25T20:12:34","modified_gmt":"2025-02-25T23:12:34","slug":"a-declaracao-de-ancelotti-direcionada-a-endrick-do-real-madrid-nao-sera-vinicius","status":"publish","type":"post","link":"https:\/\/www.gaveanews.com\/index.php\/2025\/02\/25\/a-declaracao-de-ancelotti-direcionada-a-endrick-do-real-madrid-nao-sera-vinicius\/","title":{"rendered":"A declara\u00e7\u00e3o de Ancelotti direcionada a Endrick, do Real Madrid: &#8220;N\u00e3o ser\u00e1 Vinicius&#8221;"},"content":{"rendered":"\n<p>Endrick segue em busca de espa\u00e7o no Real Madrid e recebe elogios de Ancelotti<\/p>\n\n\n\n<p>Endrick ainda vive um momento de afirma\u00e7\u00e3o no Real Madrid e busca mais espa\u00e7o na equipe comandada por Carlo Ancelotti. O atacante, contratado como uma das grandes promessas do futebol brasileiro, tem sido utilizado com pouca frequ\u00eancia na temporada e ainda n\u00e3o se firmou entre os titulares.<\/p>\n\n\n\n<p>Em 29 jogos disputados pelo Real Madrid no ciclo atual, Endrick iniciou apenas tr\u00eas como titular. Nos \u00faltimos compromissos, saiu do banco de reservas nos minutos finais em duas partidas e sequer foi utilizado em tr\u00eas dos cinco jogos mais recentes.<\/p>\n\n\n\n<p>Nesta ter\u00e7a-feira (25), Ancelotti foi questionado sobre a situa\u00e7\u00e3o do jovem atacante e explicou que Endrick tem caracter\u00edsticas distintas dos compatriotas Rodrygo e Vinicius Jr., o que demanda um processo diferente de adapta\u00e7\u00e3o ao time.<\/p>\n\n\n\n<p>\u201cPelas caracter\u00edsticas, o Endrick n\u00e3o ser\u00e1 Rodrygo e n\u00e3o ser\u00e1 Vinicius. Tem caracter\u00edsticas distintas, mas ser\u00e1 um grande atacante. N\u00e3o tenho nenhuma d\u00favida sobre isso. N\u00e3o h\u00e1 &#8216;Caso Endrick&#8217; neste momento. A ver o que acontece\u201d, afirmou o treinador.<\/p>\n\n\n\n<p>O t\u00e9cnico italiano, que tem experi\u00eancia em lidar com jovens talentos no Real Madrid, refor\u00e7ou a necessidade de paci\u00eancia para que as promessas se desenvolvam no elenco. Segundo ele, parte do processo envolve tamb\u00e9m administrar a ansiedade dos pr\u00f3prios jogadores que buscam mais minutos em campo.<\/p>\n\n\n\n<p>Al\u00e9m de Endrick, outro jovem que enfrenta dificuldades para encontrar espa\u00e7o no time \u00e9 o turco Arda G\u00fcler, de 20 anos. Ambos aguardam mais oportunidades para mostrar servi\u00e7o.<\/p>\n\n\n\n<p>\u201cEstou todos os dias com os jovens. Com Arda, com Endrick, todos os dias. Todos os dias os vejo um dia um pouco mais contentes, um dia um pouco menos, mas isso \u00e9 absolutamente normal. N\u00e3o quero ver um jogador feliz quando n\u00e3o joga. Quero ver um jogador que quer jogar, que trabalha, que aprende e que quer jogar\u201d, explicou Ancelotti.<\/p>\n\n\n\n<p>O treinador destacou ainda que o processo de amadurecimento de um jogador envolve n\u00e3o apenas a rela\u00e7\u00e3o com a comiss\u00e3o t\u00e9cnica, mas tamb\u00e9m a influ\u00eancia de pessoas de fora do clube, algo que pode impactar na mentalidade e no desenvolvimento dos atletas.<\/p>\n\n\n\n<p>\u201cMe parece absolutamente normal, mas essa \u00e9 uma pequena parte do tempo que eu passo com ele. Ele passa muito tempo com outras pessoas. N\u00e3o sei se essas outras pessoas t\u00eam as mesmas ideias que eu tenho, a mesma linha que quero ter com ele para que aprenda, que melhore e que logo jogue no Real Madrid\u201d, completou o t\u00e9cnico.<\/p>\n\n\n\n<p>Endrick segue treinando com o elenco merengue e deve ser relacionado para o pr\u00f3ximo compromisso do Real Madrid. A equipe volta a campo nesta quarta-feira (26), para enfrentar a Real Sociedad, no jogo de ida das semifinais da Copa do Rei, \u00e0s 17h30 (de Bras\u00edlia).<\/p>\n","protected":false},"excerpt":{"rendered":"<p>Endrick segue em busca de espa\u00e7o no Real Madrid e recebe elogios de Ancelotti Endrick ainda vive um momento de afirma\u00e7\u00e3o no Real Madrid e busca mais espa\u00e7o na equipe comandada por Carlo Ancelotti. O atacante, contratado como uma das grandes promessas do futebol brasileiro, tem sido utilizado com pouca frequ\u00eancia na temporada e ainda [&hellip;]<\/p>\n","protected":false},"author":17,"featured_media":161068,"comment_status":"open","ping_status":"closed","sticky":false,"template":"","format":"standard","meta":{"footnotes":""},"categories":[88],"tags":[],"class_list":["post-232632","post","type-post","status-publish","format-standard","has-post-thumbnail","hentry","category-real-madrid"],"yoast_head":"<!-- This site is optimized with the Yoast SEO Premium plugin v24.2 (Yoast SEO v26.9) - https:\/\/yoast.com\/product\/yoast-seo-premium-wordpress\/ -->\n<title>A declara\u00e7\u00e3o de Ancelotti direcionada a Endrick, do Real Madrid: &quot;N\u00e3o ser\u00e1 Vinicius&quot;<\/title>\n<meta name=\"robots\" content=\"index, follow, max-snippet:-1, max-image-preview:large, max-video-preview:-1\" \/>\n<link rel=\"canonical\" href=\"https:\/\/www.gaveanews.com\/index.php\/2025\/02\/25\/a-declaracao-de-ancelotti-direcionada-a-endrick-do-real-madrid-nao-sera-vinicius\/\" \/>\n<meta property=\"og:locale\" content=\"pt_BR\" \/>\n<meta property=\"og:type\" content=\"article\" \/>\n<meta property=\"og:title\" content=\"A declara\u00e7\u00e3o de Ancelotti direcionada a Endrick, do Real Madrid: &quot;N\u00e3o ser\u00e1 Vinicius&quot;\" \/>\n<meta property=\"og:description\" content=\"Endrick segue em busca de espa\u00e7o no Real Madrid e recebe elogios de Ancelotti Endrick ainda vive um momento de afirma\u00e7\u00e3o no Real Madrid e busca mais espa\u00e7o na equipe comandada por Carlo Ancelotti. O atacante, contratado como uma das grandes promessas do futebol brasileiro, tem sido utilizado com pouca frequ\u00eancia na temporada e ainda [&hellip;]\" \/>\n<meta property=\"og:url\" content=\"https:\/\/www.gaveanews.com\/index.php\/2025\/02\/25\/a-declaracao-de-ancelotti-direcionada-a-endrick-do-real-madrid-nao-sera-vinicius\/\" \/>\n<meta property=\"og:site_name\" content=\"G\u00e1vea News\" \/>\n<meta property=\"article:publisher\" content=\"https:\/\/facebook.com\/gaveaNews\/\" \/>\n<meta property=\"article:published_time\" content=\"2025-02-26T02:25:00+00:00\" \/>\n<meta property=\"og:image\" content=\"https:\/\/www.gaveanews.com\/wp-content\/uploads\/000_36EP8FA-aspect-ratio-512-320.webp\" \/>\n\t<meta property=\"og:image:width\" content=\"1080\" \/>\n\t<meta property=\"og:image:height\" content=\"674\" \/>\n\t<meta property=\"og:image:type\" content=\"image\/webp\" \/>\n<meta name=\"author\" content=\"Geovanna Thomaz\" \/>\n<meta name=\"twitter:card\" content=\"summary_large_image\" \/>\n<meta name=\"twitter:label1\" content=\"Escrito por\" \/>\n\t<meta name=\"twitter:data1\" content=\"Geovanna Thomaz\" \/>\n\t<meta name=\"twitter:label2\" content=\"Est. tempo de leitura\" \/>\n\t<meta name=\"twitter:data2\" content=\"3 minutos\" \/>\n<script type=\"application\/ld+json\" class=\"yoast-schema-graph\">{\"@context\":\"https:\/\/schema.org\",\"@graph\":[{\"@type\":\"NewsArticle\",\"@id\":\"https:\/\/www.gaveanews.com\/index.php\/2025\/02\/25\/a-declaracao-de-ancelotti-direcionada-a-endrick-do-real-madrid-nao-sera-vinicius\/#article\",\"isPartOf\":{\"@id\":\"https:\/\/www.gaveanews.com\/index.php\/2025\/02\/25\/a-declaracao-de-ancelotti-direcionada-a-endrick-do-real-madrid-nao-sera-vinicius\/\"},\"author\":{\"name\":\"Geovanna Thomaz\",\"@id\":\"https:\/\/www.gaveanews.com\/#\/schema\/person\/f42654babcd2b2014a1a65af82b081f1\"},\"headline\":\"A declara\u00e7\u00e3o de Ancelotti direcionada a Endrick, do Real Madrid: &#8220;N\u00e3o ser\u00e1 Vinicius&#8221;\",\"datePublished\":\"2025-02-26T02:25:00+00:00\",\"mainEntityOfPage\":{\"@id\":\"https:\/\/www.gaveanews.com\/index.php\/2025\/02\/25\/a-declaracao-de-ancelotti-direcionada-a-endrick-do-real-madrid-nao-sera-vinicius\/\"},\"wordCount\":507,\"commentCount\":0,\"image\":{\"@id\":\"https:\/\/www.gaveanews.com\/index.php\/2025\/02\/25\/a-declaracao-de-ancelotti-direcionada-a-endrick-do-real-madrid-nao-sera-vinicius\/#primaryimage\"},\"thumbnailUrl\":\"https:\/\/www.gaveanews.com\/wp-content\/uploads\/000_36EP8FA-aspect-ratio-512-320.webp\",\"articleSection\":[\"Real Madrid\"],\"inLanguage\":\"pt-BR\",\"potentialAction\":[{\"@type\":\"CommentAction\",\"name\":\"Comment\",\"target\":[\"https:\/\/www.gaveanews.com\/index.php\/2025\/02\/25\/a-declaracao-de-ancelotti-direcionada-a-endrick-do-real-madrid-nao-sera-vinicius\/#respond\"]}],\"copyrightYear\":\"2025\",\"copyrightHolder\":{\"@id\":\"https:\/\/www.gaveanews.com\/#organization\"}},{\"@type\":\"WebPage\",\"@id\":\"https:\/\/www.gaveanews.com\/index.php\/2025\/02\/25\/a-declaracao-de-ancelotti-direcionada-a-endrick-do-real-madrid-nao-sera-vinicius\/\",\"url\":\"https:\/\/www.gaveanews.com\/index.php\/2025\/02\/25\/a-declaracao-de-ancelotti-direcionada-a-endrick-do-real-madrid-nao-sera-vinicius\/\",\"name\":\"A declara\u00e7\u00e3o de Ancelotti direcionada a Endrick, do Real Madrid: \\\"N\u00e3o ser\u00e1 Vinicius\\\"\",\"isPartOf\":{\"@id\":\"https:\/\/www.gaveanews.com\/#website\"},\"primaryImageOfPage\":{\"@id\":\"https:\/\/www.gaveanews.com\/index.php\/2025\/02\/25\/a-declaracao-de-ancelotti-direcionada-a-endrick-do-real-madrid-nao-sera-vinicius\/#primaryimage\"},\"image\":{\"@id\":\"https:\/\/www.gaveanews.com\/index.php\/2025\/02\/25\/a-declaracao-de-ancelotti-direcionada-a-endrick-do-real-madrid-nao-sera-vinicius\/#primaryimage\"},\"thumbnailUrl\":\"https:\/\/www.gaveanews.com\/wp-content\/uploads\/000_36EP8FA-aspect-ratio-512-320.webp\",\"datePublished\":\"2025-02-26T02:25:00+00:00\",\"author\":{\"@id\":\"https:\/\/www.gaveanews.com\/#\/schema\/person\/f42654babcd2b2014a1a65af82b081f1\"},\"breadcrumb\":{\"@id\":\"https:\/\/www.gaveanews.com\/index.php\/2025\/02\/25\/a-declaracao-de-ancelotti-direcionada-a-endrick-do-real-madrid-nao-sera-vinicius\/#breadcrumb\"},\"inLanguage\":\"pt-BR\",\"potentialAction\":[{\"@type\":\"ReadAction\",\"target\":[\"https:\/\/www.gaveanews.com\/index.php\/2025\/02\/25\/a-declaracao-de-ancelotti-direcionada-a-endrick-do-real-madrid-nao-sera-vinicius\/\"]}]},{\"@type\":\"ImageObject\",\"inLanguage\":\"pt-BR\",\"@id\":\"https:\/\/www.gaveanews.com\/index.php\/2025\/02\/25\/a-declaracao-de-ancelotti-direcionada-a-endrick-do-real-madrid-nao-sera-vinicius\/#primaryimage\",\"url\":\"https:\/\/www.gaveanews.com\/wp-content\/uploads\/000_36EP8FA-aspect-ratio-512-320.webp\",\"contentUrl\":\"https:\/\/www.gaveanews.com\/wp-content\/uploads\/000_36EP8FA-aspect-ratio-512-320.webp\",\"width\":1080,\"height\":674,\"caption\":\"Endrick celebra gol pelo Real Madrid em sua estreia oficial (Foto: Pierre-Philippe MARCOU \/ AFP)\"},{\"@type\":\"BreadcrumbList\",\"@id\":\"https:\/\/www.gaveanews.com\/index.php\/2025\/02\/25\/a-declaracao-de-ancelotti-direcionada-a-endrick-do-real-madrid-nao-sera-vinicius\/#breadcrumb\",\"itemListElement\":[{\"@type\":\"ListItem\",\"position\":1,\"name\":\"Home\",\"item\":\"https:\/\/www.gaveanews.com\/\"},{\"@type\":\"ListItem\",\"position\":2,\"name\":\"A declara\u00e7\u00e3o de Ancelotti direcionada a Endrick, do Real Madrid: &#8220;N\u00e3o ser\u00e1 Vinicius&#8221;\"}]},{\"@type\":\"WebSite\",\"@id\":\"https:\/\/www.gaveanews.com\/#website\",\"url\":\"https:\/\/www.gaveanews.com\/\",\"name\":\"G\u00e1vea News\",\"description\":\"Veja todas as not\u00edcias sobre o Flamengo: Contrata\u00e7\u00f5es, categorias de base, resultados das partidas, tabela de classifica\u00e7\u00e3o, pr\u00f3ximos jogos!\",\"potentialAction\":[{\"@type\":\"SearchAction\",\"target\":{\"@type\":\"EntryPoint\",\"urlTemplate\":\"https:\/\/www.gaveanews.com\/?s={search_term_string}\"},\"query-input\":{\"@type\":\"PropertyValueSpecification\",\"valueRequired\":true,\"valueName\":\"search_term_string\"}}],\"inLanguage\":\"pt-BR\"},{\"@type\":\"Person\",\"@id\":\"https:\/\/www.gaveanews.com\/#\/schema\/person\/f42654babcd2b2014a1a65af82b081f1\",\"name\":\"Geovanna Thomaz\",\"image\":{\"@type\":\"ImageObject\",\"inLanguage\":\"pt-BR\",\"@id\":\"https:\/\/www.gaveanews.com\/#\/schema\/person\/image\/\",\"url\":\"https:\/\/secure.gravatar.com\/avatar\/4092073255489533afb558984b49b64268c47198af8623cc82a925ae9fb7118a?s=96&d=mm&r=g\",\"contentUrl\":\"https:\/\/secure.gravatar.com\/avatar\/4092073255489533afb558984b49b64268c47198af8623cc82a925ae9fb7118a?s=96&d=mm&r=g\",\"caption\":\"Geovanna Thomaz\"}}]}<\/script>\n<!-- \/ Yoast SEO Premium plugin. -->","yoast_head_json":{"title":"A declara\u00e7\u00e3o de Ancelotti direcionada a Endrick, do Real Madrid: \"N\u00e3o ser\u00e1 Vinicius\"","robots":{"index":"index","follow":"follow","max-snippet":"max-snippet:-1","max-image-preview":"max-image-preview:large","max-video-preview":"max-video-preview:-1"},"canonical":"https:\/\/www.gaveanews.com\/index.php\/2025\/02\/25\/a-declaracao-de-ancelotti-direcionada-a-endrick-do-real-madrid-nao-sera-vinicius\/","og_locale":"pt_BR","og_type":"article","og_title":"A declara\u00e7\u00e3o de Ancelotti direcionada a Endrick, do Real Madrid: \"N\u00e3o ser\u00e1 Vinicius\"","og_description":"Endrick segue em busca de espa\u00e7o no Real Madrid e recebe elogios de Ancelotti Endrick ainda vive um momento de afirma\u00e7\u00e3o no Real Madrid e busca mais espa\u00e7o na equipe comandada por Carlo Ancelotti. O atacante, contratado como uma das grandes promessas do futebol brasileiro, tem sido utilizado com pouca frequ\u00eancia na temporada e ainda [&hellip;]","og_url":"https:\/\/www.gaveanews.com\/index.php\/2025\/02\/25\/a-declaracao-de-ancelotti-direcionada-a-endrick-do-real-madrid-nao-sera-vinicius\/","og_site_name":"G\u00e1vea News","article_publisher":"https:\/\/facebook.com\/gaveaNews\/","article_published_time":"2025-02-26T02:25:00+00:00","og_image":[{"width":1080,"height":674,"url":"https:\/\/www.gaveanews.com\/wp-content\/uploads\/000_36EP8FA-aspect-ratio-512-320.webp","type":"image\/webp"}],"author":"Geovanna Thomaz","twitter_card":"summary_large_image","twitter_misc":{"Escrito por":"Geovanna Thomaz","Est. tempo de leitura":"3 minutos"},"schema":{"@context":"https:\/\/schema.org","@graph":[{"@type":"NewsArticle","@id":"https:\/\/www.gaveanews.com\/index.php\/2025\/02\/25\/a-declaracao-de-ancelotti-direcionada-a-endrick-do-real-madrid-nao-sera-vinicius\/#article","isPartOf":{"@id":"https:\/\/www.gaveanews.com\/index.php\/2025\/02\/25\/a-declaracao-de-ancelotti-direcionada-a-endrick-do-real-madrid-nao-sera-vinicius\/"},"author":{"name":"Geovanna Thomaz","@id":"https:\/\/www.gaveanews.com\/#\/schema\/person\/f42654babcd2b2014a1a65af82b081f1"},"headline":"A declara\u00e7\u00e3o de Ancelotti direcionada a Endrick, do Real Madrid: &#8220;N\u00e3o ser\u00e1 Vinicius&#8221;","datePublished":"2025-02-26T02:25:00+00:00","mainEntityOfPage":{"@id":"https:\/\/www.gaveanews.com\/index.php\/2025\/02\/25\/a-declaracao-de-ancelotti-direcionada-a-endrick-do-real-madrid-nao-sera-vinicius\/"},"wordCount":507,"commentCount":0,"image":{"@id":"https:\/\/www.gaveanews.com\/index.php\/2025\/02\/25\/a-declaracao-de-ancelotti-direcionada-a-endrick-do-real-madrid-nao-sera-vinicius\/#primaryimage"},"thumbnailUrl":"https:\/\/www.gaveanews.com\/wp-content\/uploads\/000_36EP8FA-aspect-ratio-512-320.webp","articleSection":["Real Madrid"],"inLanguage":"pt-BR","potentialAction":[{"@type":"CommentAction","name":"Comment","target":["https:\/\/www.gaveanews.com\/index.php\/2025\/02\/25\/a-declaracao-de-ancelotti-direcionada-a-endrick-do-real-madrid-nao-sera-vinicius\/#respond"]}],"copyrightYear":"2025","copyrightHolder":{"@id":"https:\/\/www.gaveanews.com\/#organization"}},{"@type":"WebPage","@id":"https:\/\/www.gaveanews.com\/index.php\/2025\/02\/25\/a-declaracao-de-ancelotti-direcionada-a-endrick-do-real-madrid-nao-sera-vinicius\/","url":"https:\/\/www.gaveanews.com\/index.php\/2025\/02\/25\/a-declaracao-de-ancelotti-direcionada-a-endrick-do-real-madrid-nao-sera-vinicius\/","name":"A declara\u00e7\u00e3o de Ancelotti direcionada a Endrick, do Real Madrid: \"N\u00e3o ser\u00e1 Vinicius\"","isPartOf":{"@id":"https:\/\/www.gaveanews.com\/#website"},"primaryImageOfPage":{"@id":"https:\/\/www.gaveanews.com\/index.php\/2025\/02\/25\/a-declaracao-de-ancelotti-direcionada-a-endrick-do-real-madrid-nao-sera-vinicius\/#primaryimage"},"image":{"@id":"https:\/\/www.gaveanews.com\/index.php\/2025\/02\/25\/a-declaracao-de-ancelotti-direcionada-a-endrick-do-real-madrid-nao-sera-vinicius\/#primaryimage"},"thumbnailUrl":"https:\/\/www.gaveanews.com\/wp-content\/uploads\/000_36EP8FA-aspect-ratio-512-320.webp","datePublished":"2025-02-26T02:25:00+00:00","author":{"@id":"https:\/\/www.gaveanews.com\/#\/schema\/person\/f42654babcd2b2014a1a65af82b081f1"},"breadcrumb":{"@id":"https:\/\/www.gaveanews.com\/index.php\/2025\/02\/25\/a-declaracao-de-ancelotti-direcionada-a-endrick-do-real-madrid-nao-sera-vinicius\/#breadcrumb"},"inLanguage":"pt-BR","potentialAction":[{"@type":"ReadAction","target":["https:\/\/www.gaveanews.com\/index.php\/2025\/02\/25\/a-declaracao-de-ancelotti-direcionada-a-endrick-do-real-madrid-nao-sera-vinicius\/"]}]},{"@type":"ImageObject","inLanguage":"pt-BR","@id":"https:\/\/www.gaveanews.com\/index.php\/2025\/02\/25\/a-declaracao-de-ancelotti-direcionada-a-endrick-do-real-madrid-nao-sera-vinicius\/#primaryimage","url":"https:\/\/www.gaveanews.com\/wp-content\/uploads\/000_36EP8FA-aspect-ratio-512-320.webp","contentUrl":"https:\/\/www.gaveanews.com\/wp-content\/uploads\/000_36EP8FA-aspect-ratio-512-320.webp","width":1080,"height":674,"caption":"Endrick celebra gol pelo Real Madrid em sua estreia oficial (Foto: Pierre-Philippe MARCOU \/ AFP)"},{"@type":"BreadcrumbList","@id":"https:\/\/www.gaveanews.com\/index.php\/2025\/02\/25\/a-declaracao-de-ancelotti-direcionada-a-endrick-do-real-madrid-nao-sera-vinicius\/#breadcrumb","itemListElement":[{"@type":"ListItem","position":1,"name":"Home","item":"https:\/\/www.gaveanews.com\/"},{"@type":"ListItem","position":2,"name":"A declara\u00e7\u00e3o de Ancelotti direcionada a Endrick, do Real Madrid: &#8220;N\u00e3o ser\u00e1 Vinicius&#8221;"}]},{"@type":"WebSite","@id":"https:\/\/www.gaveanews.com\/#website","url":"https:\/\/www.gaveanews.com\/","name":"G\u00e1vea News","description":"Veja todas as not\u00edcias sobre o Flamengo: Contrata\u00e7\u00f5es, categorias de base, resultados das partidas, tabela de classifica\u00e7\u00e3o, pr\u00f3ximos jogos!","potentialAction":[{"@type":"SearchAction","target":{"@type":"EntryPoint","urlTemplate":"https:\/\/www.gaveanews.com\/?s={search_term_string}"},"query-input":{"@type":"PropertyValueSpecification","valueRequired":true,"valueName":"search_term_string"}}],"inLanguage":"pt-BR"},{"@type":"Person","@id":"https:\/\/www.gaveanews.com\/#\/schema\/person\/f42654babcd2b2014a1a65af82b081f1","name":"Geovanna Thomaz","image":{"@type":"ImageObject","inLanguage":"pt-BR","@id":"https:\/\/www.gaveanews.com\/#\/schema\/person\/image\/","url":"https:\/\/secure.gravatar.com\/avatar\/4092073255489533afb558984b49b64268c47198af8623cc82a925ae9fb7118a?s=96&d=mm&r=g","contentUrl":"https:\/\/secure.gravatar.com\/avatar\/4092073255489533afb558984b49b64268c47198af8623cc82a925ae9fb7118a?s=96&d=mm&r=g","caption":"Geovanna Thomaz"}}]}},"_links":{"self":[{"href":"https:\/\/www.gaveanews.com\/index.php\/wp-json\/wp\/v2\/posts\/232632","targetHints":{"allow":["GET"]}}],"collection":[{"href":"https:\/\/www.gaveanews.com\/index.php\/wp-json\/wp\/v2\/posts"}],"about":[{"href":"https:\/\/www.gaveanews.com\/index.php\/wp-json\/wp\/v2\/types\/post"}],"author":[{"embeddable":true,"href":"https:\/\/www.gaveanews.com\/index.php\/wp-json\/wp\/v2\/users\/17"}],"replies":[{"embeddable":true,"href":"https:\/\/www.gaveanews.com\/index.php\/wp-json\/wp\/v2\/comments?post=232632"}],"version-history":[{"count":2,"href":"https:\/\/www.gaveanews.com\/index.php\/wp-json\/wp\/v2\/posts\/232632\/revisions"}],"predecessor-version":[{"id":232787,"href":"https:\/\/www.gaveanews.com\/index.php\/wp-json\/wp\/v2\/posts\/232632\/revisions\/232787"}],"wp:featuredmedia":[{"embeddable":true,"href":"https:\/\/www.gaveanews.com\/index.php\/wp-json\/wp\/v2\/media\/161068"}],"wp:attachment":[{"href":"https:\/\/www.gaveanews.com\/index.php\/wp-json\/wp\/v2\/media?parent=232632"}],"wp:term":[{"taxonomy":"category","embeddable":true,"href":"https:\/\/www.gaveanews.com\/index.php\/wp-json\/wp\/v2\/categories?post=232632"},{"taxonomy":"post_tag","embeddable":true,"href":"https:\/\/www.gaveanews.com\/index.php\/wp-json\/wp\/v2\/tags?post=232632"}],"curies":[{"name":"wp","href":"https:\/\/api.w.org\/{rel}","templated":true}]}}