{"id":232643,"date":"2025-02-26T01:20:00","date_gmt":"2025-02-26T04:20:00","guid":{"rendered":"https:\/\/www.gaveanews.com\/?p=232643"},"modified":"2025-02-25T22:23:29","modified_gmt":"2025-02-26T01:23:29","slug":"presidente-da-uefa-e-sincero-ao-falar-sobre-novo-formato-da-champions-league","status":"publish","type":"post","link":"https:\/\/www.gaveanews.com\/index.php\/2025\/02\/26\/presidente-da-uefa-e-sincero-ao-falar-sobre-novo-formato-da-champions-league\/","title":{"rendered":"Presidente da Uefa \u00e9 sincero ao falar sobre novo formato da Champions League"},"content":{"rendered":"\n<h2 class=\"wp-block-heading\" id=\"h-99-das-pessoas-satisfeitas-diz-aleksander-ceferin\">&#8220;99% das pessoas satisfeitas&#8221;, diz Aleksander Ceferin<\/h2>\n\n\n\n<p>A partir desta edi\u00e7\u00e3o, a Uefa promoveu altera\u00e7\u00f5es no regulamento da Champions League. Aleksander Ceferin, presidente da entidade, comentou sobre esse novo formato e defendeu dizendo que &#8220;99% das pessoas ficaram satisfeitas&#8221;. <\/p>\n\n\n\n<p>&#8220;S\u00f3 ouvi respostas positivas. Calculo que 99% das pessoas est\u00e3o agora satisfeitas com a renova\u00e7\u00e3o da Liga dos Campe\u00f5es.\u00a0A competi\u00e7\u00e3o \u00e9 ainda mais imprevis\u00edvel do que antes, ningu\u00e9m sabia at\u00e9 ao \u00faltimo momento se iria se qualificar. \u00c9 um sucesso perfeito, e as audi\u00eancias da Liga dos Campe\u00f5es s\u00e3o excelentes&#8221;, afirmou Ceferin, em entrevista exclusiva ao jornal &#8220;Delo&#8221;, da Eslov\u00eania, sua terra natal.<\/p>\n\n\n\n<p>&#8220;Todas as tr\u00eas competi\u00e7\u00f5es, incluindo a Liga Europa e a Conference League, s\u00e3o um sucesso. Os patrocinadores est\u00e3o encantados com a participa\u00e7\u00e3o de times menores. Agora todo mundo quer embarcar e investir mais nas competi\u00e7\u00f5es da Uefa, e isso vale tamb\u00e9m para as emissoras que transmitem&#8221;, acrescentou o presidente da Uefa. <\/p>\n\n\n\n<p>A partir desta temporada, a Champions League \u00e9 disputada em um formato de liga com 36 times (antes t\u00ednhamos 32), que disputam oito jogos, que s\u00e3o definidos atrav\u00e9s de um sorteio da entidade. Os oito primeiros colocados na classifica\u00e7\u00e3o avan\u00e7am direto para as oitavas de final. <\/p>\n\n\n\n<p>Os times que ficarem do nono ao 24\u00b0 lugar disputam a rodada dos playoffs para tentarem a vaga nas oitavas de final. O restante \u00e9 eliminado da competi\u00e7\u00e3o. A partir das oitavas de final segue como era antes, sem altera\u00e7\u00f5es. <\/p>\n\n\n\n<p>Neste m\u00eas, a Uefa e a Associa\u00e7\u00e3o de Clubes da Europa (ECA) chegaram a um acordo para iniciar negocia\u00e7\u00f5es exclusivas com a empresa Relevent Sports pelos direitos comerciais globais das competi\u00e7\u00f5es masculinas da confedera\u00e7\u00e3o europeia para o per\u00edodo de 2027 a 2033.<\/p>\n\n\n\n<p>Aleksander Ceferin tamb\u00e9m falou sobre as cr\u00edticas de jogadores de clubes e sele\u00e7\u00f5es importantes sobre o calend\u00e1rio mais apertado nesta temporada. Ceferin disse que \u00e9 necess\u00e1rio para pagar os altos custos com elencos.<\/p>\n\n\n\n<p>&#8220;O calend\u00e1rio est\u00e1 completamente cheio, n\u00e3o h\u00e1 espa\u00e7o para mais competi\u00e7\u00f5es, os jogadores est\u00e3o todos ocupados jogando, talvez demais. Mas na realidade s\u00e3o s\u00f3 os atletas mais bem pagos que reclamam.\u00a0A situa\u00e7\u00e3o \u00e9 complexa: clubes precisam de mais jogos para pagar jogadores e t\u00e9cnicos. Se houver menos partidas, n\u00e3o vai ser sustent\u00e1vel&#8221;, finalizou Aleksander Ceferin. <\/p>\n","protected":false},"excerpt":{"rendered":"<p>&#8220;99% das pessoas satisfeitas&#8221;, diz Aleksander Ceferin A partir desta edi\u00e7\u00e3o, a Uefa promoveu altera\u00e7\u00f5es no regulamento da Champions League. Aleksander Ceferin, presidente da entidade, comentou sobre esse novo formato e defendeu dizendo que &#8220;99% das pessoas ficaram satisfeitas&#8221;. &#8220;S\u00f3 ouvi respostas positivas. Calculo que 99% das pessoas est\u00e3o agora satisfeitas com a renova\u00e7\u00e3o da [&hellip;]<\/p>\n","protected":false},"author":21,"featured_media":113551,"comment_status":"open","ping_status":"closed","sticky":false,"template":"","format":"standard","meta":{"footnotes":""},"categories":[91,94,87,92,102,88],"tags":[],"class_list":["post-232643","post","type-post","status-publish","format-standard","has-post-thumbnail","hentry","category-arsenal","category-atletico-de-madrid","category-barcelona","category-liverpool","category-psg","category-real-madrid"],"yoast_head":"<!-- This site is optimized with the Yoast SEO Premium plugin v24.2 (Yoast SEO v26.9) - https:\/\/yoast.com\/product\/yoast-seo-premium-wordpress\/ -->\n<title>Presidente da Uefa \u00e9 sincero ao falar sobre novo formato da Champions League<\/title>\n<meta name=\"robots\" content=\"index, follow, max-snippet:-1, max-image-preview:large, max-video-preview:-1\" \/>\n<link rel=\"canonical\" href=\"https:\/\/www.gaveanews.com\/index.php\/2025\/02\/26\/presidente-da-uefa-e-sincero-ao-falar-sobre-novo-formato-da-champions-league\/\" \/>\n<meta property=\"og:locale\" content=\"pt_BR\" \/>\n<meta property=\"og:type\" content=\"article\" \/>\n<meta property=\"og:title\" content=\"Presidente da Uefa \u00e9 sincero ao falar sobre novo formato da Champions League\" \/>\n<meta property=\"og:description\" content=\"&#8220;99% das pessoas satisfeitas&#8221;, diz Aleksander Ceferin A partir desta edi\u00e7\u00e3o, a Uefa promoveu altera\u00e7\u00f5es no regulamento da Champions League. Aleksander Ceferin, presidente da entidade, comentou sobre esse novo formato e defendeu dizendo que &#8220;99% das pessoas ficaram satisfeitas&#8221;. &#8220;S\u00f3 ouvi respostas positivas. Calculo que 99% das pessoas est\u00e3o agora satisfeitas com a renova\u00e7\u00e3o da [&hellip;]\" \/>\n<meta property=\"og:url\" content=\"https:\/\/www.gaveanews.com\/index.php\/2025\/02\/26\/presidente-da-uefa-e-sincero-ao-falar-sobre-novo-formato-da-champions-league\/\" \/>\n<meta property=\"og:site_name\" content=\"G\u00e1vea News\" \/>\n<meta property=\"article:publisher\" content=\"https:\/\/facebook.com\/gaveaNews\/\" \/>\n<meta property=\"article:published_time\" content=\"2025-02-26T04:20:00+00:00\" \/>\n<meta property=\"og:image\" content=\"https:\/\/www.gaveanews.com\/wp-content\/uploads\/Taca-da-Champions-League.webp\" \/>\n\t<meta property=\"og:image:width\" content=\"1920\" \/>\n\t<meta property=\"og:image:height\" content=\"1080\" \/>\n\t<meta property=\"og:image:type\" content=\"image\/webp\" \/>\n<meta name=\"author\" content=\"Andr\u00e9 Serra\" \/>\n<meta name=\"twitter:card\" content=\"summary_large_image\" \/>\n<meta name=\"twitter:label1\" content=\"Escrito por\" \/>\n\t<meta name=\"twitter:data1\" content=\"Andr\u00e9 Serra\" \/>\n\t<meta name=\"twitter:label2\" content=\"Est. tempo de leitura\" \/>\n\t<meta name=\"twitter:data2\" content=\"3 minutos\" \/>\n<script type=\"application\/ld+json\" class=\"yoast-schema-graph\">{\"@context\":\"https:\/\/schema.org\",\"@graph\":[{\"@type\":\"NewsArticle\",\"@id\":\"https:\/\/www.gaveanews.com\/index.php\/2025\/02\/26\/presidente-da-uefa-e-sincero-ao-falar-sobre-novo-formato-da-champions-league\/#article\",\"isPartOf\":{\"@id\":\"https:\/\/www.gaveanews.com\/index.php\/2025\/02\/26\/presidente-da-uefa-e-sincero-ao-falar-sobre-novo-formato-da-champions-league\/\"},\"author\":{\"name\":\"Andr\u00e9 Serra\",\"@id\":\"https:\/\/www.gaveanews.com\/#\/schema\/person\/0277a79a1289c451c281ec0411d84f0c\"},\"headline\":\"Presidente da Uefa \u00e9 sincero ao falar sobre novo formato da Champions League\",\"datePublished\":\"2025-02-26T04:20:00+00:00\",\"mainEntityOfPage\":{\"@id\":\"https:\/\/www.gaveanews.com\/index.php\/2025\/02\/26\/presidente-da-uefa-e-sincero-ao-falar-sobre-novo-formato-da-champions-league\/\"},\"wordCount\":416,\"commentCount\":0,\"image\":{\"@id\":\"https:\/\/www.gaveanews.com\/index.php\/2025\/02\/26\/presidente-da-uefa-e-sincero-ao-falar-sobre-novo-formato-da-champions-league\/#primaryimage\"},\"thumbnailUrl\":\"https:\/\/www.gaveanews.com\/wp-content\/uploads\/Taca-da-Champions-League.webp\",\"articleSection\":[\"Arsenal\",\"Atl\u00e9tico de Madrid\",\"Barcelona\",\"Liverpool\",\"PSG\",\"Real Madrid\"],\"inLanguage\":\"pt-BR\",\"potentialAction\":[{\"@type\":\"CommentAction\",\"name\":\"Comment\",\"target\":[\"https:\/\/www.gaveanews.com\/index.php\/2025\/02\/26\/presidente-da-uefa-e-sincero-ao-falar-sobre-novo-formato-da-champions-league\/#respond\"]}],\"copyrightYear\":\"2025\",\"copyrightHolder\":{\"@id\":\"https:\/\/www.gaveanews.com\/#organization\"}},{\"@type\":\"WebPage\",\"@id\":\"https:\/\/www.gaveanews.com\/index.php\/2025\/02\/26\/presidente-da-uefa-e-sincero-ao-falar-sobre-novo-formato-da-champions-league\/\",\"url\":\"https:\/\/www.gaveanews.com\/index.php\/2025\/02\/26\/presidente-da-uefa-e-sincero-ao-falar-sobre-novo-formato-da-champions-league\/\",\"name\":\"Presidente da Uefa \u00e9 sincero ao falar sobre novo formato da Champions League\",\"isPartOf\":{\"@id\":\"https:\/\/www.gaveanews.com\/#website\"},\"primaryImageOfPage\":{\"@id\":\"https:\/\/www.gaveanews.com\/index.php\/2025\/02\/26\/presidente-da-uefa-e-sincero-ao-falar-sobre-novo-formato-da-champions-league\/#primaryimage\"},\"image\":{\"@id\":\"https:\/\/www.gaveanews.com\/index.php\/2025\/02\/26\/presidente-da-uefa-e-sincero-ao-falar-sobre-novo-formato-da-champions-league\/#primaryimage\"},\"thumbnailUrl\":\"https:\/\/www.gaveanews.com\/wp-content\/uploads\/Taca-da-Champions-League.webp\",\"datePublished\":\"2025-02-26T04:20:00+00:00\",\"author\":{\"@id\":\"https:\/\/www.gaveanews.com\/#\/schema\/person\/0277a79a1289c451c281ec0411d84f0c\"},\"breadcrumb\":{\"@id\":\"https:\/\/www.gaveanews.com\/index.php\/2025\/02\/26\/presidente-da-uefa-e-sincero-ao-falar-sobre-novo-formato-da-champions-league\/#breadcrumb\"},\"inLanguage\":\"pt-BR\",\"potentialAction\":[{\"@type\":\"ReadAction\",\"target\":[\"https:\/\/www.gaveanews.com\/index.php\/2025\/02\/26\/presidente-da-uefa-e-sincero-ao-falar-sobre-novo-formato-da-champions-league\/\"]}]},{\"@type\":\"ImageObject\",\"inLanguage\":\"pt-BR\",\"@id\":\"https:\/\/www.gaveanews.com\/index.php\/2025\/02\/26\/presidente-da-uefa-e-sincero-ao-falar-sobre-novo-formato-da-champions-league\/#primaryimage\",\"url\":\"https:\/\/www.gaveanews.com\/wp-content\/uploads\/Taca-da-Champions-League.webp\",\"contentUrl\":\"https:\/\/www.gaveanews.com\/wp-content\/uploads\/Taca-da-Champions-League.webp\",\"width\":1920,\"height\":1080,\"caption\":\"Ta\u00e7a da Champions League (Foto: Reprodu\u00e7\u00e3o)\"},{\"@type\":\"BreadcrumbList\",\"@id\":\"https:\/\/www.gaveanews.com\/index.php\/2025\/02\/26\/presidente-da-uefa-e-sincero-ao-falar-sobre-novo-formato-da-champions-league\/#breadcrumb\",\"itemListElement\":[{\"@type\":\"ListItem\",\"position\":1,\"name\":\"Home\",\"item\":\"https:\/\/www.gaveanews.com\/\"},{\"@type\":\"ListItem\",\"position\":2,\"name\":\"Presidente da Uefa \u00e9 sincero ao falar sobre novo formato da Champions League\"}]},{\"@type\":\"WebSite\",\"@id\":\"https:\/\/www.gaveanews.com\/#website\",\"url\":\"https:\/\/www.gaveanews.com\/\",\"name\":\"G\u00e1vea News\",\"description\":\"Veja todas as not\u00edcias sobre o Flamengo: Contrata\u00e7\u00f5es, categorias de base, resultados das partidas, tabela de classifica\u00e7\u00e3o, pr\u00f3ximos jogos!\",\"potentialAction\":[{\"@type\":\"SearchAction\",\"target\":{\"@type\":\"EntryPoint\",\"urlTemplate\":\"https:\/\/www.gaveanews.com\/?s={search_term_string}\"},\"query-input\":{\"@type\":\"PropertyValueSpecification\",\"valueRequired\":true,\"valueName\":\"search_term_string\"}}],\"inLanguage\":\"pt-BR\"},{\"@type\":\"Person\",\"@id\":\"https:\/\/www.gaveanews.com\/#\/schema\/person\/0277a79a1289c451c281ec0411d84f0c\",\"name\":\"Andr\u00e9 Serra\",\"image\":{\"@type\":\"ImageObject\",\"inLanguage\":\"pt-BR\",\"@id\":\"https:\/\/www.gaveanews.com\/#\/schema\/person\/image\/\",\"url\":\"https:\/\/secure.gravatar.com\/avatar\/d7231369fe48db93292b3e88eb2162dbd9a34a47a8437d9ef3bcaca2a86a83d7?s=96&d=mm&r=g\",\"contentUrl\":\"https:\/\/secure.gravatar.com\/avatar\/d7231369fe48db93292b3e88eb2162dbd9a34a47a8437d9ef3bcaca2a86a83d7?s=96&d=mm&r=g\",\"caption\":\"Andr\u00e9 Serra\"}}]}<\/script>\n<!-- \/ Yoast SEO Premium plugin. -->","yoast_head_json":{"title":"Presidente da Uefa \u00e9 sincero ao falar sobre novo formato da Champions League","robots":{"index":"index","follow":"follow","max-snippet":"max-snippet:-1","max-image-preview":"max-image-preview:large","max-video-preview":"max-video-preview:-1"},"canonical":"https:\/\/www.gaveanews.com\/index.php\/2025\/02\/26\/presidente-da-uefa-e-sincero-ao-falar-sobre-novo-formato-da-champions-league\/","og_locale":"pt_BR","og_type":"article","og_title":"Presidente da Uefa \u00e9 sincero ao falar sobre novo formato da Champions League","og_description":"&#8220;99% das pessoas satisfeitas&#8221;, diz Aleksander Ceferin A partir desta edi\u00e7\u00e3o, a Uefa promoveu altera\u00e7\u00f5es no regulamento da Champions League. Aleksander Ceferin, presidente da entidade, comentou sobre esse novo formato e defendeu dizendo que &#8220;99% das pessoas ficaram satisfeitas&#8221;. &#8220;S\u00f3 ouvi respostas positivas. Calculo que 99% das pessoas est\u00e3o agora satisfeitas com a renova\u00e7\u00e3o da [&hellip;]","og_url":"https:\/\/www.gaveanews.com\/index.php\/2025\/02\/26\/presidente-da-uefa-e-sincero-ao-falar-sobre-novo-formato-da-champions-league\/","og_site_name":"G\u00e1vea News","article_publisher":"https:\/\/facebook.com\/gaveaNews\/","article_published_time":"2025-02-26T04:20:00+00:00","og_image":[{"width":1920,"height":1080,"url":"https:\/\/www.gaveanews.com\/wp-content\/uploads\/Taca-da-Champions-League.webp","type":"image\/webp"}],"author":"Andr\u00e9 Serra","twitter_card":"summary_large_image","twitter_misc":{"Escrito por":"Andr\u00e9 Serra","Est. tempo de leitura":"3 minutos"},"schema":{"@context":"https:\/\/schema.org","@graph":[{"@type":"NewsArticle","@id":"https:\/\/www.gaveanews.com\/index.php\/2025\/02\/26\/presidente-da-uefa-e-sincero-ao-falar-sobre-novo-formato-da-champions-league\/#article","isPartOf":{"@id":"https:\/\/www.gaveanews.com\/index.php\/2025\/02\/26\/presidente-da-uefa-e-sincero-ao-falar-sobre-novo-formato-da-champions-league\/"},"author":{"name":"Andr\u00e9 Serra","@id":"https:\/\/www.gaveanews.com\/#\/schema\/person\/0277a79a1289c451c281ec0411d84f0c"},"headline":"Presidente da Uefa \u00e9 sincero ao falar sobre novo formato da Champions League","datePublished":"2025-02-26T04:20:00+00:00","mainEntityOfPage":{"@id":"https:\/\/www.gaveanews.com\/index.php\/2025\/02\/26\/presidente-da-uefa-e-sincero-ao-falar-sobre-novo-formato-da-champions-league\/"},"wordCount":416,"commentCount":0,"image":{"@id":"https:\/\/www.gaveanews.com\/index.php\/2025\/02\/26\/presidente-da-uefa-e-sincero-ao-falar-sobre-novo-formato-da-champions-league\/#primaryimage"},"thumbnailUrl":"https:\/\/www.gaveanews.com\/wp-content\/uploads\/Taca-da-Champions-League.webp","articleSection":["Arsenal","Atl\u00e9tico de Madrid","Barcelona","Liverpool","PSG","Real Madrid"],"inLanguage":"pt-BR","potentialAction":[{"@type":"CommentAction","name":"Comment","target":["https:\/\/www.gaveanews.com\/index.php\/2025\/02\/26\/presidente-da-uefa-e-sincero-ao-falar-sobre-novo-formato-da-champions-league\/#respond"]}],"copyrightYear":"2025","copyrightHolder":{"@id":"https:\/\/www.gaveanews.com\/#organization"}},{"@type":"WebPage","@id":"https:\/\/www.gaveanews.com\/index.php\/2025\/02\/26\/presidente-da-uefa-e-sincero-ao-falar-sobre-novo-formato-da-champions-league\/","url":"https:\/\/www.gaveanews.com\/index.php\/2025\/02\/26\/presidente-da-uefa-e-sincero-ao-falar-sobre-novo-formato-da-champions-league\/","name":"Presidente da Uefa \u00e9 sincero ao falar sobre novo formato da Champions League","isPartOf":{"@id":"https:\/\/www.gaveanews.com\/#website"},"primaryImageOfPage":{"@id":"https:\/\/www.gaveanews.com\/index.php\/2025\/02\/26\/presidente-da-uefa-e-sincero-ao-falar-sobre-novo-formato-da-champions-league\/#primaryimage"},"image":{"@id":"https:\/\/www.gaveanews.com\/index.php\/2025\/02\/26\/presidente-da-uefa-e-sincero-ao-falar-sobre-novo-formato-da-champions-league\/#primaryimage"},"thumbnailUrl":"https:\/\/www.gaveanews.com\/wp-content\/uploads\/Taca-da-Champions-League.webp","datePublished":"2025-02-26T04:20:00+00:00","author":{"@id":"https:\/\/www.gaveanews.com\/#\/schema\/person\/0277a79a1289c451c281ec0411d84f0c"},"breadcrumb":{"@id":"https:\/\/www.gaveanews.com\/index.php\/2025\/02\/26\/presidente-da-uefa-e-sincero-ao-falar-sobre-novo-formato-da-champions-league\/#breadcrumb"},"inLanguage":"pt-BR","potentialAction":[{"@type":"ReadAction","target":["https:\/\/www.gaveanews.com\/index.php\/2025\/02\/26\/presidente-da-uefa-e-sincero-ao-falar-sobre-novo-formato-da-champions-league\/"]}]},{"@type":"ImageObject","inLanguage":"pt-BR","@id":"https:\/\/www.gaveanews.com\/index.php\/2025\/02\/26\/presidente-da-uefa-e-sincero-ao-falar-sobre-novo-formato-da-champions-league\/#primaryimage","url":"https:\/\/www.gaveanews.com\/wp-content\/uploads\/Taca-da-Champions-League.webp","contentUrl":"https:\/\/www.gaveanews.com\/wp-content\/uploads\/Taca-da-Champions-League.webp","width":1920,"height":1080,"caption":"Ta\u00e7a da Champions League (Foto: Reprodu\u00e7\u00e3o)"},{"@type":"BreadcrumbList","@id":"https:\/\/www.gaveanews.com\/index.php\/2025\/02\/26\/presidente-da-uefa-e-sincero-ao-falar-sobre-novo-formato-da-champions-league\/#breadcrumb","itemListElement":[{"@type":"ListItem","position":1,"name":"Home","item":"https:\/\/www.gaveanews.com\/"},{"@type":"ListItem","position":2,"name":"Presidente da Uefa \u00e9 sincero ao falar sobre novo formato da Champions League"}]},{"@type":"WebSite","@id":"https:\/\/www.gaveanews.com\/#website","url":"https:\/\/www.gaveanews.com\/","name":"G\u00e1vea News","description":"Veja todas as not\u00edcias sobre o Flamengo: Contrata\u00e7\u00f5es, categorias de base, resultados das partidas, tabela de classifica\u00e7\u00e3o, pr\u00f3ximos jogos!","potentialAction":[{"@type":"SearchAction","target":{"@type":"EntryPoint","urlTemplate":"https:\/\/www.gaveanews.com\/?s={search_term_string}"},"query-input":{"@type":"PropertyValueSpecification","valueRequired":true,"valueName":"search_term_string"}}],"inLanguage":"pt-BR"},{"@type":"Person","@id":"https:\/\/www.gaveanews.com\/#\/schema\/person\/0277a79a1289c451c281ec0411d84f0c","name":"Andr\u00e9 Serra","image":{"@type":"ImageObject","inLanguage":"pt-BR","@id":"https:\/\/www.gaveanews.com\/#\/schema\/person\/image\/","url":"https:\/\/secure.gravatar.com\/avatar\/d7231369fe48db93292b3e88eb2162dbd9a34a47a8437d9ef3bcaca2a86a83d7?s=96&d=mm&r=g","contentUrl":"https:\/\/secure.gravatar.com\/avatar\/d7231369fe48db93292b3e88eb2162dbd9a34a47a8437d9ef3bcaca2a86a83d7?s=96&d=mm&r=g","caption":"Andr\u00e9 Serra"}}]}},"_links":{"self":[{"href":"https:\/\/www.gaveanews.com\/index.php\/wp-json\/wp\/v2\/posts\/232643","targetHints":{"allow":["GET"]}}],"collection":[{"href":"https:\/\/www.gaveanews.com\/index.php\/wp-json\/wp\/v2\/posts"}],"about":[{"href":"https:\/\/www.gaveanews.com\/index.php\/wp-json\/wp\/v2\/types\/post"}],"author":[{"embeddable":true,"href":"https:\/\/www.gaveanews.com\/index.php\/wp-json\/wp\/v2\/users\/21"}],"replies":[{"embeddable":true,"href":"https:\/\/www.gaveanews.com\/index.php\/wp-json\/wp\/v2\/comments?post=232643"}],"version-history":[{"count":1,"href":"https:\/\/www.gaveanews.com\/index.php\/wp-json\/wp\/v2\/posts\/232643\/revisions"}],"predecessor-version":[{"id":232659,"href":"https:\/\/www.gaveanews.com\/index.php\/wp-json\/wp\/v2\/posts\/232643\/revisions\/232659"}],"wp:featuredmedia":[{"embeddable":true,"href":"https:\/\/www.gaveanews.com\/index.php\/wp-json\/wp\/v2\/media\/113551"}],"wp:attachment":[{"href":"https:\/\/www.gaveanews.com\/index.php\/wp-json\/wp\/v2\/media?parent=232643"}],"wp:term":[{"taxonomy":"category","embeddable":true,"href":"https:\/\/www.gaveanews.com\/index.php\/wp-json\/wp\/v2\/categories?post=232643"},{"taxonomy":"post_tag","embeddable":true,"href":"https:\/\/www.gaveanews.com\/index.php\/wp-json\/wp\/v2\/tags?post=232643"}],"curies":[{"name":"wp","href":"https:\/\/api.w.org\/{rel}","templated":true}]}}