{"id":232649,"date":"2025-02-25T22:12:45","date_gmt":"2025-02-26T01:12:45","guid":{"rendered":"https:\/\/www.gaveanews.com\/?p=232649"},"modified":"2025-02-25T22:12:47","modified_gmt":"2025-02-26T01:12:47","slug":"crise-vasco-faz-pedido-urgente-a-justica","status":"publish","type":"post","link":"https:\/\/www.gaveanews.com\/index.php\/2025\/02\/25\/crise-vasco-faz-pedido-urgente-a-justica\/","title":{"rendered":"Crise! Vasco faz pedido urgente \u00e0 Justi\u00e7a"},"content":{"rendered":"\n<h2 class=\"wp-block-heading\" id=\"h-vasco-pede-recuperacao-judicial-para-saf-e-clube-associativo\">Vasco pede recupera\u00e7\u00e3o judicial para SAF e clube associativo<\/h2>\n\n\n\n<p>O Vasco da Gama deu entrada em um pedido de recupera\u00e7\u00e3o judicial para o Club de Regatas Vasco da Gama (CRVG) e para a Vasco SAF na 4\u00aa Vara Empresarial do Tribunal de Justi\u00e7a do Rio de Janeiro (TJ-RJ). O an\u00fancio foi feito nesta segunda-feira (24), com o clube justificando a medida como um passo necess\u00e1rio para garantir a estabilidade financeira e atrair novos investidores.<\/p>\n\n\n\n<p>Em comunicado oficial, a diretoria cruzmaltina afirmou que a decis\u00e3o tem como objetivo restabelecer a sa\u00fade financeira da institui\u00e7\u00e3o e evitar a repeti\u00e7\u00e3o de problemas do passado. O Vasco refor\u00e7ou que a recupera\u00e7\u00e3o judicial n\u00e3o afetar\u00e1 as opera\u00e7\u00f5es do dia a dia, os investimentos no futebol e o pagamento dos sal\u00e1rios dos profissionais e atletas.<\/p>\n\n\n\n<p>&#8220;A recupera\u00e7\u00e3o judicial \u00e9 fundamental para aumentar a seguran\u00e7a jur\u00eddica, criando um cen\u00e1rio de previsibilidade e estabilidade financeira, favor\u00e1vel para atrair novos investidores e, eventualmente, uma futura negocia\u00e7\u00e3o pautada pela responsabilidade&#8221;, afirmou o clube na nota.<\/p>\n\n\n\n<p>A reestrutura\u00e7\u00e3o financeira do Vasco come\u00e7ou em junho de 2024 e conta com o suporte da consultoria Alvarez &amp; Marsal, al\u00e9m de escrit\u00f3rios de advocacia especializados. Segundo a diretoria, a recupera\u00e7\u00e3o judicial foi escolhida ap\u00f3s a conclus\u00e3o da etapa de media\u00e7\u00f5es com credores.<\/p>\n\n\n\n<p>Desde a convers\u00e3o do futebol do Vasco para um modelo de Sociedade An\u00f4nima do Futebol (SAF), em 2022, o clube tem buscado equilibrar suas finan\u00e7as. A entrada da 777 Partners como acionista majorit\u00e1ria da SAF gerou expectativas de recupera\u00e7\u00e3o econ\u00f4mica, mas problemas administrativos e financeiros continuaram a impactar a gest\u00e3o.<\/p>\n\n\n\n<p>O presidente Pedrinho e o CEO da SAF, Carlos Amodeo, ressaltaram que a decis\u00e3o foi dif\u00edcil, mas necess\u00e1ria para garantir o futuro do Vasco. A diretoria se comprometeu a manter a transpar\u00eancia e atualizar a torcida sobre os desdobramentos do processo por meio dos canais oficiais do clube.<\/p>\n\n\n\n<p>Com a medida, o Vasco busca um caminho jur\u00eddico para reorganizar suas d\u00edvidas e estruturar um planejamento financeiro de longo prazo, mantendo a competitividade dentro de campo.<\/p>\n","protected":false},"excerpt":{"rendered":"<p>Vasco pede recupera\u00e7\u00e3o judicial para SAF e clube associativo O Vasco da Gama deu entrada em um pedido de recupera\u00e7\u00e3o judicial para o Club de Regatas Vasco da Gama (CRVG) e para a Vasco SAF na 4\u00aa Vara Empresarial do Tribunal de Justi\u00e7a do Rio de Janeiro (TJ-RJ). O an\u00fancio foi feito nesta segunda-feira (24), [&hellip;]<\/p>\n","protected":false},"author":17,"featured_media":152090,"comment_status":"open","ping_status":"closed","sticky":false,"template":"","format":"standard","meta":{"footnotes":""},"categories":[152],"tags":[],"class_list":["post-232649","post","type-post","status-publish","format-standard","has-post-thumbnail","hentry","category-vasco"],"yoast_head":"<!-- This site is optimized with the Yoast SEO Premium plugin v24.2 (Yoast SEO v26.9) - https:\/\/yoast.com\/product\/yoast-seo-premium-wordpress\/ -->\n<title>Crise! Vasco faz pedido urgente \u00e0 Justi\u00e7a<\/title>\n<meta name=\"robots\" content=\"index, follow, max-snippet:-1, max-image-preview:large, max-video-preview:-1\" \/>\n<link rel=\"canonical\" href=\"https:\/\/www.gaveanews.com\/index.php\/2025\/02\/25\/crise-vasco-faz-pedido-urgente-a-justica\/\" \/>\n<meta property=\"og:locale\" content=\"pt_BR\" \/>\n<meta property=\"og:type\" content=\"article\" \/>\n<meta property=\"og:title\" content=\"Crise! Vasco faz pedido urgente \u00e0 Justi\u00e7a\" \/>\n<meta property=\"og:description\" content=\"Vasco pede recupera\u00e7\u00e3o judicial para SAF e clube associativo O Vasco da Gama deu entrada em um pedido de recupera\u00e7\u00e3o judicial para o Club de Regatas Vasco da Gama (CRVG) e para a Vasco SAF na 4\u00aa Vara Empresarial do Tribunal de Justi\u00e7a do Rio de Janeiro (TJ-RJ). O an\u00fancio foi feito nesta segunda-feira (24), [&hellip;]\" \/>\n<meta property=\"og:url\" content=\"https:\/\/www.gaveanews.com\/index.php\/2025\/02\/25\/crise-vasco-faz-pedido-urgente-a-justica\/\" \/>\n<meta property=\"og:site_name\" content=\"G\u00e1vea News\" \/>\n<meta property=\"article:publisher\" content=\"https:\/\/facebook.com\/gaveaNews\/\" \/>\n<meta property=\"article:published_time\" content=\"2025-02-26T01:12:45+00:00\" \/>\n<meta property=\"article:modified_time\" content=\"2025-02-26T01:12:47+00:00\" \/>\n<meta property=\"og:image\" content=\"http:\/\/www.gaveanews.com\/wp-content\/uploads\/Bandeira-do-Vasco-da-Gama.webp\" \/>\n\t<meta property=\"og:image:width\" content=\"1159\" \/>\n\t<meta property=\"og:image:height\" content=\"772\" \/>\n\t<meta property=\"og:image:type\" content=\"image\/webp\" \/>\n<meta name=\"author\" content=\"Geovanna Thomaz\" \/>\n<meta name=\"twitter:card\" content=\"summary_large_image\" \/>\n<meta name=\"twitter:label1\" content=\"Escrito por\" \/>\n\t<meta name=\"twitter:data1\" content=\"Geovanna Thomaz\" \/>\n\t<meta name=\"twitter:label2\" content=\"Est. tempo de leitura\" \/>\n\t<meta name=\"twitter:data2\" content=\"3 minutos\" \/>\n<script type=\"application\/ld+json\" class=\"yoast-schema-graph\">{\"@context\":\"https:\/\/schema.org\",\"@graph\":[{\"@type\":\"NewsArticle\",\"@id\":\"https:\/\/www.gaveanews.com\/index.php\/2025\/02\/25\/crise-vasco-faz-pedido-urgente-a-justica\/#article\",\"isPartOf\":{\"@id\":\"https:\/\/www.gaveanews.com\/index.php\/2025\/02\/25\/crise-vasco-faz-pedido-urgente-a-justica\/\"},\"author\":{\"name\":\"Geovanna Thomaz\",\"@id\":\"https:\/\/www.gaveanews.com\/#\/schema\/person\/f42654babcd2b2014a1a65af82b081f1\"},\"headline\":\"Crise! Vasco faz pedido urgente \u00e0 Justi\u00e7a\",\"datePublished\":\"2025-02-26T01:12:45+00:00\",\"dateModified\":\"2025-02-26T01:12:47+00:00\",\"mainEntityOfPage\":{\"@id\":\"https:\/\/www.gaveanews.com\/index.php\/2025\/02\/25\/crise-vasco-faz-pedido-urgente-a-justica\/\"},\"wordCount\":375,\"commentCount\":0,\"image\":{\"@id\":\"https:\/\/www.gaveanews.com\/index.php\/2025\/02\/25\/crise-vasco-faz-pedido-urgente-a-justica\/#primaryimage\"},\"thumbnailUrl\":\"https:\/\/www.gaveanews.com\/wp-content\/uploads\/Bandeira-do-Vasco-da-Gama.webp\",\"articleSection\":[\"Vasco\"],\"inLanguage\":\"pt-BR\",\"potentialAction\":[{\"@type\":\"CommentAction\",\"name\":\"Comment\",\"target\":[\"https:\/\/www.gaveanews.com\/index.php\/2025\/02\/25\/crise-vasco-faz-pedido-urgente-a-justica\/#respond\"]}],\"copyrightYear\":\"2025\",\"copyrightHolder\":{\"@id\":\"https:\/\/www.gaveanews.com\/#organization\"}},{\"@type\":\"WebPage\",\"@id\":\"https:\/\/www.gaveanews.com\/index.php\/2025\/02\/25\/crise-vasco-faz-pedido-urgente-a-justica\/\",\"url\":\"https:\/\/www.gaveanews.com\/index.php\/2025\/02\/25\/crise-vasco-faz-pedido-urgente-a-justica\/\",\"name\":\"Crise! Vasco faz pedido urgente \u00e0 Justi\u00e7a\",\"isPartOf\":{\"@id\":\"https:\/\/www.gaveanews.com\/#website\"},\"primaryImageOfPage\":{\"@id\":\"https:\/\/www.gaveanews.com\/index.php\/2025\/02\/25\/crise-vasco-faz-pedido-urgente-a-justica\/#primaryimage\"},\"image\":{\"@id\":\"https:\/\/www.gaveanews.com\/index.php\/2025\/02\/25\/crise-vasco-faz-pedido-urgente-a-justica\/#primaryimage\"},\"thumbnailUrl\":\"https:\/\/www.gaveanews.com\/wp-content\/uploads\/Bandeira-do-Vasco-da-Gama.webp\",\"datePublished\":\"2025-02-26T01:12:45+00:00\",\"dateModified\":\"2025-02-26T01:12:47+00:00\",\"author\":{\"@id\":\"https:\/\/www.gaveanews.com\/#\/schema\/person\/f42654babcd2b2014a1a65af82b081f1\"},\"breadcrumb\":{\"@id\":\"https:\/\/www.gaveanews.com\/index.php\/2025\/02\/25\/crise-vasco-faz-pedido-urgente-a-justica\/#breadcrumb\"},\"inLanguage\":\"pt-BR\",\"potentialAction\":[{\"@type\":\"ReadAction\",\"target\":[\"https:\/\/www.gaveanews.com\/index.php\/2025\/02\/25\/crise-vasco-faz-pedido-urgente-a-justica\/\"]}]},{\"@type\":\"ImageObject\",\"inLanguage\":\"pt-BR\",\"@id\":\"https:\/\/www.gaveanews.com\/index.php\/2025\/02\/25\/crise-vasco-faz-pedido-urgente-a-justica\/#primaryimage\",\"url\":\"https:\/\/www.gaveanews.com\/wp-content\/uploads\/Bandeira-do-Vasco-da-Gama.webp\",\"contentUrl\":\"https:\/\/www.gaveanews.com\/wp-content\/uploads\/Bandeira-do-Vasco-da-Gama.webp\",\"width\":1159,\"height\":772,\"caption\":\"Bandeira do Vasco da Gama (Foto: Reprodu\u00e7\u00e3o\/Vasco)\"},{\"@type\":\"BreadcrumbList\",\"@id\":\"https:\/\/www.gaveanews.com\/index.php\/2025\/02\/25\/crise-vasco-faz-pedido-urgente-a-justica\/#breadcrumb\",\"itemListElement\":[{\"@type\":\"ListItem\",\"position\":1,\"name\":\"Home\",\"item\":\"https:\/\/www.gaveanews.com\/\"},{\"@type\":\"ListItem\",\"position\":2,\"name\":\"Crise! Vasco faz pedido urgente \u00e0 Justi\u00e7a\"}]},{\"@type\":\"WebSite\",\"@id\":\"https:\/\/www.gaveanews.com\/#website\",\"url\":\"https:\/\/www.gaveanews.com\/\",\"name\":\"G\u00e1vea News\",\"description\":\"Veja todas as not\u00edcias sobre o Flamengo: Contrata\u00e7\u00f5es, categorias de base, resultados das partidas, tabela de classifica\u00e7\u00e3o, pr\u00f3ximos jogos!\",\"potentialAction\":[{\"@type\":\"SearchAction\",\"target\":{\"@type\":\"EntryPoint\",\"urlTemplate\":\"https:\/\/www.gaveanews.com\/?s={search_term_string}\"},\"query-input\":{\"@type\":\"PropertyValueSpecification\",\"valueRequired\":true,\"valueName\":\"search_term_string\"}}],\"inLanguage\":\"pt-BR\"},{\"@type\":\"Person\",\"@id\":\"https:\/\/www.gaveanews.com\/#\/schema\/person\/f42654babcd2b2014a1a65af82b081f1\",\"name\":\"Geovanna Thomaz\",\"image\":{\"@type\":\"ImageObject\",\"inLanguage\":\"pt-BR\",\"@id\":\"https:\/\/www.gaveanews.com\/#\/schema\/person\/image\/\",\"url\":\"https:\/\/secure.gravatar.com\/avatar\/4092073255489533afb558984b49b64268c47198af8623cc82a925ae9fb7118a?s=96&d=mm&r=g\",\"contentUrl\":\"https:\/\/secure.gravatar.com\/avatar\/4092073255489533afb558984b49b64268c47198af8623cc82a925ae9fb7118a?s=96&d=mm&r=g\",\"caption\":\"Geovanna Thomaz\"}}]}<\/script>\n<!-- \/ Yoast SEO Premium plugin. -->","yoast_head_json":{"title":"Crise! Vasco faz pedido urgente \u00e0 Justi\u00e7a","robots":{"index":"index","follow":"follow","max-snippet":"max-snippet:-1","max-image-preview":"max-image-preview:large","max-video-preview":"max-video-preview:-1"},"canonical":"https:\/\/www.gaveanews.com\/index.php\/2025\/02\/25\/crise-vasco-faz-pedido-urgente-a-justica\/","og_locale":"pt_BR","og_type":"article","og_title":"Crise! Vasco faz pedido urgente \u00e0 Justi\u00e7a","og_description":"Vasco pede recupera\u00e7\u00e3o judicial para SAF e clube associativo O Vasco da Gama deu entrada em um pedido de recupera\u00e7\u00e3o judicial para o Club de Regatas Vasco da Gama (CRVG) e para a Vasco SAF na 4\u00aa Vara Empresarial do Tribunal de Justi\u00e7a do Rio de Janeiro (TJ-RJ). O an\u00fancio foi feito nesta segunda-feira (24), [&hellip;]","og_url":"https:\/\/www.gaveanews.com\/index.php\/2025\/02\/25\/crise-vasco-faz-pedido-urgente-a-justica\/","og_site_name":"G\u00e1vea News","article_publisher":"https:\/\/facebook.com\/gaveaNews\/","article_published_time":"2025-02-26T01:12:45+00:00","article_modified_time":"2025-02-26T01:12:47+00:00","og_image":[{"width":1159,"height":772,"url":"http:\/\/www.gaveanews.com\/wp-content\/uploads\/Bandeira-do-Vasco-da-Gama.webp","type":"image\/webp"}],"author":"Geovanna Thomaz","twitter_card":"summary_large_image","twitter_misc":{"Escrito por":"Geovanna Thomaz","Est. tempo de leitura":"3 minutos"},"schema":{"@context":"https:\/\/schema.org","@graph":[{"@type":"NewsArticle","@id":"https:\/\/www.gaveanews.com\/index.php\/2025\/02\/25\/crise-vasco-faz-pedido-urgente-a-justica\/#article","isPartOf":{"@id":"https:\/\/www.gaveanews.com\/index.php\/2025\/02\/25\/crise-vasco-faz-pedido-urgente-a-justica\/"},"author":{"name":"Geovanna Thomaz","@id":"https:\/\/www.gaveanews.com\/#\/schema\/person\/f42654babcd2b2014a1a65af82b081f1"},"headline":"Crise! Vasco faz pedido urgente \u00e0 Justi\u00e7a","datePublished":"2025-02-26T01:12:45+00:00","dateModified":"2025-02-26T01:12:47+00:00","mainEntityOfPage":{"@id":"https:\/\/www.gaveanews.com\/index.php\/2025\/02\/25\/crise-vasco-faz-pedido-urgente-a-justica\/"},"wordCount":375,"commentCount":0,"image":{"@id":"https:\/\/www.gaveanews.com\/index.php\/2025\/02\/25\/crise-vasco-faz-pedido-urgente-a-justica\/#primaryimage"},"thumbnailUrl":"https:\/\/www.gaveanews.com\/wp-content\/uploads\/Bandeira-do-Vasco-da-Gama.webp","articleSection":["Vasco"],"inLanguage":"pt-BR","potentialAction":[{"@type":"CommentAction","name":"Comment","target":["https:\/\/www.gaveanews.com\/index.php\/2025\/02\/25\/crise-vasco-faz-pedido-urgente-a-justica\/#respond"]}],"copyrightYear":"2025","copyrightHolder":{"@id":"https:\/\/www.gaveanews.com\/#organization"}},{"@type":"WebPage","@id":"https:\/\/www.gaveanews.com\/index.php\/2025\/02\/25\/crise-vasco-faz-pedido-urgente-a-justica\/","url":"https:\/\/www.gaveanews.com\/index.php\/2025\/02\/25\/crise-vasco-faz-pedido-urgente-a-justica\/","name":"Crise! Vasco faz pedido urgente \u00e0 Justi\u00e7a","isPartOf":{"@id":"https:\/\/www.gaveanews.com\/#website"},"primaryImageOfPage":{"@id":"https:\/\/www.gaveanews.com\/index.php\/2025\/02\/25\/crise-vasco-faz-pedido-urgente-a-justica\/#primaryimage"},"image":{"@id":"https:\/\/www.gaveanews.com\/index.php\/2025\/02\/25\/crise-vasco-faz-pedido-urgente-a-justica\/#primaryimage"},"thumbnailUrl":"https:\/\/www.gaveanews.com\/wp-content\/uploads\/Bandeira-do-Vasco-da-Gama.webp","datePublished":"2025-02-26T01:12:45+00:00","dateModified":"2025-02-26T01:12:47+00:00","author":{"@id":"https:\/\/www.gaveanews.com\/#\/schema\/person\/f42654babcd2b2014a1a65af82b081f1"},"breadcrumb":{"@id":"https:\/\/www.gaveanews.com\/index.php\/2025\/02\/25\/crise-vasco-faz-pedido-urgente-a-justica\/#breadcrumb"},"inLanguage":"pt-BR","potentialAction":[{"@type":"ReadAction","target":["https:\/\/www.gaveanews.com\/index.php\/2025\/02\/25\/crise-vasco-faz-pedido-urgente-a-justica\/"]}]},{"@type":"ImageObject","inLanguage":"pt-BR","@id":"https:\/\/www.gaveanews.com\/index.php\/2025\/02\/25\/crise-vasco-faz-pedido-urgente-a-justica\/#primaryimage","url":"https:\/\/www.gaveanews.com\/wp-content\/uploads\/Bandeira-do-Vasco-da-Gama.webp","contentUrl":"https:\/\/www.gaveanews.com\/wp-content\/uploads\/Bandeira-do-Vasco-da-Gama.webp","width":1159,"height":772,"caption":"Bandeira do Vasco da Gama (Foto: Reprodu\u00e7\u00e3o\/Vasco)"},{"@type":"BreadcrumbList","@id":"https:\/\/www.gaveanews.com\/index.php\/2025\/02\/25\/crise-vasco-faz-pedido-urgente-a-justica\/#breadcrumb","itemListElement":[{"@type":"ListItem","position":1,"name":"Home","item":"https:\/\/www.gaveanews.com\/"},{"@type":"ListItem","position":2,"name":"Crise! Vasco faz pedido urgente \u00e0 Justi\u00e7a"}]},{"@type":"WebSite","@id":"https:\/\/www.gaveanews.com\/#website","url":"https:\/\/www.gaveanews.com\/","name":"G\u00e1vea News","description":"Veja todas as not\u00edcias sobre o Flamengo: Contrata\u00e7\u00f5es, categorias de base, resultados das partidas, tabela de classifica\u00e7\u00e3o, pr\u00f3ximos jogos!","potentialAction":[{"@type":"SearchAction","target":{"@type":"EntryPoint","urlTemplate":"https:\/\/www.gaveanews.com\/?s={search_term_string}"},"query-input":{"@type":"PropertyValueSpecification","valueRequired":true,"valueName":"search_term_string"}}],"inLanguage":"pt-BR"},{"@type":"Person","@id":"https:\/\/www.gaveanews.com\/#\/schema\/person\/f42654babcd2b2014a1a65af82b081f1","name":"Geovanna Thomaz","image":{"@type":"ImageObject","inLanguage":"pt-BR","@id":"https:\/\/www.gaveanews.com\/#\/schema\/person\/image\/","url":"https:\/\/secure.gravatar.com\/avatar\/4092073255489533afb558984b49b64268c47198af8623cc82a925ae9fb7118a?s=96&d=mm&r=g","contentUrl":"https:\/\/secure.gravatar.com\/avatar\/4092073255489533afb558984b49b64268c47198af8623cc82a925ae9fb7118a?s=96&d=mm&r=g","caption":"Geovanna Thomaz"}}]}},"_links":{"self":[{"href":"https:\/\/www.gaveanews.com\/index.php\/wp-json\/wp\/v2\/posts\/232649","targetHints":{"allow":["GET"]}}],"collection":[{"href":"https:\/\/www.gaveanews.com\/index.php\/wp-json\/wp\/v2\/posts"}],"about":[{"href":"https:\/\/www.gaveanews.com\/index.php\/wp-json\/wp\/v2\/types\/post"}],"author":[{"embeddable":true,"href":"https:\/\/www.gaveanews.com\/index.php\/wp-json\/wp\/v2\/users\/17"}],"replies":[{"embeddable":true,"href":"https:\/\/www.gaveanews.com\/index.php\/wp-json\/wp\/v2\/comments?post=232649"}],"version-history":[{"count":1,"href":"https:\/\/www.gaveanews.com\/index.php\/wp-json\/wp\/v2\/posts\/232649\/revisions"}],"predecessor-version":[{"id":232650,"href":"https:\/\/www.gaveanews.com\/index.php\/wp-json\/wp\/v2\/posts\/232649\/revisions\/232650"}],"wp:featuredmedia":[{"embeddable":true,"href":"https:\/\/www.gaveanews.com\/index.php\/wp-json\/wp\/v2\/media\/152090"}],"wp:attachment":[{"href":"https:\/\/www.gaveanews.com\/index.php\/wp-json\/wp\/v2\/media?parent=232649"}],"wp:term":[{"taxonomy":"category","embeddable":true,"href":"https:\/\/www.gaveanews.com\/index.php\/wp-json\/wp\/v2\/categories?post=232649"},{"taxonomy":"post_tag","embeddable":true,"href":"https:\/\/www.gaveanews.com\/index.php\/wp-json\/wp\/v2\/tags?post=232649"}],"curies":[{"name":"wp","href":"https:\/\/api.w.org\/{rel}","templated":true}]}}