{"id":232651,"date":"2025-02-26T01:10:00","date_gmt":"2025-02-26T04:10:00","guid":{"rendered":"https:\/\/www.gaveanews.com\/?p=232651"},"modified":"2025-02-25T22:23:00","modified_gmt":"2025-02-26T01:23:00","slug":"declaracao-ousada-de-cicinho-envolvendo-neymar-do-santos-e-depay-do-corinthians-agita-torcedores","status":"publish","type":"post","link":"https:\/\/www.gaveanews.com\/index.php\/2025\/02\/26\/declaracao-ousada-de-cicinho-envolvendo-neymar-do-santos-e-depay-do-corinthians-agita-torcedores\/","title":{"rendered":"Declara\u00e7\u00e3o ousada de Cicinho envolvendo Neymar, do Santos, e Depay, do Corinthians, agita torcedores"},"content":{"rendered":"\n<h2 class=\"wp-block-heading\" id=\"h-corinthians-empata-com-guarani-e-se-prepara-para-decisoes-no-paulista-e-na-libertadores\">Corinthians empata com Guarani e se prepara para decis\u00f5es no Paulista e na Libertadores<\/h2>\n\n\n\n<p>O Corinthians encerrou a fase de grupos do Campeonato Paulista de 2025 com um empate por 2 a 2 contra o Guarani. O resultado garantiu a equipe nas quartas de final, onde enfrentar\u00e1 o Mirassol na pr\u00f3xima fase do torneio estadual.<\/p>\n\n\n\n<p>Ap\u00f3s a partida, o auxiliar t\u00e9cnico Emiliano D\u00edaz destacou a atua\u00e7\u00e3o de Memphis Depay e comentou a visita de Ronald Koeman, atual treinador da Sele\u00e7\u00e3o Holandesa. A presen\u00e7a do comandante no Brasil refor\u00e7ou a visibilidade do atacante corintiano, que tem sido pe\u00e7a-chave na equipe de Ram\u00f3n D\u00edaz desde sua chegada.<\/p>\n\n\n\n<p>Apesar disso, o principal debate entre os torcedores alvinegros foi a compara\u00e7\u00e3o feita pelo ex-jogador e comentarista Cicinho entre Depay e Neymar. Durante o programa Arena SBT, Cicinho afirmou que o brasileiro j\u00e1 fez mais pelo Santos, desde seu retorno, do que Depay pelo Corinthians.<\/p>\n\n\n\n<p>&#8220;\u00c9 engra\u00e7ado ver o quanto a gente valoriza os jogadores de fora. Porque s\u00f3 nessa \u00e9poca que o Neymar voltou, ele j\u00e1 fez mais do que o Memphis Depay. O Memphis Depay faz uma ou outra jogada e voc\u00eas colocam ele l\u00e1 em cima&#8221;, disse o ex-lateral.<\/p>\n\n\n\n<p>Memphis Depay foi fundamental para o Corinthians na temporada passada, ajudando a equipe a escapar do rebaixamento no Campeonato Brasileiro e garantindo uma vaga na fase preliminar da Libertadores. Neymar, por sua vez, retornou ao futebol brasileiro recentemente e tem sido decisivo para o Santos, que tamb\u00e9m se classificou para as quartas do Paulist\u00e3o.<\/p>\n\n\n\n<p>Outro assunto em evid\u00eancia no clube \u00e9 a situa\u00e7\u00e3o de Giovane. O atacante de 21 anos tem contrato com o Corinthians at\u00e9 junho e ainda n\u00e3o definiu seu futuro. Durante um evento da Federa\u00e7\u00e3o Paulista de Futebol (FPF), o dirigente Fabinho Soldado afirmou que o clube j\u00e1 fez propostas para a renova\u00e7\u00e3o e aguarda a decis\u00e3o do jogador.<\/p>\n\n\n\n<p>Enquanto as discuss\u00f5es extracampo seguem movimentando o notici\u00e1rio, o Corinthians se prepara para um compromisso decisivo na Libertadores. A equipe enfrenta o Universidad Central, da Venezuela, nesta quarta-feira (27), \u00e0s 21h30, na Neo Qu\u00edmica Arena. A vit\u00f3ria \u00e9 fundamental para garantir a classifica\u00e7\u00e3o \u00e0 pr\u00f3xima fase do torneio continental.<\/p>\n","protected":false},"excerpt":{"rendered":"<p>Corinthians empata com Guarani e se prepara para decis\u00f5es no Paulista e na Libertadores O Corinthians encerrou a fase de grupos do Campeonato Paulista de 2025 com um empate por 2 a 2 contra o Guarani. O resultado garantiu a equipe nas quartas de final, onde enfrentar\u00e1 o Mirassol na pr\u00f3xima fase do torneio estadual. [&hellip;]<\/p>\n","protected":false},"author":17,"featured_media":215675,"comment_status":"open","ping_status":"closed","sticky":false,"template":"","format":"standard","meta":{"footnotes":""},"categories":[141,139],"tags":[],"class_list":["post-232651","post","type-post","status-publish","format-standard","has-post-thumbnail","hentry","category-corinthians","category-santos"],"yoast_head":"<!-- This site is optimized with the Yoast SEO Premium plugin v24.2 (Yoast SEO v26.9) - https:\/\/yoast.com\/product\/yoast-seo-premium-wordpress\/ -->\n<title>Declara\u00e7\u00e3o ousada de Cicinho envolvendo Neymar, do Santos, e Depay, do Corinthians, agita torcedores<\/title>\n<meta name=\"robots\" content=\"index, follow, max-snippet:-1, max-image-preview:large, max-video-preview:-1\" \/>\n<link rel=\"canonical\" href=\"https:\/\/www.gaveanews.com\/index.php\/2025\/02\/26\/declaracao-ousada-de-cicinho-envolvendo-neymar-do-santos-e-depay-do-corinthians-agita-torcedores\/\" \/>\n<meta property=\"og:locale\" content=\"pt_BR\" \/>\n<meta property=\"og:type\" content=\"article\" \/>\n<meta property=\"og:title\" content=\"Declara\u00e7\u00e3o ousada de Cicinho envolvendo Neymar, do Santos, e Depay, do Corinthians, agita torcedores\" \/>\n<meta property=\"og:description\" content=\"Corinthians empata com Guarani e se prepara para decis\u00f5es no Paulista e na Libertadores O Corinthians encerrou a fase de grupos do Campeonato Paulista de 2025 com um empate por 2 a 2 contra o Guarani. O resultado garantiu a equipe nas quartas de final, onde enfrentar\u00e1 o Mirassol na pr\u00f3xima fase do torneio estadual. [&hellip;]\" \/>\n<meta property=\"og:url\" content=\"https:\/\/www.gaveanews.com\/index.php\/2025\/02\/26\/declaracao-ousada-de-cicinho-envolvendo-neymar-do-santos-e-depay-do-corinthians-agita-torcedores\/\" \/>\n<meta property=\"og:site_name\" content=\"G\u00e1vea News\" \/>\n<meta property=\"article:publisher\" content=\"https:\/\/facebook.com\/gaveaNews\/\" \/>\n<meta property=\"article:published_time\" content=\"2025-02-26T04:10:00+00:00\" \/>\n<meta property=\"og:image\" content=\"https:\/\/www.gaveanews.com\/wp-content\/uploads\/20210810-cicinho-arena-sbt.webp\" \/>\n\t<meta property=\"og:image:width\" content=\"941\" \/>\n\t<meta property=\"og:image:height\" content=\"589\" \/>\n\t<meta property=\"og:image:type\" content=\"image\/jpeg\" \/>\n<meta name=\"author\" content=\"Geovanna Thomaz\" \/>\n<meta name=\"twitter:card\" content=\"summary_large_image\" \/>\n<meta name=\"twitter:label1\" content=\"Escrito por\" \/>\n\t<meta name=\"twitter:data1\" content=\"Geovanna Thomaz\" \/>\n\t<meta name=\"twitter:label2\" content=\"Est. tempo de leitura\" \/>\n\t<meta name=\"twitter:data2\" content=\"3 minutos\" \/>\n<script type=\"application\/ld+json\" class=\"yoast-schema-graph\">{\"@context\":\"https:\/\/schema.org\",\"@graph\":[{\"@type\":\"NewsArticle\",\"@id\":\"https:\/\/www.gaveanews.com\/index.php\/2025\/02\/26\/declaracao-ousada-de-cicinho-envolvendo-neymar-do-santos-e-depay-do-corinthians-agita-torcedores\/#article\",\"isPartOf\":{\"@id\":\"https:\/\/www.gaveanews.com\/index.php\/2025\/02\/26\/declaracao-ousada-de-cicinho-envolvendo-neymar-do-santos-e-depay-do-corinthians-agita-torcedores\/\"},\"author\":{\"name\":\"Geovanna Thomaz\",\"@id\":\"https:\/\/www.gaveanews.com\/#\/schema\/person\/f42654babcd2b2014a1a65af82b081f1\"},\"headline\":\"Declara\u00e7\u00e3o ousada de Cicinho envolvendo Neymar, do Santos, e Depay, do Corinthians, agita torcedores\",\"datePublished\":\"2025-02-26T04:10:00+00:00\",\"mainEntityOfPage\":{\"@id\":\"https:\/\/www.gaveanews.com\/index.php\/2025\/02\/26\/declaracao-ousada-de-cicinho-envolvendo-neymar-do-santos-e-depay-do-corinthians-agita-torcedores\/\"},\"wordCount\":393,\"commentCount\":0,\"image\":{\"@id\":\"https:\/\/www.gaveanews.com\/index.php\/2025\/02\/26\/declaracao-ousada-de-cicinho-envolvendo-neymar-do-santos-e-depay-do-corinthians-agita-torcedores\/#primaryimage\"},\"thumbnailUrl\":\"https:\/\/www.gaveanews.com\/wp-content\/uploads\/20210810-cicinho-arena-sbt.webp\",\"articleSection\":[\"Corinthians\",\"Santos\"],\"inLanguage\":\"pt-BR\",\"potentialAction\":[{\"@type\":\"CommentAction\",\"name\":\"Comment\",\"target\":[\"https:\/\/www.gaveanews.com\/index.php\/2025\/02\/26\/declaracao-ousada-de-cicinho-envolvendo-neymar-do-santos-e-depay-do-corinthians-agita-torcedores\/#respond\"]}],\"copyrightYear\":\"2025\",\"copyrightHolder\":{\"@id\":\"https:\/\/www.gaveanews.com\/#organization\"}},{\"@type\":\"WebPage\",\"@id\":\"https:\/\/www.gaveanews.com\/index.php\/2025\/02\/26\/declaracao-ousada-de-cicinho-envolvendo-neymar-do-santos-e-depay-do-corinthians-agita-torcedores\/\",\"url\":\"https:\/\/www.gaveanews.com\/index.php\/2025\/02\/26\/declaracao-ousada-de-cicinho-envolvendo-neymar-do-santos-e-depay-do-corinthians-agita-torcedores\/\",\"name\":\"Declara\u00e7\u00e3o ousada de Cicinho envolvendo Neymar, do Santos, e Depay, do Corinthians, agita torcedores\",\"isPartOf\":{\"@id\":\"https:\/\/www.gaveanews.com\/#website\"},\"primaryImageOfPage\":{\"@id\":\"https:\/\/www.gaveanews.com\/index.php\/2025\/02\/26\/declaracao-ousada-de-cicinho-envolvendo-neymar-do-santos-e-depay-do-corinthians-agita-torcedores\/#primaryimage\"},\"image\":{\"@id\":\"https:\/\/www.gaveanews.com\/index.php\/2025\/02\/26\/declaracao-ousada-de-cicinho-envolvendo-neymar-do-santos-e-depay-do-corinthians-agita-torcedores\/#primaryimage\"},\"thumbnailUrl\":\"https:\/\/www.gaveanews.com\/wp-content\/uploads\/20210810-cicinho-arena-sbt.webp\",\"datePublished\":\"2025-02-26T04:10:00+00:00\",\"author\":{\"@id\":\"https:\/\/www.gaveanews.com\/#\/schema\/person\/f42654babcd2b2014a1a65af82b081f1\"},\"breadcrumb\":{\"@id\":\"https:\/\/www.gaveanews.com\/index.php\/2025\/02\/26\/declaracao-ousada-de-cicinho-envolvendo-neymar-do-santos-e-depay-do-corinthians-agita-torcedores\/#breadcrumb\"},\"inLanguage\":\"pt-BR\",\"potentialAction\":[{\"@type\":\"ReadAction\",\"target\":[\"https:\/\/www.gaveanews.com\/index.php\/2025\/02\/26\/declaracao-ousada-de-cicinho-envolvendo-neymar-do-santos-e-depay-do-corinthians-agita-torcedores\/\"]}]},{\"@type\":\"ImageObject\",\"inLanguage\":\"pt-BR\",\"@id\":\"https:\/\/www.gaveanews.com\/index.php\/2025\/02\/26\/declaracao-ousada-de-cicinho-envolvendo-neymar-do-santos-e-depay-do-corinthians-agita-torcedores\/#primaryimage\",\"url\":\"https:\/\/www.gaveanews.com\/wp-content\/uploads\/20210810-cicinho-arena-sbt.webp\",\"contentUrl\":\"https:\/\/www.gaveanews.com\/wp-content\/uploads\/20210810-cicinho-arena-sbt.webp\",\"width\":941,\"height\":589,\"caption\":\"Cicinho, comentarista do SBT (Foto: Reprodu\u00e7\u00e3o)\"},{\"@type\":\"BreadcrumbList\",\"@id\":\"https:\/\/www.gaveanews.com\/index.php\/2025\/02\/26\/declaracao-ousada-de-cicinho-envolvendo-neymar-do-santos-e-depay-do-corinthians-agita-torcedores\/#breadcrumb\",\"itemListElement\":[{\"@type\":\"ListItem\",\"position\":1,\"name\":\"Home\",\"item\":\"https:\/\/www.gaveanews.com\/\"},{\"@type\":\"ListItem\",\"position\":2,\"name\":\"Declara\u00e7\u00e3o ousada de Cicinho envolvendo Neymar, do Santos, e Depay, do Corinthians, agita torcedores\"}]},{\"@type\":\"WebSite\",\"@id\":\"https:\/\/www.gaveanews.com\/#website\",\"url\":\"https:\/\/www.gaveanews.com\/\",\"name\":\"G\u00e1vea News\",\"description\":\"Veja todas as not\u00edcias sobre o Flamengo: Contrata\u00e7\u00f5es, categorias de base, resultados das partidas, tabela de classifica\u00e7\u00e3o, pr\u00f3ximos jogos!\",\"potentialAction\":[{\"@type\":\"SearchAction\",\"target\":{\"@type\":\"EntryPoint\",\"urlTemplate\":\"https:\/\/www.gaveanews.com\/?s={search_term_string}\"},\"query-input\":{\"@type\":\"PropertyValueSpecification\",\"valueRequired\":true,\"valueName\":\"search_term_string\"}}],\"inLanguage\":\"pt-BR\"},{\"@type\":\"Person\",\"@id\":\"https:\/\/www.gaveanews.com\/#\/schema\/person\/f42654babcd2b2014a1a65af82b081f1\",\"name\":\"Geovanna Thomaz\",\"image\":{\"@type\":\"ImageObject\",\"inLanguage\":\"pt-BR\",\"@id\":\"https:\/\/www.gaveanews.com\/#\/schema\/person\/image\/\",\"url\":\"https:\/\/secure.gravatar.com\/avatar\/4092073255489533afb558984b49b64268c47198af8623cc82a925ae9fb7118a?s=96&d=mm&r=g\",\"contentUrl\":\"https:\/\/secure.gravatar.com\/avatar\/4092073255489533afb558984b49b64268c47198af8623cc82a925ae9fb7118a?s=96&d=mm&r=g\",\"caption\":\"Geovanna Thomaz\"}}]}<\/script>\n<!-- \/ Yoast SEO Premium plugin. -->","yoast_head_json":{"title":"Declara\u00e7\u00e3o ousada de Cicinho envolvendo Neymar, do Santos, e Depay, do Corinthians, agita torcedores","robots":{"index":"index","follow":"follow","max-snippet":"max-snippet:-1","max-image-preview":"max-image-preview:large","max-video-preview":"max-video-preview:-1"},"canonical":"https:\/\/www.gaveanews.com\/index.php\/2025\/02\/26\/declaracao-ousada-de-cicinho-envolvendo-neymar-do-santos-e-depay-do-corinthians-agita-torcedores\/","og_locale":"pt_BR","og_type":"article","og_title":"Declara\u00e7\u00e3o ousada de Cicinho envolvendo Neymar, do Santos, e Depay, do Corinthians, agita torcedores","og_description":"Corinthians empata com Guarani e se prepara para decis\u00f5es no Paulista e na Libertadores O Corinthians encerrou a fase de grupos do Campeonato Paulista de 2025 com um empate por 2 a 2 contra o Guarani. O resultado garantiu a equipe nas quartas de final, onde enfrentar\u00e1 o Mirassol na pr\u00f3xima fase do torneio estadual. [&hellip;]","og_url":"https:\/\/www.gaveanews.com\/index.php\/2025\/02\/26\/declaracao-ousada-de-cicinho-envolvendo-neymar-do-santos-e-depay-do-corinthians-agita-torcedores\/","og_site_name":"G\u00e1vea News","article_publisher":"https:\/\/facebook.com\/gaveaNews\/","article_published_time":"2025-02-26T04:10:00+00:00","og_image":[{"width":941,"height":589,"url":"https:\/\/www.gaveanews.com\/wp-content\/uploads\/20210810-cicinho-arena-sbt.webp","type":"image\/jpeg"}],"author":"Geovanna Thomaz","twitter_card":"summary_large_image","twitter_misc":{"Escrito por":"Geovanna Thomaz","Est. tempo de leitura":"3 minutos"},"schema":{"@context":"https:\/\/schema.org","@graph":[{"@type":"NewsArticle","@id":"https:\/\/www.gaveanews.com\/index.php\/2025\/02\/26\/declaracao-ousada-de-cicinho-envolvendo-neymar-do-santos-e-depay-do-corinthians-agita-torcedores\/#article","isPartOf":{"@id":"https:\/\/www.gaveanews.com\/index.php\/2025\/02\/26\/declaracao-ousada-de-cicinho-envolvendo-neymar-do-santos-e-depay-do-corinthians-agita-torcedores\/"},"author":{"name":"Geovanna Thomaz","@id":"https:\/\/www.gaveanews.com\/#\/schema\/person\/f42654babcd2b2014a1a65af82b081f1"},"headline":"Declara\u00e7\u00e3o ousada de Cicinho envolvendo Neymar, do Santos, e Depay, do Corinthians, agita torcedores","datePublished":"2025-02-26T04:10:00+00:00","mainEntityOfPage":{"@id":"https:\/\/www.gaveanews.com\/index.php\/2025\/02\/26\/declaracao-ousada-de-cicinho-envolvendo-neymar-do-santos-e-depay-do-corinthians-agita-torcedores\/"},"wordCount":393,"commentCount":0,"image":{"@id":"https:\/\/www.gaveanews.com\/index.php\/2025\/02\/26\/declaracao-ousada-de-cicinho-envolvendo-neymar-do-santos-e-depay-do-corinthians-agita-torcedores\/#primaryimage"},"thumbnailUrl":"https:\/\/www.gaveanews.com\/wp-content\/uploads\/20210810-cicinho-arena-sbt.webp","articleSection":["Corinthians","Santos"],"inLanguage":"pt-BR","potentialAction":[{"@type":"CommentAction","name":"Comment","target":["https:\/\/www.gaveanews.com\/index.php\/2025\/02\/26\/declaracao-ousada-de-cicinho-envolvendo-neymar-do-santos-e-depay-do-corinthians-agita-torcedores\/#respond"]}],"copyrightYear":"2025","copyrightHolder":{"@id":"https:\/\/www.gaveanews.com\/#organization"}},{"@type":"WebPage","@id":"https:\/\/www.gaveanews.com\/index.php\/2025\/02\/26\/declaracao-ousada-de-cicinho-envolvendo-neymar-do-santos-e-depay-do-corinthians-agita-torcedores\/","url":"https:\/\/www.gaveanews.com\/index.php\/2025\/02\/26\/declaracao-ousada-de-cicinho-envolvendo-neymar-do-santos-e-depay-do-corinthians-agita-torcedores\/","name":"Declara\u00e7\u00e3o ousada de Cicinho envolvendo Neymar, do Santos, e Depay, do Corinthians, agita torcedores","isPartOf":{"@id":"https:\/\/www.gaveanews.com\/#website"},"primaryImageOfPage":{"@id":"https:\/\/www.gaveanews.com\/index.php\/2025\/02\/26\/declaracao-ousada-de-cicinho-envolvendo-neymar-do-santos-e-depay-do-corinthians-agita-torcedores\/#primaryimage"},"image":{"@id":"https:\/\/www.gaveanews.com\/index.php\/2025\/02\/26\/declaracao-ousada-de-cicinho-envolvendo-neymar-do-santos-e-depay-do-corinthians-agita-torcedores\/#primaryimage"},"thumbnailUrl":"https:\/\/www.gaveanews.com\/wp-content\/uploads\/20210810-cicinho-arena-sbt.webp","datePublished":"2025-02-26T04:10:00+00:00","author":{"@id":"https:\/\/www.gaveanews.com\/#\/schema\/person\/f42654babcd2b2014a1a65af82b081f1"},"breadcrumb":{"@id":"https:\/\/www.gaveanews.com\/index.php\/2025\/02\/26\/declaracao-ousada-de-cicinho-envolvendo-neymar-do-santos-e-depay-do-corinthians-agita-torcedores\/#breadcrumb"},"inLanguage":"pt-BR","potentialAction":[{"@type":"ReadAction","target":["https:\/\/www.gaveanews.com\/index.php\/2025\/02\/26\/declaracao-ousada-de-cicinho-envolvendo-neymar-do-santos-e-depay-do-corinthians-agita-torcedores\/"]}]},{"@type":"ImageObject","inLanguage":"pt-BR","@id":"https:\/\/www.gaveanews.com\/index.php\/2025\/02\/26\/declaracao-ousada-de-cicinho-envolvendo-neymar-do-santos-e-depay-do-corinthians-agita-torcedores\/#primaryimage","url":"https:\/\/www.gaveanews.com\/wp-content\/uploads\/20210810-cicinho-arena-sbt.webp","contentUrl":"https:\/\/www.gaveanews.com\/wp-content\/uploads\/20210810-cicinho-arena-sbt.webp","width":941,"height":589,"caption":"Cicinho, comentarista do SBT (Foto: Reprodu\u00e7\u00e3o)"},{"@type":"BreadcrumbList","@id":"https:\/\/www.gaveanews.com\/index.php\/2025\/02\/26\/declaracao-ousada-de-cicinho-envolvendo-neymar-do-santos-e-depay-do-corinthians-agita-torcedores\/#breadcrumb","itemListElement":[{"@type":"ListItem","position":1,"name":"Home","item":"https:\/\/www.gaveanews.com\/"},{"@type":"ListItem","position":2,"name":"Declara\u00e7\u00e3o ousada de Cicinho envolvendo Neymar, do Santos, e Depay, do Corinthians, agita torcedores"}]},{"@type":"WebSite","@id":"https:\/\/www.gaveanews.com\/#website","url":"https:\/\/www.gaveanews.com\/","name":"G\u00e1vea News","description":"Veja todas as not\u00edcias sobre o Flamengo: Contrata\u00e7\u00f5es, categorias de base, resultados das partidas, tabela de classifica\u00e7\u00e3o, pr\u00f3ximos jogos!","potentialAction":[{"@type":"SearchAction","target":{"@type":"EntryPoint","urlTemplate":"https:\/\/www.gaveanews.com\/?s={search_term_string}"},"query-input":{"@type":"PropertyValueSpecification","valueRequired":true,"valueName":"search_term_string"}}],"inLanguage":"pt-BR"},{"@type":"Person","@id":"https:\/\/www.gaveanews.com\/#\/schema\/person\/f42654babcd2b2014a1a65af82b081f1","name":"Geovanna Thomaz","image":{"@type":"ImageObject","inLanguage":"pt-BR","@id":"https:\/\/www.gaveanews.com\/#\/schema\/person\/image\/","url":"https:\/\/secure.gravatar.com\/avatar\/4092073255489533afb558984b49b64268c47198af8623cc82a925ae9fb7118a?s=96&d=mm&r=g","contentUrl":"https:\/\/secure.gravatar.com\/avatar\/4092073255489533afb558984b49b64268c47198af8623cc82a925ae9fb7118a?s=96&d=mm&r=g","caption":"Geovanna Thomaz"}}]}},"_links":{"self":[{"href":"https:\/\/www.gaveanews.com\/index.php\/wp-json\/wp\/v2\/posts\/232651","targetHints":{"allow":["GET"]}}],"collection":[{"href":"https:\/\/www.gaveanews.com\/index.php\/wp-json\/wp\/v2\/posts"}],"about":[{"href":"https:\/\/www.gaveanews.com\/index.php\/wp-json\/wp\/v2\/types\/post"}],"author":[{"embeddable":true,"href":"https:\/\/www.gaveanews.com\/index.php\/wp-json\/wp\/v2\/users\/17"}],"replies":[{"embeddable":true,"href":"https:\/\/www.gaveanews.com\/index.php\/wp-json\/wp\/v2\/comments?post=232651"}],"version-history":[{"count":2,"href":"https:\/\/www.gaveanews.com\/index.php\/wp-json\/wp\/v2\/posts\/232651\/revisions"}],"predecessor-version":[{"id":232836,"href":"https:\/\/www.gaveanews.com\/index.php\/wp-json\/wp\/v2\/posts\/232651\/revisions\/232836"}],"wp:featuredmedia":[{"embeddable":true,"href":"https:\/\/www.gaveanews.com\/index.php\/wp-json\/wp\/v2\/media\/215675"}],"wp:attachment":[{"href":"https:\/\/www.gaveanews.com\/index.php\/wp-json\/wp\/v2\/media?parent=232651"}],"wp:term":[{"taxonomy":"category","embeddable":true,"href":"https:\/\/www.gaveanews.com\/index.php\/wp-json\/wp\/v2\/categories?post=232651"},{"taxonomy":"post_tag","embeddable":true,"href":"https:\/\/www.gaveanews.com\/index.php\/wp-json\/wp\/v2\/tags?post=232651"}],"curies":[{"name":"wp","href":"https:\/\/api.w.org\/{rel}","templated":true}]}}