{"id":232914,"date":"2025-02-26T12:10:41","date_gmt":"2025-02-26T15:10:41","guid":{"rendered":"https:\/\/www.gaveanews.com\/?p=232914"},"modified":"2025-02-26T11:52:40","modified_gmt":"2025-02-26T14:52:40","slug":"oscar-lucas-moura-calleri-luciano-alisson-luiz-gustavo-erick-andre-silva-ferreirinha-e-arboleda-os-jogadores-do-sao-paulo-com-mais-participacoes-em-gols-na-carreira","status":"publish","type":"post","link":"https:\/\/www.gaveanews.com\/index.php\/2025\/02\/26\/oscar-lucas-moura-calleri-luciano-alisson-luiz-gustavo-erick-andre-silva-ferreirinha-e-arboleda-os-jogadores-do-sao-paulo-com-mais-participacoes-em-gols-na-carreira\/","title":{"rendered":"Oscar, Lucas Moura, Calleri, Luciano, Alisson, Luiz Gustavo, Erick, Andr\u00e9 Silva, Ferreirinha e Arboleda: os jogadores do S\u00e3o Paulo com mais participa\u00e7\u00f5es em gols na carreira"},"content":{"rendered":"\n<p>Para manter o time vivo nos campeonatos e colher bons frutos ao final das temporadas, os jogadores precisam se empenhar em ter um time equilibrado, ou seja, com bons aproveitamentos defensivos e ofensivos.<\/p>\n\n\n\n<p>Uma das melhores formas de manter um time consistente \u00e9 com um bom ataque, e os aproveitamentos individuais s\u00e3o importantes. Nesse cen\u00e1rio, o G\u00e1vea News elencou o top-10 jogadores do S\u00e3o Paulo com mais participa\u00e7\u00f5es em gols na carreira.<\/p>\n\n\n\n<h2 class=\"wp-block-heading\" id=\"h-robert-arboleda\">Robert Arboleda<\/h2>\n\n\n\n<p>Robert Arboleda abre a lista dos atletas do S\u00e3o Paulo com mais participa\u00e7\u00f5es em gols na carreira. Ele aparece em d\u00e9cimo lugar com 50 participa\u00e7\u00f5es em gols. Ele alcan\u00e7ou a marca ao longo de 482 jogos na carreira.<\/p>\n\n\n\n<figure class=\"wp-block-image size-large\"><img loading=\"lazy\" decoding=\"async\" width=\"1024\" height=\"706\" src=\"http:\/\/www.gaveanews.com\/wp-content\/uploads\/Arboleda-pelo-Sao-Paulo-1024x706.webp\" alt=\"\" class=\"wp-image-167635\" srcset=\"https:\/\/www.gaveanews.com\/wp-content\/uploads\/Arboleda-pelo-Sao-Paulo-1024x706.webp 1024w, https:\/\/www.gaveanews.com\/wp-content\/uploads\/Arboleda-pelo-Sao-Paulo-300x207.webp 300w, https:\/\/www.gaveanews.com\/wp-content\/uploads\/Arboleda-pelo-Sao-Paulo-768x529.webp 768w, https:\/\/www.gaveanews.com\/wp-content\/uploads\/Arboleda-pelo-Sao-Paulo-1536x1059.webp 1536w, https:\/\/www.gaveanews.com\/wp-content\/uploads\/Arboleda-pelo-Sao-Paulo-609x420.webp 609w, https:\/\/www.gaveanews.com\/wp-content\/uploads\/Arboleda-pelo-Sao-Paulo-1218x840.webp 1218w, https:\/\/www.gaveanews.com\/wp-content\/uploads\/Arboleda-pelo-Sao-Paulo-640x441.webp 640w, https:\/\/www.gaveanews.com\/wp-content\/uploads\/Arboleda-pelo-Sao-Paulo-1280x882.webp 1280w, https:\/\/www.gaveanews.com\/wp-content\/uploads\/Arboleda-pelo-Sao-Paulo-681x469.webp 681w, https:\/\/www.gaveanews.com\/wp-content\/uploads\/Arboleda-pelo-Sao-Paulo-1362x939.webp 1362w, https:\/\/www.gaveanews.com\/wp-content\/uploads\/Arboleda-pelo-Sao-Paulo-100x69.webp 100w, https:\/\/www.gaveanews.com\/wp-content\/uploads\/Arboleda-pelo-Sao-Paulo.webp 1600w\" sizes=\"auto, (max-width: 1024px) 100vw, 1024px\" \/><figcaption class=\"wp-element-caption\">Arboleda pelo S\u00e3o Paulo (Foto: Rubens Chiri \/ S\u00e3o Paulo)<\/figcaption><\/figure>\n\n\n\n<h2 class=\"wp-block-heading\" id=\"h-ferreirinha\">Ferreirinha<\/h2>\n\n\n\n<p>Ferreirinha vem logo na sequ\u00eancia com 58 participa\u00e7\u00f5es em gols na carreira. O atleta do S\u00e3o Paulo disputou 208 partidas ao longo dos anos como atleta profissional.<\/p>\n\n\n\n<figure class=\"wp-block-image size-full\"><img loading=\"lazy\" decoding=\"async\" width=\"1080\" height=\"1350\" src=\"http:\/\/www.gaveanews.com\/wp-content\/uploads\/Ferreirinha-em-acao-pelo-Sao-Paulo.webp\" alt=\"\" class=\"wp-image-149889\" srcset=\"https:\/\/www.gaveanews.com\/wp-content\/uploads\/Ferreirinha-em-acao-pelo-Sao-Paulo.webp 1080w, https:\/\/www.gaveanews.com\/wp-content\/uploads\/Ferreirinha-em-acao-pelo-Sao-Paulo-240x300.webp 240w, https:\/\/www.gaveanews.com\/wp-content\/uploads\/Ferreirinha-em-acao-pelo-Sao-Paulo-819x1024.webp 819w, https:\/\/www.gaveanews.com\/wp-content\/uploads\/Ferreirinha-em-acao-pelo-Sao-Paulo-768x960.webp 768w, https:\/\/www.gaveanews.com\/wp-content\/uploads\/Ferreirinha-em-acao-pelo-Sao-Paulo-336x420.webp 336w, https:\/\/www.gaveanews.com\/wp-content\/uploads\/Ferreirinha-em-acao-pelo-Sao-Paulo-672x840.webp 672w, https:\/\/www.gaveanews.com\/wp-content\/uploads\/Ferreirinha-em-acao-pelo-Sao-Paulo-640x800.webp 640w, https:\/\/www.gaveanews.com\/wp-content\/uploads\/Ferreirinha-em-acao-pelo-Sao-Paulo-681x851.webp 681w, https:\/\/www.gaveanews.com\/wp-content\/uploads\/Ferreirinha-em-acao-pelo-Sao-Paulo-100x125.webp 100w\" sizes=\"auto, (max-width: 1080px) 100vw, 1080px\" \/><figcaption class=\"wp-element-caption\">Ferreirinha em a\u00e7\u00e3o pelo S\u00e3o Paulo (Foto: Reprodu\u00e7\u00e3o\/Instagram)<\/figcaption><\/figure>\n\n\n\n<h2 class=\"wp-block-heading\" id=\"h-andre-silva\">Andr\u00e9 Silva<\/h2>\n\n\n\n<p>Andr\u00e9 Silva \u00e9 atacante do S\u00e3o Paulo e disputou 187 confrontos em toda a carreira. O atleta tem 63 participa\u00e7\u00f5es em gols, contabilizando todos os jogos que fez.<\/p>\n\n\n\n<figure class=\"wp-block-image size-full\"><img loading=\"lazy\" decoding=\"async\" width=\"984\" height=\"768\" src=\"http:\/\/www.gaveanews.com\/wp-content\/uploads\/Andre-Silva-anunciado-pelo-Sao-Paulo.webp\" alt=\"\" class=\"wp-image-173176\" srcset=\"https:\/\/www.gaveanews.com\/wp-content\/uploads\/Andre-Silva-anunciado-pelo-Sao-Paulo.webp 984w, https:\/\/www.gaveanews.com\/wp-content\/uploads\/Andre-Silva-anunciado-pelo-Sao-Paulo-300x234.webp 300w, https:\/\/www.gaveanews.com\/wp-content\/uploads\/Andre-Silva-anunciado-pelo-Sao-Paulo-768x599.webp 768w, https:\/\/www.gaveanews.com\/wp-content\/uploads\/Andre-Silva-anunciado-pelo-Sao-Paulo-538x420.webp 538w, https:\/\/www.gaveanews.com\/wp-content\/uploads\/Andre-Silva-anunciado-pelo-Sao-Paulo-640x500.webp 640w, https:\/\/www.gaveanews.com\/wp-content\/uploads\/Andre-Silva-anunciado-pelo-Sao-Paulo-681x532.webp 681w, https:\/\/www.gaveanews.com\/wp-content\/uploads\/Andre-Silva-anunciado-pelo-Sao-Paulo-511x400.webp 511w, https:\/\/www.gaveanews.com\/wp-content\/uploads\/Andre-Silva-anunciado-pelo-Sao-Paulo-100x78.webp 100w\" sizes=\"auto, (max-width: 984px) 100vw, 984px\" \/><figcaption class=\"wp-element-caption\">Andr\u00e9 Silva anunciado pelo S\u00e3o Paulo (Foto: Reprodu\u00e7\u00e3o)<\/figcaption><\/figure>\n\n\n\n<h2 class=\"wp-block-heading\" id=\"h-erick\">Erick<\/h2>\n\n\n\n<p>Erick supera a quantidade de participa\u00e7\u00f5es em gols de Andr\u00e9 Silva com 74 em 297 partidas que disputou ao longo da carreira.<\/p>\n\n\n\n<figure class=\"wp-block-image size-full\"><img loading=\"lazy\" decoding=\"async\" width=\"774\" height=\"516\" src=\"http:\/\/www.gaveanews.com\/wp-content\/uploads\/Erick-em-acao-pelo-Sao-Paulo-pelo-Brasileirao-2024.webp\" alt=\"\" class=\"wp-image-161150\" srcset=\"https:\/\/www.gaveanews.com\/wp-content\/uploads\/Erick-em-acao-pelo-Sao-Paulo-pelo-Brasileirao-2024.webp 774w, https:\/\/www.gaveanews.com\/wp-content\/uploads\/Erick-em-acao-pelo-Sao-Paulo-pelo-Brasileirao-2024-300x200.webp 300w, https:\/\/www.gaveanews.com\/wp-content\/uploads\/Erick-em-acao-pelo-Sao-Paulo-pelo-Brasileirao-2024-768x512.webp 768w, https:\/\/www.gaveanews.com\/wp-content\/uploads\/Erick-em-acao-pelo-Sao-Paulo-pelo-Brasileirao-2024-630x420.webp 630w, https:\/\/www.gaveanews.com\/wp-content\/uploads\/Erick-em-acao-pelo-Sao-Paulo-pelo-Brasileirao-2024-640x427.webp 640w, https:\/\/www.gaveanews.com\/wp-content\/uploads\/Erick-em-acao-pelo-Sao-Paulo-pelo-Brasileirao-2024-681x454.webp 681w, https:\/\/www.gaveanews.com\/wp-content\/uploads\/Erick-em-acao-pelo-Sao-Paulo-pelo-Brasileirao-2024-100x67.webp 100w\" sizes=\"auto, (max-width: 774px) 100vw, 774px\" \/><figcaption class=\"wp-element-caption\">Erick em a\u00e7\u00e3o pelo S\u00e3o Paulo pelo Brasileir\u00e3o 2024 (Foto: Rubens Chiri\/S\u00e3o Paulo)<\/figcaption><\/figure>\n\n\n\n<h2 class=\"wp-block-heading\" id=\"h-luiz-gustavo\">Luiz Gustavo<\/h2>\n\n\n\n<p>Luiz Gustavo \u00e9 um dos atletas do S\u00e3o Paulo e tem 74 participa\u00e7\u00f5es em gols em toda a carreira. O jogador acumula 624 jogos disputados.<\/p>\n\n\n\n<figure class=\"wp-block-image size-full\"><img loading=\"lazy\" decoding=\"async\" width=\"791\" height=\"518\" src=\"http:\/\/www.gaveanews.com\/wp-content\/uploads\/Luiz-Gustavo-pelo-Sao-Paulo.webp\" alt=\"\" class=\"wp-image-178655\" srcset=\"https:\/\/www.gaveanews.com\/wp-content\/uploads\/Luiz-Gustavo-pelo-Sao-Paulo.webp 791w, https:\/\/www.gaveanews.com\/wp-content\/uploads\/Luiz-Gustavo-pelo-Sao-Paulo-300x196.webp 300w, https:\/\/www.gaveanews.com\/wp-content\/uploads\/Luiz-Gustavo-pelo-Sao-Paulo-768x503.webp 768w, https:\/\/www.gaveanews.com\/wp-content\/uploads\/Luiz-Gustavo-pelo-Sao-Paulo-641x420.webp 641w, https:\/\/www.gaveanews.com\/wp-content\/uploads\/Luiz-Gustavo-pelo-Sao-Paulo-640x419.webp 640w, https:\/\/www.gaveanews.com\/wp-content\/uploads\/Luiz-Gustavo-pelo-Sao-Paulo-681x446.webp 681w, https:\/\/www.gaveanews.com\/wp-content\/uploads\/Luiz-Gustavo-pelo-Sao-Paulo-100x65.webp 100w\" sizes=\"auto, (max-width: 791px) 100vw, 791px\" \/><figcaption class=\"wp-element-caption\">Luiz Gustavo pelo S\u00e3o Paulo (Foto: Rubens Chiri \/ saopaulofc)<\/figcaption><\/figure>\n\n\n\n<h2 class=\"wp-block-heading\" id=\"h-alisson\">Alisson<\/h2>\n\n\n\n<p>Na quinta posi\u00e7\u00e3o aparece Alisson. O jogador do S\u00e3o Paulo tem 111 participa\u00e7\u00f5es em gols ao longo de toda a carreira, totalizando 495 jogos disputados.<\/p>\n\n\n\n<figure class=\"wp-block-image size-full\"><img loading=\"lazy\" decoding=\"async\" width=\"1080\" height=\"1346\" src=\"http:\/\/www.gaveanews.com\/wp-content\/uploads\/Alisson-em-acao-pelo-Sao-Paulo.webp\" alt=\"\" class=\"wp-image-151483\" srcset=\"https:\/\/www.gaveanews.com\/wp-content\/uploads\/Alisson-em-acao-pelo-Sao-Paulo.webp 1080w, https:\/\/www.gaveanews.com\/wp-content\/uploads\/Alisson-em-acao-pelo-Sao-Paulo-241x300.webp 241w, https:\/\/www.gaveanews.com\/wp-content\/uploads\/Alisson-em-acao-pelo-Sao-Paulo-822x1024.webp 822w, https:\/\/www.gaveanews.com\/wp-content\/uploads\/Alisson-em-acao-pelo-Sao-Paulo-768x957.webp 768w, https:\/\/www.gaveanews.com\/wp-content\/uploads\/Alisson-em-acao-pelo-Sao-Paulo-337x420.webp 337w, https:\/\/www.gaveanews.com\/wp-content\/uploads\/Alisson-em-acao-pelo-Sao-Paulo-674x840.webp 674w, https:\/\/www.gaveanews.com\/wp-content\/uploads\/Alisson-em-acao-pelo-Sao-Paulo-640x798.webp 640w, https:\/\/www.gaveanews.com\/wp-content\/uploads\/Alisson-em-acao-pelo-Sao-Paulo-681x849.webp 681w, https:\/\/www.gaveanews.com\/wp-content\/uploads\/Alisson-em-acao-pelo-Sao-Paulo-100x125.webp 100w\" sizes=\"auto, (max-width: 1080px) 100vw, 1080px\" \/><figcaption class=\"wp-element-caption\">Alisson em a\u00e7\u00e3o pelo S\u00e3o Paulo (Foto: Reprodu\u00e7\u00e3o\/Instagram)<\/figcaption><\/figure>\n\n\n\n<h2 class=\"wp-block-heading\" id=\"h-luciano\">Luciano<\/h2>\n\n\n\n<p>Luciano aparece na quarta posi\u00e7\u00e3o com 187 participa\u00e7\u00f5es em gols em toda a carreira. O atleta do S\u00e3o Paulo participou de 520 jogos ao longo dos anos.<\/p>\n\n\n\n<figure class=\"wp-block-image size-full\"><img loading=\"lazy\" decoding=\"async\" width=\"1066\" height=\"710\" src=\"http:\/\/www.gaveanews.com\/wp-content\/uploads\/Luciano-com-a-camisa-do-Sao-Paulo-dem-2023.webp\" alt=\"\" class=\"wp-image-159987\" srcset=\"https:\/\/www.gaveanews.com\/wp-content\/uploads\/Luciano-com-a-camisa-do-Sao-Paulo-dem-2023.webp 1066w, https:\/\/www.gaveanews.com\/wp-content\/uploads\/Luciano-com-a-camisa-do-Sao-Paulo-dem-2023-300x200.webp 300w, https:\/\/www.gaveanews.com\/wp-content\/uploads\/Luciano-com-a-camisa-do-Sao-Paulo-dem-2023-1024x682.webp 1024w, https:\/\/www.gaveanews.com\/wp-content\/uploads\/Luciano-com-a-camisa-do-Sao-Paulo-dem-2023-768x512.webp 768w, https:\/\/www.gaveanews.com\/wp-content\/uploads\/Luciano-com-a-camisa-do-Sao-Paulo-dem-2023-631x420.webp 631w, https:\/\/www.gaveanews.com\/wp-content\/uploads\/Luciano-com-a-camisa-do-Sao-Paulo-dem-2023-640x426.webp 640w, https:\/\/www.gaveanews.com\/wp-content\/uploads\/Luciano-com-a-camisa-do-Sao-Paulo-dem-2023-681x454.webp 681w, https:\/\/www.gaveanews.com\/wp-content\/uploads\/Luciano-com-a-camisa-do-Sao-Paulo-dem-2023-100x67.webp 100w\" sizes=\"auto, (max-width: 1066px) 100vw, 1066px\" \/><figcaption class=\"wp-element-caption\">Luciano com a camisa do S\u00e3o Paulo em 2023 (Foto: Reprodu\u00e7\u00e3o\/Instagram)<\/figcaption><\/figure>\n\n\n\n<h2 class=\"wp-block-heading\" id=\"h-jonathan-calleri\">Jonathan Calleri<\/h2>\n\n\n\n<p>Jonathan Calleri \u00e9 o 3\u00b0 no top-10 de atletas do S\u00e3o Paulo com mais participa\u00e7\u00f5es em gols na carreira com 192. O jogador alcan\u00e7ou a marca ao longo de 472 jogos disputados.<\/p>\n\n\n\n<figure class=\"wp-block-image size-large\"><img loading=\"lazy\" decoding=\"async\" width=\"822\" height=\"1024\" src=\"http:\/\/www.gaveanews.com\/wp-content\/uploads\/Jonathan-Calleri-em-acao-pelo-Sao-Paulo-822x1024.webp\" alt=\"\" class=\"wp-image-148324\" srcset=\"https:\/\/www.gaveanews.com\/wp-content\/uploads\/Jonathan-Calleri-em-acao-pelo-Sao-Paulo-822x1024.webp 822w, https:\/\/www.gaveanews.com\/wp-content\/uploads\/Jonathan-Calleri-em-acao-pelo-Sao-Paulo-241x300.webp 241w, https:\/\/www.gaveanews.com\/wp-content\/uploads\/Jonathan-Calleri-em-acao-pelo-Sao-Paulo-768x957.webp 768w, https:\/\/www.gaveanews.com\/wp-content\/uploads\/Jonathan-Calleri-em-acao-pelo-Sao-Paulo-337x420.webp 337w, https:\/\/www.gaveanews.com\/wp-content\/uploads\/Jonathan-Calleri-em-acao-pelo-Sao-Paulo-674x840.webp 674w, https:\/\/www.gaveanews.com\/wp-content\/uploads\/Jonathan-Calleri-em-acao-pelo-Sao-Paulo-640x798.webp 640w, https:\/\/www.gaveanews.com\/wp-content\/uploads\/Jonathan-Calleri-em-acao-pelo-Sao-Paulo-681x849.webp 681w, https:\/\/www.gaveanews.com\/wp-content\/uploads\/Jonathan-Calleri-em-acao-pelo-Sao-Paulo-100x125.webp 100w, https:\/\/www.gaveanews.com\/wp-content\/uploads\/Jonathan-Calleri-em-acao-pelo-Sao-Paulo.webp 1080w\" sizes=\"auto, (max-width: 822px) 100vw, 822px\" \/><figcaption class=\"wp-element-caption\">Jonathan Calleri em a\u00e7\u00e3o pelo S\u00e3o Paulo (Foto: Reprodu\u00e7\u00e3o\/Instagram)<\/figcaption><\/figure>\n\n\n\n<h2 class=\"wp-block-heading\" id=\"h-lucas-moura\">Lucas Moura<\/h2>\n\n\n\n<p>A segunda posi\u00e7\u00e3o pertence a Lucas Moura com 255 participa\u00e7\u00f5es em gols em toda a carreira. O atleta do S\u00e3o Paulo disputou 656 jogos ao longo dos anos.<\/p>\n\n\n\n<figure class=\"wp-block-image size-full\"><img loading=\"lazy\" decoding=\"async\" width=\"1066\" height=\"1332\" src=\"http:\/\/www.gaveanews.com\/wp-content\/uploads\/Lucas-Moura-corre-e-vibra-apos-marcar-um-gol-pelo-Sao-Paulo-no-estadio-do-Morumbi.webp\" alt=\"\" class=\"wp-image-157849\" srcset=\"https:\/\/www.gaveanews.com\/wp-content\/uploads\/Lucas-Moura-corre-e-vibra-apos-marcar-um-gol-pelo-Sao-Paulo-no-estadio-do-Morumbi.webp 1066w, https:\/\/www.gaveanews.com\/wp-content\/uploads\/Lucas-Moura-corre-e-vibra-apos-marcar-um-gol-pelo-Sao-Paulo-no-estadio-do-Morumbi-240x300.webp 240w, https:\/\/www.gaveanews.com\/wp-content\/uploads\/Lucas-Moura-corre-e-vibra-apos-marcar-um-gol-pelo-Sao-Paulo-no-estadio-do-Morumbi-820x1024.webp 820w, https:\/\/www.gaveanews.com\/wp-content\/uploads\/Lucas-Moura-corre-e-vibra-apos-marcar-um-gol-pelo-Sao-Paulo-no-estadio-do-Morumbi-768x960.webp 768w, https:\/\/www.gaveanews.com\/wp-content\/uploads\/Lucas-Moura-corre-e-vibra-apos-marcar-um-gol-pelo-Sao-Paulo-no-estadio-do-Morumbi-336x420.webp 336w, https:\/\/www.gaveanews.com\/wp-content\/uploads\/Lucas-Moura-corre-e-vibra-apos-marcar-um-gol-pelo-Sao-Paulo-no-estadio-do-Morumbi-672x840.webp 672w, https:\/\/www.gaveanews.com\/wp-content\/uploads\/Lucas-Moura-corre-e-vibra-apos-marcar-um-gol-pelo-Sao-Paulo-no-estadio-do-Morumbi-640x800.webp 640w, https:\/\/www.gaveanews.com\/wp-content\/uploads\/Lucas-Moura-corre-e-vibra-apos-marcar-um-gol-pelo-Sao-Paulo-no-estadio-do-Morumbi-681x851.webp 681w, https:\/\/www.gaveanews.com\/wp-content\/uploads\/Lucas-Moura-corre-e-vibra-apos-marcar-um-gol-pelo-Sao-Paulo-no-estadio-do-Morumbi-100x125.webp 100w\" sizes=\"auto, (max-width: 1066px) 100vw, 1066px\" \/><figcaption class=\"wp-element-caption\">Lucas Moura corre e vibra ap\u00f3s marcar um gol pelo S\u00e3o Paulo no est\u00e1dio do Morumbi (Foto: Reprodu\u00e7\u00e3o\/Instagram)<\/figcaption><\/figure>\n\n\n\n<h2 class=\"wp-block-heading\" id=\"h-oscar\">Oscar<\/h2>\n\n\n\n<p>Oscar \u00e9 o primeiro da lista com 338 participa\u00e7\u00f5es em gols em toda a carreira. O atleta do S\u00e3o Paulo alcan\u00e7ou a marca ao longo de 545 jogos.<\/p>\n\n\n\n<figure class=\"wp-block-image size-full\"><img loading=\"lazy\" decoding=\"async\" width=\"762\" height=\"530\" src=\"http:\/\/www.gaveanews.com\/wp-content\/uploads\/Oscar-pelo-Sao-Paulo.webp\" alt=\"\" class=\"wp-image-213569\" srcset=\"https:\/\/www.gaveanews.com\/wp-content\/uploads\/Oscar-pelo-Sao-Paulo.webp 762w, https:\/\/www.gaveanews.com\/wp-content\/uploads\/Oscar-pelo-Sao-Paulo-300x209.webp 300w, https:\/\/www.gaveanews.com\/wp-content\/uploads\/Oscar-pelo-Sao-Paulo-604x420.webp 604w, https:\/\/www.gaveanews.com\/wp-content\/uploads\/Oscar-pelo-Sao-Paulo-640x445.webp 640w, https:\/\/www.gaveanews.com\/wp-content\/uploads\/Oscar-pelo-Sao-Paulo-681x474.webp 681w, https:\/\/www.gaveanews.com\/wp-content\/uploads\/Oscar-pelo-Sao-Paulo-100x70.webp 100w\" sizes=\"auto, (max-width: 762px) 100vw, 762px\" \/><figcaption class=\"wp-element-caption\">Oscar pelo S\u00e3o Paulo (Cr\u00e9dito: Rubens Chiri \/ S\u00e3o Paulo FC)\n\n<\/figcaption><\/figure>\n\n\n\n<p><\/p>\n","protected":false},"excerpt":{"rendered":"<p>Para manter o time vivo nos campeonatos e colher bons frutos ao final das temporadas, os jogadores precisam se empenhar em ter um time equilibrado, ou seja, com bons aproveitamentos defensivos e ofensivos. Uma das melhores formas de manter um time consistente \u00e9 com um bom ataque, e os aproveitamentos individuais s\u00e3o importantes. Nesse cen\u00e1rio, [&hellip;]<\/p>\n","protected":false},"author":29,"featured_media":154451,"comment_status":"open","ping_status":"closed","sticky":false,"template":"","format":"standard","meta":{"footnotes":""},"categories":[151],"tags":[],"class_list":["post-232914","post","type-post","status-publish","format-standard","has-post-thumbnail","hentry","category-sao-paulo"],"yoast_head":"<!-- This site is optimized with the Yoast SEO Premium plugin v24.2 (Yoast SEO v26.9) - https:\/\/yoast.com\/product\/yoast-seo-premium-wordpress\/ -->\n<title>Oscar, Lucas Moura, Calleri, Luciano, Alisson, Luiz Gustavo, Erick, Andr\u00e9 Silva, Ferreirinha e Arboleda: os jogadores do S\u00e3o Paulo com mais participa\u00e7\u00f5es em gols na carreira<\/title>\n<meta name=\"robots\" content=\"index, follow, max-snippet:-1, max-image-preview:large, max-video-preview:-1\" \/>\n<link rel=\"canonical\" href=\"https:\/\/www.gaveanews.com\/index.php\/2025\/02\/26\/oscar-lucas-moura-calleri-luciano-alisson-luiz-gustavo-erick-andre-silva-ferreirinha-e-arboleda-os-jogadores-do-sao-paulo-com-mais-participacoes-em-gols-na-carreira\/\" \/>\n<meta property=\"og:locale\" content=\"pt_BR\" \/>\n<meta property=\"og:type\" content=\"article\" \/>\n<meta property=\"og:title\" content=\"Oscar, Lucas Moura, Calleri, Luciano, Alisson, Luiz Gustavo, Erick, Andr\u00e9 Silva, Ferreirinha e Arboleda: os jogadores do S\u00e3o Paulo com mais participa\u00e7\u00f5es em gols na carreira\" \/>\n<meta property=\"og:description\" content=\"Para manter o time vivo nos campeonatos e colher bons frutos ao final das temporadas, os jogadores precisam se empenhar em ter um time equilibrado, ou seja, com bons aproveitamentos defensivos e ofensivos. Uma das melhores formas de manter um time consistente \u00e9 com um bom ataque, e os aproveitamentos individuais s\u00e3o importantes. Nesse cen\u00e1rio, [&hellip;]\" \/>\n<meta property=\"og:url\" content=\"https:\/\/www.gaveanews.com\/index.php\/2025\/02\/26\/oscar-lucas-moura-calleri-luciano-alisson-luiz-gustavo-erick-andre-silva-ferreirinha-e-arboleda-os-jogadores-do-sao-paulo-com-mais-participacoes-em-gols-na-carreira\/\" \/>\n<meta property=\"og:site_name\" content=\"G\u00e1vea News\" \/>\n<meta property=\"article:publisher\" content=\"https:\/\/facebook.com\/gaveaNews\/\" \/>\n<meta property=\"article:published_time\" content=\"2025-02-26T15:10:41+00:00\" \/>\n<meta property=\"og:image\" content=\"https:\/\/www.gaveanews.com\/wp-content\/uploads\/Escudo-do-Sao-Paulo.webp\" \/>\n\t<meta property=\"og:image:width\" content=\"977\" \/>\n\t<meta property=\"og:image:height\" content=\"651\" \/>\n\t<meta property=\"og:image:type\" content=\"image\/webp\" \/>\n<meta name=\"author\" content=\"Marco Menezes\" \/>\n<meta name=\"twitter:card\" content=\"summary_large_image\" \/>\n<meta name=\"twitter:label1\" content=\"Escrito por\" \/>\n\t<meta name=\"twitter:data1\" content=\"Marco Menezes\" \/>\n\t<meta name=\"twitter:label2\" content=\"Est. tempo de leitura\" \/>\n\t<meta name=\"twitter:data2\" content=\"5 minutos\" \/>\n<script type=\"application\/ld+json\" class=\"yoast-schema-graph\">{\"@context\":\"https:\/\/schema.org\",\"@graph\":[{\"@type\":\"NewsArticle\",\"@id\":\"https:\/\/www.gaveanews.com\/index.php\/2025\/02\/26\/oscar-lucas-moura-calleri-luciano-alisson-luiz-gustavo-erick-andre-silva-ferreirinha-e-arboleda-os-jogadores-do-sao-paulo-com-mais-participacoes-em-gols-na-carreira\/#article\",\"isPartOf\":{\"@id\":\"https:\/\/www.gaveanews.com\/index.php\/2025\/02\/26\/oscar-lucas-moura-calleri-luciano-alisson-luiz-gustavo-erick-andre-silva-ferreirinha-e-arboleda-os-jogadores-do-sao-paulo-com-mais-participacoes-em-gols-na-carreira\/\"},\"author\":{\"name\":\"Marco Menezes\",\"@id\":\"https:\/\/www.gaveanews.com\/#\/schema\/person\/a9f62fe75380c6bada1b2fc49bc23d69\"},\"headline\":\"Oscar, Lucas Moura, Calleri, Luciano, Alisson, Luiz Gustavo, Erick, Andr\u00e9 Silva, Ferreirinha e Arboleda: os jogadores do S\u00e3o Paulo com mais participa\u00e7\u00f5es em gols na carreira\",\"datePublished\":\"2025-02-26T15:10:41+00:00\",\"mainEntityOfPage\":{\"@id\":\"https:\/\/www.gaveanews.com\/index.php\/2025\/02\/26\/oscar-lucas-moura-calleri-luciano-alisson-luiz-gustavo-erick-andre-silva-ferreirinha-e-arboleda-os-jogadores-do-sao-paulo-com-mais-participacoes-em-gols-na-carreira\/\"},\"wordCount\":536,\"commentCount\":0,\"image\":{\"@id\":\"https:\/\/www.gaveanews.com\/index.php\/2025\/02\/26\/oscar-lucas-moura-calleri-luciano-alisson-luiz-gustavo-erick-andre-silva-ferreirinha-e-arboleda-os-jogadores-do-sao-paulo-com-mais-participacoes-em-gols-na-carreira\/#primaryimage\"},\"thumbnailUrl\":\"https:\/\/www.gaveanews.com\/wp-content\/uploads\/Escudo-do-Sao-Paulo.webp\",\"articleSection\":[\"S\u00e3o Paulo\"],\"inLanguage\":\"pt-BR\",\"potentialAction\":[{\"@type\":\"CommentAction\",\"name\":\"Comment\",\"target\":[\"https:\/\/www.gaveanews.com\/index.php\/2025\/02\/26\/oscar-lucas-moura-calleri-luciano-alisson-luiz-gustavo-erick-andre-silva-ferreirinha-e-arboleda-os-jogadores-do-sao-paulo-com-mais-participacoes-em-gols-na-carreira\/#respond\"]}],\"copyrightYear\":\"2025\",\"copyrightHolder\":{\"@id\":\"https:\/\/www.gaveanews.com\/#organization\"}},{\"@type\":\"WebPage\",\"@id\":\"https:\/\/www.gaveanews.com\/index.php\/2025\/02\/26\/oscar-lucas-moura-calleri-luciano-alisson-luiz-gustavo-erick-andre-silva-ferreirinha-e-arboleda-os-jogadores-do-sao-paulo-com-mais-participacoes-em-gols-na-carreira\/\",\"url\":\"https:\/\/www.gaveanews.com\/index.php\/2025\/02\/26\/oscar-lucas-moura-calleri-luciano-alisson-luiz-gustavo-erick-andre-silva-ferreirinha-e-arboleda-os-jogadores-do-sao-paulo-com-mais-participacoes-em-gols-na-carreira\/\",\"name\":\"Oscar, Lucas Moura, Calleri, Luciano, Alisson, Luiz Gustavo, Erick, Andr\u00e9 Silva, Ferreirinha e Arboleda: os jogadores do S\u00e3o Paulo com mais participa\u00e7\u00f5es em gols na carreira\",\"isPartOf\":{\"@id\":\"https:\/\/www.gaveanews.com\/#website\"},\"primaryImageOfPage\":{\"@id\":\"https:\/\/www.gaveanews.com\/index.php\/2025\/02\/26\/oscar-lucas-moura-calleri-luciano-alisson-luiz-gustavo-erick-andre-silva-ferreirinha-e-arboleda-os-jogadores-do-sao-paulo-com-mais-participacoes-em-gols-na-carreira\/#primaryimage\"},\"image\":{\"@id\":\"https:\/\/www.gaveanews.com\/index.php\/2025\/02\/26\/oscar-lucas-moura-calleri-luciano-alisson-luiz-gustavo-erick-andre-silva-ferreirinha-e-arboleda-os-jogadores-do-sao-paulo-com-mais-participacoes-em-gols-na-carreira\/#primaryimage\"},\"thumbnailUrl\":\"https:\/\/www.gaveanews.com\/wp-content\/uploads\/Escudo-do-Sao-Paulo.webp\",\"datePublished\":\"2025-02-26T15:10:41+00:00\",\"author\":{\"@id\":\"https:\/\/www.gaveanews.com\/#\/schema\/person\/a9f62fe75380c6bada1b2fc49bc23d69\"},\"breadcrumb\":{\"@id\":\"https:\/\/www.gaveanews.com\/index.php\/2025\/02\/26\/oscar-lucas-moura-calleri-luciano-alisson-luiz-gustavo-erick-andre-silva-ferreirinha-e-arboleda-os-jogadores-do-sao-paulo-com-mais-participacoes-em-gols-na-carreira\/#breadcrumb\"},\"inLanguage\":\"pt-BR\",\"potentialAction\":[{\"@type\":\"ReadAction\",\"target\":[\"https:\/\/www.gaveanews.com\/index.php\/2025\/02\/26\/oscar-lucas-moura-calleri-luciano-alisson-luiz-gustavo-erick-andre-silva-ferreirinha-e-arboleda-os-jogadores-do-sao-paulo-com-mais-participacoes-em-gols-na-carreira\/\"]}]},{\"@type\":\"ImageObject\",\"inLanguage\":\"pt-BR\",\"@id\":\"https:\/\/www.gaveanews.com\/index.php\/2025\/02\/26\/oscar-lucas-moura-calleri-luciano-alisson-luiz-gustavo-erick-andre-silva-ferreirinha-e-arboleda-os-jogadores-do-sao-paulo-com-mais-participacoes-em-gols-na-carreira\/#primaryimage\",\"url\":\"https:\/\/www.gaveanews.com\/wp-content\/uploads\/Escudo-do-Sao-Paulo.webp\",\"contentUrl\":\"https:\/\/www.gaveanews.com\/wp-content\/uploads\/Escudo-do-Sao-Paulo.webp\",\"width\":977,\"height\":651,\"caption\":\"Escudo do S\u00e3o Paulo (Foto: Reprodu\u00e7\u00e3o\/S\u00e3o Paulo)\"},{\"@type\":\"BreadcrumbList\",\"@id\":\"https:\/\/www.gaveanews.com\/index.php\/2025\/02\/26\/oscar-lucas-moura-calleri-luciano-alisson-luiz-gustavo-erick-andre-silva-ferreirinha-e-arboleda-os-jogadores-do-sao-paulo-com-mais-participacoes-em-gols-na-carreira\/#breadcrumb\",\"itemListElement\":[{\"@type\":\"ListItem\",\"position\":1,\"name\":\"Home\",\"item\":\"https:\/\/www.gaveanews.com\/\"},{\"@type\":\"ListItem\",\"position\":2,\"name\":\"Oscar, Lucas Moura, Calleri, Luciano, Alisson, Luiz Gustavo, Erick, Andr\u00e9 Silva, Ferreirinha e Arboleda: os jogadores do S\u00e3o Paulo com mais participa\u00e7\u00f5es em gols na carreira\"}]},{\"@type\":\"WebSite\",\"@id\":\"https:\/\/www.gaveanews.com\/#website\",\"url\":\"https:\/\/www.gaveanews.com\/\",\"name\":\"G\u00e1vea News\",\"description\":\"Veja todas as not\u00edcias sobre o Flamengo: Contrata\u00e7\u00f5es, categorias de base, resultados das partidas, tabela de classifica\u00e7\u00e3o, pr\u00f3ximos jogos!\",\"potentialAction\":[{\"@type\":\"SearchAction\",\"target\":{\"@type\":\"EntryPoint\",\"urlTemplate\":\"https:\/\/www.gaveanews.com\/?s={search_term_string}\"},\"query-input\":{\"@type\":\"PropertyValueSpecification\",\"valueRequired\":true,\"valueName\":\"search_term_string\"}}],\"inLanguage\":\"pt-BR\"},{\"@type\":\"Person\",\"@id\":\"https:\/\/www.gaveanews.com\/#\/schema\/person\/a9f62fe75380c6bada1b2fc49bc23d69\",\"name\":\"Marco Menezes\",\"image\":{\"@type\":\"ImageObject\",\"inLanguage\":\"pt-BR\",\"@id\":\"https:\/\/www.gaveanews.com\/#\/schema\/person\/image\/\",\"url\":\"https:\/\/secure.gravatar.com\/avatar\/a1d148ae17fc8bfc5dbccffd07979e8bd2c9ba494221779de86ec2c7907b71ec?s=96&d=mm&r=g\",\"contentUrl\":\"https:\/\/secure.gravatar.com\/avatar\/a1d148ae17fc8bfc5dbccffd07979e8bd2c9ba494221779de86ec2c7907b71ec?s=96&d=mm&r=g\",\"caption\":\"Marco Menezes\"}}]}<\/script>\n<!-- \/ Yoast SEO Premium plugin. -->","yoast_head_json":{"title":"Oscar, Lucas Moura, Calleri, Luciano, Alisson, Luiz Gustavo, Erick, Andr\u00e9 Silva, Ferreirinha e Arboleda: os jogadores do S\u00e3o Paulo com mais participa\u00e7\u00f5es em gols na carreira","robots":{"index":"index","follow":"follow","max-snippet":"max-snippet:-1","max-image-preview":"max-image-preview:large","max-video-preview":"max-video-preview:-1"},"canonical":"https:\/\/www.gaveanews.com\/index.php\/2025\/02\/26\/oscar-lucas-moura-calleri-luciano-alisson-luiz-gustavo-erick-andre-silva-ferreirinha-e-arboleda-os-jogadores-do-sao-paulo-com-mais-participacoes-em-gols-na-carreira\/","og_locale":"pt_BR","og_type":"article","og_title":"Oscar, Lucas Moura, Calleri, Luciano, Alisson, Luiz Gustavo, Erick, Andr\u00e9 Silva, Ferreirinha e Arboleda: os jogadores do S\u00e3o Paulo com mais participa\u00e7\u00f5es em gols na carreira","og_description":"Para manter o time vivo nos campeonatos e colher bons frutos ao final das temporadas, os jogadores precisam se empenhar em ter um time equilibrado, ou seja, com bons aproveitamentos defensivos e ofensivos. Uma das melhores formas de manter um time consistente \u00e9 com um bom ataque, e os aproveitamentos individuais s\u00e3o importantes. Nesse cen\u00e1rio, [&hellip;]","og_url":"https:\/\/www.gaveanews.com\/index.php\/2025\/02\/26\/oscar-lucas-moura-calleri-luciano-alisson-luiz-gustavo-erick-andre-silva-ferreirinha-e-arboleda-os-jogadores-do-sao-paulo-com-mais-participacoes-em-gols-na-carreira\/","og_site_name":"G\u00e1vea News","article_publisher":"https:\/\/facebook.com\/gaveaNews\/","article_published_time":"2025-02-26T15:10:41+00:00","og_image":[{"width":977,"height":651,"url":"https:\/\/www.gaveanews.com\/wp-content\/uploads\/Escudo-do-Sao-Paulo.webp","type":"image\/webp"}],"author":"Marco Menezes","twitter_card":"summary_large_image","twitter_misc":{"Escrito por":"Marco Menezes","Est. tempo de leitura":"5 minutos"},"schema":{"@context":"https:\/\/schema.org","@graph":[{"@type":"NewsArticle","@id":"https:\/\/www.gaveanews.com\/index.php\/2025\/02\/26\/oscar-lucas-moura-calleri-luciano-alisson-luiz-gustavo-erick-andre-silva-ferreirinha-e-arboleda-os-jogadores-do-sao-paulo-com-mais-participacoes-em-gols-na-carreira\/#article","isPartOf":{"@id":"https:\/\/www.gaveanews.com\/index.php\/2025\/02\/26\/oscar-lucas-moura-calleri-luciano-alisson-luiz-gustavo-erick-andre-silva-ferreirinha-e-arboleda-os-jogadores-do-sao-paulo-com-mais-participacoes-em-gols-na-carreira\/"},"author":{"name":"Marco Menezes","@id":"https:\/\/www.gaveanews.com\/#\/schema\/person\/a9f62fe75380c6bada1b2fc49bc23d69"},"headline":"Oscar, Lucas Moura, Calleri, Luciano, Alisson, Luiz Gustavo, Erick, Andr\u00e9 Silva, Ferreirinha e Arboleda: os jogadores do S\u00e3o Paulo com mais participa\u00e7\u00f5es em gols na carreira","datePublished":"2025-02-26T15:10:41+00:00","mainEntityOfPage":{"@id":"https:\/\/www.gaveanews.com\/index.php\/2025\/02\/26\/oscar-lucas-moura-calleri-luciano-alisson-luiz-gustavo-erick-andre-silva-ferreirinha-e-arboleda-os-jogadores-do-sao-paulo-com-mais-participacoes-em-gols-na-carreira\/"},"wordCount":536,"commentCount":0,"image":{"@id":"https:\/\/www.gaveanews.com\/index.php\/2025\/02\/26\/oscar-lucas-moura-calleri-luciano-alisson-luiz-gustavo-erick-andre-silva-ferreirinha-e-arboleda-os-jogadores-do-sao-paulo-com-mais-participacoes-em-gols-na-carreira\/#primaryimage"},"thumbnailUrl":"https:\/\/www.gaveanews.com\/wp-content\/uploads\/Escudo-do-Sao-Paulo.webp","articleSection":["S\u00e3o Paulo"],"inLanguage":"pt-BR","potentialAction":[{"@type":"CommentAction","name":"Comment","target":["https:\/\/www.gaveanews.com\/index.php\/2025\/02\/26\/oscar-lucas-moura-calleri-luciano-alisson-luiz-gustavo-erick-andre-silva-ferreirinha-e-arboleda-os-jogadores-do-sao-paulo-com-mais-participacoes-em-gols-na-carreira\/#respond"]}],"copyrightYear":"2025","copyrightHolder":{"@id":"https:\/\/www.gaveanews.com\/#organization"}},{"@type":"WebPage","@id":"https:\/\/www.gaveanews.com\/index.php\/2025\/02\/26\/oscar-lucas-moura-calleri-luciano-alisson-luiz-gustavo-erick-andre-silva-ferreirinha-e-arboleda-os-jogadores-do-sao-paulo-com-mais-participacoes-em-gols-na-carreira\/","url":"https:\/\/www.gaveanews.com\/index.php\/2025\/02\/26\/oscar-lucas-moura-calleri-luciano-alisson-luiz-gustavo-erick-andre-silva-ferreirinha-e-arboleda-os-jogadores-do-sao-paulo-com-mais-participacoes-em-gols-na-carreira\/","name":"Oscar, Lucas Moura, Calleri, Luciano, Alisson, Luiz Gustavo, Erick, Andr\u00e9 Silva, Ferreirinha e Arboleda: os jogadores do S\u00e3o Paulo com mais participa\u00e7\u00f5es em gols na carreira","isPartOf":{"@id":"https:\/\/www.gaveanews.com\/#website"},"primaryImageOfPage":{"@id":"https:\/\/www.gaveanews.com\/index.php\/2025\/02\/26\/oscar-lucas-moura-calleri-luciano-alisson-luiz-gustavo-erick-andre-silva-ferreirinha-e-arboleda-os-jogadores-do-sao-paulo-com-mais-participacoes-em-gols-na-carreira\/#primaryimage"},"image":{"@id":"https:\/\/www.gaveanews.com\/index.php\/2025\/02\/26\/oscar-lucas-moura-calleri-luciano-alisson-luiz-gustavo-erick-andre-silva-ferreirinha-e-arboleda-os-jogadores-do-sao-paulo-com-mais-participacoes-em-gols-na-carreira\/#primaryimage"},"thumbnailUrl":"https:\/\/www.gaveanews.com\/wp-content\/uploads\/Escudo-do-Sao-Paulo.webp","datePublished":"2025-02-26T15:10:41+00:00","author":{"@id":"https:\/\/www.gaveanews.com\/#\/schema\/person\/a9f62fe75380c6bada1b2fc49bc23d69"},"breadcrumb":{"@id":"https:\/\/www.gaveanews.com\/index.php\/2025\/02\/26\/oscar-lucas-moura-calleri-luciano-alisson-luiz-gustavo-erick-andre-silva-ferreirinha-e-arboleda-os-jogadores-do-sao-paulo-com-mais-participacoes-em-gols-na-carreira\/#breadcrumb"},"inLanguage":"pt-BR","potentialAction":[{"@type":"ReadAction","target":["https:\/\/www.gaveanews.com\/index.php\/2025\/02\/26\/oscar-lucas-moura-calleri-luciano-alisson-luiz-gustavo-erick-andre-silva-ferreirinha-e-arboleda-os-jogadores-do-sao-paulo-com-mais-participacoes-em-gols-na-carreira\/"]}]},{"@type":"ImageObject","inLanguage":"pt-BR","@id":"https:\/\/www.gaveanews.com\/index.php\/2025\/02\/26\/oscar-lucas-moura-calleri-luciano-alisson-luiz-gustavo-erick-andre-silva-ferreirinha-e-arboleda-os-jogadores-do-sao-paulo-com-mais-participacoes-em-gols-na-carreira\/#primaryimage","url":"https:\/\/www.gaveanews.com\/wp-content\/uploads\/Escudo-do-Sao-Paulo.webp","contentUrl":"https:\/\/www.gaveanews.com\/wp-content\/uploads\/Escudo-do-Sao-Paulo.webp","width":977,"height":651,"caption":"Escudo do S\u00e3o Paulo (Foto: Reprodu\u00e7\u00e3o\/S\u00e3o Paulo)"},{"@type":"BreadcrumbList","@id":"https:\/\/www.gaveanews.com\/index.php\/2025\/02\/26\/oscar-lucas-moura-calleri-luciano-alisson-luiz-gustavo-erick-andre-silva-ferreirinha-e-arboleda-os-jogadores-do-sao-paulo-com-mais-participacoes-em-gols-na-carreira\/#breadcrumb","itemListElement":[{"@type":"ListItem","position":1,"name":"Home","item":"https:\/\/www.gaveanews.com\/"},{"@type":"ListItem","position":2,"name":"Oscar, Lucas Moura, Calleri, Luciano, Alisson, Luiz Gustavo, Erick, Andr\u00e9 Silva, Ferreirinha e Arboleda: os jogadores do S\u00e3o Paulo com mais participa\u00e7\u00f5es em gols na carreira"}]},{"@type":"WebSite","@id":"https:\/\/www.gaveanews.com\/#website","url":"https:\/\/www.gaveanews.com\/","name":"G\u00e1vea News","description":"Veja todas as not\u00edcias sobre o Flamengo: Contrata\u00e7\u00f5es, categorias de base, resultados das partidas, tabela de classifica\u00e7\u00e3o, pr\u00f3ximos jogos!","potentialAction":[{"@type":"SearchAction","target":{"@type":"EntryPoint","urlTemplate":"https:\/\/www.gaveanews.com\/?s={search_term_string}"},"query-input":{"@type":"PropertyValueSpecification","valueRequired":true,"valueName":"search_term_string"}}],"inLanguage":"pt-BR"},{"@type":"Person","@id":"https:\/\/www.gaveanews.com\/#\/schema\/person\/a9f62fe75380c6bada1b2fc49bc23d69","name":"Marco Menezes","image":{"@type":"ImageObject","inLanguage":"pt-BR","@id":"https:\/\/www.gaveanews.com\/#\/schema\/person\/image\/","url":"https:\/\/secure.gravatar.com\/avatar\/a1d148ae17fc8bfc5dbccffd07979e8bd2c9ba494221779de86ec2c7907b71ec?s=96&d=mm&r=g","contentUrl":"https:\/\/secure.gravatar.com\/avatar\/a1d148ae17fc8bfc5dbccffd07979e8bd2c9ba494221779de86ec2c7907b71ec?s=96&d=mm&r=g","caption":"Marco Menezes"}}]}},"_links":{"self":[{"href":"https:\/\/www.gaveanews.com\/index.php\/wp-json\/wp\/v2\/posts\/232914","targetHints":{"allow":["GET"]}}],"collection":[{"href":"https:\/\/www.gaveanews.com\/index.php\/wp-json\/wp\/v2\/posts"}],"about":[{"href":"https:\/\/www.gaveanews.com\/index.php\/wp-json\/wp\/v2\/types\/post"}],"author":[{"embeddable":true,"href":"https:\/\/www.gaveanews.com\/index.php\/wp-json\/wp\/v2\/users\/29"}],"replies":[{"embeddable":true,"href":"https:\/\/www.gaveanews.com\/index.php\/wp-json\/wp\/v2\/comments?post=232914"}],"version-history":[{"count":1,"href":"https:\/\/www.gaveanews.com\/index.php\/wp-json\/wp\/v2\/posts\/232914\/revisions"}],"predecessor-version":[{"id":232919,"href":"https:\/\/www.gaveanews.com\/index.php\/wp-json\/wp\/v2\/posts\/232914\/revisions\/232919"}],"wp:featuredmedia":[{"embeddable":true,"href":"https:\/\/www.gaveanews.com\/index.php\/wp-json\/wp\/v2\/media\/154451"}],"wp:attachment":[{"href":"https:\/\/www.gaveanews.com\/index.php\/wp-json\/wp\/v2\/media?parent=232914"}],"wp:term":[{"taxonomy":"category","embeddable":true,"href":"https:\/\/www.gaveanews.com\/index.php\/wp-json\/wp\/v2\/categories?post=232914"},{"taxonomy":"post_tag","embeddable":true,"href":"https:\/\/www.gaveanews.com\/index.php\/wp-json\/wp\/v2\/tags?post=232914"}],"curies":[{"name":"wp","href":"https:\/\/api.w.org\/{rel}","templated":true}]}}