{"id":232932,"date":"2025-02-26T12:20:27","date_gmt":"2025-02-26T15:20:27","guid":{"rendered":"https:\/\/www.gaveanews.com\/?p=232932"},"modified":"2025-02-26T12:07:05","modified_gmt":"2025-02-26T15:07:05","slug":"ele-vai-assinar-com-o-corinthians-por-apenas-10-meses","status":"publish","type":"post","link":"https:\/\/www.gaveanews.com\/index.php\/2025\/02\/26\/ele-vai-assinar-com-o-corinthians-por-apenas-10-meses\/","title":{"rendered":"Ele vai assinar com o Corinthians por apenas 10 meses"},"content":{"rendered":"\n<p>O Corinthians est\u00e1 muito perto de anunciar Fabrizio Angileri, mas um detalhe ainda impede o acerto definitivo. O lateral-esquerdo argentino, que deve assinar por apenas 10 meses, tem uma exig\u00eancia pendente por parte de seu estafe.&nbsp;<\/p>\n\n\n\n<p>Sendo assim, a diretoria alvinegra ainda precisa resolver essa quest\u00e3o antes de oficializar o refor\u00e7o.<\/p>\n\n\n\n<h2 class=\"wp-block-heading\" id=\"h-clausula-protetiva-gera-impasse-nas-negociacoes\">Cl\u00e1usula protetiva gera impasse nas negocia\u00e7\u00f5es<\/h2>\n\n\n\n<p>O principal entrave para a assinatura do contrato \u00e9 a exig\u00eancia dos empres\u00e1rios do jogador. Eles querem incluir uma cl\u00e1usula que garanta o pagamento integral dos sal\u00e1rios caso o Corinthians atrase os vencimentos. Por isso, as partes ainda negociam para chegar a um consenso.<\/p>\n\n\n\n<p>Vale destacar que essa medida tem se tornado comum em contratos de jogadores estrangeiros no futebol brasileiro, principalmente em clubes que j\u00e1 enfrentaram problemas financeiros recentes.<\/p>\n\n\n\n<blockquote class=\"twitter-tweet\"><p lang=\"pt\" dir=\"ltr\">Fabrizio Angileri est\u00e1 perto de assinar por 10 meses com o Corinthians, mas ainda falta uma exig\u00eancia do estafe do lateral-esquerdo.<br><br>Os empres\u00e1rios exigem uma cl\u00e1usula protetiva no contrato para que Angileri receba os valores integrais caso o Tim\u00e3o atrase os sal\u00e1rios.<br><br>O\u2026 <a href=\"https:\/\/t.co\/oFXUVZcr7Z\">pic.twitter.com\/oFXUVZcr7Z<\/a><\/p>&mdash; Planeta do Futebol \ud83c\udf0e (@futebol_info) <a href=\"https:\/\/twitter.com\/futebol_info\/status\/1894716874706829687?ref_src=twsrc%5Etfw\">February 26, 2025<\/a><\/blockquote> <script async src=\"https:\/\/platform.twitter.com\/widgets.js\" charset=\"utf-8\"><\/script>\n\n\n\n<h2 class=\"wp-block-heading\" id=\"h-presidente-tenta-resolver-o-impasse\">Presidente tenta resolver o impasse<\/h2>\n\n\n\n<p>Para destravar a negocia\u00e7\u00e3o, o presidente Augusto Melo ter\u00e1 uma reuni\u00e3o ainda hoje com os representantes de Angileri. Isso porque a diretoria alvinegra quer resolver essa pend\u00eancia o quanto antes, garantindo o refor\u00e7o para o setor esquerdo da defesa.<\/p>\n\n\n\n<p>Al\u00e9m disso, a chegada do jogador \u00e9 vista como essencial para dar mais op\u00e7\u00f5es ao t\u00e9cnico Ram\u00f3n D\u00edaz, que conta com poucas alternativas para a posi\u00e7\u00e3o. Dessa maneira, a expectativa \u00e9 de que o desfecho aconte\u00e7a em breve.<\/p>\n\n\n\n<h2 class=\"wp-block-heading\" id=\"h-fim-da-novela-a-vista\">Fim da novela \u00e0 vista?<\/h2>\n\n\n\n<p>A torcida do Corinthians aguarda ansiosa pelo desfecho da negocia\u00e7\u00e3o, que promete trazer grandes expectativas para o clube. Cabe ressaltar que, caso tudo se resolva, Angileri assinar\u00e1 um v\u00ednculo curto, v\u00e1lido at\u00e9 o fim da temporada.&nbsp;<\/p>\n\n\n\n<p>Com isso, resta saber se o Tim\u00e3o ceder\u00e1 \u00e0 exig\u00eancia financeira do jogador ou encontrar\u00e1 outra solu\u00e7\u00e3o criativa para garantir o refor\u00e7o sem comprometer suas finan\u00e7as, mantendo o equil\u00edbrio do elenco.&nbsp;<\/p>\n\n\n\n<p>O desfecho da novela est\u00e1 pr\u00f3ximo, e a resposta definitiva pode sair nas pr\u00f3ximas horas, gerando ainda mais especula\u00e7\u00e3o entre os torcedores.<\/p>\n","protected":false},"excerpt":{"rendered":"<p>O Corinthians est\u00e1 muito perto de anunciar Fabrizio Angileri, mas um detalhe ainda impede o acerto definitivo. O lateral-esquerdo argentino, que deve assinar por apenas 10 meses, tem uma exig\u00eancia pendente por parte de seu estafe.&nbsp; Sendo assim, a diretoria alvinegra ainda precisa resolver essa quest\u00e3o antes de oficializar o refor\u00e7o. Cl\u00e1usula protetiva gera impasse [&hellip;]<\/p>\n","protected":false},"author":25,"featured_media":154473,"comment_status":"open","ping_status":"closed","sticky":false,"template":"","format":"standard","meta":{"footnotes":""},"categories":[141],"tags":[],"class_list":["post-232932","post","type-post","status-publish","format-standard","has-post-thumbnail","hentry","category-corinthians"],"yoast_head":"<!-- This site is optimized with the Yoast SEO Premium plugin v24.2 (Yoast SEO v26.9) - https:\/\/yoast.com\/product\/yoast-seo-premium-wordpress\/ -->\n<title>Ele vai assinar com o Corinthians por apenas 10 meses<\/title>\n<meta name=\"robots\" content=\"index, follow, max-snippet:-1, max-image-preview:large, max-video-preview:-1\" \/>\n<link rel=\"canonical\" href=\"https:\/\/www.gaveanews.com\/index.php\/2025\/02\/26\/ele-vai-assinar-com-o-corinthians-por-apenas-10-meses\/\" \/>\n<meta property=\"og:locale\" content=\"pt_BR\" \/>\n<meta property=\"og:type\" content=\"article\" \/>\n<meta property=\"og:title\" content=\"Ele vai assinar com o Corinthians por apenas 10 meses\" \/>\n<meta property=\"og:description\" content=\"O Corinthians est\u00e1 muito perto de anunciar Fabrizio Angileri, mas um detalhe ainda impede o acerto definitivo. O lateral-esquerdo argentino, que deve assinar por apenas 10 meses, tem uma exig\u00eancia pendente por parte de seu estafe.&nbsp; Sendo assim, a diretoria alvinegra ainda precisa resolver essa quest\u00e3o antes de oficializar o refor\u00e7o. Cl\u00e1usula protetiva gera impasse [&hellip;]\" \/>\n<meta property=\"og:url\" content=\"https:\/\/www.gaveanews.com\/index.php\/2025\/02\/26\/ele-vai-assinar-com-o-corinthians-por-apenas-10-meses\/\" \/>\n<meta property=\"og:site_name\" content=\"G\u00e1vea News\" \/>\n<meta property=\"article:publisher\" content=\"https:\/\/facebook.com\/gaveaNews\/\" \/>\n<meta property=\"article:published_time\" content=\"2025-02-26T15:20:27+00:00\" \/>\n<meta property=\"og:image\" content=\"https:\/\/www.gaveanews.com\/wp-content\/uploads\/Escudo-do-Corinthians-na-Neo-Quimica-Arena.webp\" \/>\n\t<meta property=\"og:image:width\" content=\"1440\" \/>\n\t<meta property=\"og:image:height\" content=\"959\" \/>\n\t<meta property=\"og:image:type\" content=\"image\/jpeg\" \/>\n<meta name=\"author\" content=\"Rafaela Ladeira\" \/>\n<meta name=\"twitter:card\" content=\"summary_large_image\" \/>\n<meta name=\"twitter:label1\" content=\"Escrito por\" \/>\n\t<meta name=\"twitter:data1\" content=\"Rafaela Ladeira\" \/>\n\t<meta name=\"twitter:label2\" content=\"Est. tempo de leitura\" \/>\n\t<meta name=\"twitter:data2\" content=\"2 minutos\" \/>\n<script type=\"application\/ld+json\" class=\"yoast-schema-graph\">{\"@context\":\"https:\/\/schema.org\",\"@graph\":[{\"@type\":\"NewsArticle\",\"@id\":\"https:\/\/www.gaveanews.com\/index.php\/2025\/02\/26\/ele-vai-assinar-com-o-corinthians-por-apenas-10-meses\/#article\",\"isPartOf\":{\"@id\":\"https:\/\/www.gaveanews.com\/index.php\/2025\/02\/26\/ele-vai-assinar-com-o-corinthians-por-apenas-10-meses\/\"},\"author\":{\"name\":\"Rafaela Ladeira\",\"@id\":\"https:\/\/www.gaveanews.com\/#\/schema\/person\/0eb3e3fe1754f0205218538adbe8f5ed\"},\"headline\":\"Ele vai assinar com o Corinthians por apenas 10 meses\",\"datePublished\":\"2025-02-26T15:20:27+00:00\",\"mainEntityOfPage\":{\"@id\":\"https:\/\/www.gaveanews.com\/index.php\/2025\/02\/26\/ele-vai-assinar-com-o-corinthians-por-apenas-10-meses\/\"},\"wordCount\":400,\"commentCount\":0,\"image\":{\"@id\":\"https:\/\/www.gaveanews.com\/index.php\/2025\/02\/26\/ele-vai-assinar-com-o-corinthians-por-apenas-10-meses\/#primaryimage\"},\"thumbnailUrl\":\"https:\/\/www.gaveanews.com\/wp-content\/uploads\/Escudo-do-Corinthians-na-Neo-Quimica-Arena.webp\",\"articleSection\":[\"Corinthians\"],\"inLanguage\":\"pt-BR\",\"potentialAction\":[{\"@type\":\"CommentAction\",\"name\":\"Comment\",\"target\":[\"https:\/\/www.gaveanews.com\/index.php\/2025\/02\/26\/ele-vai-assinar-com-o-corinthians-por-apenas-10-meses\/#respond\"]}],\"copyrightYear\":\"2025\",\"copyrightHolder\":{\"@id\":\"https:\/\/www.gaveanews.com\/#organization\"}},{\"@type\":\"WebPage\",\"@id\":\"https:\/\/www.gaveanews.com\/index.php\/2025\/02\/26\/ele-vai-assinar-com-o-corinthians-por-apenas-10-meses\/\",\"url\":\"https:\/\/www.gaveanews.com\/index.php\/2025\/02\/26\/ele-vai-assinar-com-o-corinthians-por-apenas-10-meses\/\",\"name\":\"Ele vai assinar com o Corinthians por apenas 10 meses\",\"isPartOf\":{\"@id\":\"https:\/\/www.gaveanews.com\/#website\"},\"primaryImageOfPage\":{\"@id\":\"https:\/\/www.gaveanews.com\/index.php\/2025\/02\/26\/ele-vai-assinar-com-o-corinthians-por-apenas-10-meses\/#primaryimage\"},\"image\":{\"@id\":\"https:\/\/www.gaveanews.com\/index.php\/2025\/02\/26\/ele-vai-assinar-com-o-corinthians-por-apenas-10-meses\/#primaryimage\"},\"thumbnailUrl\":\"https:\/\/www.gaveanews.com\/wp-content\/uploads\/Escudo-do-Corinthians-na-Neo-Quimica-Arena.webp\",\"datePublished\":\"2025-02-26T15:20:27+00:00\",\"author\":{\"@id\":\"https:\/\/www.gaveanews.com\/#\/schema\/person\/0eb3e3fe1754f0205218538adbe8f5ed\"},\"breadcrumb\":{\"@id\":\"https:\/\/www.gaveanews.com\/index.php\/2025\/02\/26\/ele-vai-assinar-com-o-corinthians-por-apenas-10-meses\/#breadcrumb\"},\"inLanguage\":\"pt-BR\",\"potentialAction\":[{\"@type\":\"ReadAction\",\"target\":[\"https:\/\/www.gaveanews.com\/index.php\/2025\/02\/26\/ele-vai-assinar-com-o-corinthians-por-apenas-10-meses\/\"]}]},{\"@type\":\"ImageObject\",\"inLanguage\":\"pt-BR\",\"@id\":\"https:\/\/www.gaveanews.com\/index.php\/2025\/02\/26\/ele-vai-assinar-com-o-corinthians-por-apenas-10-meses\/#primaryimage\",\"url\":\"https:\/\/www.gaveanews.com\/wp-content\/uploads\/Escudo-do-Corinthians-na-Neo-Quimica-Arena.webp\",\"contentUrl\":\"https:\/\/www.gaveanews.com\/wp-content\/uploads\/Escudo-do-Corinthians-na-Neo-Quimica-Arena.webp\",\"width\":1440,\"height\":959,\"caption\":\"Escudo do Corinthians na N\u00e9o Qu\u00edmica Arena (Foto Reprodu\u00e7\u00e3o\/Instagram)\"},{\"@type\":\"BreadcrumbList\",\"@id\":\"https:\/\/www.gaveanews.com\/index.php\/2025\/02\/26\/ele-vai-assinar-com-o-corinthians-por-apenas-10-meses\/#breadcrumb\",\"itemListElement\":[{\"@type\":\"ListItem\",\"position\":1,\"name\":\"Home\",\"item\":\"https:\/\/www.gaveanews.com\/\"},{\"@type\":\"ListItem\",\"position\":2,\"name\":\"Ele vai assinar com o Corinthians por apenas 10 meses\"}]},{\"@type\":\"WebSite\",\"@id\":\"https:\/\/www.gaveanews.com\/#website\",\"url\":\"https:\/\/www.gaveanews.com\/\",\"name\":\"G\u00e1vea News\",\"description\":\"Veja todas as not\u00edcias sobre o Flamengo: Contrata\u00e7\u00f5es, categorias de base, resultados das partidas, tabela de classifica\u00e7\u00e3o, pr\u00f3ximos jogos!\",\"potentialAction\":[{\"@type\":\"SearchAction\",\"target\":{\"@type\":\"EntryPoint\",\"urlTemplate\":\"https:\/\/www.gaveanews.com\/?s={search_term_string}\"},\"query-input\":{\"@type\":\"PropertyValueSpecification\",\"valueRequired\":true,\"valueName\":\"search_term_string\"}}],\"inLanguage\":\"pt-BR\"},{\"@type\":\"Person\",\"@id\":\"https:\/\/www.gaveanews.com\/#\/schema\/person\/0eb3e3fe1754f0205218538adbe8f5ed\",\"name\":\"Rafaela Ladeira\",\"image\":{\"@type\":\"ImageObject\",\"inLanguage\":\"pt-BR\",\"@id\":\"https:\/\/www.gaveanews.com\/#\/schema\/person\/image\/\",\"url\":\"https:\/\/secure.gravatar.com\/avatar\/c31f513acffd85eacab5730cbdfdbbf59f21ba5aeada8cd890acea879fbb2455?s=96&d=mm&r=g\",\"contentUrl\":\"https:\/\/secure.gravatar.com\/avatar\/c31f513acffd85eacab5730cbdfdbbf59f21ba5aeada8cd890acea879fbb2455?s=96&d=mm&r=g\",\"caption\":\"Rafaela Ladeira\"}}]}<\/script>\n<!-- \/ Yoast SEO Premium plugin. -->","yoast_head_json":{"title":"Ele vai assinar com o Corinthians por apenas 10 meses","robots":{"index":"index","follow":"follow","max-snippet":"max-snippet:-1","max-image-preview":"max-image-preview:large","max-video-preview":"max-video-preview:-1"},"canonical":"https:\/\/www.gaveanews.com\/index.php\/2025\/02\/26\/ele-vai-assinar-com-o-corinthians-por-apenas-10-meses\/","og_locale":"pt_BR","og_type":"article","og_title":"Ele vai assinar com o Corinthians por apenas 10 meses","og_description":"O Corinthians est\u00e1 muito perto de anunciar Fabrizio Angileri, mas um detalhe ainda impede o acerto definitivo. O lateral-esquerdo argentino, que deve assinar por apenas 10 meses, tem uma exig\u00eancia pendente por parte de seu estafe.&nbsp; Sendo assim, a diretoria alvinegra ainda precisa resolver essa quest\u00e3o antes de oficializar o refor\u00e7o. Cl\u00e1usula protetiva gera impasse [&hellip;]","og_url":"https:\/\/www.gaveanews.com\/index.php\/2025\/02\/26\/ele-vai-assinar-com-o-corinthians-por-apenas-10-meses\/","og_site_name":"G\u00e1vea News","article_publisher":"https:\/\/facebook.com\/gaveaNews\/","article_published_time":"2025-02-26T15:20:27+00:00","og_image":[{"width":1440,"height":959,"url":"https:\/\/www.gaveanews.com\/wp-content\/uploads\/Escudo-do-Corinthians-na-Neo-Quimica-Arena.webp","type":"image\/jpeg"}],"author":"Rafaela Ladeira","twitter_card":"summary_large_image","twitter_misc":{"Escrito por":"Rafaela Ladeira","Est. tempo de leitura":"2 minutos"},"schema":{"@context":"https:\/\/schema.org","@graph":[{"@type":"NewsArticle","@id":"https:\/\/www.gaveanews.com\/index.php\/2025\/02\/26\/ele-vai-assinar-com-o-corinthians-por-apenas-10-meses\/#article","isPartOf":{"@id":"https:\/\/www.gaveanews.com\/index.php\/2025\/02\/26\/ele-vai-assinar-com-o-corinthians-por-apenas-10-meses\/"},"author":{"name":"Rafaela Ladeira","@id":"https:\/\/www.gaveanews.com\/#\/schema\/person\/0eb3e3fe1754f0205218538adbe8f5ed"},"headline":"Ele vai assinar com o Corinthians por apenas 10 meses","datePublished":"2025-02-26T15:20:27+00:00","mainEntityOfPage":{"@id":"https:\/\/www.gaveanews.com\/index.php\/2025\/02\/26\/ele-vai-assinar-com-o-corinthians-por-apenas-10-meses\/"},"wordCount":400,"commentCount":0,"image":{"@id":"https:\/\/www.gaveanews.com\/index.php\/2025\/02\/26\/ele-vai-assinar-com-o-corinthians-por-apenas-10-meses\/#primaryimage"},"thumbnailUrl":"https:\/\/www.gaveanews.com\/wp-content\/uploads\/Escudo-do-Corinthians-na-Neo-Quimica-Arena.webp","articleSection":["Corinthians"],"inLanguage":"pt-BR","potentialAction":[{"@type":"CommentAction","name":"Comment","target":["https:\/\/www.gaveanews.com\/index.php\/2025\/02\/26\/ele-vai-assinar-com-o-corinthians-por-apenas-10-meses\/#respond"]}],"copyrightYear":"2025","copyrightHolder":{"@id":"https:\/\/www.gaveanews.com\/#organization"}},{"@type":"WebPage","@id":"https:\/\/www.gaveanews.com\/index.php\/2025\/02\/26\/ele-vai-assinar-com-o-corinthians-por-apenas-10-meses\/","url":"https:\/\/www.gaveanews.com\/index.php\/2025\/02\/26\/ele-vai-assinar-com-o-corinthians-por-apenas-10-meses\/","name":"Ele vai assinar com o Corinthians por apenas 10 meses","isPartOf":{"@id":"https:\/\/www.gaveanews.com\/#website"},"primaryImageOfPage":{"@id":"https:\/\/www.gaveanews.com\/index.php\/2025\/02\/26\/ele-vai-assinar-com-o-corinthians-por-apenas-10-meses\/#primaryimage"},"image":{"@id":"https:\/\/www.gaveanews.com\/index.php\/2025\/02\/26\/ele-vai-assinar-com-o-corinthians-por-apenas-10-meses\/#primaryimage"},"thumbnailUrl":"https:\/\/www.gaveanews.com\/wp-content\/uploads\/Escudo-do-Corinthians-na-Neo-Quimica-Arena.webp","datePublished":"2025-02-26T15:20:27+00:00","author":{"@id":"https:\/\/www.gaveanews.com\/#\/schema\/person\/0eb3e3fe1754f0205218538adbe8f5ed"},"breadcrumb":{"@id":"https:\/\/www.gaveanews.com\/index.php\/2025\/02\/26\/ele-vai-assinar-com-o-corinthians-por-apenas-10-meses\/#breadcrumb"},"inLanguage":"pt-BR","potentialAction":[{"@type":"ReadAction","target":["https:\/\/www.gaveanews.com\/index.php\/2025\/02\/26\/ele-vai-assinar-com-o-corinthians-por-apenas-10-meses\/"]}]},{"@type":"ImageObject","inLanguage":"pt-BR","@id":"https:\/\/www.gaveanews.com\/index.php\/2025\/02\/26\/ele-vai-assinar-com-o-corinthians-por-apenas-10-meses\/#primaryimage","url":"https:\/\/www.gaveanews.com\/wp-content\/uploads\/Escudo-do-Corinthians-na-Neo-Quimica-Arena.webp","contentUrl":"https:\/\/www.gaveanews.com\/wp-content\/uploads\/Escudo-do-Corinthians-na-Neo-Quimica-Arena.webp","width":1440,"height":959,"caption":"Escudo do Corinthians na N\u00e9o Qu\u00edmica Arena (Foto Reprodu\u00e7\u00e3o\/Instagram)"},{"@type":"BreadcrumbList","@id":"https:\/\/www.gaveanews.com\/index.php\/2025\/02\/26\/ele-vai-assinar-com-o-corinthians-por-apenas-10-meses\/#breadcrumb","itemListElement":[{"@type":"ListItem","position":1,"name":"Home","item":"https:\/\/www.gaveanews.com\/"},{"@type":"ListItem","position":2,"name":"Ele vai assinar com o Corinthians por apenas 10 meses"}]},{"@type":"WebSite","@id":"https:\/\/www.gaveanews.com\/#website","url":"https:\/\/www.gaveanews.com\/","name":"G\u00e1vea News","description":"Veja todas as not\u00edcias sobre o Flamengo: Contrata\u00e7\u00f5es, categorias de base, resultados das partidas, tabela de classifica\u00e7\u00e3o, pr\u00f3ximos jogos!","potentialAction":[{"@type":"SearchAction","target":{"@type":"EntryPoint","urlTemplate":"https:\/\/www.gaveanews.com\/?s={search_term_string}"},"query-input":{"@type":"PropertyValueSpecification","valueRequired":true,"valueName":"search_term_string"}}],"inLanguage":"pt-BR"},{"@type":"Person","@id":"https:\/\/www.gaveanews.com\/#\/schema\/person\/0eb3e3fe1754f0205218538adbe8f5ed","name":"Rafaela Ladeira","image":{"@type":"ImageObject","inLanguage":"pt-BR","@id":"https:\/\/www.gaveanews.com\/#\/schema\/person\/image\/","url":"https:\/\/secure.gravatar.com\/avatar\/c31f513acffd85eacab5730cbdfdbbf59f21ba5aeada8cd890acea879fbb2455?s=96&d=mm&r=g","contentUrl":"https:\/\/secure.gravatar.com\/avatar\/c31f513acffd85eacab5730cbdfdbbf59f21ba5aeada8cd890acea879fbb2455?s=96&d=mm&r=g","caption":"Rafaela Ladeira"}}]}},"_links":{"self":[{"href":"https:\/\/www.gaveanews.com\/index.php\/wp-json\/wp\/v2\/posts\/232932","targetHints":{"allow":["GET"]}}],"collection":[{"href":"https:\/\/www.gaveanews.com\/index.php\/wp-json\/wp\/v2\/posts"}],"about":[{"href":"https:\/\/www.gaveanews.com\/index.php\/wp-json\/wp\/v2\/types\/post"}],"author":[{"embeddable":true,"href":"https:\/\/www.gaveanews.com\/index.php\/wp-json\/wp\/v2\/users\/25"}],"replies":[{"embeddable":true,"href":"https:\/\/www.gaveanews.com\/index.php\/wp-json\/wp\/v2\/comments?post=232932"}],"version-history":[{"count":1,"href":"https:\/\/www.gaveanews.com\/index.php\/wp-json\/wp\/v2\/posts\/232932\/revisions"}],"predecessor-version":[{"id":232933,"href":"https:\/\/www.gaveanews.com\/index.php\/wp-json\/wp\/v2\/posts\/232932\/revisions\/232933"}],"wp:featuredmedia":[{"embeddable":true,"href":"https:\/\/www.gaveanews.com\/index.php\/wp-json\/wp\/v2\/media\/154473"}],"wp:attachment":[{"href":"https:\/\/www.gaveanews.com\/index.php\/wp-json\/wp\/v2\/media?parent=232932"}],"wp:term":[{"taxonomy":"category","embeddable":true,"href":"https:\/\/www.gaveanews.com\/index.php\/wp-json\/wp\/v2\/categories?post=232932"},{"taxonomy":"post_tag","embeddable":true,"href":"https:\/\/www.gaveanews.com\/index.php\/wp-json\/wp\/v2\/tags?post=232932"}],"curies":[{"name":"wp","href":"https:\/\/api.w.org\/{rel}","templated":true}]}}