{"id":233088,"date":"2025-02-26T19:45:00","date_gmt":"2025-02-26T22:45:00","guid":{"rendered":"https:\/\/www.gaveanews.com\/?p=233088"},"modified":"2025-02-26T18:53:09","modified_gmt":"2025-02-26T21:53:09","slug":"ednaldo-rodrigues-e-sincero-ao-falar-sobre-gramados-sinteticos","status":"publish","type":"post","link":"https:\/\/www.gaveanews.com\/index.php\/2025\/02\/26\/ednaldo-rodrigues-e-sincero-ao-falar-sobre-gramados-sinteticos\/","title":{"rendered":"Ednaldo Rodrigues \u00e9 sincero ao falar sobre gramados sint\u00e9ticos"},"content":{"rendered":"\n<p>O debate sobre o uso de gramados sint\u00e9ticos nos campos do futebol brasileiro ganhou novos rumos ap\u00f3s declara\u00e7\u00f5es do presidente da CBF, Ednaldo Rodrigues. Durante uma manifesta\u00e7\u00e3o sobre o assunto, ele deixou claro que a responsabilidade sobre essa decis\u00e3o n\u00e3o cabe \u00e0 Confedera\u00e7\u00e3o Brasileira de Futebol, mas sim aos pr\u00f3prios clubes. Al\u00e9m disso, o dirigente afirmou que o tema ser\u00e1 amplamente discutido no Conselho T\u00e9cnico da S\u00e9rie A, marcado para o dia 12 de mar\u00e7o.<\/p>\n\n\n\n<h2 class=\"wp-block-heading\" id=\"h-o-posicionamento-da-cbf-sobre-o-tema\">O posicionamento da CBF sobre o tema<\/h2>\n\n\n\n<p>Ednaldo Rodrigues foi direto ao esclarecer que a CBF se posiciona de maneira democr\u00e1tica sobre quest\u00f5es que envolvem os clubes e os jogadores. <\/p>\n\n\n\n<p>&#8220;A CBF \u00e9 democr\u00e1tica. O tema \u00e9 dos clubes, dos atletas. Acho que \u00e9 importante e bastante complexo. \u00c9 uma discuss\u00e3o que clubes debatem e se aprofundam&#8221;, afirmou o presidente da CBF. <\/p>\n\n\n\n<blockquote class=\"twitter-tweet\"><p lang=\"pt\" dir=\"ltr\">Ednaldo Rodrigues, presidente da CBF, sobre a pol\u00eamica do gramado sint\u00e9tico:<br><br>&quot;A CBF \u00e9 democr\u00e1tica. Esse tema \u00e9 dos clubes e dos atletas. \u00c9 importante e bastante complexo. \u00c9 uma discuss\u00e3o que clubes debatem e se aprofundam. A gente respeita todo posicionamento, principalmente dos\u2026 <a href=\"https:\/\/t.co\/keSK89bjUT\">pic.twitter.com\/keSK89bjUT<\/a><\/p>&mdash; Planeta do Futebol \ud83c\udf0e (@futebol_info) <a href=\"https:\/\/twitter.com\/futebol_info\/status\/1894801438330757549?ref_src=twsrc%5Etfw\">February 26, 2025<\/a><\/blockquote> <script async src=\"https:\/\/platform.twitter.com\/widgets.js\" charset=\"utf-8\"><\/script>\n\n\n\n<h2 class=\"wp-block-heading\" id=\"h-o-papel-dos-atletas-no-debate\">O papel dos atletas no debate<\/h2>\n\n\n\n<p>Com isso, ele ressaltou que, mais do que a Confedera\u00e7\u00e3o, os clubes devem ser os principais respons\u00e1veis por discutir e definir a quest\u00e3o. Sendo assim, Ednaldo Rodrigues tamb\u00e9m abordou o papel dos atletas nesse cen\u00e1rio. <\/p>\n\n\n\n<p>&#8220;A gente respeita todo posicionamento, seja de quem for, principalmente dos atletas, que jogam. Mais do que a CBF, tem que ser os clubes (a debater), que empregam os jogadores. Que os clubes debatam sobre o assunto&#8221;, destacou o presidente. <\/p>\n\n\n\n<p>Dessa maneira, ele refor\u00e7ou que os jogadores, que lidam diretamente com o ambiente dos gramados, t\u00eam o direito de se posicionar, mas que a discuss\u00e3o deve ser conduzida pelas equipes. Cabe ressaltar que a CBF est\u00e1 realizando um estudo profundo sobre as les\u00f5es causadas pelo uso de gramados sint\u00e9ticos. <\/p>\n\n\n\n<p>&#8220;A CBF est\u00e1 fazendo um estudo bastante profundo dentro do Brasil, n\u00e3o com dados cient\u00edficos externos. No dia 12, o Jorge Pagura (presidente da comiss\u00e3o m\u00e9dica da CBF) vai apresentar para subsidiar clubes e atletas&#8221;, explicou Ednaldo. <\/p>\n\n\n\n<p>Esse estudo pode ser um ponto crucial para a decis\u00e3o final, j\u00e1 que pretende fornecer informa\u00e7\u00f5es cient\u00edficas sobre os impactos do gramado sint\u00e9tico no corpo dos jogadores.<\/p>\n\n\n\n<h2 class=\"wp-block-heading\" id=\"h-movimento-para-vetar-o-uso-de-sintetico\">Movimento para vetar o uso de sint\u00e9tico<\/h2>\n\n\n\n<p>Por isso, segundo informa\u00e7\u00f5es apuradas pelo UOL, h\u00e1 clubes se articulando para colocar o tema em pauta novamente no Conselho T\u00e9cnico. A proposta de um bloco de clubes \u00e9 vetar o uso de gramados sint\u00e9ticos nos pr\u00f3ximos anos, com uma medida gradual e prazos para adapta\u00e7\u00e3o. Isso porque, muitos clubes t\u00eam demonstrado preocupa\u00e7\u00e3o com os poss\u00edveis efeitos negativos do sint\u00e9tico no desempenho e na sa\u00fade dos jogadores.<\/p>\n\n\n\n<p>Em resumo, a quest\u00e3o dos gramados sint\u00e9ticos no futebol brasileiro segue em aberto, mas com a promessa de um debate profundo e amplo entre as partes envolvidas. Isso porque a decis\u00e3o impacta diretamente a qualidade das partidas e o bem-estar dos atletas, sendo um tema que merece a devida aten\u00e7\u00e3o de todos os envolvidos no cen\u00e1rio esportivo nacional.<\/p>\n","protected":false},"excerpt":{"rendered":"<p>O debate sobre o uso de gramados sint\u00e9ticos nos campos do futebol brasileiro ganhou novos rumos ap\u00f3s declara\u00e7\u00f5es do presidente da CBF, Ednaldo Rodrigues. Durante uma manifesta\u00e7\u00e3o sobre o assunto, ele deixou claro que a responsabilidade sobre essa decis\u00e3o n\u00e3o cabe \u00e0 Confedera\u00e7\u00e3o Brasileira de Futebol, mas sim aos pr\u00f3prios clubes. Al\u00e9m disso, o dirigente [&hellip;]<\/p>\n","protected":false},"author":24,"featured_media":114931,"comment_status":"open","ping_status":"closed","sticky":false,"template":"","format":"standard","meta":{"footnotes":""},"categories":[136,138,478,141,143,1,145,147,148,150,139,151,152],"tags":[],"class_list":["post-233088","post","type-post","status-publish","format-standard","has-post-thumbnail","hentry","category-atletico-mg","category-botafogo","category-brasil","category-corinthians","category-cruzeiro","category-flamengo","category-fluminense","category-gremio","category-internacional","category-palmeiras","category-santos","category-sao-paulo","category-vasco"],"yoast_head":"<!-- This site is optimized with the Yoast SEO Premium plugin v24.2 (Yoast SEO v26.9) - https:\/\/yoast.com\/product\/yoast-seo-premium-wordpress\/ -->\n<title>Ednaldo Rodrigues \u00e9 sincero ao falar sobre gramados sint\u00e9ticos<\/title>\n<meta name=\"robots\" content=\"index, follow, max-snippet:-1, max-image-preview:large, max-video-preview:-1\" \/>\n<link rel=\"canonical\" href=\"https:\/\/www.gaveanews.com\/index.php\/2025\/02\/26\/ednaldo-rodrigues-e-sincero-ao-falar-sobre-gramados-sinteticos\/\" \/>\n<meta property=\"og:locale\" content=\"pt_BR\" \/>\n<meta property=\"og:type\" content=\"article\" \/>\n<meta property=\"og:title\" content=\"Ednaldo Rodrigues \u00e9 sincero ao falar sobre gramados sint\u00e9ticos\" \/>\n<meta property=\"og:description\" content=\"O debate sobre o uso de gramados sint\u00e9ticos nos campos do futebol brasileiro ganhou novos rumos ap\u00f3s declara\u00e7\u00f5es do presidente da CBF, Ednaldo Rodrigues. Durante uma manifesta\u00e7\u00e3o sobre o assunto, ele deixou claro que a responsabilidade sobre essa decis\u00e3o n\u00e3o cabe \u00e0 Confedera\u00e7\u00e3o Brasileira de Futebol, mas sim aos pr\u00f3prios clubes. Al\u00e9m disso, o dirigente [&hellip;]\" \/>\n<meta property=\"og:url\" content=\"https:\/\/www.gaveanews.com\/index.php\/2025\/02\/26\/ednaldo-rodrigues-e-sincero-ao-falar-sobre-gramados-sinteticos\/\" \/>\n<meta property=\"og:site_name\" content=\"G\u00e1vea News\" \/>\n<meta property=\"article:publisher\" content=\"https:\/\/facebook.com\/gaveaNews\/\" \/>\n<meta property=\"article:published_time\" content=\"2025-02-26T22:45:00+00:00\" \/>\n<meta property=\"og:image\" content=\"https:\/\/www.gaveanews.com\/wp-content\/uploads\/1_ednaldo_rodrigues_cbf_selecao_brasileira__2_-23258960.webp\" \/>\n\t<meta property=\"og:image:width\" content=\"818\" \/>\n\t<meta property=\"og:image:height\" content=\"459\" \/>\n\t<meta property=\"og:image:type\" content=\"image\/jpeg\" \/>\n<meta name=\"author\" content=\"Leandro Cardoso\" \/>\n<meta name=\"twitter:card\" content=\"summary_large_image\" \/>\n<meta name=\"twitter:label1\" content=\"Escrito por\" \/>\n\t<meta name=\"twitter:data1\" content=\"Leandro Cardoso\" \/>\n\t<meta name=\"twitter:label2\" content=\"Est. tempo de leitura\" \/>\n\t<meta name=\"twitter:data2\" content=\"3 minutos\" \/>\n<script type=\"application\/ld+json\" class=\"yoast-schema-graph\">{\"@context\":\"https:\/\/schema.org\",\"@graph\":[{\"@type\":\"NewsArticle\",\"@id\":\"https:\/\/www.gaveanews.com\/index.php\/2025\/02\/26\/ednaldo-rodrigues-e-sincero-ao-falar-sobre-gramados-sinteticos\/#article\",\"isPartOf\":{\"@id\":\"https:\/\/www.gaveanews.com\/index.php\/2025\/02\/26\/ednaldo-rodrigues-e-sincero-ao-falar-sobre-gramados-sinteticos\/\"},\"author\":{\"name\":\"Leandro Cardoso\",\"@id\":\"https:\/\/www.gaveanews.com\/#\/schema\/person\/2424ec6409bc3f068411fc5e4e9b6168\"},\"headline\":\"Ednaldo Rodrigues \u00e9 sincero ao falar sobre gramados sint\u00e9ticos\",\"datePublished\":\"2025-02-26T22:45:00+00:00\",\"mainEntityOfPage\":{\"@id\":\"https:\/\/www.gaveanews.com\/index.php\/2025\/02\/26\/ednaldo-rodrigues-e-sincero-ao-falar-sobre-gramados-sinteticos\/\"},\"wordCount\":571,\"commentCount\":0,\"image\":{\"@id\":\"https:\/\/www.gaveanews.com\/index.php\/2025\/02\/26\/ednaldo-rodrigues-e-sincero-ao-falar-sobre-gramados-sinteticos\/#primaryimage\"},\"thumbnailUrl\":\"https:\/\/www.gaveanews.com\/wp-content\/uploads\/1_ednaldo_rodrigues_cbf_selecao_brasileira__2_-23258960.webp\",\"articleSection\":[\"Atl\u00e9tico-MG\",\"Botafogo\",\"Brasil\",\"Corinthians\",\"Cruzeiro\",\"Flamengo\",\"Fluminense\",\"Gr\u00eamio\",\"Internacional\",\"Palmeiras\",\"Santos\",\"S\u00e3o Paulo\",\"Vasco\"],\"inLanguage\":\"pt-BR\",\"potentialAction\":[{\"@type\":\"CommentAction\",\"name\":\"Comment\",\"target\":[\"https:\/\/www.gaveanews.com\/index.php\/2025\/02\/26\/ednaldo-rodrigues-e-sincero-ao-falar-sobre-gramados-sinteticos\/#respond\"]}],\"copyrightYear\":\"2025\",\"copyrightHolder\":{\"@id\":\"https:\/\/www.gaveanews.com\/#organization\"}},{\"@type\":\"WebPage\",\"@id\":\"https:\/\/www.gaveanews.com\/index.php\/2025\/02\/26\/ednaldo-rodrigues-e-sincero-ao-falar-sobre-gramados-sinteticos\/\",\"url\":\"https:\/\/www.gaveanews.com\/index.php\/2025\/02\/26\/ednaldo-rodrigues-e-sincero-ao-falar-sobre-gramados-sinteticos\/\",\"name\":\"Ednaldo Rodrigues \u00e9 sincero ao falar sobre gramados sint\u00e9ticos\",\"isPartOf\":{\"@id\":\"https:\/\/www.gaveanews.com\/#website\"},\"primaryImageOfPage\":{\"@id\":\"https:\/\/www.gaveanews.com\/index.php\/2025\/02\/26\/ednaldo-rodrigues-e-sincero-ao-falar-sobre-gramados-sinteticos\/#primaryimage\"},\"image\":{\"@id\":\"https:\/\/www.gaveanews.com\/index.php\/2025\/02\/26\/ednaldo-rodrigues-e-sincero-ao-falar-sobre-gramados-sinteticos\/#primaryimage\"},\"thumbnailUrl\":\"https:\/\/www.gaveanews.com\/wp-content\/uploads\/1_ednaldo_rodrigues_cbf_selecao_brasileira__2_-23258960.webp\",\"datePublished\":\"2025-02-26T22:45:00+00:00\",\"author\":{\"@id\":\"https:\/\/www.gaveanews.com\/#\/schema\/person\/2424ec6409bc3f068411fc5e4e9b6168\"},\"breadcrumb\":{\"@id\":\"https:\/\/www.gaveanews.com\/index.php\/2025\/02\/26\/ednaldo-rodrigues-e-sincero-ao-falar-sobre-gramados-sinteticos\/#breadcrumb\"},\"inLanguage\":\"pt-BR\",\"potentialAction\":[{\"@type\":\"ReadAction\",\"target\":[\"https:\/\/www.gaveanews.com\/index.php\/2025\/02\/26\/ednaldo-rodrigues-e-sincero-ao-falar-sobre-gramados-sinteticos\/\"]}]},{\"@type\":\"ImageObject\",\"inLanguage\":\"pt-BR\",\"@id\":\"https:\/\/www.gaveanews.com\/index.php\/2025\/02\/26\/ednaldo-rodrigues-e-sincero-ao-falar-sobre-gramados-sinteticos\/#primaryimage\",\"url\":\"https:\/\/www.gaveanews.com\/wp-content\/uploads\/1_ednaldo_rodrigues_cbf_selecao_brasileira__2_-23258960.webp\",\"contentUrl\":\"https:\/\/www.gaveanews.com\/wp-content\/uploads\/1_ednaldo_rodrigues_cbf_selecao_brasileira__2_-23258960.webp\",\"width\":818,\"height\":459,\"caption\":\"Ednaldo Rodrigues, presidente da CBF, em entrevista coletiva da sele\u00e7\u00e3o brasileira feminina (Foto: Thais Magalh\u00e3es\/CBF)\"},{\"@type\":\"BreadcrumbList\",\"@id\":\"https:\/\/www.gaveanews.com\/index.php\/2025\/02\/26\/ednaldo-rodrigues-e-sincero-ao-falar-sobre-gramados-sinteticos\/#breadcrumb\",\"itemListElement\":[{\"@type\":\"ListItem\",\"position\":1,\"name\":\"Home\",\"item\":\"https:\/\/www.gaveanews.com\/\"},{\"@type\":\"ListItem\",\"position\":2,\"name\":\"Ednaldo Rodrigues \u00e9 sincero ao falar sobre gramados sint\u00e9ticos\"}]},{\"@type\":\"WebSite\",\"@id\":\"https:\/\/www.gaveanews.com\/#website\",\"url\":\"https:\/\/www.gaveanews.com\/\",\"name\":\"G\u00e1vea News\",\"description\":\"Veja todas as not\u00edcias sobre o Flamengo: Contrata\u00e7\u00f5es, categorias de base, resultados das partidas, tabela de classifica\u00e7\u00e3o, pr\u00f3ximos jogos!\",\"potentialAction\":[{\"@type\":\"SearchAction\",\"target\":{\"@type\":\"EntryPoint\",\"urlTemplate\":\"https:\/\/www.gaveanews.com\/?s={search_term_string}\"},\"query-input\":{\"@type\":\"PropertyValueSpecification\",\"valueRequired\":true,\"valueName\":\"search_term_string\"}}],\"inLanguage\":\"pt-BR\"},{\"@type\":\"Person\",\"@id\":\"https:\/\/www.gaveanews.com\/#\/schema\/person\/2424ec6409bc3f068411fc5e4e9b6168\",\"name\":\"Leandro Cardoso\",\"image\":{\"@type\":\"ImageObject\",\"inLanguage\":\"pt-BR\",\"@id\":\"https:\/\/www.gaveanews.com\/#\/schema\/person\/image\/\",\"url\":\"https:\/\/secure.gravatar.com\/avatar\/8ca179f9b55eefe9f376f5493ef25475bfa59fbc28ce937f6076ce20e523098f?s=96&d=mm&r=g\",\"contentUrl\":\"https:\/\/secure.gravatar.com\/avatar\/8ca179f9b55eefe9f376f5493ef25475bfa59fbc28ce937f6076ce20e523098f?s=96&d=mm&r=g\",\"caption\":\"Leandro Cardoso\"}}]}<\/script>\n<!-- \/ Yoast SEO Premium plugin. -->","yoast_head_json":{"title":"Ednaldo Rodrigues \u00e9 sincero ao falar sobre gramados sint\u00e9ticos","robots":{"index":"index","follow":"follow","max-snippet":"max-snippet:-1","max-image-preview":"max-image-preview:large","max-video-preview":"max-video-preview:-1"},"canonical":"https:\/\/www.gaveanews.com\/index.php\/2025\/02\/26\/ednaldo-rodrigues-e-sincero-ao-falar-sobre-gramados-sinteticos\/","og_locale":"pt_BR","og_type":"article","og_title":"Ednaldo Rodrigues \u00e9 sincero ao falar sobre gramados sint\u00e9ticos","og_description":"O debate sobre o uso de gramados sint\u00e9ticos nos campos do futebol brasileiro ganhou novos rumos ap\u00f3s declara\u00e7\u00f5es do presidente da CBF, Ednaldo Rodrigues. Durante uma manifesta\u00e7\u00e3o sobre o assunto, ele deixou claro que a responsabilidade sobre essa decis\u00e3o n\u00e3o cabe \u00e0 Confedera\u00e7\u00e3o Brasileira de Futebol, mas sim aos pr\u00f3prios clubes. Al\u00e9m disso, o dirigente [&hellip;]","og_url":"https:\/\/www.gaveanews.com\/index.php\/2025\/02\/26\/ednaldo-rodrigues-e-sincero-ao-falar-sobre-gramados-sinteticos\/","og_site_name":"G\u00e1vea News","article_publisher":"https:\/\/facebook.com\/gaveaNews\/","article_published_time":"2025-02-26T22:45:00+00:00","og_image":[{"width":818,"height":459,"url":"https:\/\/www.gaveanews.com\/wp-content\/uploads\/1_ednaldo_rodrigues_cbf_selecao_brasileira__2_-23258960.webp","type":"image\/jpeg"}],"author":"Leandro Cardoso","twitter_card":"summary_large_image","twitter_misc":{"Escrito por":"Leandro Cardoso","Est. tempo de leitura":"3 minutos"},"schema":{"@context":"https:\/\/schema.org","@graph":[{"@type":"NewsArticle","@id":"https:\/\/www.gaveanews.com\/index.php\/2025\/02\/26\/ednaldo-rodrigues-e-sincero-ao-falar-sobre-gramados-sinteticos\/#article","isPartOf":{"@id":"https:\/\/www.gaveanews.com\/index.php\/2025\/02\/26\/ednaldo-rodrigues-e-sincero-ao-falar-sobre-gramados-sinteticos\/"},"author":{"name":"Leandro Cardoso","@id":"https:\/\/www.gaveanews.com\/#\/schema\/person\/2424ec6409bc3f068411fc5e4e9b6168"},"headline":"Ednaldo Rodrigues \u00e9 sincero ao falar sobre gramados sint\u00e9ticos","datePublished":"2025-02-26T22:45:00+00:00","mainEntityOfPage":{"@id":"https:\/\/www.gaveanews.com\/index.php\/2025\/02\/26\/ednaldo-rodrigues-e-sincero-ao-falar-sobre-gramados-sinteticos\/"},"wordCount":571,"commentCount":0,"image":{"@id":"https:\/\/www.gaveanews.com\/index.php\/2025\/02\/26\/ednaldo-rodrigues-e-sincero-ao-falar-sobre-gramados-sinteticos\/#primaryimage"},"thumbnailUrl":"https:\/\/www.gaveanews.com\/wp-content\/uploads\/1_ednaldo_rodrigues_cbf_selecao_brasileira__2_-23258960.webp","articleSection":["Atl\u00e9tico-MG","Botafogo","Brasil","Corinthians","Cruzeiro","Flamengo","Fluminense","Gr\u00eamio","Internacional","Palmeiras","Santos","S\u00e3o Paulo","Vasco"],"inLanguage":"pt-BR","potentialAction":[{"@type":"CommentAction","name":"Comment","target":["https:\/\/www.gaveanews.com\/index.php\/2025\/02\/26\/ednaldo-rodrigues-e-sincero-ao-falar-sobre-gramados-sinteticos\/#respond"]}],"copyrightYear":"2025","copyrightHolder":{"@id":"https:\/\/www.gaveanews.com\/#organization"}},{"@type":"WebPage","@id":"https:\/\/www.gaveanews.com\/index.php\/2025\/02\/26\/ednaldo-rodrigues-e-sincero-ao-falar-sobre-gramados-sinteticos\/","url":"https:\/\/www.gaveanews.com\/index.php\/2025\/02\/26\/ednaldo-rodrigues-e-sincero-ao-falar-sobre-gramados-sinteticos\/","name":"Ednaldo Rodrigues \u00e9 sincero ao falar sobre gramados sint\u00e9ticos","isPartOf":{"@id":"https:\/\/www.gaveanews.com\/#website"},"primaryImageOfPage":{"@id":"https:\/\/www.gaveanews.com\/index.php\/2025\/02\/26\/ednaldo-rodrigues-e-sincero-ao-falar-sobre-gramados-sinteticos\/#primaryimage"},"image":{"@id":"https:\/\/www.gaveanews.com\/index.php\/2025\/02\/26\/ednaldo-rodrigues-e-sincero-ao-falar-sobre-gramados-sinteticos\/#primaryimage"},"thumbnailUrl":"https:\/\/www.gaveanews.com\/wp-content\/uploads\/1_ednaldo_rodrigues_cbf_selecao_brasileira__2_-23258960.webp","datePublished":"2025-02-26T22:45:00+00:00","author":{"@id":"https:\/\/www.gaveanews.com\/#\/schema\/person\/2424ec6409bc3f068411fc5e4e9b6168"},"breadcrumb":{"@id":"https:\/\/www.gaveanews.com\/index.php\/2025\/02\/26\/ednaldo-rodrigues-e-sincero-ao-falar-sobre-gramados-sinteticos\/#breadcrumb"},"inLanguage":"pt-BR","potentialAction":[{"@type":"ReadAction","target":["https:\/\/www.gaveanews.com\/index.php\/2025\/02\/26\/ednaldo-rodrigues-e-sincero-ao-falar-sobre-gramados-sinteticos\/"]}]},{"@type":"ImageObject","inLanguage":"pt-BR","@id":"https:\/\/www.gaveanews.com\/index.php\/2025\/02\/26\/ednaldo-rodrigues-e-sincero-ao-falar-sobre-gramados-sinteticos\/#primaryimage","url":"https:\/\/www.gaveanews.com\/wp-content\/uploads\/1_ednaldo_rodrigues_cbf_selecao_brasileira__2_-23258960.webp","contentUrl":"https:\/\/www.gaveanews.com\/wp-content\/uploads\/1_ednaldo_rodrigues_cbf_selecao_brasileira__2_-23258960.webp","width":818,"height":459,"caption":"Ednaldo Rodrigues, presidente da CBF, em entrevista coletiva da sele\u00e7\u00e3o brasileira feminina (Foto: Thais Magalh\u00e3es\/CBF)"},{"@type":"BreadcrumbList","@id":"https:\/\/www.gaveanews.com\/index.php\/2025\/02\/26\/ednaldo-rodrigues-e-sincero-ao-falar-sobre-gramados-sinteticos\/#breadcrumb","itemListElement":[{"@type":"ListItem","position":1,"name":"Home","item":"https:\/\/www.gaveanews.com\/"},{"@type":"ListItem","position":2,"name":"Ednaldo Rodrigues \u00e9 sincero ao falar sobre gramados sint\u00e9ticos"}]},{"@type":"WebSite","@id":"https:\/\/www.gaveanews.com\/#website","url":"https:\/\/www.gaveanews.com\/","name":"G\u00e1vea News","description":"Veja todas as not\u00edcias sobre o Flamengo: Contrata\u00e7\u00f5es, categorias de base, resultados das partidas, tabela de classifica\u00e7\u00e3o, pr\u00f3ximos jogos!","potentialAction":[{"@type":"SearchAction","target":{"@type":"EntryPoint","urlTemplate":"https:\/\/www.gaveanews.com\/?s={search_term_string}"},"query-input":{"@type":"PropertyValueSpecification","valueRequired":true,"valueName":"search_term_string"}}],"inLanguage":"pt-BR"},{"@type":"Person","@id":"https:\/\/www.gaveanews.com\/#\/schema\/person\/2424ec6409bc3f068411fc5e4e9b6168","name":"Leandro Cardoso","image":{"@type":"ImageObject","inLanguage":"pt-BR","@id":"https:\/\/www.gaveanews.com\/#\/schema\/person\/image\/","url":"https:\/\/secure.gravatar.com\/avatar\/8ca179f9b55eefe9f376f5493ef25475bfa59fbc28ce937f6076ce20e523098f?s=96&d=mm&r=g","contentUrl":"https:\/\/secure.gravatar.com\/avatar\/8ca179f9b55eefe9f376f5493ef25475bfa59fbc28ce937f6076ce20e523098f?s=96&d=mm&r=g","caption":"Leandro Cardoso"}}]}},"_links":{"self":[{"href":"https:\/\/www.gaveanews.com\/index.php\/wp-json\/wp\/v2\/posts\/233088","targetHints":{"allow":["GET"]}}],"collection":[{"href":"https:\/\/www.gaveanews.com\/index.php\/wp-json\/wp\/v2\/posts"}],"about":[{"href":"https:\/\/www.gaveanews.com\/index.php\/wp-json\/wp\/v2\/types\/post"}],"author":[{"embeddable":true,"href":"https:\/\/www.gaveanews.com\/index.php\/wp-json\/wp\/v2\/users\/24"}],"replies":[{"embeddable":true,"href":"https:\/\/www.gaveanews.com\/index.php\/wp-json\/wp\/v2\/comments?post=233088"}],"version-history":[{"count":2,"href":"https:\/\/www.gaveanews.com\/index.php\/wp-json\/wp\/v2\/posts\/233088\/revisions"}],"predecessor-version":[{"id":233091,"href":"https:\/\/www.gaveanews.com\/index.php\/wp-json\/wp\/v2\/posts\/233088\/revisions\/233091"}],"wp:featuredmedia":[{"embeddable":true,"href":"https:\/\/www.gaveanews.com\/index.php\/wp-json\/wp\/v2\/media\/114931"}],"wp:attachment":[{"href":"https:\/\/www.gaveanews.com\/index.php\/wp-json\/wp\/v2\/media?parent=233088"}],"wp:term":[{"taxonomy":"category","embeddable":true,"href":"https:\/\/www.gaveanews.com\/index.php\/wp-json\/wp\/v2\/categories?post=233088"},{"taxonomy":"post_tag","embeddable":true,"href":"https:\/\/www.gaveanews.com\/index.php\/wp-json\/wp\/v2\/tags?post=233088"}],"curies":[{"name":"wp","href":"https:\/\/api.w.org\/{rel}","templated":true}]}}