{"id":233139,"date":"2025-02-26T19:55:00","date_gmt":"2025-02-26T22:55:00","guid":{"rendered":"https:\/\/www.gaveanews.com\/?p=233139"},"modified":"2025-02-26T18:53:43","modified_gmt":"2025-02-26T21:53:43","slug":"video-nuno-moreira-manda-recado-para-torcida-do-vasco","status":"publish","type":"post","link":"https:\/\/www.gaveanews.com\/index.php\/2025\/02\/26\/video-nuno-moreira-manda-recado-para-torcida-do-vasco\/","title":{"rendered":"V\u00eddeo: Nuno Moreira manda recado para torcida do Vasco"},"content":{"rendered":"\n<p>O Vasco acaba de refor\u00e7ar seu ataque com a chegada de Nuno Moreira, atacante portugu\u00eas de 25 anos, que promete agregar ainda mais velocidade e qualidade ao elenco comandado por F\u00e1bio Carille. Em entrevista exclusiva \u00e0 Vasco TV, o jogador foi direto e sincero ao falar sobre sua chegada ao clube: <\/p>\n\n\n\n<h2 class=\"wp-block-heading\" id=\"h-nuno-moreira-manda-recado-em-sua-chegada\">Nuno Moreira manda recado em sua chegada<\/h2>\n\n\n\n<p>&#8220;Espero poder ajudar o clube naquilo que eu puder, vou dar sempre tudo de mim nos jogos. E tamb\u00e9m agradecer o carinho todo dado desde que cheguei aqui&#8221;, afirmou o novo refor\u00e7o.<\/p>\n\n\n\n<blockquote class=\"twitter-tweet\" data-media-max-width=\"560\"><p lang=\"pt\" dir=\"ltr\">Nuno Moreira conversou de forma exclusiva com a VascoTV pela primeira vez como atleta do Gigante da Colina! \ud83c\udfa5\ud83d\udca2<br><br>\u27a1\ufe0f <a href=\"https:\/\/t.co\/PQrghZIh5p\">https:\/\/t.co\/PQrghZIh5p<\/a><a href=\"https:\/\/twitter.com\/hashtag\/VascoDaGama?src=hash&amp;ref_src=twsrc%5Etfw\">#VascoDaGama<\/a> <a href=\"https:\/\/t.co\/f9rEL9ssvT\">pic.twitter.com\/f9rEL9ssvT<\/a><\/p>&mdash; Vasco da Gama (@VascodaGama) <a href=\"https:\/\/twitter.com\/VascodaGama\/status\/1894720472085889276?ref_src=twsrc%5Etfw\">February 26, 2025<\/a><\/blockquote> <script async src=\"https:\/\/platform.twitter.com\/widgets.js\" charset=\"utf-8\"><\/script>\n\n\n\n<p>Nuno Moreira, que estava no Casa Pia, de Portugal, assinou contrato com o Vasco at\u00e9 o final de 2027, com a op\u00e7\u00e3o de renova\u00e7\u00e3o por mais um ano. A contrata\u00e7\u00e3o foi confirmada ap\u00f3s o clube fechar a compra do jogador por cerca de 3,5 milh\u00f5es de euros (aproximadamente R$ 19,9 milh\u00f5es), valor referente \u00e0 sua multa rescis\u00f3ria. Esse montante ser\u00e1 pago de forma parcelada pelo clube carioca, que n\u00e3o poupou esfor\u00e7os para garantir a chegada de um atacante de qualidade.<\/p>\n\n\n\n<p>Vale destacar que o Vasco vinha sentindo a necessidade de refor\u00e7ar seu setor ofensivo, especialmente com jogadores de velocidade, algo que o portugu\u00eas possui em abund\u00e2ncia. Nuno Moreira chega para ser mais uma op\u00e7\u00e3o ao t\u00e9cnico F\u00e1bio Carille, que tem trabalhado para fortalecer seu time para os desafios da temporada. Al\u00e9m disso, com a chegada do atacante, o elenco ganha mais profundidade e alternativas no ataque, o que pode ser fundamental nas competi\u00e7\u00f5es que est\u00e3o por vir.<\/p>\n\n\n\n<p>O jogador j\u00e1 demonstrou seu entusiasmo ao desembarcar no Brasil, chegando na \u00faltima manh\u00e3 de s\u00e1bado (22) e assistindo ao cl\u00e1ssico contra o Botafogo, no domingo, pela \u00faltima rodada da Ta\u00e7a Guanabara, nos camarotes de S\u00e3o Janu\u00e1rio. Sendo assim, Nuno Moreira j\u00e1 demonstra estar totalmente integrado ao clube e \u00e0 sua torcida, e promete ser uma pe\u00e7a importante para o time.<\/p>\n\n\n\n<h2 class=\"wp-block-heading\" id=\"h-as-contratacoes-do-vasco-para-2025\">As contrata\u00e7\u00f5es do Vasco para 2025<\/h2>\n\n\n\n<p>Com a contrata\u00e7\u00e3o de Nuno Moreira, o Vasco soma agora sete refor\u00e7os para 2025, incluindo Daniel Fuzato, Lucas Freitas, Lucas Oliveira, Tch\u00ea Tch\u00ea, Maur\u00edcio Lemos e Garr\u00e9. Com isso, a diretoria vasca\u00edna parece focada em montar um time competitivo, capaz de brigar por t\u00edtulos e alcan\u00e7ar os objetivos da temporada. <\/p>\n\n\n\n<p>Por isso, a chegada do portugu\u00eas \u00e9 um movimento que pode ser crucial para suprir as car\u00eancias do elenco. Agora, a expectativa \u00e9 alta para que Nuno Moreira mostre seu potencial em campo e conquiste a torcida, que j\u00e1 se demonstra empolgada com a chegada de mais um nome de peso para o elenco.<\/p>\n","protected":false},"excerpt":{"rendered":"<p>O Vasco acaba de refor\u00e7ar seu ataque com a chegada de Nuno Moreira, atacante portugu\u00eas de 25 anos, que promete agregar ainda mais velocidade e qualidade ao elenco comandado por F\u00e1bio Carille. Em entrevista exclusiva \u00e0 Vasco TV, o jogador foi direto e sincero ao falar sobre sua chegada ao clube: Nuno Moreira manda recado [&hellip;]<\/p>\n","protected":false},"author":24,"featured_media":152090,"comment_status":"open","ping_status":"closed","sticky":false,"template":"","format":"standard","meta":{"footnotes":""},"categories":[152],"tags":[],"class_list":["post-233139","post","type-post","status-publish","format-standard","has-post-thumbnail","hentry","category-vasco"],"yoast_head":"<!-- This site is optimized with the Yoast SEO Premium plugin v24.2 (Yoast SEO v26.9) - https:\/\/yoast.com\/product\/yoast-seo-premium-wordpress\/ -->\n<title>V\u00eddeo: Nuno Moreira manda recado para torcida do Vasco<\/title>\n<meta name=\"robots\" content=\"index, follow, max-snippet:-1, max-image-preview:large, max-video-preview:-1\" \/>\n<link rel=\"canonical\" href=\"https:\/\/www.gaveanews.com\/index.php\/2025\/02\/26\/video-nuno-moreira-manda-recado-para-torcida-do-vasco\/\" \/>\n<meta property=\"og:locale\" content=\"pt_BR\" \/>\n<meta property=\"og:type\" content=\"article\" \/>\n<meta property=\"og:title\" content=\"V\u00eddeo: Nuno Moreira manda recado para torcida do Vasco\" \/>\n<meta property=\"og:description\" content=\"O Vasco acaba de refor\u00e7ar seu ataque com a chegada de Nuno Moreira, atacante portugu\u00eas de 25 anos, que promete agregar ainda mais velocidade e qualidade ao elenco comandado por F\u00e1bio Carille. Em entrevista exclusiva \u00e0 Vasco TV, o jogador foi direto e sincero ao falar sobre sua chegada ao clube: Nuno Moreira manda recado [&hellip;]\" \/>\n<meta property=\"og:url\" content=\"https:\/\/www.gaveanews.com\/index.php\/2025\/02\/26\/video-nuno-moreira-manda-recado-para-torcida-do-vasco\/\" \/>\n<meta property=\"og:site_name\" content=\"G\u00e1vea News\" \/>\n<meta property=\"article:publisher\" content=\"https:\/\/facebook.com\/gaveaNews\/\" \/>\n<meta property=\"article:published_time\" content=\"2025-02-26T22:55:00+00:00\" \/>\n<meta property=\"og:image\" content=\"https:\/\/www.gaveanews.com\/wp-content\/uploads\/Bandeira-do-Vasco-da-Gama.webp\" \/>\n\t<meta property=\"og:image:width\" content=\"1159\" \/>\n\t<meta property=\"og:image:height\" content=\"772\" \/>\n\t<meta property=\"og:image:type\" content=\"image\/webp\" \/>\n<meta name=\"author\" content=\"Leandro Cardoso\" \/>\n<meta name=\"twitter:card\" content=\"summary_large_image\" \/>\n<meta name=\"twitter:label1\" content=\"Escrito por\" \/>\n\t<meta name=\"twitter:data1\" content=\"Leandro Cardoso\" \/>\n\t<meta name=\"twitter:label2\" content=\"Est. tempo de leitura\" \/>\n\t<meta name=\"twitter:data2\" content=\"3 minutos\" \/>\n<script type=\"application\/ld+json\" class=\"yoast-schema-graph\">{\"@context\":\"https:\/\/schema.org\",\"@graph\":[{\"@type\":\"NewsArticle\",\"@id\":\"https:\/\/www.gaveanews.com\/index.php\/2025\/02\/26\/video-nuno-moreira-manda-recado-para-torcida-do-vasco\/#article\",\"isPartOf\":{\"@id\":\"https:\/\/www.gaveanews.com\/index.php\/2025\/02\/26\/video-nuno-moreira-manda-recado-para-torcida-do-vasco\/\"},\"author\":{\"name\":\"Leandro Cardoso\",\"@id\":\"https:\/\/www.gaveanews.com\/#\/schema\/person\/2424ec6409bc3f068411fc5e4e9b6168\"},\"headline\":\"V\u00eddeo: Nuno Moreira manda recado para torcida do Vasco\",\"datePublished\":\"2025-02-26T22:55:00+00:00\",\"mainEntityOfPage\":{\"@id\":\"https:\/\/www.gaveanews.com\/index.php\/2025\/02\/26\/video-nuno-moreira-manda-recado-para-torcida-do-vasco\/\"},\"wordCount\":490,\"commentCount\":0,\"image\":{\"@id\":\"https:\/\/www.gaveanews.com\/index.php\/2025\/02\/26\/video-nuno-moreira-manda-recado-para-torcida-do-vasco\/#primaryimage\"},\"thumbnailUrl\":\"https:\/\/www.gaveanews.com\/wp-content\/uploads\/Bandeira-do-Vasco-da-Gama.webp\",\"articleSection\":[\"Vasco\"],\"inLanguage\":\"pt-BR\",\"potentialAction\":[{\"@type\":\"CommentAction\",\"name\":\"Comment\",\"target\":[\"https:\/\/www.gaveanews.com\/index.php\/2025\/02\/26\/video-nuno-moreira-manda-recado-para-torcida-do-vasco\/#respond\"]}],\"copyrightYear\":\"2025\",\"copyrightHolder\":{\"@id\":\"https:\/\/www.gaveanews.com\/#organization\"}},{\"@type\":\"WebPage\",\"@id\":\"https:\/\/www.gaveanews.com\/index.php\/2025\/02\/26\/video-nuno-moreira-manda-recado-para-torcida-do-vasco\/\",\"url\":\"https:\/\/www.gaveanews.com\/index.php\/2025\/02\/26\/video-nuno-moreira-manda-recado-para-torcida-do-vasco\/\",\"name\":\"V\u00eddeo: Nuno Moreira manda recado para torcida do Vasco\",\"isPartOf\":{\"@id\":\"https:\/\/www.gaveanews.com\/#website\"},\"primaryImageOfPage\":{\"@id\":\"https:\/\/www.gaveanews.com\/index.php\/2025\/02\/26\/video-nuno-moreira-manda-recado-para-torcida-do-vasco\/#primaryimage\"},\"image\":{\"@id\":\"https:\/\/www.gaveanews.com\/index.php\/2025\/02\/26\/video-nuno-moreira-manda-recado-para-torcida-do-vasco\/#primaryimage\"},\"thumbnailUrl\":\"https:\/\/www.gaveanews.com\/wp-content\/uploads\/Bandeira-do-Vasco-da-Gama.webp\",\"datePublished\":\"2025-02-26T22:55:00+00:00\",\"author\":{\"@id\":\"https:\/\/www.gaveanews.com\/#\/schema\/person\/2424ec6409bc3f068411fc5e4e9b6168\"},\"breadcrumb\":{\"@id\":\"https:\/\/www.gaveanews.com\/index.php\/2025\/02\/26\/video-nuno-moreira-manda-recado-para-torcida-do-vasco\/#breadcrumb\"},\"inLanguage\":\"pt-BR\",\"potentialAction\":[{\"@type\":\"ReadAction\",\"target\":[\"https:\/\/www.gaveanews.com\/index.php\/2025\/02\/26\/video-nuno-moreira-manda-recado-para-torcida-do-vasco\/\"]}]},{\"@type\":\"ImageObject\",\"inLanguage\":\"pt-BR\",\"@id\":\"https:\/\/www.gaveanews.com\/index.php\/2025\/02\/26\/video-nuno-moreira-manda-recado-para-torcida-do-vasco\/#primaryimage\",\"url\":\"https:\/\/www.gaveanews.com\/wp-content\/uploads\/Bandeira-do-Vasco-da-Gama.webp\",\"contentUrl\":\"https:\/\/www.gaveanews.com\/wp-content\/uploads\/Bandeira-do-Vasco-da-Gama.webp\",\"width\":1159,\"height\":772,\"caption\":\"Bandeira do Vasco da Gama (Foto: Reprodu\u00e7\u00e3o\/Vasco)\"},{\"@type\":\"BreadcrumbList\",\"@id\":\"https:\/\/www.gaveanews.com\/index.php\/2025\/02\/26\/video-nuno-moreira-manda-recado-para-torcida-do-vasco\/#breadcrumb\",\"itemListElement\":[{\"@type\":\"ListItem\",\"position\":1,\"name\":\"Home\",\"item\":\"https:\/\/www.gaveanews.com\/\"},{\"@type\":\"ListItem\",\"position\":2,\"name\":\"V\u00eddeo: Nuno Moreira manda recado para torcida do Vasco\"}]},{\"@type\":\"WebSite\",\"@id\":\"https:\/\/www.gaveanews.com\/#website\",\"url\":\"https:\/\/www.gaveanews.com\/\",\"name\":\"G\u00e1vea News\",\"description\":\"Veja todas as not\u00edcias sobre o Flamengo: Contrata\u00e7\u00f5es, categorias de base, resultados das partidas, tabela de classifica\u00e7\u00e3o, pr\u00f3ximos jogos!\",\"potentialAction\":[{\"@type\":\"SearchAction\",\"target\":{\"@type\":\"EntryPoint\",\"urlTemplate\":\"https:\/\/www.gaveanews.com\/?s={search_term_string}\"},\"query-input\":{\"@type\":\"PropertyValueSpecification\",\"valueRequired\":true,\"valueName\":\"search_term_string\"}}],\"inLanguage\":\"pt-BR\"},{\"@type\":\"Person\",\"@id\":\"https:\/\/www.gaveanews.com\/#\/schema\/person\/2424ec6409bc3f068411fc5e4e9b6168\",\"name\":\"Leandro Cardoso\",\"image\":{\"@type\":\"ImageObject\",\"inLanguage\":\"pt-BR\",\"@id\":\"https:\/\/www.gaveanews.com\/#\/schema\/person\/image\/\",\"url\":\"https:\/\/secure.gravatar.com\/avatar\/8ca179f9b55eefe9f376f5493ef25475bfa59fbc28ce937f6076ce20e523098f?s=96&d=mm&r=g\",\"contentUrl\":\"https:\/\/secure.gravatar.com\/avatar\/8ca179f9b55eefe9f376f5493ef25475bfa59fbc28ce937f6076ce20e523098f?s=96&d=mm&r=g\",\"caption\":\"Leandro Cardoso\"}}]}<\/script>\n<!-- \/ Yoast SEO Premium plugin. -->","yoast_head_json":{"title":"V\u00eddeo: Nuno Moreira manda recado para torcida do Vasco","robots":{"index":"index","follow":"follow","max-snippet":"max-snippet:-1","max-image-preview":"max-image-preview:large","max-video-preview":"max-video-preview:-1"},"canonical":"https:\/\/www.gaveanews.com\/index.php\/2025\/02\/26\/video-nuno-moreira-manda-recado-para-torcida-do-vasco\/","og_locale":"pt_BR","og_type":"article","og_title":"V\u00eddeo: Nuno Moreira manda recado para torcida do Vasco","og_description":"O Vasco acaba de refor\u00e7ar seu ataque com a chegada de Nuno Moreira, atacante portugu\u00eas de 25 anos, que promete agregar ainda mais velocidade e qualidade ao elenco comandado por F\u00e1bio Carille. Em entrevista exclusiva \u00e0 Vasco TV, o jogador foi direto e sincero ao falar sobre sua chegada ao clube: Nuno Moreira manda recado [&hellip;]","og_url":"https:\/\/www.gaveanews.com\/index.php\/2025\/02\/26\/video-nuno-moreira-manda-recado-para-torcida-do-vasco\/","og_site_name":"G\u00e1vea News","article_publisher":"https:\/\/facebook.com\/gaveaNews\/","article_published_time":"2025-02-26T22:55:00+00:00","og_image":[{"width":1159,"height":772,"url":"https:\/\/www.gaveanews.com\/wp-content\/uploads\/Bandeira-do-Vasco-da-Gama.webp","type":"image\/webp"}],"author":"Leandro Cardoso","twitter_card":"summary_large_image","twitter_misc":{"Escrito por":"Leandro Cardoso","Est. tempo de leitura":"3 minutos"},"schema":{"@context":"https:\/\/schema.org","@graph":[{"@type":"NewsArticle","@id":"https:\/\/www.gaveanews.com\/index.php\/2025\/02\/26\/video-nuno-moreira-manda-recado-para-torcida-do-vasco\/#article","isPartOf":{"@id":"https:\/\/www.gaveanews.com\/index.php\/2025\/02\/26\/video-nuno-moreira-manda-recado-para-torcida-do-vasco\/"},"author":{"name":"Leandro Cardoso","@id":"https:\/\/www.gaveanews.com\/#\/schema\/person\/2424ec6409bc3f068411fc5e4e9b6168"},"headline":"V\u00eddeo: Nuno Moreira manda recado para torcida do Vasco","datePublished":"2025-02-26T22:55:00+00:00","mainEntityOfPage":{"@id":"https:\/\/www.gaveanews.com\/index.php\/2025\/02\/26\/video-nuno-moreira-manda-recado-para-torcida-do-vasco\/"},"wordCount":490,"commentCount":0,"image":{"@id":"https:\/\/www.gaveanews.com\/index.php\/2025\/02\/26\/video-nuno-moreira-manda-recado-para-torcida-do-vasco\/#primaryimage"},"thumbnailUrl":"https:\/\/www.gaveanews.com\/wp-content\/uploads\/Bandeira-do-Vasco-da-Gama.webp","articleSection":["Vasco"],"inLanguage":"pt-BR","potentialAction":[{"@type":"CommentAction","name":"Comment","target":["https:\/\/www.gaveanews.com\/index.php\/2025\/02\/26\/video-nuno-moreira-manda-recado-para-torcida-do-vasco\/#respond"]}],"copyrightYear":"2025","copyrightHolder":{"@id":"https:\/\/www.gaveanews.com\/#organization"}},{"@type":"WebPage","@id":"https:\/\/www.gaveanews.com\/index.php\/2025\/02\/26\/video-nuno-moreira-manda-recado-para-torcida-do-vasco\/","url":"https:\/\/www.gaveanews.com\/index.php\/2025\/02\/26\/video-nuno-moreira-manda-recado-para-torcida-do-vasco\/","name":"V\u00eddeo: Nuno Moreira manda recado para torcida do Vasco","isPartOf":{"@id":"https:\/\/www.gaveanews.com\/#website"},"primaryImageOfPage":{"@id":"https:\/\/www.gaveanews.com\/index.php\/2025\/02\/26\/video-nuno-moreira-manda-recado-para-torcida-do-vasco\/#primaryimage"},"image":{"@id":"https:\/\/www.gaveanews.com\/index.php\/2025\/02\/26\/video-nuno-moreira-manda-recado-para-torcida-do-vasco\/#primaryimage"},"thumbnailUrl":"https:\/\/www.gaveanews.com\/wp-content\/uploads\/Bandeira-do-Vasco-da-Gama.webp","datePublished":"2025-02-26T22:55:00+00:00","author":{"@id":"https:\/\/www.gaveanews.com\/#\/schema\/person\/2424ec6409bc3f068411fc5e4e9b6168"},"breadcrumb":{"@id":"https:\/\/www.gaveanews.com\/index.php\/2025\/02\/26\/video-nuno-moreira-manda-recado-para-torcida-do-vasco\/#breadcrumb"},"inLanguage":"pt-BR","potentialAction":[{"@type":"ReadAction","target":["https:\/\/www.gaveanews.com\/index.php\/2025\/02\/26\/video-nuno-moreira-manda-recado-para-torcida-do-vasco\/"]}]},{"@type":"ImageObject","inLanguage":"pt-BR","@id":"https:\/\/www.gaveanews.com\/index.php\/2025\/02\/26\/video-nuno-moreira-manda-recado-para-torcida-do-vasco\/#primaryimage","url":"https:\/\/www.gaveanews.com\/wp-content\/uploads\/Bandeira-do-Vasco-da-Gama.webp","contentUrl":"https:\/\/www.gaveanews.com\/wp-content\/uploads\/Bandeira-do-Vasco-da-Gama.webp","width":1159,"height":772,"caption":"Bandeira do Vasco da Gama (Foto: Reprodu\u00e7\u00e3o\/Vasco)"},{"@type":"BreadcrumbList","@id":"https:\/\/www.gaveanews.com\/index.php\/2025\/02\/26\/video-nuno-moreira-manda-recado-para-torcida-do-vasco\/#breadcrumb","itemListElement":[{"@type":"ListItem","position":1,"name":"Home","item":"https:\/\/www.gaveanews.com\/"},{"@type":"ListItem","position":2,"name":"V\u00eddeo: Nuno Moreira manda recado para torcida do Vasco"}]},{"@type":"WebSite","@id":"https:\/\/www.gaveanews.com\/#website","url":"https:\/\/www.gaveanews.com\/","name":"G\u00e1vea News","description":"Veja todas as not\u00edcias sobre o Flamengo: Contrata\u00e7\u00f5es, categorias de base, resultados das partidas, tabela de classifica\u00e7\u00e3o, pr\u00f3ximos jogos!","potentialAction":[{"@type":"SearchAction","target":{"@type":"EntryPoint","urlTemplate":"https:\/\/www.gaveanews.com\/?s={search_term_string}"},"query-input":{"@type":"PropertyValueSpecification","valueRequired":true,"valueName":"search_term_string"}}],"inLanguage":"pt-BR"},{"@type":"Person","@id":"https:\/\/www.gaveanews.com\/#\/schema\/person\/2424ec6409bc3f068411fc5e4e9b6168","name":"Leandro Cardoso","image":{"@type":"ImageObject","inLanguage":"pt-BR","@id":"https:\/\/www.gaveanews.com\/#\/schema\/person\/image\/","url":"https:\/\/secure.gravatar.com\/avatar\/8ca179f9b55eefe9f376f5493ef25475bfa59fbc28ce937f6076ce20e523098f?s=96&d=mm&r=g","contentUrl":"https:\/\/secure.gravatar.com\/avatar\/8ca179f9b55eefe9f376f5493ef25475bfa59fbc28ce937f6076ce20e523098f?s=96&d=mm&r=g","caption":"Leandro Cardoso"}}]}},"_links":{"self":[{"href":"https:\/\/www.gaveanews.com\/index.php\/wp-json\/wp\/v2\/posts\/233139","targetHints":{"allow":["GET"]}}],"collection":[{"href":"https:\/\/www.gaveanews.com\/index.php\/wp-json\/wp\/v2\/posts"}],"about":[{"href":"https:\/\/www.gaveanews.com\/index.php\/wp-json\/wp\/v2\/types\/post"}],"author":[{"embeddable":true,"href":"https:\/\/www.gaveanews.com\/index.php\/wp-json\/wp\/v2\/users\/24"}],"replies":[{"embeddable":true,"href":"https:\/\/www.gaveanews.com\/index.php\/wp-json\/wp\/v2\/comments?post=233139"}],"version-history":[{"count":1,"href":"https:\/\/www.gaveanews.com\/index.php\/wp-json\/wp\/v2\/posts\/233139\/revisions"}],"predecessor-version":[{"id":233140,"href":"https:\/\/www.gaveanews.com\/index.php\/wp-json\/wp\/v2\/posts\/233139\/revisions\/233140"}],"wp:featuredmedia":[{"embeddable":true,"href":"https:\/\/www.gaveanews.com\/index.php\/wp-json\/wp\/v2\/media\/152090"}],"wp:attachment":[{"href":"https:\/\/www.gaveanews.com\/index.php\/wp-json\/wp\/v2\/media?parent=233139"}],"wp:term":[{"taxonomy":"category","embeddable":true,"href":"https:\/\/www.gaveanews.com\/index.php\/wp-json\/wp\/v2\/categories?post=233139"},{"taxonomy":"post_tag","embeddable":true,"href":"https:\/\/www.gaveanews.com\/index.php\/wp-json\/wp\/v2\/tags?post=233139"}],"curies":[{"name":"wp","href":"https:\/\/api.w.org\/{rel}","templated":true}]}}