{"id":233155,"date":"2025-02-26T20:00:00","date_gmt":"2025-02-26T23:00:00","guid":{"rendered":"https:\/\/www.gaveanews.com\/?p=233155"},"modified":"2025-02-26T18:51:19","modified_gmt":"2025-02-26T21:51:19","slug":"pedro-gerson-de-la-cruz-de-arrascaeta-lorran-leo-ortiz-vina-everton-cebolinha-leo-pereira-wesley-rossi-flamengo-tem-escalacao-avaliada-em-r-863-milhoes","status":"publish","type":"post","link":"https:\/\/www.gaveanews.com\/index.php\/2025\/02\/26\/pedro-gerson-de-la-cruz-de-arrascaeta-lorran-leo-ortiz-vina-everton-cebolinha-leo-pereira-wesley-rossi-flamengo-tem-escalacao-avaliada-em-r-863-milhoes\/","title":{"rendered":"Pedro, Gerson, De La Cruz, De Arrascaeta, Lorran, L\u00e9o Ortiz, Vi\u00f1a, Everton Cebolinha, L\u00e9o Pereira, Wesley, Rossi: Flamengo tem escala\u00e7\u00e3o avaliada em R$ 863 milh\u00f5es"},"content":{"rendered":"\n<p>O Flamengo segue firme na busca por t\u00edtulos e, para isso, tem feito investimentos robustos em seu elenco. Com jogadores de renome e valores expressivos, o time carioca tem uma escala\u00e7\u00e3o avaliada em impressionantes R$ 863 milh\u00f5es. Esses n\u00fameros refletem a ambi\u00e7\u00e3o do clube em manter-se entre as maiores pot\u00eancias do futebol brasileiro e mundial, com uma equipe cheia de estrelas e op\u00e7\u00f5es de qualidade.<\/p>\n\n\n\n<h2 class=\"wp-block-heading\" id=\"h-a-escalacao-do-flamengo-e-avaliada-em-r-863-milhoes\">A escala\u00e7\u00e3o do Flamengo \u00e9 avaliada em R$ 863 milh\u00f5es<\/h2>\n\n\n\n<p>Vale destacar alguns dos jogadores que comp\u00f5em esse elenco avaliado em mais de 800 milh\u00f5es de reais. Pedro, um dos principais atacantes da equipe, teve seu valor de mercado estimado em 23 milh\u00f5es de euros, refletindo sua import\u00e2ncia no setor ofensivo do Flamengo. <\/p>\n\n\n\n<p>Al\u00e9m disso, o clube tamb\u00e9m investiu alto em outros refor\u00e7os como Gerson, que chegou por 20 milh\u00f5es de euros, e De La Cruz, com um valor de 18 milh\u00f5es de euros. Esses atletas s\u00e3o pe\u00e7as-chave para o meio-campo do Flamengo e t\u00eam sido determinantes para a cria\u00e7\u00e3o de jogadas e gols.<\/p>\n\n\n\n<p>Por que o Flamengo fez esses investimentos? Porque a equipe busca manter-se no topo, disputando t\u00edtulos em todas as competi\u00e7\u00f5es e oferecendo um elenco de qualidade para o t\u00e9cnico. Dessa maneira, o clube contratou nomes como Arrascaeta (14 milh\u00f5es de euros), Vi\u00f1a (10 milh\u00f5es de euros) e L\u00e9o Ortiz (11 milh\u00f5es de euros), que refor\u00e7am a defesa e o meio de campo com muita qualidade t\u00e9cnica.<\/p>\n\n\n\n<h2 class=\"wp-block-heading\" id=\"h-elenco-qualificado-para-filipe-luis\">Elenco qualificado para Filipe Lu\u00eds<\/h2>\n\n\n\n<p>Com isso, o Flamengo se tornou um dos clubes com maior valor de mercado no futebol mundial. Jogadores como Everton Cebolinha (9 milh\u00f5es de euros), L\u00e9o Pereira (9 milh\u00f5es de euros) e Wesley (9 milh\u00f5es de euros) agregam velocidade e versatilidade ao time. J\u00e1 Rossi, com valor de 7 milh\u00f5es de euros, tamb\u00e9m chega para contribuir com sua experi\u00eancia e habilidade.<\/p>\n\n\n\n<p>Sendo assim, o Flamengo tem um elenco completo e diversificado, com talentos para todas as posi\u00e7\u00f5es. Esse investimento alto \u00e9 um reflexo claro da inten\u00e7\u00e3o do clube de brigar por t\u00edtulos e continuar sendo uma das maiores for\u00e7as do futebol brasileiro e internacional.<\/p>\n\n\n\n<figure class=\"wp-block-embed is-type-photo is-provider-flickr wp-block-embed-flickr\"><div class=\"wp-block-embed__wrapper\">\n<a href=\"https:\/\/flic.kr\/p\/2qNYc8D\"><img loading=\"lazy\" decoding=\"async\" src=\"https:\/\/live.staticflickr.com\/65535\/54352777511_9dd5e2967e_z.webp\" alt=\"Flamengo\" width=\"632\" height=\"640\" \/><\/a>\n<\/div><\/figure>\n","protected":false},"excerpt":{"rendered":"<p>O Flamengo segue firme na busca por t\u00edtulos e, para isso, tem feito investimentos robustos em seu elenco. Com jogadores de renome e valores expressivos, o time carioca tem uma escala\u00e7\u00e3o avaliada em impressionantes R$ 863 milh\u00f5es. Esses n\u00fameros refletem a ambi\u00e7\u00e3o do clube em manter-se entre as maiores pot\u00eancias do futebol brasileiro e mundial, [&hellip;]<\/p>\n","protected":false},"author":24,"featured_media":213513,"comment_status":"open","ping_status":"closed","sticky":false,"template":"","format":"standard","meta":{"footnotes":""},"categories":[1],"tags":[],"class_list":["post-233155","post","type-post","status-publish","format-standard","has-post-thumbnail","hentry","category-flamengo"],"yoast_head":"<!-- This site is optimized with the Yoast SEO Premium plugin v24.2 (Yoast SEO v26.9) - https:\/\/yoast.com\/product\/yoast-seo-premium-wordpress\/ -->\n<title>Pedro, Gerson, De La Cruz, De Arrascaeta, Lorran, L\u00e9o Ortiz, Vi\u00f1a, Everton Cebolinha, L\u00e9o Pereira, Wesley, Rossi: Flamengo tem escala\u00e7\u00e3o avaliada em R$ 863 milh\u00f5es<\/title>\n<meta name=\"robots\" content=\"index, follow, max-snippet:-1, max-image-preview:large, max-video-preview:-1\" \/>\n<link rel=\"canonical\" href=\"https:\/\/www.gaveanews.com\/index.php\/2025\/02\/26\/pedro-gerson-de-la-cruz-de-arrascaeta-lorran-leo-ortiz-vina-everton-cebolinha-leo-pereira-wesley-rossi-flamengo-tem-escalacao-avaliada-em-r-863-milhoes\/\" \/>\n<meta property=\"og:locale\" content=\"pt_BR\" \/>\n<meta property=\"og:type\" content=\"article\" \/>\n<meta property=\"og:title\" content=\"Pedro, Gerson, De La Cruz, De Arrascaeta, Lorran, L\u00e9o Ortiz, Vi\u00f1a, Everton Cebolinha, L\u00e9o Pereira, Wesley, Rossi: Flamengo tem escala\u00e7\u00e3o avaliada em R$ 863 milh\u00f5es\" \/>\n<meta property=\"og:description\" content=\"O Flamengo segue firme na busca por t\u00edtulos e, para isso, tem feito investimentos robustos em seu elenco. Com jogadores de renome e valores expressivos, o time carioca tem uma escala\u00e7\u00e3o avaliada em impressionantes R$ 863 milh\u00f5es. Esses n\u00fameros refletem a ambi\u00e7\u00e3o do clube em manter-se entre as maiores pot\u00eancias do futebol brasileiro e mundial, [&hellip;]\" \/>\n<meta property=\"og:url\" content=\"https:\/\/www.gaveanews.com\/index.php\/2025\/02\/26\/pedro-gerson-de-la-cruz-de-arrascaeta-lorran-leo-ortiz-vina-everton-cebolinha-leo-pereira-wesley-rossi-flamengo-tem-escalacao-avaliada-em-r-863-milhoes\/\" \/>\n<meta property=\"og:site_name\" content=\"G\u00e1vea News\" \/>\n<meta property=\"article:publisher\" content=\"https:\/\/facebook.com\/gaveaNews\/\" \/>\n<meta property=\"article:published_time\" content=\"2025-02-26T23:00:00+00:00\" \/>\n<meta property=\"og:image\" content=\"https:\/\/www.gaveanews.com\/wp-content\/uploads\/fachada-do-modulo-profissional-do-ninho-do-urubu-centro-de-treinamento-do-flamengo-1642444901774_v2_1x1.webp\" \/>\n\t<meta property=\"og:image:width\" content=\"1361\" \/>\n\t<meta property=\"og:image:height\" content=\"1363\" \/>\n\t<meta property=\"og:image:type\" content=\"image\/jpeg\" \/>\n<meta name=\"author\" content=\"Leandro Cardoso\" \/>\n<meta name=\"twitter:card\" content=\"summary_large_image\" \/>\n<meta name=\"twitter:label1\" content=\"Escrito por\" \/>\n\t<meta name=\"twitter:data1\" content=\"Leandro Cardoso\" \/>\n\t<meta name=\"twitter:label2\" content=\"Est. tempo de leitura\" \/>\n\t<meta name=\"twitter:data2\" content=\"3 minutos\" \/>\n<script type=\"application\/ld+json\" class=\"yoast-schema-graph\">{\"@context\":\"https:\/\/schema.org\",\"@graph\":[{\"@type\":\"NewsArticle\",\"@id\":\"https:\/\/www.gaveanews.com\/index.php\/2025\/02\/26\/pedro-gerson-de-la-cruz-de-arrascaeta-lorran-leo-ortiz-vina-everton-cebolinha-leo-pereira-wesley-rossi-flamengo-tem-escalacao-avaliada-em-r-863-milhoes\/#article\",\"isPartOf\":{\"@id\":\"https:\/\/www.gaveanews.com\/index.php\/2025\/02\/26\/pedro-gerson-de-la-cruz-de-arrascaeta-lorran-leo-ortiz-vina-everton-cebolinha-leo-pereira-wesley-rossi-flamengo-tem-escalacao-avaliada-em-r-863-milhoes\/\"},\"author\":{\"name\":\"Leandro Cardoso\",\"@id\":\"https:\/\/www.gaveanews.com\/#\/schema\/person\/2424ec6409bc3f068411fc5e4e9b6168\"},\"headline\":\"Pedro, Gerson, De La Cruz, De Arrascaeta, Lorran, L\u00e9o Ortiz, Vi\u00f1a, Everton Cebolinha, L\u00e9o Pereira, Wesley, Rossi: Flamengo tem escala\u00e7\u00e3o avaliada em R$ 863 milh\u00f5es\",\"datePublished\":\"2025-02-26T23:00:00+00:00\",\"mainEntityOfPage\":{\"@id\":\"https:\/\/www.gaveanews.com\/index.php\/2025\/02\/26\/pedro-gerson-de-la-cruz-de-arrascaeta-lorran-leo-ortiz-vina-everton-cebolinha-leo-pereira-wesley-rossi-flamengo-tem-escalacao-avaliada-em-r-863-milhoes\/\"},\"wordCount\":408,\"commentCount\":0,\"image\":{\"@id\":\"https:\/\/www.gaveanews.com\/index.php\/2025\/02\/26\/pedro-gerson-de-la-cruz-de-arrascaeta-lorran-leo-ortiz-vina-everton-cebolinha-leo-pereira-wesley-rossi-flamengo-tem-escalacao-avaliada-em-r-863-milhoes\/#primaryimage\"},\"thumbnailUrl\":\"https:\/\/www.gaveanews.com\/wp-content\/uploads\/fachada-do-modulo-profissional-do-ninho-do-urubu-centro-de-treinamento-do-flamengo-1642444901774_v2_1x1.webp\",\"articleSection\":[\"Flamengo\"],\"inLanguage\":\"pt-BR\",\"potentialAction\":[{\"@type\":\"CommentAction\",\"name\":\"Comment\",\"target\":[\"https:\/\/www.gaveanews.com\/index.php\/2025\/02\/26\/pedro-gerson-de-la-cruz-de-arrascaeta-lorran-leo-ortiz-vina-everton-cebolinha-leo-pereira-wesley-rossi-flamengo-tem-escalacao-avaliada-em-r-863-milhoes\/#respond\"]}],\"copyrightYear\":\"2025\",\"copyrightHolder\":{\"@id\":\"https:\/\/www.gaveanews.com\/#organization\"}},{\"@type\":\"WebPage\",\"@id\":\"https:\/\/www.gaveanews.com\/index.php\/2025\/02\/26\/pedro-gerson-de-la-cruz-de-arrascaeta-lorran-leo-ortiz-vina-everton-cebolinha-leo-pereira-wesley-rossi-flamengo-tem-escalacao-avaliada-em-r-863-milhoes\/\",\"url\":\"https:\/\/www.gaveanews.com\/index.php\/2025\/02\/26\/pedro-gerson-de-la-cruz-de-arrascaeta-lorran-leo-ortiz-vina-everton-cebolinha-leo-pereira-wesley-rossi-flamengo-tem-escalacao-avaliada-em-r-863-milhoes\/\",\"name\":\"Pedro, Gerson, De La Cruz, De Arrascaeta, Lorran, L\u00e9o Ortiz, Vi\u00f1a, Everton Cebolinha, L\u00e9o Pereira, Wesley, Rossi: Flamengo tem escala\u00e7\u00e3o avaliada em R$ 863 milh\u00f5es\",\"isPartOf\":{\"@id\":\"https:\/\/www.gaveanews.com\/#website\"},\"primaryImageOfPage\":{\"@id\":\"https:\/\/www.gaveanews.com\/index.php\/2025\/02\/26\/pedro-gerson-de-la-cruz-de-arrascaeta-lorran-leo-ortiz-vina-everton-cebolinha-leo-pereira-wesley-rossi-flamengo-tem-escalacao-avaliada-em-r-863-milhoes\/#primaryimage\"},\"image\":{\"@id\":\"https:\/\/www.gaveanews.com\/index.php\/2025\/02\/26\/pedro-gerson-de-la-cruz-de-arrascaeta-lorran-leo-ortiz-vina-everton-cebolinha-leo-pereira-wesley-rossi-flamengo-tem-escalacao-avaliada-em-r-863-milhoes\/#primaryimage\"},\"thumbnailUrl\":\"https:\/\/www.gaveanews.com\/wp-content\/uploads\/fachada-do-modulo-profissional-do-ninho-do-urubu-centro-de-treinamento-do-flamengo-1642444901774_v2_1x1.webp\",\"datePublished\":\"2025-02-26T23:00:00+00:00\",\"author\":{\"@id\":\"https:\/\/www.gaveanews.com\/#\/schema\/person\/2424ec6409bc3f068411fc5e4e9b6168\"},\"breadcrumb\":{\"@id\":\"https:\/\/www.gaveanews.com\/index.php\/2025\/02\/26\/pedro-gerson-de-la-cruz-de-arrascaeta-lorran-leo-ortiz-vina-everton-cebolinha-leo-pereira-wesley-rossi-flamengo-tem-escalacao-avaliada-em-r-863-milhoes\/#breadcrumb\"},\"inLanguage\":\"pt-BR\",\"potentialAction\":[{\"@type\":\"ReadAction\",\"target\":[\"https:\/\/www.gaveanews.com\/index.php\/2025\/02\/26\/pedro-gerson-de-la-cruz-de-arrascaeta-lorran-leo-ortiz-vina-everton-cebolinha-leo-pereira-wesley-rossi-flamengo-tem-escalacao-avaliada-em-r-863-milhoes\/\"]}]},{\"@type\":\"ImageObject\",\"inLanguage\":\"pt-BR\",\"@id\":\"https:\/\/www.gaveanews.com\/index.php\/2025\/02\/26\/pedro-gerson-de-la-cruz-de-arrascaeta-lorran-leo-ortiz-vina-everton-cebolinha-leo-pereira-wesley-rossi-flamengo-tem-escalacao-avaliada-em-r-863-milhoes\/#primaryimage\",\"url\":\"https:\/\/www.gaveanews.com\/wp-content\/uploads\/fachada-do-modulo-profissional-do-ninho-do-urubu-centro-de-treinamento-do-flamengo-1642444901774_v2_1x1.webp\",\"contentUrl\":\"https:\/\/www.gaveanews.com\/wp-content\/uploads\/fachada-do-modulo-profissional-do-ninho-do-urubu-centro-de-treinamento-do-flamengo-1642444901774_v2_1x1.webp\",\"width\":1361,\"height\":1363,\"caption\":\"CT Ninho do Urubu (Foto: Divulga\u00e7\u00e3o Flamengo)\"},{\"@type\":\"BreadcrumbList\",\"@id\":\"https:\/\/www.gaveanews.com\/index.php\/2025\/02\/26\/pedro-gerson-de-la-cruz-de-arrascaeta-lorran-leo-ortiz-vina-everton-cebolinha-leo-pereira-wesley-rossi-flamengo-tem-escalacao-avaliada-em-r-863-milhoes\/#breadcrumb\",\"itemListElement\":[{\"@type\":\"ListItem\",\"position\":1,\"name\":\"Home\",\"item\":\"https:\/\/www.gaveanews.com\/\"},{\"@type\":\"ListItem\",\"position\":2,\"name\":\"Pedro, Gerson, De La Cruz, De Arrascaeta, Lorran, L\u00e9o Ortiz, Vi\u00f1a, Everton Cebolinha, L\u00e9o Pereira, Wesley, Rossi: Flamengo tem escala\u00e7\u00e3o avaliada em R$ 863 milh\u00f5es\"}]},{\"@type\":\"WebSite\",\"@id\":\"https:\/\/www.gaveanews.com\/#website\",\"url\":\"https:\/\/www.gaveanews.com\/\",\"name\":\"G\u00e1vea News\",\"description\":\"Veja todas as not\u00edcias sobre o Flamengo: Contrata\u00e7\u00f5es, categorias de base, resultados das partidas, tabela de classifica\u00e7\u00e3o, pr\u00f3ximos jogos!\",\"potentialAction\":[{\"@type\":\"SearchAction\",\"target\":{\"@type\":\"EntryPoint\",\"urlTemplate\":\"https:\/\/www.gaveanews.com\/?s={search_term_string}\"},\"query-input\":{\"@type\":\"PropertyValueSpecification\",\"valueRequired\":true,\"valueName\":\"search_term_string\"}}],\"inLanguage\":\"pt-BR\"},{\"@type\":\"Person\",\"@id\":\"https:\/\/www.gaveanews.com\/#\/schema\/person\/2424ec6409bc3f068411fc5e4e9b6168\",\"name\":\"Leandro Cardoso\",\"image\":{\"@type\":\"ImageObject\",\"inLanguage\":\"pt-BR\",\"@id\":\"https:\/\/www.gaveanews.com\/#\/schema\/person\/image\/\",\"url\":\"https:\/\/secure.gravatar.com\/avatar\/8ca179f9b55eefe9f376f5493ef25475bfa59fbc28ce937f6076ce20e523098f?s=96&d=mm&r=g\",\"contentUrl\":\"https:\/\/secure.gravatar.com\/avatar\/8ca179f9b55eefe9f376f5493ef25475bfa59fbc28ce937f6076ce20e523098f?s=96&d=mm&r=g\",\"caption\":\"Leandro Cardoso\"}}]}<\/script>\n<!-- \/ Yoast SEO Premium plugin. -->","yoast_head_json":{"title":"Pedro, Gerson, De La Cruz, De Arrascaeta, Lorran, L\u00e9o Ortiz, Vi\u00f1a, Everton Cebolinha, L\u00e9o Pereira, Wesley, Rossi: Flamengo tem escala\u00e7\u00e3o avaliada em R$ 863 milh\u00f5es","robots":{"index":"index","follow":"follow","max-snippet":"max-snippet:-1","max-image-preview":"max-image-preview:large","max-video-preview":"max-video-preview:-1"},"canonical":"https:\/\/www.gaveanews.com\/index.php\/2025\/02\/26\/pedro-gerson-de-la-cruz-de-arrascaeta-lorran-leo-ortiz-vina-everton-cebolinha-leo-pereira-wesley-rossi-flamengo-tem-escalacao-avaliada-em-r-863-milhoes\/","og_locale":"pt_BR","og_type":"article","og_title":"Pedro, Gerson, De La Cruz, De Arrascaeta, Lorran, L\u00e9o Ortiz, Vi\u00f1a, Everton Cebolinha, L\u00e9o Pereira, Wesley, Rossi: Flamengo tem escala\u00e7\u00e3o avaliada em R$ 863 milh\u00f5es","og_description":"O Flamengo segue firme na busca por t\u00edtulos e, para isso, tem feito investimentos robustos em seu elenco. Com jogadores de renome e valores expressivos, o time carioca tem uma escala\u00e7\u00e3o avaliada em impressionantes R$ 863 milh\u00f5es. Esses n\u00fameros refletem a ambi\u00e7\u00e3o do clube em manter-se entre as maiores pot\u00eancias do futebol brasileiro e mundial, [&hellip;]","og_url":"https:\/\/www.gaveanews.com\/index.php\/2025\/02\/26\/pedro-gerson-de-la-cruz-de-arrascaeta-lorran-leo-ortiz-vina-everton-cebolinha-leo-pereira-wesley-rossi-flamengo-tem-escalacao-avaliada-em-r-863-milhoes\/","og_site_name":"G\u00e1vea News","article_publisher":"https:\/\/facebook.com\/gaveaNews\/","article_published_time":"2025-02-26T23:00:00+00:00","og_image":[{"width":1361,"height":1363,"url":"https:\/\/www.gaveanews.com\/wp-content\/uploads\/fachada-do-modulo-profissional-do-ninho-do-urubu-centro-de-treinamento-do-flamengo-1642444901774_v2_1x1.webp","type":"image\/jpeg"}],"author":"Leandro Cardoso","twitter_card":"summary_large_image","twitter_misc":{"Escrito por":"Leandro Cardoso","Est. tempo de leitura":"3 minutos"},"schema":{"@context":"https:\/\/schema.org","@graph":[{"@type":"NewsArticle","@id":"https:\/\/www.gaveanews.com\/index.php\/2025\/02\/26\/pedro-gerson-de-la-cruz-de-arrascaeta-lorran-leo-ortiz-vina-everton-cebolinha-leo-pereira-wesley-rossi-flamengo-tem-escalacao-avaliada-em-r-863-milhoes\/#article","isPartOf":{"@id":"https:\/\/www.gaveanews.com\/index.php\/2025\/02\/26\/pedro-gerson-de-la-cruz-de-arrascaeta-lorran-leo-ortiz-vina-everton-cebolinha-leo-pereira-wesley-rossi-flamengo-tem-escalacao-avaliada-em-r-863-milhoes\/"},"author":{"name":"Leandro Cardoso","@id":"https:\/\/www.gaveanews.com\/#\/schema\/person\/2424ec6409bc3f068411fc5e4e9b6168"},"headline":"Pedro, Gerson, De La Cruz, De Arrascaeta, Lorran, L\u00e9o Ortiz, Vi\u00f1a, Everton Cebolinha, L\u00e9o Pereira, Wesley, Rossi: Flamengo tem escala\u00e7\u00e3o avaliada em R$ 863 milh\u00f5es","datePublished":"2025-02-26T23:00:00+00:00","mainEntityOfPage":{"@id":"https:\/\/www.gaveanews.com\/index.php\/2025\/02\/26\/pedro-gerson-de-la-cruz-de-arrascaeta-lorran-leo-ortiz-vina-everton-cebolinha-leo-pereira-wesley-rossi-flamengo-tem-escalacao-avaliada-em-r-863-milhoes\/"},"wordCount":408,"commentCount":0,"image":{"@id":"https:\/\/www.gaveanews.com\/index.php\/2025\/02\/26\/pedro-gerson-de-la-cruz-de-arrascaeta-lorran-leo-ortiz-vina-everton-cebolinha-leo-pereira-wesley-rossi-flamengo-tem-escalacao-avaliada-em-r-863-milhoes\/#primaryimage"},"thumbnailUrl":"https:\/\/www.gaveanews.com\/wp-content\/uploads\/fachada-do-modulo-profissional-do-ninho-do-urubu-centro-de-treinamento-do-flamengo-1642444901774_v2_1x1.webp","articleSection":["Flamengo"],"inLanguage":"pt-BR","potentialAction":[{"@type":"CommentAction","name":"Comment","target":["https:\/\/www.gaveanews.com\/index.php\/2025\/02\/26\/pedro-gerson-de-la-cruz-de-arrascaeta-lorran-leo-ortiz-vina-everton-cebolinha-leo-pereira-wesley-rossi-flamengo-tem-escalacao-avaliada-em-r-863-milhoes\/#respond"]}],"copyrightYear":"2025","copyrightHolder":{"@id":"https:\/\/www.gaveanews.com\/#organization"}},{"@type":"WebPage","@id":"https:\/\/www.gaveanews.com\/index.php\/2025\/02\/26\/pedro-gerson-de-la-cruz-de-arrascaeta-lorran-leo-ortiz-vina-everton-cebolinha-leo-pereira-wesley-rossi-flamengo-tem-escalacao-avaliada-em-r-863-milhoes\/","url":"https:\/\/www.gaveanews.com\/index.php\/2025\/02\/26\/pedro-gerson-de-la-cruz-de-arrascaeta-lorran-leo-ortiz-vina-everton-cebolinha-leo-pereira-wesley-rossi-flamengo-tem-escalacao-avaliada-em-r-863-milhoes\/","name":"Pedro, Gerson, De La Cruz, De Arrascaeta, Lorran, L\u00e9o Ortiz, Vi\u00f1a, Everton Cebolinha, L\u00e9o Pereira, Wesley, Rossi: Flamengo tem escala\u00e7\u00e3o avaliada em R$ 863 milh\u00f5es","isPartOf":{"@id":"https:\/\/www.gaveanews.com\/#website"},"primaryImageOfPage":{"@id":"https:\/\/www.gaveanews.com\/index.php\/2025\/02\/26\/pedro-gerson-de-la-cruz-de-arrascaeta-lorran-leo-ortiz-vina-everton-cebolinha-leo-pereira-wesley-rossi-flamengo-tem-escalacao-avaliada-em-r-863-milhoes\/#primaryimage"},"image":{"@id":"https:\/\/www.gaveanews.com\/index.php\/2025\/02\/26\/pedro-gerson-de-la-cruz-de-arrascaeta-lorran-leo-ortiz-vina-everton-cebolinha-leo-pereira-wesley-rossi-flamengo-tem-escalacao-avaliada-em-r-863-milhoes\/#primaryimage"},"thumbnailUrl":"https:\/\/www.gaveanews.com\/wp-content\/uploads\/fachada-do-modulo-profissional-do-ninho-do-urubu-centro-de-treinamento-do-flamengo-1642444901774_v2_1x1.webp","datePublished":"2025-02-26T23:00:00+00:00","author":{"@id":"https:\/\/www.gaveanews.com\/#\/schema\/person\/2424ec6409bc3f068411fc5e4e9b6168"},"breadcrumb":{"@id":"https:\/\/www.gaveanews.com\/index.php\/2025\/02\/26\/pedro-gerson-de-la-cruz-de-arrascaeta-lorran-leo-ortiz-vina-everton-cebolinha-leo-pereira-wesley-rossi-flamengo-tem-escalacao-avaliada-em-r-863-milhoes\/#breadcrumb"},"inLanguage":"pt-BR","potentialAction":[{"@type":"ReadAction","target":["https:\/\/www.gaveanews.com\/index.php\/2025\/02\/26\/pedro-gerson-de-la-cruz-de-arrascaeta-lorran-leo-ortiz-vina-everton-cebolinha-leo-pereira-wesley-rossi-flamengo-tem-escalacao-avaliada-em-r-863-milhoes\/"]}]},{"@type":"ImageObject","inLanguage":"pt-BR","@id":"https:\/\/www.gaveanews.com\/index.php\/2025\/02\/26\/pedro-gerson-de-la-cruz-de-arrascaeta-lorran-leo-ortiz-vina-everton-cebolinha-leo-pereira-wesley-rossi-flamengo-tem-escalacao-avaliada-em-r-863-milhoes\/#primaryimage","url":"https:\/\/www.gaveanews.com\/wp-content\/uploads\/fachada-do-modulo-profissional-do-ninho-do-urubu-centro-de-treinamento-do-flamengo-1642444901774_v2_1x1.webp","contentUrl":"https:\/\/www.gaveanews.com\/wp-content\/uploads\/fachada-do-modulo-profissional-do-ninho-do-urubu-centro-de-treinamento-do-flamengo-1642444901774_v2_1x1.webp","width":1361,"height":1363,"caption":"CT Ninho do Urubu (Foto: Divulga\u00e7\u00e3o Flamengo)"},{"@type":"BreadcrumbList","@id":"https:\/\/www.gaveanews.com\/index.php\/2025\/02\/26\/pedro-gerson-de-la-cruz-de-arrascaeta-lorran-leo-ortiz-vina-everton-cebolinha-leo-pereira-wesley-rossi-flamengo-tem-escalacao-avaliada-em-r-863-milhoes\/#breadcrumb","itemListElement":[{"@type":"ListItem","position":1,"name":"Home","item":"https:\/\/www.gaveanews.com\/"},{"@type":"ListItem","position":2,"name":"Pedro, Gerson, De La Cruz, De Arrascaeta, Lorran, L\u00e9o Ortiz, Vi\u00f1a, Everton Cebolinha, L\u00e9o Pereira, Wesley, Rossi: Flamengo tem escala\u00e7\u00e3o avaliada em R$ 863 milh\u00f5es"}]},{"@type":"WebSite","@id":"https:\/\/www.gaveanews.com\/#website","url":"https:\/\/www.gaveanews.com\/","name":"G\u00e1vea News","description":"Veja todas as not\u00edcias sobre o Flamengo: Contrata\u00e7\u00f5es, categorias de base, resultados das partidas, tabela de classifica\u00e7\u00e3o, pr\u00f3ximos jogos!","potentialAction":[{"@type":"SearchAction","target":{"@type":"EntryPoint","urlTemplate":"https:\/\/www.gaveanews.com\/?s={search_term_string}"},"query-input":{"@type":"PropertyValueSpecification","valueRequired":true,"valueName":"search_term_string"}}],"inLanguage":"pt-BR"},{"@type":"Person","@id":"https:\/\/www.gaveanews.com\/#\/schema\/person\/2424ec6409bc3f068411fc5e4e9b6168","name":"Leandro Cardoso","image":{"@type":"ImageObject","inLanguage":"pt-BR","@id":"https:\/\/www.gaveanews.com\/#\/schema\/person\/image\/","url":"https:\/\/secure.gravatar.com\/avatar\/8ca179f9b55eefe9f376f5493ef25475bfa59fbc28ce937f6076ce20e523098f?s=96&d=mm&r=g","contentUrl":"https:\/\/secure.gravatar.com\/avatar\/8ca179f9b55eefe9f376f5493ef25475bfa59fbc28ce937f6076ce20e523098f?s=96&d=mm&r=g","caption":"Leandro Cardoso"}}]}},"_links":{"self":[{"href":"https:\/\/www.gaveanews.com\/index.php\/wp-json\/wp\/v2\/posts\/233155","targetHints":{"allow":["GET"]}}],"collection":[{"href":"https:\/\/www.gaveanews.com\/index.php\/wp-json\/wp\/v2\/posts"}],"about":[{"href":"https:\/\/www.gaveanews.com\/index.php\/wp-json\/wp\/v2\/types\/post"}],"author":[{"embeddable":true,"href":"https:\/\/www.gaveanews.com\/index.php\/wp-json\/wp\/v2\/users\/24"}],"replies":[{"embeddable":true,"href":"https:\/\/www.gaveanews.com\/index.php\/wp-json\/wp\/v2\/comments?post=233155"}],"version-history":[{"count":1,"href":"https:\/\/www.gaveanews.com\/index.php\/wp-json\/wp\/v2\/posts\/233155\/revisions"}],"predecessor-version":[{"id":233156,"href":"https:\/\/www.gaveanews.com\/index.php\/wp-json\/wp\/v2\/posts\/233155\/revisions\/233156"}],"wp:featuredmedia":[{"embeddable":true,"href":"https:\/\/www.gaveanews.com\/index.php\/wp-json\/wp\/v2\/media\/213513"}],"wp:attachment":[{"href":"https:\/\/www.gaveanews.com\/index.php\/wp-json\/wp\/v2\/media?parent=233155"}],"wp:term":[{"taxonomy":"category","embeddable":true,"href":"https:\/\/www.gaveanews.com\/index.php\/wp-json\/wp\/v2\/categories?post=233155"},{"taxonomy":"post_tag","embeddable":true,"href":"https:\/\/www.gaveanews.com\/index.php\/wp-json\/wp\/v2\/tags?post=233155"}],"curies":[{"name":"wp","href":"https:\/\/api.w.org\/{rel}","templated":true}]}}