{"id":233163,"date":"2025-02-26T20:05:00","date_gmt":"2025-02-26T23:05:00","guid":{"rendered":"https:\/\/www.gaveanews.com\/?p=233163"},"modified":"2025-02-26T18:54:39","modified_gmt":"2025-02-26T21:54:39","slug":"palmeiras-esta-muito-proximo-de-anunciar-seu-novo-reforco","status":"publish","type":"post","link":"https:\/\/www.gaveanews.com\/index.php\/2025\/02\/26\/palmeiras-esta-muito-proximo-de-anunciar-seu-novo-reforco\/","title":{"rendered":"Palmeiras est\u00e1 muito pr\u00f3ximo de anunciar seu novo refor\u00e7o"},"content":{"rendered":"\n<p>A transfer\u00eancia do atacante Vitor Roque para o Palmeiras passou por reviravoltas nos \u00faltimos dias. Inicialmente, o clube paulista havia chegado a um acordo com o Barcelona para a aquisi\u00e7\u00e3o do jogador por 25 milh\u00f5es de euros (aproximadamente R$ 152 milh\u00f5es). No entanto, a La Liga, entidade que organiza o Campeonato Espanhol, vetou a transa\u00e7\u00e3o devido a quest\u00f5es burocr\u00e1ticas relacionadas ao per\u00edodo de inscri\u00e7\u00f5es na Espanha. De acordo com o regulamento, a rescis\u00e3o do empr\u00e9stimo de Vitor Roque ao Real Betis s\u00f3 poderia ocorrer durante a janela de transfer\u00eancias espanhola, atualmente fechada. <\/p>\n\n\n\n<p>Diante desse impasse, o Barcelona recorreu \u00e0 FIFA, que autorizou a conclus\u00e3o da transfer\u00eancia para o Palmeiras. Com o aval da entidade m\u00e1xima do futebol, espera-se que Vitor Roque seja registrado no Boletim Informativo Di\u00e1rio (BID) da Confedera\u00e7\u00e3o Brasileira de Futebol (CBF) at\u00e9 sexta-feira (28 de fevereiro), tornando-se oficialmente jogador do Palmeiras.<\/p>\n\n\n\n<figure class=\"wp-block-image size-large\"><img loading=\"lazy\" decoding=\"async\" width=\"1024\" height=\"576\" src=\"http:\/\/www.gaveanews.com\/wp-content\/uploads\/01hxvhxmrpcdvkes4jj4-1024x576.webp\" alt=\"Vitor Roque vem sendo pouco aproveitado no Barcelona \/ Fran Santiago\/GettyImages\" class=\"wp-image-143153\" srcset=\"https:\/\/www.gaveanews.com\/wp-content\/uploads\/01hxvhxmrpcdvkes4jj4-1024x576.webp 1024w, https:\/\/www.gaveanews.com\/wp-content\/uploads\/01hxvhxmrpcdvkes4jj4-300x169.webp 300w, https:\/\/www.gaveanews.com\/wp-content\/uploads\/01hxvhxmrpcdvkes4jj4-768x432.webp 768w, https:\/\/www.gaveanews.com\/wp-content\/uploads\/01hxvhxmrpcdvkes4jj4-746x420.webp 746w, https:\/\/www.gaveanews.com\/wp-content\/uploads\/01hxvhxmrpcdvkes4jj4-640x360.webp 640w, https:\/\/www.gaveanews.com\/wp-content\/uploads\/01hxvhxmrpcdvkes4jj4-681x383.webp 681w, https:\/\/www.gaveanews.com\/wp-content\/uploads\/01hxvhxmrpcdvkes4jj4-100x56.webp 100w, https:\/\/www.gaveanews.com\/wp-content\/uploads\/01hxvhxmrpcdvkes4jj4.webp 1080w\" sizes=\"auto, (max-width: 1024px) 100vw, 1024px\" \/><figcaption class=\"wp-element-caption\">Vitor Roque vem sendo pouco aproveitado no Barcelona \/ Fran Santiago\/GettyImages\n<\/figcaption><\/figure>\n\n\n\n<p>A chegada de Vitor Roque representa um refor\u00e7o significativo para o setor ofensivo do Palmeiras, que busca manter sua competitividade nas competi\u00e7\u00f5es da temporada. O jovem atacante, de 19 anos, destacou-se no futebol brasileiro antes de sua passagem pelo futebol europeu, e sua contrata\u00e7\u00e3o pelo Verd\u00e3o demonstra a capacidade do clube em realizar investimentos de peso para fortalecer o elenco.<\/p>\n\n\n\n<h3 class=\"wp-block-heading\" id=\"h-vitor-roque-aguarda-registro-para-estrear-pelo-palmeiras\">Vitor Roque aguarda registro para estrear pelo Palmeiras<\/h3>\n\n\n\n<p>Com a autoriza\u00e7\u00e3o da FIFA, Vitor Roque j\u00e1 est\u00e1 em S\u00e3o Paulo e aguarda apenas o registro no Boletim Informativo Di\u00e1rio (BID) da CBF para ser oficialmente jogador do Palmeiras. A expectativa \u00e9 que o processo seja conclu\u00eddo at\u00e9 sexta-feira (28 de fevereiro), permitindo que o atacante seja integrado rapidamente ao elenco alviverde.<\/p>\n\n\n\n<h3 class=\"wp-block-heading\" id=\"h-palmeiras-reforca-ataque-com-contratacao-de-vitor-roque\">Palmeiras refor\u00e7a ataque com contrata\u00e7\u00e3o de Vitor Roque<\/h3>\n\n\n\n<p>A chegada de Vitor Roque representa um importante refor\u00e7o para o setor ofensivo do Palmeiras. O atacante, que teve destaque no futebol brasileiro antes de se transferir para o Barcelona, chega ao Verd\u00e3o com a miss\u00e3o de aumentar o poder de fogo do time comandado por Abel Ferreira. Sua velocidade e capacidade de finaliza\u00e7\u00e3o s\u00e3o caracter\u00edsticas que podem agregar ao esquema t\u00e1tico da equipe.<\/p>\n\n\n\n<h3 class=\"wp-block-heading\" id=\"h-negociacao-envolveu-impasse-com-la-liga\">Negocia\u00e7\u00e3o envolveu impasse com La Liga<\/h3>\n\n\n\n<p>A transfer\u00eancia de Vitor Roque para o Palmeiras enfrentou dificuldades devido a um veto inicial da La Liga. A liga espanhola alegou que a rescis\u00e3o do empr\u00e9stimo do atacante ao Real Betis n\u00e3o poderia ocorrer fora do per\u00edodo de transfer\u00eancias na Espanha. No entanto, o Barcelona recorreu \u00e0 FIFA, que interveio e autorizou a negocia\u00e7\u00e3o, garantindo a libera\u00e7\u00e3o do jogador para atuar no futebol brasileiro.<\/p>\n","protected":false},"excerpt":{"rendered":"<p>A transfer\u00eancia do atacante Vitor Roque para o Palmeiras passou por reviravoltas nos \u00faltimos dias. Inicialmente, o clube paulista havia chegado a um acordo com o Barcelona para a aquisi\u00e7\u00e3o do jogador por 25 milh\u00f5es de euros (aproximadamente R$ 152 milh\u00f5es). No entanto, a La Liga, entidade que organiza o Campeonato Espanhol, vetou a transa\u00e7\u00e3o [&hellip;]<\/p>\n","protected":false},"author":27,"featured_media":152159,"comment_status":"open","ping_status":"closed","sticky":false,"template":"","format":"standard","meta":{"footnotes":""},"categories":[150],"tags":[],"class_list":["post-233163","post","type-post","status-publish","format-standard","has-post-thumbnail","hentry","category-palmeiras"],"yoast_head":"<!-- This site is optimized with the Yoast SEO Premium plugin v24.2 (Yoast SEO v26.9) - https:\/\/yoast.com\/product\/yoast-seo-premium-wordpress\/ -->\n<title>Palmeiras est\u00e1 muito pr\u00f3ximo de anunciar seu novo refor\u00e7o<\/title>\n<meta name=\"robots\" content=\"index, follow, max-snippet:-1, max-image-preview:large, max-video-preview:-1\" \/>\n<link rel=\"canonical\" href=\"https:\/\/www.gaveanews.com\/index.php\/2025\/02\/26\/palmeiras-esta-muito-proximo-de-anunciar-seu-novo-reforco\/\" \/>\n<meta property=\"og:locale\" content=\"pt_BR\" \/>\n<meta property=\"og:type\" content=\"article\" \/>\n<meta property=\"og:title\" content=\"Palmeiras est\u00e1 muito pr\u00f3ximo de anunciar seu novo refor\u00e7o\" \/>\n<meta property=\"og:description\" content=\"A transfer\u00eancia do atacante Vitor Roque para o Palmeiras passou por reviravoltas nos \u00faltimos dias. Inicialmente, o clube paulista havia chegado a um acordo com o Barcelona para a aquisi\u00e7\u00e3o do jogador por 25 milh\u00f5es de euros (aproximadamente R$ 152 milh\u00f5es). No entanto, a La Liga, entidade que organiza o Campeonato Espanhol, vetou a transa\u00e7\u00e3o [&hellip;]\" \/>\n<meta property=\"og:url\" content=\"https:\/\/www.gaveanews.com\/index.php\/2025\/02\/26\/palmeiras-esta-muito-proximo-de-anunciar-seu-novo-reforco\/\" \/>\n<meta property=\"og:site_name\" content=\"G\u00e1vea News\" \/>\n<meta property=\"article:publisher\" content=\"https:\/\/facebook.com\/gaveaNews\/\" \/>\n<meta property=\"article:published_time\" content=\"2025-02-26T23:05:00+00:00\" \/>\n<meta property=\"og:image\" content=\"https:\/\/www.gaveanews.com\/wp-content\/uploads\/Escudo-do-Palmeiras.webp\" \/>\n\t<meta property=\"og:image:width\" content=\"1000\" \/>\n\t<meta property=\"og:image:height\" content=\"667\" \/>\n\t<meta property=\"og:image:type\" content=\"image\/webp\" \/>\n<meta name=\"author\" content=\"Matheus Felipe\" \/>\n<meta name=\"twitter:card\" content=\"summary_large_image\" \/>\n<meta name=\"twitter:label1\" content=\"Escrito por\" \/>\n\t<meta name=\"twitter:data1\" content=\"Matheus Felipe\" \/>\n\t<meta name=\"twitter:label2\" content=\"Est. tempo de leitura\" \/>\n\t<meta name=\"twitter:data2\" content=\"3 minutos\" \/>\n<script type=\"application\/ld+json\" class=\"yoast-schema-graph\">{\"@context\":\"https:\/\/schema.org\",\"@graph\":[{\"@type\":\"NewsArticle\",\"@id\":\"https:\/\/www.gaveanews.com\/index.php\/2025\/02\/26\/palmeiras-esta-muito-proximo-de-anunciar-seu-novo-reforco\/#article\",\"isPartOf\":{\"@id\":\"https:\/\/www.gaveanews.com\/index.php\/2025\/02\/26\/palmeiras-esta-muito-proximo-de-anunciar-seu-novo-reforco\/\"},\"author\":{\"name\":\"Matheus Felipe\",\"@id\":\"https:\/\/www.gaveanews.com\/#\/schema\/person\/8207cd4627f56151707418bfc835b2fb\"},\"headline\":\"Palmeiras est\u00e1 muito pr\u00f3ximo de anunciar seu novo refor\u00e7o\",\"datePublished\":\"2025-02-26T23:05:00+00:00\",\"mainEntityOfPage\":{\"@id\":\"https:\/\/www.gaveanews.com\/index.php\/2025\/02\/26\/palmeiras-esta-muito-proximo-de-anunciar-seu-novo-reforco\/\"},\"wordCount\":465,\"commentCount\":0,\"image\":{\"@id\":\"https:\/\/www.gaveanews.com\/index.php\/2025\/02\/26\/palmeiras-esta-muito-proximo-de-anunciar-seu-novo-reforco\/#primaryimage\"},\"thumbnailUrl\":\"https:\/\/www.gaveanews.com\/wp-content\/uploads\/Escudo-do-Palmeiras.webp\",\"articleSection\":[\"Palmeiras\"],\"inLanguage\":\"pt-BR\",\"potentialAction\":[{\"@type\":\"CommentAction\",\"name\":\"Comment\",\"target\":[\"https:\/\/www.gaveanews.com\/index.php\/2025\/02\/26\/palmeiras-esta-muito-proximo-de-anunciar-seu-novo-reforco\/#respond\"]}],\"copyrightYear\":\"2025\",\"copyrightHolder\":{\"@id\":\"https:\/\/www.gaveanews.com\/#organization\"}},{\"@type\":\"WebPage\",\"@id\":\"https:\/\/www.gaveanews.com\/index.php\/2025\/02\/26\/palmeiras-esta-muito-proximo-de-anunciar-seu-novo-reforco\/\",\"url\":\"https:\/\/www.gaveanews.com\/index.php\/2025\/02\/26\/palmeiras-esta-muito-proximo-de-anunciar-seu-novo-reforco\/\",\"name\":\"Palmeiras est\u00e1 muito pr\u00f3ximo de anunciar seu novo refor\u00e7o\",\"isPartOf\":{\"@id\":\"https:\/\/www.gaveanews.com\/#website\"},\"primaryImageOfPage\":{\"@id\":\"https:\/\/www.gaveanews.com\/index.php\/2025\/02\/26\/palmeiras-esta-muito-proximo-de-anunciar-seu-novo-reforco\/#primaryimage\"},\"image\":{\"@id\":\"https:\/\/www.gaveanews.com\/index.php\/2025\/02\/26\/palmeiras-esta-muito-proximo-de-anunciar-seu-novo-reforco\/#primaryimage\"},\"thumbnailUrl\":\"https:\/\/www.gaveanews.com\/wp-content\/uploads\/Escudo-do-Palmeiras.webp\",\"datePublished\":\"2025-02-26T23:05:00+00:00\",\"author\":{\"@id\":\"https:\/\/www.gaveanews.com\/#\/schema\/person\/8207cd4627f56151707418bfc835b2fb\"},\"breadcrumb\":{\"@id\":\"https:\/\/www.gaveanews.com\/index.php\/2025\/02\/26\/palmeiras-esta-muito-proximo-de-anunciar-seu-novo-reforco\/#breadcrumb\"},\"inLanguage\":\"pt-BR\",\"potentialAction\":[{\"@type\":\"ReadAction\",\"target\":[\"https:\/\/www.gaveanews.com\/index.php\/2025\/02\/26\/palmeiras-esta-muito-proximo-de-anunciar-seu-novo-reforco\/\"]}]},{\"@type\":\"ImageObject\",\"inLanguage\":\"pt-BR\",\"@id\":\"https:\/\/www.gaveanews.com\/index.php\/2025\/02\/26\/palmeiras-esta-muito-proximo-de-anunciar-seu-novo-reforco\/#primaryimage\",\"url\":\"https:\/\/www.gaveanews.com\/wp-content\/uploads\/Escudo-do-Palmeiras.webp\",\"contentUrl\":\"https:\/\/www.gaveanews.com\/wp-content\/uploads\/Escudo-do-Palmeiras.webp\",\"width\":1000,\"height\":667,\"caption\":\"Escudo do Palmeiras (Foto Reprodu\u00e7\u00e3o\/Instagram)\"},{\"@type\":\"BreadcrumbList\",\"@id\":\"https:\/\/www.gaveanews.com\/index.php\/2025\/02\/26\/palmeiras-esta-muito-proximo-de-anunciar-seu-novo-reforco\/#breadcrumb\",\"itemListElement\":[{\"@type\":\"ListItem\",\"position\":1,\"name\":\"Home\",\"item\":\"https:\/\/www.gaveanews.com\/\"},{\"@type\":\"ListItem\",\"position\":2,\"name\":\"Palmeiras est\u00e1 muito pr\u00f3ximo de anunciar seu novo refor\u00e7o\"}]},{\"@type\":\"WebSite\",\"@id\":\"https:\/\/www.gaveanews.com\/#website\",\"url\":\"https:\/\/www.gaveanews.com\/\",\"name\":\"G\u00e1vea News\",\"description\":\"Veja todas as not\u00edcias sobre o Flamengo: Contrata\u00e7\u00f5es, categorias de base, resultados das partidas, tabela de classifica\u00e7\u00e3o, pr\u00f3ximos jogos!\",\"potentialAction\":[{\"@type\":\"SearchAction\",\"target\":{\"@type\":\"EntryPoint\",\"urlTemplate\":\"https:\/\/www.gaveanews.com\/?s={search_term_string}\"},\"query-input\":{\"@type\":\"PropertyValueSpecification\",\"valueRequired\":true,\"valueName\":\"search_term_string\"}}],\"inLanguage\":\"pt-BR\"},{\"@type\":\"Person\",\"@id\":\"https:\/\/www.gaveanews.com\/#\/schema\/person\/8207cd4627f56151707418bfc835b2fb\",\"name\":\"Matheus Felipe\",\"image\":{\"@type\":\"ImageObject\",\"inLanguage\":\"pt-BR\",\"@id\":\"https:\/\/www.gaveanews.com\/#\/schema\/person\/image\/\",\"url\":\"https:\/\/secure.gravatar.com\/avatar\/a452ffbed9130f726358b298bb3a99ce4bd3c5338411f8440e87e14d74c7c087?s=96&d=mm&r=g\",\"contentUrl\":\"https:\/\/secure.gravatar.com\/avatar\/a452ffbed9130f726358b298bb3a99ce4bd3c5338411f8440e87e14d74c7c087?s=96&d=mm&r=g\",\"caption\":\"Matheus Felipe\"}}]}<\/script>\n<!-- \/ Yoast SEO Premium plugin. -->","yoast_head_json":{"title":"Palmeiras est\u00e1 muito pr\u00f3ximo de anunciar seu novo refor\u00e7o","robots":{"index":"index","follow":"follow","max-snippet":"max-snippet:-1","max-image-preview":"max-image-preview:large","max-video-preview":"max-video-preview:-1"},"canonical":"https:\/\/www.gaveanews.com\/index.php\/2025\/02\/26\/palmeiras-esta-muito-proximo-de-anunciar-seu-novo-reforco\/","og_locale":"pt_BR","og_type":"article","og_title":"Palmeiras est\u00e1 muito pr\u00f3ximo de anunciar seu novo refor\u00e7o","og_description":"A transfer\u00eancia do atacante Vitor Roque para o Palmeiras passou por reviravoltas nos \u00faltimos dias. Inicialmente, o clube paulista havia chegado a um acordo com o Barcelona para a aquisi\u00e7\u00e3o do jogador por 25 milh\u00f5es de euros (aproximadamente R$ 152 milh\u00f5es). No entanto, a La Liga, entidade que organiza o Campeonato Espanhol, vetou a transa\u00e7\u00e3o [&hellip;]","og_url":"https:\/\/www.gaveanews.com\/index.php\/2025\/02\/26\/palmeiras-esta-muito-proximo-de-anunciar-seu-novo-reforco\/","og_site_name":"G\u00e1vea News","article_publisher":"https:\/\/facebook.com\/gaveaNews\/","article_published_time":"2025-02-26T23:05:00+00:00","og_image":[{"width":1000,"height":667,"url":"https:\/\/www.gaveanews.com\/wp-content\/uploads\/Escudo-do-Palmeiras.webp","type":"image\/webp"}],"author":"Matheus Felipe","twitter_card":"summary_large_image","twitter_misc":{"Escrito por":"Matheus Felipe","Est. tempo de leitura":"3 minutos"},"schema":{"@context":"https:\/\/schema.org","@graph":[{"@type":"NewsArticle","@id":"https:\/\/www.gaveanews.com\/index.php\/2025\/02\/26\/palmeiras-esta-muito-proximo-de-anunciar-seu-novo-reforco\/#article","isPartOf":{"@id":"https:\/\/www.gaveanews.com\/index.php\/2025\/02\/26\/palmeiras-esta-muito-proximo-de-anunciar-seu-novo-reforco\/"},"author":{"name":"Matheus Felipe","@id":"https:\/\/www.gaveanews.com\/#\/schema\/person\/8207cd4627f56151707418bfc835b2fb"},"headline":"Palmeiras est\u00e1 muito pr\u00f3ximo de anunciar seu novo refor\u00e7o","datePublished":"2025-02-26T23:05:00+00:00","mainEntityOfPage":{"@id":"https:\/\/www.gaveanews.com\/index.php\/2025\/02\/26\/palmeiras-esta-muito-proximo-de-anunciar-seu-novo-reforco\/"},"wordCount":465,"commentCount":0,"image":{"@id":"https:\/\/www.gaveanews.com\/index.php\/2025\/02\/26\/palmeiras-esta-muito-proximo-de-anunciar-seu-novo-reforco\/#primaryimage"},"thumbnailUrl":"https:\/\/www.gaveanews.com\/wp-content\/uploads\/Escudo-do-Palmeiras.webp","articleSection":["Palmeiras"],"inLanguage":"pt-BR","potentialAction":[{"@type":"CommentAction","name":"Comment","target":["https:\/\/www.gaveanews.com\/index.php\/2025\/02\/26\/palmeiras-esta-muito-proximo-de-anunciar-seu-novo-reforco\/#respond"]}],"copyrightYear":"2025","copyrightHolder":{"@id":"https:\/\/www.gaveanews.com\/#organization"}},{"@type":"WebPage","@id":"https:\/\/www.gaveanews.com\/index.php\/2025\/02\/26\/palmeiras-esta-muito-proximo-de-anunciar-seu-novo-reforco\/","url":"https:\/\/www.gaveanews.com\/index.php\/2025\/02\/26\/palmeiras-esta-muito-proximo-de-anunciar-seu-novo-reforco\/","name":"Palmeiras est\u00e1 muito pr\u00f3ximo de anunciar seu novo refor\u00e7o","isPartOf":{"@id":"https:\/\/www.gaveanews.com\/#website"},"primaryImageOfPage":{"@id":"https:\/\/www.gaveanews.com\/index.php\/2025\/02\/26\/palmeiras-esta-muito-proximo-de-anunciar-seu-novo-reforco\/#primaryimage"},"image":{"@id":"https:\/\/www.gaveanews.com\/index.php\/2025\/02\/26\/palmeiras-esta-muito-proximo-de-anunciar-seu-novo-reforco\/#primaryimage"},"thumbnailUrl":"https:\/\/www.gaveanews.com\/wp-content\/uploads\/Escudo-do-Palmeiras.webp","datePublished":"2025-02-26T23:05:00+00:00","author":{"@id":"https:\/\/www.gaveanews.com\/#\/schema\/person\/8207cd4627f56151707418bfc835b2fb"},"breadcrumb":{"@id":"https:\/\/www.gaveanews.com\/index.php\/2025\/02\/26\/palmeiras-esta-muito-proximo-de-anunciar-seu-novo-reforco\/#breadcrumb"},"inLanguage":"pt-BR","potentialAction":[{"@type":"ReadAction","target":["https:\/\/www.gaveanews.com\/index.php\/2025\/02\/26\/palmeiras-esta-muito-proximo-de-anunciar-seu-novo-reforco\/"]}]},{"@type":"ImageObject","inLanguage":"pt-BR","@id":"https:\/\/www.gaveanews.com\/index.php\/2025\/02\/26\/palmeiras-esta-muito-proximo-de-anunciar-seu-novo-reforco\/#primaryimage","url":"https:\/\/www.gaveanews.com\/wp-content\/uploads\/Escudo-do-Palmeiras.webp","contentUrl":"https:\/\/www.gaveanews.com\/wp-content\/uploads\/Escudo-do-Palmeiras.webp","width":1000,"height":667,"caption":"Escudo do Palmeiras (Foto Reprodu\u00e7\u00e3o\/Instagram)"},{"@type":"BreadcrumbList","@id":"https:\/\/www.gaveanews.com\/index.php\/2025\/02\/26\/palmeiras-esta-muito-proximo-de-anunciar-seu-novo-reforco\/#breadcrumb","itemListElement":[{"@type":"ListItem","position":1,"name":"Home","item":"https:\/\/www.gaveanews.com\/"},{"@type":"ListItem","position":2,"name":"Palmeiras est\u00e1 muito pr\u00f3ximo de anunciar seu novo refor\u00e7o"}]},{"@type":"WebSite","@id":"https:\/\/www.gaveanews.com\/#website","url":"https:\/\/www.gaveanews.com\/","name":"G\u00e1vea News","description":"Veja todas as not\u00edcias sobre o Flamengo: Contrata\u00e7\u00f5es, categorias de base, resultados das partidas, tabela de classifica\u00e7\u00e3o, pr\u00f3ximos jogos!","potentialAction":[{"@type":"SearchAction","target":{"@type":"EntryPoint","urlTemplate":"https:\/\/www.gaveanews.com\/?s={search_term_string}"},"query-input":{"@type":"PropertyValueSpecification","valueRequired":true,"valueName":"search_term_string"}}],"inLanguage":"pt-BR"},{"@type":"Person","@id":"https:\/\/www.gaveanews.com\/#\/schema\/person\/8207cd4627f56151707418bfc835b2fb","name":"Matheus Felipe","image":{"@type":"ImageObject","inLanguage":"pt-BR","@id":"https:\/\/www.gaveanews.com\/#\/schema\/person\/image\/","url":"https:\/\/secure.gravatar.com\/avatar\/a452ffbed9130f726358b298bb3a99ce4bd3c5338411f8440e87e14d74c7c087?s=96&d=mm&r=g","contentUrl":"https:\/\/secure.gravatar.com\/avatar\/a452ffbed9130f726358b298bb3a99ce4bd3c5338411f8440e87e14d74c7c087?s=96&d=mm&r=g","caption":"Matheus Felipe"}}]}},"_links":{"self":[{"href":"https:\/\/www.gaveanews.com\/index.php\/wp-json\/wp\/v2\/posts\/233163","targetHints":{"allow":["GET"]}}],"collection":[{"href":"https:\/\/www.gaveanews.com\/index.php\/wp-json\/wp\/v2\/posts"}],"about":[{"href":"https:\/\/www.gaveanews.com\/index.php\/wp-json\/wp\/v2\/types\/post"}],"author":[{"embeddable":true,"href":"https:\/\/www.gaveanews.com\/index.php\/wp-json\/wp\/v2\/users\/27"}],"replies":[{"embeddable":true,"href":"https:\/\/www.gaveanews.com\/index.php\/wp-json\/wp\/v2\/comments?post=233163"}],"version-history":[{"count":1,"href":"https:\/\/www.gaveanews.com\/index.php\/wp-json\/wp\/v2\/posts\/233163\/revisions"}],"predecessor-version":[{"id":233172,"href":"https:\/\/www.gaveanews.com\/index.php\/wp-json\/wp\/v2\/posts\/233163\/revisions\/233172"}],"wp:featuredmedia":[{"embeddable":true,"href":"https:\/\/www.gaveanews.com\/index.php\/wp-json\/wp\/v2\/media\/152159"}],"wp:attachment":[{"href":"https:\/\/www.gaveanews.com\/index.php\/wp-json\/wp\/v2\/media?parent=233163"}],"wp:term":[{"taxonomy":"category","embeddable":true,"href":"https:\/\/www.gaveanews.com\/index.php\/wp-json\/wp\/v2\/categories?post=233163"},{"taxonomy":"post_tag","embeddable":true,"href":"https:\/\/www.gaveanews.com\/index.php\/wp-json\/wp\/v2\/tags?post=233163"}],"curies":[{"name":"wp","href":"https:\/\/api.w.org\/{rel}","templated":true}]}}