{"id":233205,"date":"2025-02-26T20:20:00","date_gmt":"2025-02-26T23:20:00","guid":{"rendered":"https:\/\/www.gaveanews.com\/?p=233205"},"modified":"2025-02-26T18:56:38","modified_gmt":"2025-02-26T21:56:38","slug":"juiz-pode-ser-cortado-da-copa-do-mundo-por-atitude-com-messi","status":"publish","type":"post","link":"https:\/\/www.gaveanews.com\/index.php\/2025\/02\/26\/juiz-pode-ser-cortado-da-copa-do-mundo-por-atitude-com-messi\/","title":{"rendered":"Juiz pode ser cortado da Copa do Mundo por atitude com Messi"},"content":{"rendered":"\n<p>A carreira de um \u00e1rbitro admite pouqu\u00edssimos erros e, ainda assim, essa margem limitada de descuido pode custar muito caro. Seja num lance decisivo, numa interpreta\u00e7\u00e3o err\u00f4nea ou at\u00e9 mesmo num momento mais pessoal. O juiz mexicano Marco Ant\u00f4nio Ortiz Nava, por exemplo, foi proibido de apitar os jogos da Concacaf pelos pr\u00f3ximos seis meses ap\u00f3s pedir um aut\u00f3grafo de Messi no apito final da vit\u00f3ria do Inter Miami sobre o Sporting KC. <\/p>\n\n\n\n<p>Ortiz foi suspenso pela Associa\u00e7\u00e3o de Futebol da Am\u00e9rica do Norte, Central e do Caribe (Concacaf) por agir de maneira conflitante ao &#8220;c\u00f3digo de conduta da associa\u00e7\u00e3o&#8221;. Como consequ\u00eancia, se tornou r\u00e9u de um processo disciplinar, que culminou em seu afastamento das competi\u00e7\u00f5es ligadas \u00e0 entidade pelos pr\u00f3ximos seis meses.<\/p>\n\n\n\n<p>Em seu depoimento, Marco Ant\u00f4nio alegou que se tratava de um aut\u00f3grafo destinado a um \u201cfamiliar com necessidades especiais\u201d. O caso chamou aten\u00e7\u00e3o especialmente por se tratar de um \u00e1rbitro renomado no futebol norte-americano, visto que j\u00e1 apitou mais de 200 partidas de futebol em sua carreira e figurou na lista da Associa\u00e7\u00e3o Mundial da FIFA nos \u00faltimos seis anos.<\/p>\n\n\n\n<blockquote class=\"twitter-tweet\" data-media-max-width=\"560\"><p lang=\"es\" dir=\"ltr\">\ud83e\udd28 El \u00e1rbitro mexicano Gato Ortiz le pidi\u00f3 la camiseta a Leo Messi tras un partido\u2026 <br>\u274c <a href=\"https:\/\/twitter.com\/Concacaf?ref_src=twsrc%5Etfw\">@Concacaf<\/a> sancionar\u00e1 al colegiado<br>\ud83d\ude21 Si queremos humanizar a los \u00e1rbitros, estas decisiones no son buenas<br>\ud83c\udfa5 <a href=\"https:\/\/twitter.com\/JLMNoticias?ref_src=twsrc%5Etfw\">@JLMNoticias<\/a><a href=\"https:\/\/t.co\/pzDBuuFGH7\">pic.twitter.com\/pzDBuuFGH7<\/a><\/p>&mdash; P\u00e1vel Fern\u00e1ndez (@PavelFdez) <a href=\"https:\/\/twitter.com\/PavelFdez\/status\/1893662099575832633?ref_src=twsrc%5Etfw\">February 23, 2025<\/a><\/blockquote> <script async src=\"https:\/\/platform.twitter.com\/widgets.js\" charset=\"utf-8\"><\/script>\n\n\n\n<h2 class=\"wp-block-heading\" id=\"h-fora-da-copa-do-mundo\">Fora da Copa do Mundo?<\/h2>\n\n\n\n<p>Ortiz tinha chances palp\u00e1veis de aparecer na rela\u00e7\u00e3o de arbitragem para Copa do Mundo 2026 nos EUA, Canad\u00e1 e M\u00e9xico. Contudo, de acordo com o ex-\u00e1rbitro mexicano Marco Rodriguez, esse incidente certamente custar\u00e1 sua participa\u00e7\u00e3o no principal torneio de futebol do planeta. O profissional se destacou ao longo da carreira como um dos principais \u00e1rbitros do M\u00e9xico, com 51 partidas em seis Copas do Mundo no curr\u00edculo.<\/p>\n\n\n\n<p>\u201cEle definitivamente perder\u00e1 o Mundial de Clubes e a Copa Ouro neste ver\u00e3o. Praticamente certo. O fato de ainda poder trabalhar como \u00e1rbitro na Liga MX \u00e9 o \u00fanico consolo para Ortiz. N\u00e3o se sabe se ele recebeu pelo menos uma compensa\u00e7\u00e3o m\u00ednima pela suspens\u00e3o com o aut\u00f3grafo de Messi solicitado\u201d, disse.<\/p>\n\n\n\n<h2 class=\"wp-block-heading\" id=\"h-classificacao-do-inter-miami\">Classifica\u00e7\u00e3o do Inter Miami<\/h2>\n\n\n\n<p>O Inter Miami venceu o jogo em quest\u00e3o por 1 a 0 sobre o Sporting KC, justamente com gol do camisa 10, pela ida da Concacaf Champions Cup. A volta ocorreu na noite da \u00faltima ter\u00e7a-feira, 25, e contou com outro show do argentino.<\/p>\n\n\n\n<p>Lionel Messi e Luis Su\u00e1rez comandaram a classifica\u00e7\u00e3o do Vice City \u00e0s oitavas de final da Concacaf Champions Cup. Al\u00e9m de cruciais para o excelente desempenho do time, a dupla ainda marcou dois dos tr\u00eas gols do triunfo por 3 a 1 sobre o Sporting KC em pleno Chase Stadium. Tadeo Allende fez o outro tento da equipe.<\/p>\n\n\n\n<p>O Inter Miami enfrenta o Cavaleiro, da Jamaica, na pr\u00f3xima fase. O duelo de ida est\u00e1 marcado para pr\u00f3xima quinta-feira, dia 6 de mar\u00e7o, em hor\u00e1rio a definir.<\/p>\n\n\n\n<h2 class=\"wp-block-heading\" id=\"h-polemicas-recentes-do-arbitro\">Pol\u00eamicas recentes do \u00e1rbitro<\/h2>\n\n\n\n<p>Esta n\u00e3o \u00e9 a primeira vez que Marco Antonio Ortiz se v\u00ea no centro de pol\u00eamicas no futebol. Recentemente, h\u00e1 poucas semanas, ele esteve diretamente envolvido em outro caso de extrema repercuss\u00e3o local. Isso porque o v\u00eddeo de um question\u00e1vel empurr\u00e3o do \u00e1rbitro no camisa 10 do Monterrey, aos 50 minutos de partida, tornou-se viral e dividiu opini\u00f5es no futebol mexicano.<\/p>\n\n\n\n<figure class=\"wp-block-embed is-type-rich is-provider-twitter wp-block-embed-twitter\"><div class=\"wp-block-embed__wrapper\">\n<blockquote class=\"twitter-tweet\" data-width=\"550\" data-dnt=\"true\"><p lang=\"es\" dir=\"ltr\">Marco Antonio Ortiz debe ser suspendido por este EMPUJ\u00d3N a Sergio Canales <br><br>INJUSTIFICABLE lo que hizo <a href=\"https:\/\/t.co\/YQB5uX1LtI\">pic.twitter.com\/YQB5uX1LtI<\/a><\/p>&mdash; Luis Fernando Ibarra (@LuchoIbarra690) <a href=\"https:\/\/twitter.com\/LuchoIbarra690\/status\/1885909199458119856?ref_src=twsrc%5Etfw\">February 2, 2025<\/a><\/blockquote><script async src=\"https:\/\/platform.twitter.com\/widgets.js\" charset=\"utf-8\"><\/script>\n<\/div><\/figure>\n\n\n\n<p>No mesmo momento em que se prepara para mostrar o cart\u00e3o amarelo, Ortiz leva o bra\u00e7o esquerdo \u00e0 altura do ombro do jogador, num claro sinal de contato f\u00edsico. O camisa 10 inclusive age com surpresa ao ato do \u00e1rbitro, e o caso virou pauta por dias na m\u00eddia esportiva.<\/p>\n","protected":false},"excerpt":{"rendered":"<p>A carreira de um \u00e1rbitro admite pouqu\u00edssimos erros e, ainda assim, essa margem limitada de descuido pode custar muito caro. Seja num lance decisivo, numa interpreta\u00e7\u00e3o err\u00f4nea ou at\u00e9 mesmo num momento mais pessoal. O juiz mexicano Marco Ant\u00f4nio Ortiz Nava, por exemplo, foi proibido de apitar os jogos da Concacaf pelos pr\u00f3ximos seis meses [&hellip;]<\/p>\n","protected":false},"author":30,"featured_media":104008,"comment_status":"open","ping_status":"closed","sticky":false,"template":"","format":"standard","meta":{"footnotes":""},"categories":[81,47,473,472],"tags":[],"class_list":["post-233205","post","type-post","status-publish","format-standard","has-post-thumbnail","hentry","category-celebridades","category-destaques","category-inter-miami","category-mls"],"yoast_head":"<!-- This site is optimized with the Yoast SEO Premium plugin v24.2 (Yoast SEO v26.9) - https:\/\/yoast.com\/product\/yoast-seo-premium-wordpress\/ -->\n<title>Juiz pode ser cortado da Copa do Mundo por atitude com Messi<\/title>\n<meta name=\"robots\" content=\"index, follow, max-snippet:-1, max-image-preview:large, max-video-preview:-1\" \/>\n<link rel=\"canonical\" href=\"https:\/\/www.gaveanews.com\/index.php\/2025\/02\/26\/juiz-pode-ser-cortado-da-copa-do-mundo-por-atitude-com-messi\/\" \/>\n<meta property=\"og:locale\" content=\"pt_BR\" \/>\n<meta property=\"og:type\" content=\"article\" \/>\n<meta property=\"og:title\" content=\"Juiz pode ser cortado da Copa do Mundo por atitude com Messi\" \/>\n<meta property=\"og:description\" content=\"A carreira de um \u00e1rbitro admite pouqu\u00edssimos erros e, ainda assim, essa margem limitada de descuido pode custar muito caro. Seja num lance decisivo, numa interpreta\u00e7\u00e3o err\u00f4nea ou at\u00e9 mesmo num momento mais pessoal. O juiz mexicano Marco Ant\u00f4nio Ortiz Nava, por exemplo, foi proibido de apitar os jogos da Concacaf pelos pr\u00f3ximos seis meses [&hellip;]\" \/>\n<meta property=\"og:url\" content=\"https:\/\/www.gaveanews.com\/index.php\/2025\/02\/26\/juiz-pode-ser-cortado-da-copa-do-mundo-por-atitude-com-messi\/\" \/>\n<meta property=\"og:site_name\" content=\"G\u00e1vea News\" \/>\n<meta property=\"article:publisher\" content=\"https:\/\/facebook.com\/gaveaNews\/\" \/>\n<meta property=\"article:published_time\" content=\"2025-02-26T23:20:00+00:00\" \/>\n<meta property=\"og:image\" content=\"https:\/\/www.gaveanews.com\/wp-content\/uploads\/messi-gol-inter-miami.webp\" \/>\n\t<meta property=\"og:image:width\" content=\"1600\" \/>\n\t<meta property=\"og:image:height\" content=\"900\" \/>\n\t<meta property=\"og:image:type\" content=\"image\/jpeg\" \/>\n<meta name=\"author\" content=\"Ana Teixeira\" \/>\n<meta name=\"twitter:card\" content=\"summary_large_image\" \/>\n<meta name=\"twitter:label1\" content=\"Escrito por\" \/>\n\t<meta name=\"twitter:data1\" content=\"Ana Teixeira\" \/>\n\t<meta name=\"twitter:label2\" content=\"Est. tempo de leitura\" \/>\n\t<meta name=\"twitter:data2\" content=\"4 minutos\" \/>\n<script type=\"application\/ld+json\" class=\"yoast-schema-graph\">{\"@context\":\"https:\/\/schema.org\",\"@graph\":[{\"@type\":\"NewsArticle\",\"@id\":\"https:\/\/www.gaveanews.com\/index.php\/2025\/02\/26\/juiz-pode-ser-cortado-da-copa-do-mundo-por-atitude-com-messi\/#article\",\"isPartOf\":{\"@id\":\"https:\/\/www.gaveanews.com\/index.php\/2025\/02\/26\/juiz-pode-ser-cortado-da-copa-do-mundo-por-atitude-com-messi\/\"},\"author\":{\"name\":\"Ana Teixeira\",\"@id\":\"https:\/\/www.gaveanews.com\/#\/schema\/person\/3b19f7288b0ce20372991275e4f2e6c2\"},\"headline\":\"Juiz pode ser cortado da Copa do Mundo por atitude com Messi\",\"datePublished\":\"2025-02-26T23:20:00+00:00\",\"mainEntityOfPage\":{\"@id\":\"https:\/\/www.gaveanews.com\/index.php\/2025\/02\/26\/juiz-pode-ser-cortado-da-copa-do-mundo-por-atitude-com-messi\/\"},\"wordCount\":654,\"commentCount\":0,\"image\":{\"@id\":\"https:\/\/www.gaveanews.com\/index.php\/2025\/02\/26\/juiz-pode-ser-cortado-da-copa-do-mundo-por-atitude-com-messi\/#primaryimage\"},\"thumbnailUrl\":\"https:\/\/www.gaveanews.com\/wp-content\/uploads\/messi-gol-inter-miami.webp\",\"articleSection\":[\"Celebridades\",\"Destaques\",\"Inter Miami\",\"MLS\"],\"inLanguage\":\"pt-BR\",\"potentialAction\":[{\"@type\":\"CommentAction\",\"name\":\"Comment\",\"target\":[\"https:\/\/www.gaveanews.com\/index.php\/2025\/02\/26\/juiz-pode-ser-cortado-da-copa-do-mundo-por-atitude-com-messi\/#respond\"]}],\"copyrightYear\":\"2025\",\"copyrightHolder\":{\"@id\":\"https:\/\/www.gaveanews.com\/#organization\"}},{\"@type\":\"WebPage\",\"@id\":\"https:\/\/www.gaveanews.com\/index.php\/2025\/02\/26\/juiz-pode-ser-cortado-da-copa-do-mundo-por-atitude-com-messi\/\",\"url\":\"https:\/\/www.gaveanews.com\/index.php\/2025\/02\/26\/juiz-pode-ser-cortado-da-copa-do-mundo-por-atitude-com-messi\/\",\"name\":\"Juiz pode ser cortado da Copa do Mundo por atitude com Messi\",\"isPartOf\":{\"@id\":\"https:\/\/www.gaveanews.com\/#website\"},\"primaryImageOfPage\":{\"@id\":\"https:\/\/www.gaveanews.com\/index.php\/2025\/02\/26\/juiz-pode-ser-cortado-da-copa-do-mundo-por-atitude-com-messi\/#primaryimage\"},\"image\":{\"@id\":\"https:\/\/www.gaveanews.com\/index.php\/2025\/02\/26\/juiz-pode-ser-cortado-da-copa-do-mundo-por-atitude-com-messi\/#primaryimage\"},\"thumbnailUrl\":\"https:\/\/www.gaveanews.com\/wp-content\/uploads\/messi-gol-inter-miami.webp\",\"datePublished\":\"2025-02-26T23:20:00+00:00\",\"author\":{\"@id\":\"https:\/\/www.gaveanews.com\/#\/schema\/person\/3b19f7288b0ce20372991275e4f2e6c2\"},\"breadcrumb\":{\"@id\":\"https:\/\/www.gaveanews.com\/index.php\/2025\/02\/26\/juiz-pode-ser-cortado-da-copa-do-mundo-por-atitude-com-messi\/#breadcrumb\"},\"inLanguage\":\"pt-BR\",\"potentialAction\":[{\"@type\":\"ReadAction\",\"target\":[\"https:\/\/www.gaveanews.com\/index.php\/2025\/02\/26\/juiz-pode-ser-cortado-da-copa-do-mundo-por-atitude-com-messi\/\"]}]},{\"@type\":\"ImageObject\",\"inLanguage\":\"pt-BR\",\"@id\":\"https:\/\/www.gaveanews.com\/index.php\/2025\/02\/26\/juiz-pode-ser-cortado-da-copa-do-mundo-por-atitude-com-messi\/#primaryimage\",\"url\":\"https:\/\/www.gaveanews.com\/wp-content\/uploads\/messi-gol-inter-miami.webp\",\"contentUrl\":\"https:\/\/www.gaveanews.com\/wp-content\/uploads\/messi-gol-inter-miami.webp\",\"width\":1600,\"height\":900,\"caption\":\"Messi comemora gol marcado pelo Inter Miami (Foto: Stacy Revere\/Getty Images)\"},{\"@type\":\"BreadcrumbList\",\"@id\":\"https:\/\/www.gaveanews.com\/index.php\/2025\/02\/26\/juiz-pode-ser-cortado-da-copa-do-mundo-por-atitude-com-messi\/#breadcrumb\",\"itemListElement\":[{\"@type\":\"ListItem\",\"position\":1,\"name\":\"Home\",\"item\":\"https:\/\/www.gaveanews.com\/\"},{\"@type\":\"ListItem\",\"position\":2,\"name\":\"Juiz pode ser cortado da Copa do Mundo por atitude com Messi\"}]},{\"@type\":\"WebSite\",\"@id\":\"https:\/\/www.gaveanews.com\/#website\",\"url\":\"https:\/\/www.gaveanews.com\/\",\"name\":\"G\u00e1vea News\",\"description\":\"Veja todas as not\u00edcias sobre o Flamengo: Contrata\u00e7\u00f5es, categorias de base, resultados das partidas, tabela de classifica\u00e7\u00e3o, pr\u00f3ximos jogos!\",\"potentialAction\":[{\"@type\":\"SearchAction\",\"target\":{\"@type\":\"EntryPoint\",\"urlTemplate\":\"https:\/\/www.gaveanews.com\/?s={search_term_string}\"},\"query-input\":{\"@type\":\"PropertyValueSpecification\",\"valueRequired\":true,\"valueName\":\"search_term_string\"}}],\"inLanguage\":\"pt-BR\"},{\"@type\":\"Person\",\"@id\":\"https:\/\/www.gaveanews.com\/#\/schema\/person\/3b19f7288b0ce20372991275e4f2e6c2\",\"name\":\"Ana Teixeira\",\"image\":{\"@type\":\"ImageObject\",\"inLanguage\":\"pt-BR\",\"@id\":\"https:\/\/www.gaveanews.com\/#\/schema\/person\/image\/\",\"url\":\"https:\/\/secure.gravatar.com\/avatar\/0a73f5a5258f3fed37fc2fa641892f3f7a4748456d4d4792f9bc550e6c19e06c?s=96&d=mm&r=g\",\"contentUrl\":\"https:\/\/secure.gravatar.com\/avatar\/0a73f5a5258f3fed37fc2fa641892f3f7a4748456d4d4792f9bc550e6c19e06c?s=96&d=mm&r=g\",\"caption\":\"Ana Teixeira\"}}]}<\/script>\n<!-- \/ Yoast SEO Premium plugin. -->","yoast_head_json":{"title":"Juiz pode ser cortado da Copa do Mundo por atitude com Messi","robots":{"index":"index","follow":"follow","max-snippet":"max-snippet:-1","max-image-preview":"max-image-preview:large","max-video-preview":"max-video-preview:-1"},"canonical":"https:\/\/www.gaveanews.com\/index.php\/2025\/02\/26\/juiz-pode-ser-cortado-da-copa-do-mundo-por-atitude-com-messi\/","og_locale":"pt_BR","og_type":"article","og_title":"Juiz pode ser cortado da Copa do Mundo por atitude com Messi","og_description":"A carreira de um \u00e1rbitro admite pouqu\u00edssimos erros e, ainda assim, essa margem limitada de descuido pode custar muito caro. Seja num lance decisivo, numa interpreta\u00e7\u00e3o err\u00f4nea ou at\u00e9 mesmo num momento mais pessoal. O juiz mexicano Marco Ant\u00f4nio Ortiz Nava, por exemplo, foi proibido de apitar os jogos da Concacaf pelos pr\u00f3ximos seis meses [&hellip;]","og_url":"https:\/\/www.gaveanews.com\/index.php\/2025\/02\/26\/juiz-pode-ser-cortado-da-copa-do-mundo-por-atitude-com-messi\/","og_site_name":"G\u00e1vea News","article_publisher":"https:\/\/facebook.com\/gaveaNews\/","article_published_time":"2025-02-26T23:20:00+00:00","og_image":[{"width":1600,"height":900,"url":"https:\/\/www.gaveanews.com\/wp-content\/uploads\/messi-gol-inter-miami.webp","type":"image\/jpeg"}],"author":"Ana Teixeira","twitter_card":"summary_large_image","twitter_misc":{"Escrito por":"Ana Teixeira","Est. tempo de leitura":"4 minutos"},"schema":{"@context":"https:\/\/schema.org","@graph":[{"@type":"NewsArticle","@id":"https:\/\/www.gaveanews.com\/index.php\/2025\/02\/26\/juiz-pode-ser-cortado-da-copa-do-mundo-por-atitude-com-messi\/#article","isPartOf":{"@id":"https:\/\/www.gaveanews.com\/index.php\/2025\/02\/26\/juiz-pode-ser-cortado-da-copa-do-mundo-por-atitude-com-messi\/"},"author":{"name":"Ana Teixeira","@id":"https:\/\/www.gaveanews.com\/#\/schema\/person\/3b19f7288b0ce20372991275e4f2e6c2"},"headline":"Juiz pode ser cortado da Copa do Mundo por atitude com Messi","datePublished":"2025-02-26T23:20:00+00:00","mainEntityOfPage":{"@id":"https:\/\/www.gaveanews.com\/index.php\/2025\/02\/26\/juiz-pode-ser-cortado-da-copa-do-mundo-por-atitude-com-messi\/"},"wordCount":654,"commentCount":0,"image":{"@id":"https:\/\/www.gaveanews.com\/index.php\/2025\/02\/26\/juiz-pode-ser-cortado-da-copa-do-mundo-por-atitude-com-messi\/#primaryimage"},"thumbnailUrl":"https:\/\/www.gaveanews.com\/wp-content\/uploads\/messi-gol-inter-miami.webp","articleSection":["Celebridades","Destaques","Inter Miami","MLS"],"inLanguage":"pt-BR","potentialAction":[{"@type":"CommentAction","name":"Comment","target":["https:\/\/www.gaveanews.com\/index.php\/2025\/02\/26\/juiz-pode-ser-cortado-da-copa-do-mundo-por-atitude-com-messi\/#respond"]}],"copyrightYear":"2025","copyrightHolder":{"@id":"https:\/\/www.gaveanews.com\/#organization"}},{"@type":"WebPage","@id":"https:\/\/www.gaveanews.com\/index.php\/2025\/02\/26\/juiz-pode-ser-cortado-da-copa-do-mundo-por-atitude-com-messi\/","url":"https:\/\/www.gaveanews.com\/index.php\/2025\/02\/26\/juiz-pode-ser-cortado-da-copa-do-mundo-por-atitude-com-messi\/","name":"Juiz pode ser cortado da Copa do Mundo por atitude com Messi","isPartOf":{"@id":"https:\/\/www.gaveanews.com\/#website"},"primaryImageOfPage":{"@id":"https:\/\/www.gaveanews.com\/index.php\/2025\/02\/26\/juiz-pode-ser-cortado-da-copa-do-mundo-por-atitude-com-messi\/#primaryimage"},"image":{"@id":"https:\/\/www.gaveanews.com\/index.php\/2025\/02\/26\/juiz-pode-ser-cortado-da-copa-do-mundo-por-atitude-com-messi\/#primaryimage"},"thumbnailUrl":"https:\/\/www.gaveanews.com\/wp-content\/uploads\/messi-gol-inter-miami.webp","datePublished":"2025-02-26T23:20:00+00:00","author":{"@id":"https:\/\/www.gaveanews.com\/#\/schema\/person\/3b19f7288b0ce20372991275e4f2e6c2"},"breadcrumb":{"@id":"https:\/\/www.gaveanews.com\/index.php\/2025\/02\/26\/juiz-pode-ser-cortado-da-copa-do-mundo-por-atitude-com-messi\/#breadcrumb"},"inLanguage":"pt-BR","potentialAction":[{"@type":"ReadAction","target":["https:\/\/www.gaveanews.com\/index.php\/2025\/02\/26\/juiz-pode-ser-cortado-da-copa-do-mundo-por-atitude-com-messi\/"]}]},{"@type":"ImageObject","inLanguage":"pt-BR","@id":"https:\/\/www.gaveanews.com\/index.php\/2025\/02\/26\/juiz-pode-ser-cortado-da-copa-do-mundo-por-atitude-com-messi\/#primaryimage","url":"https:\/\/www.gaveanews.com\/wp-content\/uploads\/messi-gol-inter-miami.webp","contentUrl":"https:\/\/www.gaveanews.com\/wp-content\/uploads\/messi-gol-inter-miami.webp","width":1600,"height":900,"caption":"Messi comemora gol marcado pelo Inter Miami (Foto: Stacy Revere\/Getty Images)"},{"@type":"BreadcrumbList","@id":"https:\/\/www.gaveanews.com\/index.php\/2025\/02\/26\/juiz-pode-ser-cortado-da-copa-do-mundo-por-atitude-com-messi\/#breadcrumb","itemListElement":[{"@type":"ListItem","position":1,"name":"Home","item":"https:\/\/www.gaveanews.com\/"},{"@type":"ListItem","position":2,"name":"Juiz pode ser cortado da Copa do Mundo por atitude com Messi"}]},{"@type":"WebSite","@id":"https:\/\/www.gaveanews.com\/#website","url":"https:\/\/www.gaveanews.com\/","name":"G\u00e1vea News","description":"Veja todas as not\u00edcias sobre o Flamengo: Contrata\u00e7\u00f5es, categorias de base, resultados das partidas, tabela de classifica\u00e7\u00e3o, pr\u00f3ximos jogos!","potentialAction":[{"@type":"SearchAction","target":{"@type":"EntryPoint","urlTemplate":"https:\/\/www.gaveanews.com\/?s={search_term_string}"},"query-input":{"@type":"PropertyValueSpecification","valueRequired":true,"valueName":"search_term_string"}}],"inLanguage":"pt-BR"},{"@type":"Person","@id":"https:\/\/www.gaveanews.com\/#\/schema\/person\/3b19f7288b0ce20372991275e4f2e6c2","name":"Ana Teixeira","image":{"@type":"ImageObject","inLanguage":"pt-BR","@id":"https:\/\/www.gaveanews.com\/#\/schema\/person\/image\/","url":"https:\/\/secure.gravatar.com\/avatar\/0a73f5a5258f3fed37fc2fa641892f3f7a4748456d4d4792f9bc550e6c19e06c?s=96&d=mm&r=g","contentUrl":"https:\/\/secure.gravatar.com\/avatar\/0a73f5a5258f3fed37fc2fa641892f3f7a4748456d4d4792f9bc550e6c19e06c?s=96&d=mm&r=g","caption":"Ana Teixeira"}}]}},"_links":{"self":[{"href":"https:\/\/www.gaveanews.com\/index.php\/wp-json\/wp\/v2\/posts\/233205","targetHints":{"allow":["GET"]}}],"collection":[{"href":"https:\/\/www.gaveanews.com\/index.php\/wp-json\/wp\/v2\/posts"}],"about":[{"href":"https:\/\/www.gaveanews.com\/index.php\/wp-json\/wp\/v2\/types\/post"}],"author":[{"embeddable":true,"href":"https:\/\/www.gaveanews.com\/index.php\/wp-json\/wp\/v2\/users\/30"}],"replies":[{"embeddable":true,"href":"https:\/\/www.gaveanews.com\/index.php\/wp-json\/wp\/v2\/comments?post=233205"}],"version-history":[{"count":2,"href":"https:\/\/www.gaveanews.com\/index.php\/wp-json\/wp\/v2\/posts\/233205\/revisions"}],"predecessor-version":[{"id":233211,"href":"https:\/\/www.gaveanews.com\/index.php\/wp-json\/wp\/v2\/posts\/233205\/revisions\/233211"}],"wp:featuredmedia":[{"embeddable":true,"href":"https:\/\/www.gaveanews.com\/index.php\/wp-json\/wp\/v2\/media\/104008"}],"wp:attachment":[{"href":"https:\/\/www.gaveanews.com\/index.php\/wp-json\/wp\/v2\/media?parent=233205"}],"wp:term":[{"taxonomy":"category","embeddable":true,"href":"https:\/\/www.gaveanews.com\/index.php\/wp-json\/wp\/v2\/categories?post=233205"},{"taxonomy":"post_tag","embeddable":true,"href":"https:\/\/www.gaveanews.com\/index.php\/wp-json\/wp\/v2\/tags?post=233205"}],"curies":[{"name":"wp","href":"https:\/\/api.w.org\/{rel}","templated":true}]}}