{"id":233209,"date":"2025-02-26T20:25:00","date_gmt":"2025-02-26T23:25:00","guid":{"rendered":"https:\/\/www.gaveanews.com\/?p=233209"},"modified":"2025-02-26T18:56:52","modified_gmt":"2025-02-26T21:56:52","slug":"libertadores-faz-publicacao-direcionada-a-ademir-do-bahia","status":"publish","type":"post","link":"https:\/\/www.gaveanews.com\/index.php\/2025\/02\/26\/libertadores-faz-publicacao-direcionada-a-ademir-do-bahia\/","title":{"rendered":"Libertadores faz publica\u00e7\u00e3o direcionada a Ademir, do Bahia"},"content":{"rendered":"\n<p>O Esporte Clube Bahia garantiu sua classifica\u00e7\u00e3o para a pr\u00f3xima fase da Copa Libertadores da Am\u00e9rica, ap\u00f3s um empate em 1 a 1 contra o The Strongest, na altitude de La Paz, na Bol\u00edvia. O atacante Ademir foi pe\u00e7a-chave na partida, contribuindo com uma assist\u00eancia para o gol de empate, marcado por Luciano Rodr\u00edguez. A atua\u00e7\u00e3o de Ademir foi destacada nas redes sociais oficiais da CONMEBOL Libertadores, que celebraram o avan\u00e7o do clube baiano na competi\u00e7\u00e3o.<\/p>\n\n\n\n<p>A publica\u00e7\u00e3o gerou grande engajamento entre os torcedores tricolores, que comemoraram a conquista e enalteceram o desempenho da equipe. O Bahia, que n\u00e3o disputava a Libertadores h\u00e1 35 anos, retorna ao cen\u00e1rio continental com uma campanha s\u00f3lida, refletindo os investimentos e a reestrutura\u00e7\u00e3o promovidos pelo clube nos \u00faltimos anos.<\/p>\n\n\n\n<blockquote class=\"twitter-tweet\" data-media-max-width=\"560\"><p lang=\"pt\" dir=\"ltr\">\ud83d\ude4c\ud83c\uddf1\ud83c\uddfa Quem passou de fase, Ademir?<br><br>\u2714\ufe0f <a href=\"https:\/\/twitter.com\/ecbahia?ref_src=twsrc%5Etfw\">@ecbahia<\/a> \ud83c\udfc6 CONMEBOL <a href=\"https:\/\/twitter.com\/hashtag\/Libertadores?src=hash&amp;ref_src=twsrc%5Etfw\">#Libertadores<\/a> <a href=\"https:\/\/t.co\/MN5YjbcMCq\">pic.twitter.com\/MN5YjbcMCq<\/a><\/p>&mdash; CONMEBOL Libertadores (@LibertadoresBR) <a href=\"https:\/\/twitter.com\/LibertadoresBR\/status\/1894584572215529847?ref_src=twsrc%5Etfw\">February 26, 2025<\/a><\/blockquote> <script async src=\"https:\/\/platform.twitter.com\/widgets.js\" charset=\"utf-8\"><\/script>\n\n\n\n<p>Com a classifica\u00e7\u00e3o assegurada, o Bahia agora se prepara para os desafios da pr\u00f3xima fase, mantendo o foco e a determina\u00e7\u00e3o para avan\u00e7ar ainda mais na competi\u00e7\u00e3o. O t\u00e9cnico Rog\u00e9rio Ceni destacou a import\u00e2ncia de manter a concentra\u00e7\u00e3o e o esp\u00edrito de equipe para superar os advers\u00e1rios que est\u00e3o por vir. A torcida, por sua vez, segue confiante e apoia incondicionalmente o Esquadr\u00e3o de A\u00e7o em busca de gl\u00f3rias continentais.<\/p>\n\n\n\n<h3 class=\"wp-block-heading\" id=\"h-bahia-quebra-jejum-e-avanca-na-libertadores\">Bahia quebra jejum e avan\u00e7a na Libertadores<\/h3>\n\n\n\n<p>O Bahia voltou a disputar a Libertadores ap\u00f3s 35 anos e j\u00e1 garantiu sua vaga na pr\u00f3xima fase do torneio. A campanha tem sido marcada por jogos equilibrados e atua\u00e7\u00f5es consistentes, o que aumenta a confian\u00e7a da equipe para seguir avan\u00e7ando na competi\u00e7\u00e3o continental.<\/p>\n\n\n\n<h3 class=\"wp-block-heading\" id=\"h-ademir-se-destaca-e-ganha-reconhecimento-da-conmebol\">Ademir se destaca e ganha reconhecimento da CONMEBOL<\/h3>\n\n\n\n<p>Com boas atua\u00e7\u00f5es na Libertadores, Ademir tem se tornado pe\u00e7a importante no time comandado por Rog\u00e9rio Ceni. Sua performance na partida contra o The Strongest, com uma assist\u00eancia decisiva, rendeu destaque nas redes sociais da CONMEBOL, que celebrou a classifica\u00e7\u00e3o do Bahia mencionando o atacante.<\/p>\n\n\n\n<h3 class=\"wp-block-heading\" id=\"h-proximos-desafios-do-esquadrao-na-libertadores\">Pr\u00f3ximos desafios do Esquadr\u00e3o na Libertadores<\/h3>\n\n\n\n<p>Classificado para a fase seguinte, o Bahia agora aguarda a defini\u00e7\u00e3o de seu pr\u00f3ximo advers\u00e1rio na competi\u00e7\u00e3o. A equipe segue focada na prepara\u00e7\u00e3o e espera manter o bom desempenho para continuar surpreendendo. O elenco tricolor conta com o apoio da torcida, que sonha com uma campanha hist\u00f3rica no torneio.<\/p>\n","protected":false},"excerpt":{"rendered":"<p>O Esporte Clube Bahia garantiu sua classifica\u00e7\u00e3o para a pr\u00f3xima fase da Copa Libertadores da Am\u00e9rica, ap\u00f3s um empate em 1 a 1 contra o The Strongest, na altitude de La Paz, na Bol\u00edvia. O atacante Ademir foi pe\u00e7a-chave na partida, contribuindo com uma assist\u00eancia para o gol de empate, marcado por Luciano Rodr\u00edguez. A [&hellip;]<\/p>\n","protected":false},"author":27,"featured_media":232872,"comment_status":"open","ping_status":"closed","sticky":false,"template":"","format":"standard","meta":{"footnotes":""},"categories":[137],"tags":[],"class_list":["post-233209","post","type-post","status-publish","format-standard","has-post-thumbnail","hentry","category-bahia"],"yoast_head":"<!-- This site is optimized with the Yoast SEO Premium plugin v24.2 (Yoast SEO v26.9) - https:\/\/yoast.com\/product\/yoast-seo-premium-wordpress\/ -->\n<title>Libertadores faz publica\u00e7\u00e3o direcionada a Ademir, do Bahia<\/title>\n<meta name=\"robots\" content=\"index, follow, max-snippet:-1, max-image-preview:large, max-video-preview:-1\" \/>\n<link rel=\"canonical\" href=\"https:\/\/www.gaveanews.com\/index.php\/2025\/02\/26\/libertadores-faz-publicacao-direcionada-a-ademir-do-bahia\/\" \/>\n<meta property=\"og:locale\" content=\"pt_BR\" \/>\n<meta property=\"og:type\" content=\"article\" \/>\n<meta property=\"og:title\" content=\"Libertadores faz publica\u00e7\u00e3o direcionada a Ademir, do Bahia\" \/>\n<meta property=\"og:description\" content=\"O Esporte Clube Bahia garantiu sua classifica\u00e7\u00e3o para a pr\u00f3xima fase da Copa Libertadores da Am\u00e9rica, ap\u00f3s um empate em 1 a 1 contra o The Strongest, na altitude de La Paz, na Bol\u00edvia. O atacante Ademir foi pe\u00e7a-chave na partida, contribuindo com uma assist\u00eancia para o gol de empate, marcado por Luciano Rodr\u00edguez. A [&hellip;]\" \/>\n<meta property=\"og:url\" content=\"https:\/\/www.gaveanews.com\/index.php\/2025\/02\/26\/libertadores-faz-publicacao-direcionada-a-ademir-do-bahia\/\" \/>\n<meta property=\"og:site_name\" content=\"G\u00e1vea News\" \/>\n<meta property=\"article:publisher\" content=\"https:\/\/facebook.com\/gaveaNews\/\" \/>\n<meta property=\"article:published_time\" content=\"2025-02-26T23:25:00+00:00\" \/>\n<meta property=\"og:image\" content=\"https:\/\/www.gaveanews.com\/wp-content\/uploads\/Bahia-x-The-Strongest-Libertadores.webp\" \/>\n\t<meta property=\"og:image:width\" content=\"869\" \/>\n\t<meta property=\"og:image:height\" content=\"542\" \/>\n\t<meta property=\"og:image:type\" content=\"image\/jpeg\" \/>\n<meta name=\"author\" content=\"Matheus Felipe\" \/>\n<meta name=\"twitter:card\" content=\"summary_large_image\" \/>\n<meta name=\"twitter:label1\" content=\"Escrito por\" \/>\n\t<meta name=\"twitter:data1\" content=\"Matheus Felipe\" \/>\n\t<meta name=\"twitter:label2\" content=\"Est. tempo de leitura\" \/>\n\t<meta name=\"twitter:data2\" content=\"3 minutos\" \/>\n<script type=\"application\/ld+json\" class=\"yoast-schema-graph\">{\"@context\":\"https:\/\/schema.org\",\"@graph\":[{\"@type\":\"NewsArticle\",\"@id\":\"https:\/\/www.gaveanews.com\/index.php\/2025\/02\/26\/libertadores-faz-publicacao-direcionada-a-ademir-do-bahia\/#article\",\"isPartOf\":{\"@id\":\"https:\/\/www.gaveanews.com\/index.php\/2025\/02\/26\/libertadores-faz-publicacao-direcionada-a-ademir-do-bahia\/\"},\"author\":{\"name\":\"Matheus Felipe\",\"@id\":\"https:\/\/www.gaveanews.com\/#\/schema\/person\/8207cd4627f56151707418bfc835b2fb\"},\"headline\":\"Libertadores faz publica\u00e7\u00e3o direcionada a Ademir, do Bahia\",\"datePublished\":\"2025-02-26T23:25:00+00:00\",\"mainEntityOfPage\":{\"@id\":\"https:\/\/www.gaveanews.com\/index.php\/2025\/02\/26\/libertadores-faz-publicacao-direcionada-a-ademir-do-bahia\/\"},\"wordCount\":428,\"commentCount\":0,\"image\":{\"@id\":\"https:\/\/www.gaveanews.com\/index.php\/2025\/02\/26\/libertadores-faz-publicacao-direcionada-a-ademir-do-bahia\/#primaryimage\"},\"thumbnailUrl\":\"https:\/\/www.gaveanews.com\/wp-content\/uploads\/Bahia-x-The-Strongest-Libertadores.webp\",\"articleSection\":[\"Bahia\"],\"inLanguage\":\"pt-BR\",\"potentialAction\":[{\"@type\":\"CommentAction\",\"name\":\"Comment\",\"target\":[\"https:\/\/www.gaveanews.com\/index.php\/2025\/02\/26\/libertadores-faz-publicacao-direcionada-a-ademir-do-bahia\/#respond\"]}],\"copyrightYear\":\"2025\",\"copyrightHolder\":{\"@id\":\"https:\/\/www.gaveanews.com\/#organization\"}},{\"@type\":\"WebPage\",\"@id\":\"https:\/\/www.gaveanews.com\/index.php\/2025\/02\/26\/libertadores-faz-publicacao-direcionada-a-ademir-do-bahia\/\",\"url\":\"https:\/\/www.gaveanews.com\/index.php\/2025\/02\/26\/libertadores-faz-publicacao-direcionada-a-ademir-do-bahia\/\",\"name\":\"Libertadores faz publica\u00e7\u00e3o direcionada a Ademir, do Bahia\",\"isPartOf\":{\"@id\":\"https:\/\/www.gaveanews.com\/#website\"},\"primaryImageOfPage\":{\"@id\":\"https:\/\/www.gaveanews.com\/index.php\/2025\/02\/26\/libertadores-faz-publicacao-direcionada-a-ademir-do-bahia\/#primaryimage\"},\"image\":{\"@id\":\"https:\/\/www.gaveanews.com\/index.php\/2025\/02\/26\/libertadores-faz-publicacao-direcionada-a-ademir-do-bahia\/#primaryimage\"},\"thumbnailUrl\":\"https:\/\/www.gaveanews.com\/wp-content\/uploads\/Bahia-x-The-Strongest-Libertadores.webp\",\"datePublished\":\"2025-02-26T23:25:00+00:00\",\"author\":{\"@id\":\"https:\/\/www.gaveanews.com\/#\/schema\/person\/8207cd4627f56151707418bfc835b2fb\"},\"breadcrumb\":{\"@id\":\"https:\/\/www.gaveanews.com\/index.php\/2025\/02\/26\/libertadores-faz-publicacao-direcionada-a-ademir-do-bahia\/#breadcrumb\"},\"inLanguage\":\"pt-BR\",\"potentialAction\":[{\"@type\":\"ReadAction\",\"target\":[\"https:\/\/www.gaveanews.com\/index.php\/2025\/02\/26\/libertadores-faz-publicacao-direcionada-a-ademir-do-bahia\/\"]}]},{\"@type\":\"ImageObject\",\"inLanguage\":\"pt-BR\",\"@id\":\"https:\/\/www.gaveanews.com\/index.php\/2025\/02\/26\/libertadores-faz-publicacao-direcionada-a-ademir-do-bahia\/#primaryimage\",\"url\":\"https:\/\/www.gaveanews.com\/wp-content\/uploads\/Bahia-x-The-Strongest-Libertadores.webp\",\"contentUrl\":\"https:\/\/www.gaveanews.com\/wp-content\/uploads\/Bahia-x-The-Strongest-Libertadores.webp\",\"width\":869,\"height\":542,\"caption\":\"Bahia x The Strongest Libertadores (Fotos: Let\u00edcia Martins\/EC Bahia)\"},{\"@type\":\"BreadcrumbList\",\"@id\":\"https:\/\/www.gaveanews.com\/index.php\/2025\/02\/26\/libertadores-faz-publicacao-direcionada-a-ademir-do-bahia\/#breadcrumb\",\"itemListElement\":[{\"@type\":\"ListItem\",\"position\":1,\"name\":\"Home\",\"item\":\"https:\/\/www.gaveanews.com\/\"},{\"@type\":\"ListItem\",\"position\":2,\"name\":\"Libertadores faz publica\u00e7\u00e3o direcionada a Ademir, do Bahia\"}]},{\"@type\":\"WebSite\",\"@id\":\"https:\/\/www.gaveanews.com\/#website\",\"url\":\"https:\/\/www.gaveanews.com\/\",\"name\":\"G\u00e1vea News\",\"description\":\"Veja todas as not\u00edcias sobre o Flamengo: Contrata\u00e7\u00f5es, categorias de base, resultados das partidas, tabela de classifica\u00e7\u00e3o, pr\u00f3ximos jogos!\",\"potentialAction\":[{\"@type\":\"SearchAction\",\"target\":{\"@type\":\"EntryPoint\",\"urlTemplate\":\"https:\/\/www.gaveanews.com\/?s={search_term_string}\"},\"query-input\":{\"@type\":\"PropertyValueSpecification\",\"valueRequired\":true,\"valueName\":\"search_term_string\"}}],\"inLanguage\":\"pt-BR\"},{\"@type\":\"Person\",\"@id\":\"https:\/\/www.gaveanews.com\/#\/schema\/person\/8207cd4627f56151707418bfc835b2fb\",\"name\":\"Matheus Felipe\",\"image\":{\"@type\":\"ImageObject\",\"inLanguage\":\"pt-BR\",\"@id\":\"https:\/\/www.gaveanews.com\/#\/schema\/person\/image\/\",\"url\":\"https:\/\/secure.gravatar.com\/avatar\/a452ffbed9130f726358b298bb3a99ce4bd3c5338411f8440e87e14d74c7c087?s=96&d=mm&r=g\",\"contentUrl\":\"https:\/\/secure.gravatar.com\/avatar\/a452ffbed9130f726358b298bb3a99ce4bd3c5338411f8440e87e14d74c7c087?s=96&d=mm&r=g\",\"caption\":\"Matheus Felipe\"}}]}<\/script>\n<!-- \/ Yoast SEO Premium plugin. -->","yoast_head_json":{"title":"Libertadores faz publica\u00e7\u00e3o direcionada a Ademir, do Bahia","robots":{"index":"index","follow":"follow","max-snippet":"max-snippet:-1","max-image-preview":"max-image-preview:large","max-video-preview":"max-video-preview:-1"},"canonical":"https:\/\/www.gaveanews.com\/index.php\/2025\/02\/26\/libertadores-faz-publicacao-direcionada-a-ademir-do-bahia\/","og_locale":"pt_BR","og_type":"article","og_title":"Libertadores faz publica\u00e7\u00e3o direcionada a Ademir, do Bahia","og_description":"O Esporte Clube Bahia garantiu sua classifica\u00e7\u00e3o para a pr\u00f3xima fase da Copa Libertadores da Am\u00e9rica, ap\u00f3s um empate em 1 a 1 contra o The Strongest, na altitude de La Paz, na Bol\u00edvia. O atacante Ademir foi pe\u00e7a-chave na partida, contribuindo com uma assist\u00eancia para o gol de empate, marcado por Luciano Rodr\u00edguez. A [&hellip;]","og_url":"https:\/\/www.gaveanews.com\/index.php\/2025\/02\/26\/libertadores-faz-publicacao-direcionada-a-ademir-do-bahia\/","og_site_name":"G\u00e1vea News","article_publisher":"https:\/\/facebook.com\/gaveaNews\/","article_published_time":"2025-02-26T23:25:00+00:00","og_image":[{"width":869,"height":542,"url":"https:\/\/www.gaveanews.com\/wp-content\/uploads\/Bahia-x-The-Strongest-Libertadores.webp","type":"image\/jpeg"}],"author":"Matheus Felipe","twitter_card":"summary_large_image","twitter_misc":{"Escrito por":"Matheus Felipe","Est. tempo de leitura":"3 minutos"},"schema":{"@context":"https:\/\/schema.org","@graph":[{"@type":"NewsArticle","@id":"https:\/\/www.gaveanews.com\/index.php\/2025\/02\/26\/libertadores-faz-publicacao-direcionada-a-ademir-do-bahia\/#article","isPartOf":{"@id":"https:\/\/www.gaveanews.com\/index.php\/2025\/02\/26\/libertadores-faz-publicacao-direcionada-a-ademir-do-bahia\/"},"author":{"name":"Matheus Felipe","@id":"https:\/\/www.gaveanews.com\/#\/schema\/person\/8207cd4627f56151707418bfc835b2fb"},"headline":"Libertadores faz publica\u00e7\u00e3o direcionada a Ademir, do Bahia","datePublished":"2025-02-26T23:25:00+00:00","mainEntityOfPage":{"@id":"https:\/\/www.gaveanews.com\/index.php\/2025\/02\/26\/libertadores-faz-publicacao-direcionada-a-ademir-do-bahia\/"},"wordCount":428,"commentCount":0,"image":{"@id":"https:\/\/www.gaveanews.com\/index.php\/2025\/02\/26\/libertadores-faz-publicacao-direcionada-a-ademir-do-bahia\/#primaryimage"},"thumbnailUrl":"https:\/\/www.gaveanews.com\/wp-content\/uploads\/Bahia-x-The-Strongest-Libertadores.webp","articleSection":["Bahia"],"inLanguage":"pt-BR","potentialAction":[{"@type":"CommentAction","name":"Comment","target":["https:\/\/www.gaveanews.com\/index.php\/2025\/02\/26\/libertadores-faz-publicacao-direcionada-a-ademir-do-bahia\/#respond"]}],"copyrightYear":"2025","copyrightHolder":{"@id":"https:\/\/www.gaveanews.com\/#organization"}},{"@type":"WebPage","@id":"https:\/\/www.gaveanews.com\/index.php\/2025\/02\/26\/libertadores-faz-publicacao-direcionada-a-ademir-do-bahia\/","url":"https:\/\/www.gaveanews.com\/index.php\/2025\/02\/26\/libertadores-faz-publicacao-direcionada-a-ademir-do-bahia\/","name":"Libertadores faz publica\u00e7\u00e3o direcionada a Ademir, do Bahia","isPartOf":{"@id":"https:\/\/www.gaveanews.com\/#website"},"primaryImageOfPage":{"@id":"https:\/\/www.gaveanews.com\/index.php\/2025\/02\/26\/libertadores-faz-publicacao-direcionada-a-ademir-do-bahia\/#primaryimage"},"image":{"@id":"https:\/\/www.gaveanews.com\/index.php\/2025\/02\/26\/libertadores-faz-publicacao-direcionada-a-ademir-do-bahia\/#primaryimage"},"thumbnailUrl":"https:\/\/www.gaveanews.com\/wp-content\/uploads\/Bahia-x-The-Strongest-Libertadores.webp","datePublished":"2025-02-26T23:25:00+00:00","author":{"@id":"https:\/\/www.gaveanews.com\/#\/schema\/person\/8207cd4627f56151707418bfc835b2fb"},"breadcrumb":{"@id":"https:\/\/www.gaveanews.com\/index.php\/2025\/02\/26\/libertadores-faz-publicacao-direcionada-a-ademir-do-bahia\/#breadcrumb"},"inLanguage":"pt-BR","potentialAction":[{"@type":"ReadAction","target":["https:\/\/www.gaveanews.com\/index.php\/2025\/02\/26\/libertadores-faz-publicacao-direcionada-a-ademir-do-bahia\/"]}]},{"@type":"ImageObject","inLanguage":"pt-BR","@id":"https:\/\/www.gaveanews.com\/index.php\/2025\/02\/26\/libertadores-faz-publicacao-direcionada-a-ademir-do-bahia\/#primaryimage","url":"https:\/\/www.gaveanews.com\/wp-content\/uploads\/Bahia-x-The-Strongest-Libertadores.webp","contentUrl":"https:\/\/www.gaveanews.com\/wp-content\/uploads\/Bahia-x-The-Strongest-Libertadores.webp","width":869,"height":542,"caption":"Bahia x The Strongest Libertadores (Fotos: Let\u00edcia Martins\/EC Bahia)"},{"@type":"BreadcrumbList","@id":"https:\/\/www.gaveanews.com\/index.php\/2025\/02\/26\/libertadores-faz-publicacao-direcionada-a-ademir-do-bahia\/#breadcrumb","itemListElement":[{"@type":"ListItem","position":1,"name":"Home","item":"https:\/\/www.gaveanews.com\/"},{"@type":"ListItem","position":2,"name":"Libertadores faz publica\u00e7\u00e3o direcionada a Ademir, do Bahia"}]},{"@type":"WebSite","@id":"https:\/\/www.gaveanews.com\/#website","url":"https:\/\/www.gaveanews.com\/","name":"G\u00e1vea News","description":"Veja todas as not\u00edcias sobre o Flamengo: Contrata\u00e7\u00f5es, categorias de base, resultados das partidas, tabela de classifica\u00e7\u00e3o, pr\u00f3ximos jogos!","potentialAction":[{"@type":"SearchAction","target":{"@type":"EntryPoint","urlTemplate":"https:\/\/www.gaveanews.com\/?s={search_term_string}"},"query-input":{"@type":"PropertyValueSpecification","valueRequired":true,"valueName":"search_term_string"}}],"inLanguage":"pt-BR"},{"@type":"Person","@id":"https:\/\/www.gaveanews.com\/#\/schema\/person\/8207cd4627f56151707418bfc835b2fb","name":"Matheus Felipe","image":{"@type":"ImageObject","inLanguage":"pt-BR","@id":"https:\/\/www.gaveanews.com\/#\/schema\/person\/image\/","url":"https:\/\/secure.gravatar.com\/avatar\/a452ffbed9130f726358b298bb3a99ce4bd3c5338411f8440e87e14d74c7c087?s=96&d=mm&r=g","contentUrl":"https:\/\/secure.gravatar.com\/avatar\/a452ffbed9130f726358b298bb3a99ce4bd3c5338411f8440e87e14d74c7c087?s=96&d=mm&r=g","caption":"Matheus Felipe"}}]}},"_links":{"self":[{"href":"https:\/\/www.gaveanews.com\/index.php\/wp-json\/wp\/v2\/posts\/233209","targetHints":{"allow":["GET"]}}],"collection":[{"href":"https:\/\/www.gaveanews.com\/index.php\/wp-json\/wp\/v2\/posts"}],"about":[{"href":"https:\/\/www.gaveanews.com\/index.php\/wp-json\/wp\/v2\/types\/post"}],"author":[{"embeddable":true,"href":"https:\/\/www.gaveanews.com\/index.php\/wp-json\/wp\/v2\/users\/27"}],"replies":[{"embeddable":true,"href":"https:\/\/www.gaveanews.com\/index.php\/wp-json\/wp\/v2\/comments?post=233209"}],"version-history":[{"count":1,"href":"https:\/\/www.gaveanews.com\/index.php\/wp-json\/wp\/v2\/posts\/233209\/revisions"}],"predecessor-version":[{"id":233213,"href":"https:\/\/www.gaveanews.com\/index.php\/wp-json\/wp\/v2\/posts\/233209\/revisions\/233213"}],"wp:featuredmedia":[{"embeddable":true,"href":"https:\/\/www.gaveanews.com\/index.php\/wp-json\/wp\/v2\/media\/232872"}],"wp:attachment":[{"href":"https:\/\/www.gaveanews.com\/index.php\/wp-json\/wp\/v2\/media?parent=233209"}],"wp:term":[{"taxonomy":"category","embeddable":true,"href":"https:\/\/www.gaveanews.com\/index.php\/wp-json\/wp\/v2\/categories?post=233209"},{"taxonomy":"post_tag","embeddable":true,"href":"https:\/\/www.gaveanews.com\/index.php\/wp-json\/wp\/v2\/tags?post=233209"}],"curies":[{"name":"wp","href":"https:\/\/api.w.org\/{rel}","templated":true}]}}