{"id":233215,"date":"2025-02-26T20:30:00","date_gmt":"2025-02-26T23:30:00","guid":{"rendered":"https:\/\/www.gaveanews.com\/?p=233215"},"modified":"2025-02-26T18:51:25","modified_gmt":"2025-02-26T21:51:25","slug":"conmebol-faz-publicacao-direcionada-ao-flamengo-2","status":"publish","type":"post","link":"https:\/\/www.gaveanews.com\/index.php\/2025\/02\/26\/conmebol-faz-publicacao-direcionada-ao-flamengo-2\/","title":{"rendered":"CONMEBOL faz publica\u00e7\u00e3o direcionada ao Flamengo"},"content":{"rendered":"\n<p>H\u00e1 exatos cinco anos, em 26 de fevereiro de 2020, o Flamengo conquistou seu primeiro t\u00edtulo da Recopa Sul-Americana ao vencer o Independiente del Valle por 3 a 0 no Maracan\u00e3. A partida de ida, realizada no Est\u00e1dio Ol\u00edmpico Atahualpa, em Quito, terminou empatada em 2 a 2, resultando em um placar agregado de 5 a 2 a favor do Rubro-Negro.<\/p>\n\n\n\n<p>O confronto de volta foi marcado por uma atua\u00e7\u00e3o destacada do Flamengo, mesmo ap\u00f3s a expuls\u00e3o de Willian Ar\u00e3o aos 23 minutos do primeiro tempo. Os gols da vit\u00f3ria foram marcados por Gabriel Barbosa e Gerson, que balan\u00e7ou as redes duas vezes.<\/p>\n\n\n\n<blockquote class=\"twitter-tweet\" data-media-max-width=\"560\"><p lang=\"pt\" dir=\"ltr\">\ud83d\udd34\u26ab\ufe0f H\u00e1 exatos 5\u20e3 anos&#8230;<br><br>\ud83c\udde7\ud83c\uddf7\ud83c\udfc6 <a href=\"https:\/\/twitter.com\/Flamengo?ref_src=twsrc%5Etfw\">@Flamengo<\/a> campe\u00e3o da CONMEBOL <a href=\"https:\/\/twitter.com\/hashtag\/Recopa?src=hash&amp;ref_src=twsrc%5Etfw\">#Recopa<\/a> 2020, em grande noite no <a href=\"https:\/\/twitter.com\/maracana?ref_src=twsrc%5Etfw\">@maracana<\/a>! <a href=\"https:\/\/t.co\/Qr9INoW4PA\">pic.twitter.com\/Qr9INoW4PA<\/a><\/p>&mdash; CONMEBOL Recopa (@ConmebolRecopa) <a href=\"https:\/\/twitter.com\/ConmebolRecopa\/status\/1894734278501474779?ref_src=twsrc%5Etfw\">February 26, 2025<\/a><\/blockquote> <script async src=\"https:\/\/platform.twitter.com\/widgets.js\" charset=\"utf-8\"><\/script>\n\n\n\n<p>Essa conquista representou o primeiro t\u00edtulo internacional oficial do Flamengo no Maracan\u00e3, consolidando a equipe comandada pelo t\u00e9cnico Jorge Jesus como uma das mais vitoriosas do continente naquele per\u00edodo. <\/p>\n\n\n\n<h3 class=\"wp-block-heading\" id=\"h-flamengo-relembra-titulo-historico-da-recopa-sul-americana\">Flamengo relembra t\u00edtulo hist\u00f3rico da Recopa Sul-Americana<\/h3>\n\n\n\n<p>A conquista da Recopa Sul-Americana de 2020 segue viva na mem\u00f3ria dos torcedores do Flamengo. O t\u00edtulo foi mais um marco da era Jorge Jesus, per\u00edodo em que o clube carioca dominou o futebol sul-americano, conquistando tamb\u00e9m a Libertadores e o Campeonato Brasileiro em 2019.<\/p>\n\n\n\n<h3 class=\"wp-block-heading\" id=\"h-torcedores-exaltam-campanha-do-flamengo-na-recopa\">Torcedores exaltam campanha do Flamengo na Recopa<\/h3>\n\n\n\n<p>Nas redes sociais, flamenguistas aproveitaram a data para relembrar a trajet\u00f3ria do time naquela competi\u00e7\u00e3o. O desempenho de jogadores como Gerson e Gabigol foi amplamente elogiado, assim como a postura da equipe mesmo com um jogador a menos durante boa parte da final contra o Independiente del Valle.<\/p>\n\n\n\n<h3 class=\"wp-block-heading\" id=\"h-flamengo-mantem-ambicao-por-titulos-internacionais\">Flamengo mant\u00e9m ambi\u00e7\u00e3o por t\u00edtulos internacionais<\/h3>\n\n\n\n<p>Cinco anos ap\u00f3s a Recopa, o Flamengo continua buscando protagonismo no cen\u00e1rio internacional. O clube segue investindo para se manter entre os principais times da Am\u00e9rica do Sul e conquistar mais ta\u00e7as continentais, reafirmando sua for\u00e7a na elite do futebol.Al\u00e9m do impacto esportivo, a conquista da Recopa de 2020 refor\u00e7ou o prest\u00edgio do Flamengo no futebol sul-americano, consolidando sua imagem como uma das pot\u00eancias do continente. <\/p>\n","protected":false},"excerpt":{"rendered":"<p>H\u00e1 exatos cinco anos, em 26 de fevereiro de 2020, o Flamengo conquistou seu primeiro t\u00edtulo da Recopa Sul-Americana ao vencer o Independiente del Valle por 3 a 0 no Maracan\u00e3. A partida de ida, realizada no Est\u00e1dio Ol\u00edmpico Atahualpa, em Quito, terminou empatada em 2 a 2, resultando em um placar agregado de 5 [&hellip;]<\/p>\n","protected":false},"author":27,"featured_media":231709,"comment_status":"open","ping_status":"closed","sticky":false,"template":"","format":"standard","meta":{"footnotes":""},"categories":[1],"tags":[],"class_list":["post-233215","post","type-post","status-publish","format-standard","has-post-thumbnail","hentry","category-flamengo"],"yoast_head":"<!-- This site is optimized with the Yoast SEO Premium plugin v24.2 (Yoast SEO v26.9) - https:\/\/yoast.com\/product\/yoast-seo-premium-wordpress\/ -->\n<title>CONMEBOL faz publica\u00e7\u00e3o direcionada ao Flamengo<\/title>\n<meta name=\"robots\" content=\"index, follow, max-snippet:-1, max-image-preview:large, max-video-preview:-1\" \/>\n<link rel=\"canonical\" href=\"https:\/\/www.gaveanews.com\/index.php\/2025\/02\/26\/conmebol-faz-publicacao-direcionada-ao-flamengo-2\/\" \/>\n<meta property=\"og:locale\" content=\"pt_BR\" \/>\n<meta property=\"og:type\" content=\"article\" \/>\n<meta property=\"og:title\" content=\"CONMEBOL faz publica\u00e7\u00e3o direcionada ao Flamengo\" \/>\n<meta property=\"og:description\" content=\"H\u00e1 exatos cinco anos, em 26 de fevereiro de 2020, o Flamengo conquistou seu primeiro t\u00edtulo da Recopa Sul-Americana ao vencer o Independiente del Valle por 3 a 0 no Maracan\u00e3. A partida de ida, realizada no Est\u00e1dio Ol\u00edmpico Atahualpa, em Quito, terminou empatada em 2 a 2, resultando em um placar agregado de 5 [&hellip;]\" \/>\n<meta property=\"og:url\" content=\"https:\/\/www.gaveanews.com\/index.php\/2025\/02\/26\/conmebol-faz-publicacao-direcionada-ao-flamengo-2\/\" \/>\n<meta property=\"og:site_name\" content=\"G\u00e1vea News\" \/>\n<meta property=\"article:publisher\" content=\"https:\/\/facebook.com\/gaveaNews\/\" \/>\n<meta property=\"article:published_time\" content=\"2025-02-26T23:30:00+00:00\" \/>\n<meta property=\"og:image\" content=\"https:\/\/www.gaveanews.com\/wp-content\/uploads\/Flamengo-campeao-da-Taca-Guanabara-2025.webp\" \/>\n\t<meta property=\"og:image:width\" content=\"799\" \/>\n\t<meta property=\"og:image:height\" content=\"534\" \/>\n\t<meta property=\"og:image:type\" content=\"image\/jpeg\" \/>\n<meta name=\"author\" content=\"Matheus Felipe\" \/>\n<meta name=\"twitter:card\" content=\"summary_large_image\" \/>\n<meta name=\"twitter:label1\" content=\"Escrito por\" \/>\n\t<meta name=\"twitter:data1\" content=\"Matheus Felipe\" \/>\n\t<meta name=\"twitter:label2\" content=\"Est. tempo de leitura\" \/>\n\t<meta name=\"twitter:data2\" content=\"2 minutos\" \/>\n<script type=\"application\/ld+json\" class=\"yoast-schema-graph\">{\"@context\":\"https:\/\/schema.org\",\"@graph\":[{\"@type\":\"NewsArticle\",\"@id\":\"https:\/\/www.gaveanews.com\/index.php\/2025\/02\/26\/conmebol-faz-publicacao-direcionada-ao-flamengo-2\/#article\",\"isPartOf\":{\"@id\":\"https:\/\/www.gaveanews.com\/index.php\/2025\/02\/26\/conmebol-faz-publicacao-direcionada-ao-flamengo-2\/\"},\"author\":{\"name\":\"Matheus Felipe\",\"@id\":\"https:\/\/www.gaveanews.com\/#\/schema\/person\/8207cd4627f56151707418bfc835b2fb\"},\"headline\":\"CONMEBOL faz publica\u00e7\u00e3o direcionada ao Flamengo\",\"datePublished\":\"2025-02-26T23:30:00+00:00\",\"mainEntityOfPage\":{\"@id\":\"https:\/\/www.gaveanews.com\/index.php\/2025\/02\/26\/conmebol-faz-publicacao-direcionada-ao-flamengo-2\/\"},\"wordCount\":364,\"commentCount\":0,\"image\":{\"@id\":\"https:\/\/www.gaveanews.com\/index.php\/2025\/02\/26\/conmebol-faz-publicacao-direcionada-ao-flamengo-2\/#primaryimage\"},\"thumbnailUrl\":\"https:\/\/www.gaveanews.com\/wp-content\/uploads\/Flamengo-campeao-da-Taca-Guanabara-2025.webp\",\"articleSection\":[\"Flamengo\"],\"inLanguage\":\"pt-BR\",\"potentialAction\":[{\"@type\":\"CommentAction\",\"name\":\"Comment\",\"target\":[\"https:\/\/www.gaveanews.com\/index.php\/2025\/02\/26\/conmebol-faz-publicacao-direcionada-ao-flamengo-2\/#respond\"]}],\"copyrightYear\":\"2025\",\"copyrightHolder\":{\"@id\":\"https:\/\/www.gaveanews.com\/#organization\"}},{\"@type\":\"WebPage\",\"@id\":\"https:\/\/www.gaveanews.com\/index.php\/2025\/02\/26\/conmebol-faz-publicacao-direcionada-ao-flamengo-2\/\",\"url\":\"https:\/\/www.gaveanews.com\/index.php\/2025\/02\/26\/conmebol-faz-publicacao-direcionada-ao-flamengo-2\/\",\"name\":\"CONMEBOL faz publica\u00e7\u00e3o direcionada ao Flamengo\",\"isPartOf\":{\"@id\":\"https:\/\/www.gaveanews.com\/#website\"},\"primaryImageOfPage\":{\"@id\":\"https:\/\/www.gaveanews.com\/index.php\/2025\/02\/26\/conmebol-faz-publicacao-direcionada-ao-flamengo-2\/#primaryimage\"},\"image\":{\"@id\":\"https:\/\/www.gaveanews.com\/index.php\/2025\/02\/26\/conmebol-faz-publicacao-direcionada-ao-flamengo-2\/#primaryimage\"},\"thumbnailUrl\":\"https:\/\/www.gaveanews.com\/wp-content\/uploads\/Flamengo-campeao-da-Taca-Guanabara-2025.webp\",\"datePublished\":\"2025-02-26T23:30:00+00:00\",\"author\":{\"@id\":\"https:\/\/www.gaveanews.com\/#\/schema\/person\/8207cd4627f56151707418bfc835b2fb\"},\"breadcrumb\":{\"@id\":\"https:\/\/www.gaveanews.com\/index.php\/2025\/02\/26\/conmebol-faz-publicacao-direcionada-ao-flamengo-2\/#breadcrumb\"},\"inLanguage\":\"pt-BR\",\"potentialAction\":[{\"@type\":\"ReadAction\",\"target\":[\"https:\/\/www.gaveanews.com\/index.php\/2025\/02\/26\/conmebol-faz-publicacao-direcionada-ao-flamengo-2\/\"]}]},{\"@type\":\"ImageObject\",\"inLanguage\":\"pt-BR\",\"@id\":\"https:\/\/www.gaveanews.com\/index.php\/2025\/02\/26\/conmebol-faz-publicacao-direcionada-ao-flamengo-2\/#primaryimage\",\"url\":\"https:\/\/www.gaveanews.com\/wp-content\/uploads\/Flamengo-campeao-da-Taca-Guanabara-2025.webp\",\"contentUrl\":\"https:\/\/www.gaveanews.com\/wp-content\/uploads\/Flamengo-campeao-da-Taca-Guanabara-2025.webp\",\"width\":799,\"height\":534,\"caption\":\"Flamengo campe\u00e3o da Ta\u00e7a Guanabara (Foto: Paula Reis\/Flamengo)\"},{\"@type\":\"BreadcrumbList\",\"@id\":\"https:\/\/www.gaveanews.com\/index.php\/2025\/02\/26\/conmebol-faz-publicacao-direcionada-ao-flamengo-2\/#breadcrumb\",\"itemListElement\":[{\"@type\":\"ListItem\",\"position\":1,\"name\":\"Home\",\"item\":\"https:\/\/www.gaveanews.com\/\"},{\"@type\":\"ListItem\",\"position\":2,\"name\":\"CONMEBOL faz publica\u00e7\u00e3o direcionada ao Flamengo\"}]},{\"@type\":\"WebSite\",\"@id\":\"https:\/\/www.gaveanews.com\/#website\",\"url\":\"https:\/\/www.gaveanews.com\/\",\"name\":\"G\u00e1vea News\",\"description\":\"Veja todas as not\u00edcias sobre o Flamengo: Contrata\u00e7\u00f5es, categorias de base, resultados das partidas, tabela de classifica\u00e7\u00e3o, pr\u00f3ximos jogos!\",\"potentialAction\":[{\"@type\":\"SearchAction\",\"target\":{\"@type\":\"EntryPoint\",\"urlTemplate\":\"https:\/\/www.gaveanews.com\/?s={search_term_string}\"},\"query-input\":{\"@type\":\"PropertyValueSpecification\",\"valueRequired\":true,\"valueName\":\"search_term_string\"}}],\"inLanguage\":\"pt-BR\"},{\"@type\":\"Person\",\"@id\":\"https:\/\/www.gaveanews.com\/#\/schema\/person\/8207cd4627f56151707418bfc835b2fb\",\"name\":\"Matheus Felipe\",\"image\":{\"@type\":\"ImageObject\",\"inLanguage\":\"pt-BR\",\"@id\":\"https:\/\/www.gaveanews.com\/#\/schema\/person\/image\/\",\"url\":\"https:\/\/secure.gravatar.com\/avatar\/a452ffbed9130f726358b298bb3a99ce4bd3c5338411f8440e87e14d74c7c087?s=96&d=mm&r=g\",\"contentUrl\":\"https:\/\/secure.gravatar.com\/avatar\/a452ffbed9130f726358b298bb3a99ce4bd3c5338411f8440e87e14d74c7c087?s=96&d=mm&r=g\",\"caption\":\"Matheus Felipe\"}}]}<\/script>\n<!-- \/ Yoast SEO Premium plugin. -->","yoast_head_json":{"title":"CONMEBOL faz publica\u00e7\u00e3o direcionada ao Flamengo","robots":{"index":"index","follow":"follow","max-snippet":"max-snippet:-1","max-image-preview":"max-image-preview:large","max-video-preview":"max-video-preview:-1"},"canonical":"https:\/\/www.gaveanews.com\/index.php\/2025\/02\/26\/conmebol-faz-publicacao-direcionada-ao-flamengo-2\/","og_locale":"pt_BR","og_type":"article","og_title":"CONMEBOL faz publica\u00e7\u00e3o direcionada ao Flamengo","og_description":"H\u00e1 exatos cinco anos, em 26 de fevereiro de 2020, o Flamengo conquistou seu primeiro t\u00edtulo da Recopa Sul-Americana ao vencer o Independiente del Valle por 3 a 0 no Maracan\u00e3. A partida de ida, realizada no Est\u00e1dio Ol\u00edmpico Atahualpa, em Quito, terminou empatada em 2 a 2, resultando em um placar agregado de 5 [&hellip;]","og_url":"https:\/\/www.gaveanews.com\/index.php\/2025\/02\/26\/conmebol-faz-publicacao-direcionada-ao-flamengo-2\/","og_site_name":"G\u00e1vea News","article_publisher":"https:\/\/facebook.com\/gaveaNews\/","article_published_time":"2025-02-26T23:30:00+00:00","og_image":[{"width":799,"height":534,"url":"https:\/\/www.gaveanews.com\/wp-content\/uploads\/Flamengo-campeao-da-Taca-Guanabara-2025.webp","type":"image\/jpeg"}],"author":"Matheus Felipe","twitter_card":"summary_large_image","twitter_misc":{"Escrito por":"Matheus Felipe","Est. tempo de leitura":"2 minutos"},"schema":{"@context":"https:\/\/schema.org","@graph":[{"@type":"NewsArticle","@id":"https:\/\/www.gaveanews.com\/index.php\/2025\/02\/26\/conmebol-faz-publicacao-direcionada-ao-flamengo-2\/#article","isPartOf":{"@id":"https:\/\/www.gaveanews.com\/index.php\/2025\/02\/26\/conmebol-faz-publicacao-direcionada-ao-flamengo-2\/"},"author":{"name":"Matheus Felipe","@id":"https:\/\/www.gaveanews.com\/#\/schema\/person\/8207cd4627f56151707418bfc835b2fb"},"headline":"CONMEBOL faz publica\u00e7\u00e3o direcionada ao Flamengo","datePublished":"2025-02-26T23:30:00+00:00","mainEntityOfPage":{"@id":"https:\/\/www.gaveanews.com\/index.php\/2025\/02\/26\/conmebol-faz-publicacao-direcionada-ao-flamengo-2\/"},"wordCount":364,"commentCount":0,"image":{"@id":"https:\/\/www.gaveanews.com\/index.php\/2025\/02\/26\/conmebol-faz-publicacao-direcionada-ao-flamengo-2\/#primaryimage"},"thumbnailUrl":"https:\/\/www.gaveanews.com\/wp-content\/uploads\/Flamengo-campeao-da-Taca-Guanabara-2025.webp","articleSection":["Flamengo"],"inLanguage":"pt-BR","potentialAction":[{"@type":"CommentAction","name":"Comment","target":["https:\/\/www.gaveanews.com\/index.php\/2025\/02\/26\/conmebol-faz-publicacao-direcionada-ao-flamengo-2\/#respond"]}],"copyrightYear":"2025","copyrightHolder":{"@id":"https:\/\/www.gaveanews.com\/#organization"}},{"@type":"WebPage","@id":"https:\/\/www.gaveanews.com\/index.php\/2025\/02\/26\/conmebol-faz-publicacao-direcionada-ao-flamengo-2\/","url":"https:\/\/www.gaveanews.com\/index.php\/2025\/02\/26\/conmebol-faz-publicacao-direcionada-ao-flamengo-2\/","name":"CONMEBOL faz publica\u00e7\u00e3o direcionada ao Flamengo","isPartOf":{"@id":"https:\/\/www.gaveanews.com\/#website"},"primaryImageOfPage":{"@id":"https:\/\/www.gaveanews.com\/index.php\/2025\/02\/26\/conmebol-faz-publicacao-direcionada-ao-flamengo-2\/#primaryimage"},"image":{"@id":"https:\/\/www.gaveanews.com\/index.php\/2025\/02\/26\/conmebol-faz-publicacao-direcionada-ao-flamengo-2\/#primaryimage"},"thumbnailUrl":"https:\/\/www.gaveanews.com\/wp-content\/uploads\/Flamengo-campeao-da-Taca-Guanabara-2025.webp","datePublished":"2025-02-26T23:30:00+00:00","author":{"@id":"https:\/\/www.gaveanews.com\/#\/schema\/person\/8207cd4627f56151707418bfc835b2fb"},"breadcrumb":{"@id":"https:\/\/www.gaveanews.com\/index.php\/2025\/02\/26\/conmebol-faz-publicacao-direcionada-ao-flamengo-2\/#breadcrumb"},"inLanguage":"pt-BR","potentialAction":[{"@type":"ReadAction","target":["https:\/\/www.gaveanews.com\/index.php\/2025\/02\/26\/conmebol-faz-publicacao-direcionada-ao-flamengo-2\/"]}]},{"@type":"ImageObject","inLanguage":"pt-BR","@id":"https:\/\/www.gaveanews.com\/index.php\/2025\/02\/26\/conmebol-faz-publicacao-direcionada-ao-flamengo-2\/#primaryimage","url":"https:\/\/www.gaveanews.com\/wp-content\/uploads\/Flamengo-campeao-da-Taca-Guanabara-2025.webp","contentUrl":"https:\/\/www.gaveanews.com\/wp-content\/uploads\/Flamengo-campeao-da-Taca-Guanabara-2025.webp","width":799,"height":534,"caption":"Flamengo campe\u00e3o da Ta\u00e7a Guanabara (Foto: Paula Reis\/Flamengo)"},{"@type":"BreadcrumbList","@id":"https:\/\/www.gaveanews.com\/index.php\/2025\/02\/26\/conmebol-faz-publicacao-direcionada-ao-flamengo-2\/#breadcrumb","itemListElement":[{"@type":"ListItem","position":1,"name":"Home","item":"https:\/\/www.gaveanews.com\/"},{"@type":"ListItem","position":2,"name":"CONMEBOL faz publica\u00e7\u00e3o direcionada ao Flamengo"}]},{"@type":"WebSite","@id":"https:\/\/www.gaveanews.com\/#website","url":"https:\/\/www.gaveanews.com\/","name":"G\u00e1vea News","description":"Veja todas as not\u00edcias sobre o Flamengo: Contrata\u00e7\u00f5es, categorias de base, resultados das partidas, tabela de classifica\u00e7\u00e3o, pr\u00f3ximos jogos!","potentialAction":[{"@type":"SearchAction","target":{"@type":"EntryPoint","urlTemplate":"https:\/\/www.gaveanews.com\/?s={search_term_string}"},"query-input":{"@type":"PropertyValueSpecification","valueRequired":true,"valueName":"search_term_string"}}],"inLanguage":"pt-BR"},{"@type":"Person","@id":"https:\/\/www.gaveanews.com\/#\/schema\/person\/8207cd4627f56151707418bfc835b2fb","name":"Matheus Felipe","image":{"@type":"ImageObject","inLanguage":"pt-BR","@id":"https:\/\/www.gaveanews.com\/#\/schema\/person\/image\/","url":"https:\/\/secure.gravatar.com\/avatar\/a452ffbed9130f726358b298bb3a99ce4bd3c5338411f8440e87e14d74c7c087?s=96&d=mm&r=g","contentUrl":"https:\/\/secure.gravatar.com\/avatar\/a452ffbed9130f726358b298bb3a99ce4bd3c5338411f8440e87e14d74c7c087?s=96&d=mm&r=g","caption":"Matheus Felipe"}}]}},"_links":{"self":[{"href":"https:\/\/www.gaveanews.com\/index.php\/wp-json\/wp\/v2\/posts\/233215","targetHints":{"allow":["GET"]}}],"collection":[{"href":"https:\/\/www.gaveanews.com\/index.php\/wp-json\/wp\/v2\/posts"}],"about":[{"href":"https:\/\/www.gaveanews.com\/index.php\/wp-json\/wp\/v2\/types\/post"}],"author":[{"embeddable":true,"href":"https:\/\/www.gaveanews.com\/index.php\/wp-json\/wp\/v2\/users\/27"}],"replies":[{"embeddable":true,"href":"https:\/\/www.gaveanews.com\/index.php\/wp-json\/wp\/v2\/comments?post=233215"}],"version-history":[{"count":1,"href":"https:\/\/www.gaveanews.com\/index.php\/wp-json\/wp\/v2\/posts\/233215\/revisions"}],"predecessor-version":[{"id":233217,"href":"https:\/\/www.gaveanews.com\/index.php\/wp-json\/wp\/v2\/posts\/233215\/revisions\/233217"}],"wp:featuredmedia":[{"embeddable":true,"href":"https:\/\/www.gaveanews.com\/index.php\/wp-json\/wp\/v2\/media\/231709"}],"wp:attachment":[{"href":"https:\/\/www.gaveanews.com\/index.php\/wp-json\/wp\/v2\/media?parent=233215"}],"wp:term":[{"taxonomy":"category","embeddable":true,"href":"https:\/\/www.gaveanews.com\/index.php\/wp-json\/wp\/v2\/categories?post=233215"},{"taxonomy":"post_tag","embeddable":true,"href":"https:\/\/www.gaveanews.com\/index.php\/wp-json\/wp\/v2\/tags?post=233215"}],"curies":[{"name":"wp","href":"https:\/\/api.w.org\/{rel}","templated":true}]}}