{"id":233220,"date":"2025-02-26T20:45:00","date_gmt":"2025-02-26T23:45:00","guid":{"rendered":"https:\/\/www.gaveanews.com\/?p=233220"},"modified":"2025-02-26T18:58:10","modified_gmt":"2025-02-26T21:58:10","slug":"endrick-do-real-madrid-vai-garantir-nova-bolada-ao-palmeiras","status":"publish","type":"post","link":"https:\/\/www.gaveanews.com\/index.php\/2025\/02\/26\/endrick-do-real-madrid-vai-garantir-nova-bolada-ao-palmeiras\/","title":{"rendered":"Endrick, do Real Madrid, vai garantir nova bolada ao Palmeiras"},"content":{"rendered":"\n<p>O Real Madrid enfrenta a Real Sociedad nesta quarta-feira (26), \u00e0s 17h30 (hor\u00e1rio de Bras\u00edlia), pela semifinal da Copa do Rei. O t\u00e9cnico Carlo Ancelotti escalou o jovem Endrick como titular, enquanto Vinicius Jr. usar\u00e1 a bra\u00e7adeira de capit\u00e3o pela primeira vez.<\/p>\n\n\n\n<p>A escala\u00e7\u00e3o do Real Madrid para o confronto inclui: Lunin; Asencio, Tchouam\u00e9ni, R\u00fcdiger e Fran Garc\u00eda; Camavinga, Ceballos e Bellingham; Vinicius Jr., Arda G\u00fcler e Endrick. Pelo lado da Real Sociedad, os titulares ser\u00e3o: Remiro; Aramburu, Zubeldia, Aguerd e Aihen Mu\u00f1oz; Zubimendi, Kubo, Brais M\u00e9ndez, Sucic e Barrenetxea; Oyarzabal.<\/p>\n\n\n\n<figure class=\"wp-block-image size-large\"><img loading=\"lazy\" decoding=\"async\" width=\"1024\" height=\"683\" src=\"http:\/\/www.gaveanews.com\/wp-content\/uploads\/Endrick-com-a-camisa-do-Real-Madrid-em-2024-Foto_-Reproducao_Instagram-1024x683.webp\" alt=\"\" class=\"wp-image-155602\" srcset=\"https:\/\/www.gaveanews.com\/wp-content\/uploads\/Endrick-com-a-camisa-do-Real-Madrid-em-2024-Foto_-Reproducao_Instagram-1024x683.webp 1024w, https:\/\/www.gaveanews.com\/wp-content\/uploads\/Endrick-com-a-camisa-do-Real-Madrid-em-2024-Foto_-Reproducao_Instagram-300x200.webp 300w, https:\/\/www.gaveanews.com\/wp-content\/uploads\/Endrick-com-a-camisa-do-Real-Madrid-em-2024-Foto_-Reproducao_Instagram-768x512.webp 768w, https:\/\/www.gaveanews.com\/wp-content\/uploads\/Endrick-com-a-camisa-do-Real-Madrid-em-2024-Foto_-Reproducao_Instagram-630x420.webp 630w, https:\/\/www.gaveanews.com\/wp-content\/uploads\/Endrick-com-a-camisa-do-Real-Madrid-em-2024-Foto_-Reproducao_Instagram-1260x840.webp 1260w, https:\/\/www.gaveanews.com\/wp-content\/uploads\/Endrick-com-a-camisa-do-Real-Madrid-em-2024-Foto_-Reproducao_Instagram-640x427.webp 640w, https:\/\/www.gaveanews.com\/wp-content\/uploads\/Endrick-com-a-camisa-do-Real-Madrid-em-2024-Foto_-Reproducao_Instagram-1280x854.webp 1280w, https:\/\/www.gaveanews.com\/wp-content\/uploads\/Endrick-com-a-camisa-do-Real-Madrid-em-2024-Foto_-Reproducao_Instagram-681x454.webp 681w, https:\/\/www.gaveanews.com\/wp-content\/uploads\/Endrick-com-a-camisa-do-Real-Madrid-em-2024-Foto_-Reproducao_Instagram-1362x908.webp 1362w, https:\/\/www.gaveanews.com\/wp-content\/uploads\/Endrick-com-a-camisa-do-Real-Madrid-em-2024-Foto_-Reproducao_Instagram-100x67.webp 100w, https:\/\/www.gaveanews.com\/wp-content\/uploads\/Endrick-com-a-camisa-do-Real-Madrid-em-2024-Foto_-Reproducao_Instagram.webp 1405w\" sizes=\"auto, (max-width: 1024px) 100vw, 1024px\" \/><figcaption class=\"wp-element-caption\">Endrick com a camisa do Real Madrid em 2024 (Foto: Reprodu\u00e7\u00e3o\/Instagram)<\/figcaption><\/figure>\n\n\n\n<p>A partida ser\u00e1 transmitida pelo Disney+. O jogo de volta est\u00e1 marcado para 1\u00ba de abril, no Santiago Bernab\u00e9u. Na outra semifinal, Barcelona e Atl\u00e9tico de Madrid disputam a vaga restante na final.<\/p>\n\n\n\n<p>Al\u00e9m da import\u00e2ncia esportiva, a atua\u00e7\u00e3o de Endrick tem implica\u00e7\u00f5es financeiras para o Palmeiras. O clube paulista negociou o atacante com o Real Madrid em dezembro de 2022 por 35 milh\u00f5es de euros, com cl\u00e1usulas de b\u00f4nus que podem render at\u00e9 12,5 milh\u00f5es de euros adicionais. <\/p>\n\n\n\n<p>Cada gol, assist\u00eancia ou p\u00eanalti sofrido por Endrick at\u00e9 junho de 2030 garante ao Palmeiras 35 mil euros (aproximadamente R$ 217 mil). Al\u00e9m disso, a cada partida em que o jogador \u00e9 titular e atua por pelo menos 45 minutos, o clube recebe 75 mil euros (cerca de R$ 459 mil). At\u00e9 o momento, Endrick j\u00e1 rendeu ao Palmeiras cerca de 470 mil euros (aproximadamente R$ 2,8 milh\u00f5es) em b\u00f4nus.<\/p>\n\n\n\n<p>O Real Madrid encara um momento crucial na temporada, e a confian\u00e7a de Ancelotti em Endrick reflete o potencial que o jovem brasileiro demonstrou desde sua chegada. Enquanto isso, Vinicius Jr. assume a bra\u00e7adeira de capit\u00e3o em um cen\u00e1rio de grande responsabilidade, reafirmando sua import\u00e2ncia dentro do elenco merengue. A equipe busca superar a Real Sociedad para seguir na luta pelo t\u00edtulo da Copa do Rei, competi\u00e7\u00e3o que n\u00e3o vence desde a temporada 2013\/14.<\/p>\n","protected":false},"excerpt":{"rendered":"<p>O Real Madrid enfrenta a Real Sociedad nesta quarta-feira (26), \u00e0s 17h30 (hor\u00e1rio de Bras\u00edlia), pela semifinal da Copa do Rei. O t\u00e9cnico Carlo Ancelotti escalou o jovem Endrick como titular, enquanto Vinicius Jr. usar\u00e1 a bra\u00e7adeira de capit\u00e3o pela primeira vez. A escala\u00e7\u00e3o do Real Madrid para o confronto inclui: Lunin; Asencio, Tchouam\u00e9ni, R\u00fcdiger [&hellip;]<\/p>\n","protected":false},"author":27,"featured_media":161086,"comment_status":"open","ping_status":"closed","sticky":false,"template":"","format":"standard","meta":{"footnotes":""},"categories":[150,88],"tags":[],"class_list":["post-233220","post","type-post","status-publish","format-standard","has-post-thumbnail","hentry","category-palmeiras","category-real-madrid"],"yoast_head":"<!-- This site is optimized with the Yoast SEO Premium plugin v24.2 (Yoast SEO v26.9) - https:\/\/yoast.com\/product\/yoast-seo-premium-wordpress\/ -->\n<title>Endrick, do Real Madrid, vai garantir nova bolada ao Palmeiras<\/title>\n<meta name=\"robots\" content=\"index, follow, max-snippet:-1, max-image-preview:large, max-video-preview:-1\" \/>\n<link rel=\"canonical\" href=\"https:\/\/www.gaveanews.com\/index.php\/2025\/02\/26\/endrick-do-real-madrid-vai-garantir-nova-bolada-ao-palmeiras\/\" \/>\n<meta property=\"og:locale\" content=\"pt_BR\" \/>\n<meta property=\"og:type\" content=\"article\" \/>\n<meta property=\"og:title\" content=\"Endrick, do Real Madrid, vai garantir nova bolada ao Palmeiras\" \/>\n<meta property=\"og:description\" content=\"O Real Madrid enfrenta a Real Sociedad nesta quarta-feira (26), \u00e0s 17h30 (hor\u00e1rio de Bras\u00edlia), pela semifinal da Copa do Rei. O t\u00e9cnico Carlo Ancelotti escalou o jovem Endrick como titular, enquanto Vinicius Jr. usar\u00e1 a bra\u00e7adeira de capit\u00e3o pela primeira vez. A escala\u00e7\u00e3o do Real Madrid para o confronto inclui: Lunin; Asencio, Tchouam\u00e9ni, R\u00fcdiger [&hellip;]\" \/>\n<meta property=\"og:url\" content=\"https:\/\/www.gaveanews.com\/index.php\/2025\/02\/26\/endrick-do-real-madrid-vai-garantir-nova-bolada-ao-palmeiras\/\" \/>\n<meta property=\"og:site_name\" content=\"G\u00e1vea News\" \/>\n<meta property=\"article:publisher\" content=\"https:\/\/facebook.com\/gaveaNews\/\" \/>\n<meta property=\"article:published_time\" content=\"2025-02-26T23:45:00+00:00\" \/>\n<meta property=\"og:image\" content=\"https:\/\/www.gaveanews.com\/wp-content\/uploads\/endrick_-_real_madrid_1.jpg_554688468.webp\" \/>\n\t<meta property=\"og:image:width\" content=\"1200\" \/>\n\t<meta property=\"og:image:height\" content=\"675\" \/>\n\t<meta property=\"og:image:type\" content=\"image\/webp\" \/>\n<meta name=\"author\" content=\"Matheus Felipe\" \/>\n<meta name=\"twitter:card\" content=\"summary_large_image\" \/>\n<meta name=\"twitter:label1\" content=\"Escrito por\" \/>\n\t<meta name=\"twitter:data1\" content=\"Matheus Felipe\" \/>\n\t<meta name=\"twitter:label2\" content=\"Est. tempo de leitura\" \/>\n\t<meta name=\"twitter:data2\" content=\"3 minutos\" \/>\n<script type=\"application\/ld+json\" class=\"yoast-schema-graph\">{\"@context\":\"https:\/\/schema.org\",\"@graph\":[{\"@type\":\"NewsArticle\",\"@id\":\"https:\/\/www.gaveanews.com\/index.php\/2025\/02\/26\/endrick-do-real-madrid-vai-garantir-nova-bolada-ao-palmeiras\/#article\",\"isPartOf\":{\"@id\":\"https:\/\/www.gaveanews.com\/index.php\/2025\/02\/26\/endrick-do-real-madrid-vai-garantir-nova-bolada-ao-palmeiras\/\"},\"author\":{\"name\":\"Matheus Felipe\",\"@id\":\"https:\/\/www.gaveanews.com\/#\/schema\/person\/8207cd4627f56151707418bfc835b2fb\"},\"headline\":\"Endrick, do Real Madrid, vai garantir nova bolada ao Palmeiras\",\"datePublished\":\"2025-02-26T23:45:00+00:00\",\"mainEntityOfPage\":{\"@id\":\"https:\/\/www.gaveanews.com\/index.php\/2025\/02\/26\/endrick-do-real-madrid-vai-garantir-nova-bolada-ao-palmeiras\/\"},\"wordCount\":357,\"commentCount\":0,\"image\":{\"@id\":\"https:\/\/www.gaveanews.com\/index.php\/2025\/02\/26\/endrick-do-real-madrid-vai-garantir-nova-bolada-ao-palmeiras\/#primaryimage\"},\"thumbnailUrl\":\"https:\/\/www.gaveanews.com\/wp-content\/uploads\/endrick_-_real_madrid_1.jpg_554688468.webp\",\"articleSection\":[\"Palmeiras\",\"Real Madrid\"],\"inLanguage\":\"pt-BR\",\"potentialAction\":[{\"@type\":\"CommentAction\",\"name\":\"Comment\",\"target\":[\"https:\/\/www.gaveanews.com\/index.php\/2025\/02\/26\/endrick-do-real-madrid-vai-garantir-nova-bolada-ao-palmeiras\/#respond\"]}],\"copyrightYear\":\"2025\",\"copyrightHolder\":{\"@id\":\"https:\/\/www.gaveanews.com\/#organization\"}},{\"@type\":\"WebPage\",\"@id\":\"https:\/\/www.gaveanews.com\/index.php\/2025\/02\/26\/endrick-do-real-madrid-vai-garantir-nova-bolada-ao-palmeiras\/\",\"url\":\"https:\/\/www.gaveanews.com\/index.php\/2025\/02\/26\/endrick-do-real-madrid-vai-garantir-nova-bolada-ao-palmeiras\/\",\"name\":\"Endrick, do Real Madrid, vai garantir nova bolada ao Palmeiras\",\"isPartOf\":{\"@id\":\"https:\/\/www.gaveanews.com\/#website\"},\"primaryImageOfPage\":{\"@id\":\"https:\/\/www.gaveanews.com\/index.php\/2025\/02\/26\/endrick-do-real-madrid-vai-garantir-nova-bolada-ao-palmeiras\/#primaryimage\"},\"image\":{\"@id\":\"https:\/\/www.gaveanews.com\/index.php\/2025\/02\/26\/endrick-do-real-madrid-vai-garantir-nova-bolada-ao-palmeiras\/#primaryimage\"},\"thumbnailUrl\":\"https:\/\/www.gaveanews.com\/wp-content\/uploads\/endrick_-_real_madrid_1.jpg_554688468.webp\",\"datePublished\":\"2025-02-26T23:45:00+00:00\",\"author\":{\"@id\":\"https:\/\/www.gaveanews.com\/#\/schema\/person\/8207cd4627f56151707418bfc835b2fb\"},\"breadcrumb\":{\"@id\":\"https:\/\/www.gaveanews.com\/index.php\/2025\/02\/26\/endrick-do-real-madrid-vai-garantir-nova-bolada-ao-palmeiras\/#breadcrumb\"},\"inLanguage\":\"pt-BR\",\"potentialAction\":[{\"@type\":\"ReadAction\",\"target\":[\"https:\/\/www.gaveanews.com\/index.php\/2025\/02\/26\/endrick-do-real-madrid-vai-garantir-nova-bolada-ao-palmeiras\/\"]}]},{\"@type\":\"ImageObject\",\"inLanguage\":\"pt-BR\",\"@id\":\"https:\/\/www.gaveanews.com\/index.php\/2025\/02\/26\/endrick-do-real-madrid-vai-garantir-nova-bolada-ao-palmeiras\/#primaryimage\",\"url\":\"https:\/\/www.gaveanews.com\/wp-content\/uploads\/endrick_-_real_madrid_1.jpg_554688468.webp\",\"contentUrl\":\"https:\/\/www.gaveanews.com\/wp-content\/uploads\/endrick_-_real_madrid_1.jpg_554688468.webp\",\"width\":1200,\"height\":675,\"caption\":\"Endrick marcou seu primeiro gol pelo Real Madrid - Angel Martinez (2024 Getty Images, Getty Images Europe)\"},{\"@type\":\"BreadcrumbList\",\"@id\":\"https:\/\/www.gaveanews.com\/index.php\/2025\/02\/26\/endrick-do-real-madrid-vai-garantir-nova-bolada-ao-palmeiras\/#breadcrumb\",\"itemListElement\":[{\"@type\":\"ListItem\",\"position\":1,\"name\":\"Home\",\"item\":\"https:\/\/www.gaveanews.com\/\"},{\"@type\":\"ListItem\",\"position\":2,\"name\":\"Endrick, do Real Madrid, vai garantir nova bolada ao Palmeiras\"}]},{\"@type\":\"WebSite\",\"@id\":\"https:\/\/www.gaveanews.com\/#website\",\"url\":\"https:\/\/www.gaveanews.com\/\",\"name\":\"G\u00e1vea News\",\"description\":\"Veja todas as not\u00edcias sobre o Flamengo: Contrata\u00e7\u00f5es, categorias de base, resultados das partidas, tabela de classifica\u00e7\u00e3o, pr\u00f3ximos jogos!\",\"potentialAction\":[{\"@type\":\"SearchAction\",\"target\":{\"@type\":\"EntryPoint\",\"urlTemplate\":\"https:\/\/www.gaveanews.com\/?s={search_term_string}\"},\"query-input\":{\"@type\":\"PropertyValueSpecification\",\"valueRequired\":true,\"valueName\":\"search_term_string\"}}],\"inLanguage\":\"pt-BR\"},{\"@type\":\"Person\",\"@id\":\"https:\/\/www.gaveanews.com\/#\/schema\/person\/8207cd4627f56151707418bfc835b2fb\",\"name\":\"Matheus Felipe\",\"image\":{\"@type\":\"ImageObject\",\"inLanguage\":\"pt-BR\",\"@id\":\"https:\/\/www.gaveanews.com\/#\/schema\/person\/image\/\",\"url\":\"https:\/\/secure.gravatar.com\/avatar\/a452ffbed9130f726358b298bb3a99ce4bd3c5338411f8440e87e14d74c7c087?s=96&d=mm&r=g\",\"contentUrl\":\"https:\/\/secure.gravatar.com\/avatar\/a452ffbed9130f726358b298bb3a99ce4bd3c5338411f8440e87e14d74c7c087?s=96&d=mm&r=g\",\"caption\":\"Matheus Felipe\"}}]}<\/script>\n<!-- \/ Yoast SEO Premium plugin. -->","yoast_head_json":{"title":"Endrick, do Real Madrid, vai garantir nova bolada ao Palmeiras","robots":{"index":"index","follow":"follow","max-snippet":"max-snippet:-1","max-image-preview":"max-image-preview:large","max-video-preview":"max-video-preview:-1"},"canonical":"https:\/\/www.gaveanews.com\/index.php\/2025\/02\/26\/endrick-do-real-madrid-vai-garantir-nova-bolada-ao-palmeiras\/","og_locale":"pt_BR","og_type":"article","og_title":"Endrick, do Real Madrid, vai garantir nova bolada ao Palmeiras","og_description":"O Real Madrid enfrenta a Real Sociedad nesta quarta-feira (26), \u00e0s 17h30 (hor\u00e1rio de Bras\u00edlia), pela semifinal da Copa do Rei. O t\u00e9cnico Carlo Ancelotti escalou o jovem Endrick como titular, enquanto Vinicius Jr. usar\u00e1 a bra\u00e7adeira de capit\u00e3o pela primeira vez. A escala\u00e7\u00e3o do Real Madrid para o confronto inclui: Lunin; Asencio, Tchouam\u00e9ni, R\u00fcdiger [&hellip;]","og_url":"https:\/\/www.gaveanews.com\/index.php\/2025\/02\/26\/endrick-do-real-madrid-vai-garantir-nova-bolada-ao-palmeiras\/","og_site_name":"G\u00e1vea News","article_publisher":"https:\/\/facebook.com\/gaveaNews\/","article_published_time":"2025-02-26T23:45:00+00:00","og_image":[{"width":1200,"height":675,"url":"https:\/\/www.gaveanews.com\/wp-content\/uploads\/endrick_-_real_madrid_1.jpg_554688468.webp","type":"image\/webp"}],"author":"Matheus Felipe","twitter_card":"summary_large_image","twitter_misc":{"Escrito por":"Matheus Felipe","Est. tempo de leitura":"3 minutos"},"schema":{"@context":"https:\/\/schema.org","@graph":[{"@type":"NewsArticle","@id":"https:\/\/www.gaveanews.com\/index.php\/2025\/02\/26\/endrick-do-real-madrid-vai-garantir-nova-bolada-ao-palmeiras\/#article","isPartOf":{"@id":"https:\/\/www.gaveanews.com\/index.php\/2025\/02\/26\/endrick-do-real-madrid-vai-garantir-nova-bolada-ao-palmeiras\/"},"author":{"name":"Matheus Felipe","@id":"https:\/\/www.gaveanews.com\/#\/schema\/person\/8207cd4627f56151707418bfc835b2fb"},"headline":"Endrick, do Real Madrid, vai garantir nova bolada ao Palmeiras","datePublished":"2025-02-26T23:45:00+00:00","mainEntityOfPage":{"@id":"https:\/\/www.gaveanews.com\/index.php\/2025\/02\/26\/endrick-do-real-madrid-vai-garantir-nova-bolada-ao-palmeiras\/"},"wordCount":357,"commentCount":0,"image":{"@id":"https:\/\/www.gaveanews.com\/index.php\/2025\/02\/26\/endrick-do-real-madrid-vai-garantir-nova-bolada-ao-palmeiras\/#primaryimage"},"thumbnailUrl":"https:\/\/www.gaveanews.com\/wp-content\/uploads\/endrick_-_real_madrid_1.jpg_554688468.webp","articleSection":["Palmeiras","Real Madrid"],"inLanguage":"pt-BR","potentialAction":[{"@type":"CommentAction","name":"Comment","target":["https:\/\/www.gaveanews.com\/index.php\/2025\/02\/26\/endrick-do-real-madrid-vai-garantir-nova-bolada-ao-palmeiras\/#respond"]}],"copyrightYear":"2025","copyrightHolder":{"@id":"https:\/\/www.gaveanews.com\/#organization"}},{"@type":"WebPage","@id":"https:\/\/www.gaveanews.com\/index.php\/2025\/02\/26\/endrick-do-real-madrid-vai-garantir-nova-bolada-ao-palmeiras\/","url":"https:\/\/www.gaveanews.com\/index.php\/2025\/02\/26\/endrick-do-real-madrid-vai-garantir-nova-bolada-ao-palmeiras\/","name":"Endrick, do Real Madrid, vai garantir nova bolada ao Palmeiras","isPartOf":{"@id":"https:\/\/www.gaveanews.com\/#website"},"primaryImageOfPage":{"@id":"https:\/\/www.gaveanews.com\/index.php\/2025\/02\/26\/endrick-do-real-madrid-vai-garantir-nova-bolada-ao-palmeiras\/#primaryimage"},"image":{"@id":"https:\/\/www.gaveanews.com\/index.php\/2025\/02\/26\/endrick-do-real-madrid-vai-garantir-nova-bolada-ao-palmeiras\/#primaryimage"},"thumbnailUrl":"https:\/\/www.gaveanews.com\/wp-content\/uploads\/endrick_-_real_madrid_1.jpg_554688468.webp","datePublished":"2025-02-26T23:45:00+00:00","author":{"@id":"https:\/\/www.gaveanews.com\/#\/schema\/person\/8207cd4627f56151707418bfc835b2fb"},"breadcrumb":{"@id":"https:\/\/www.gaveanews.com\/index.php\/2025\/02\/26\/endrick-do-real-madrid-vai-garantir-nova-bolada-ao-palmeiras\/#breadcrumb"},"inLanguage":"pt-BR","potentialAction":[{"@type":"ReadAction","target":["https:\/\/www.gaveanews.com\/index.php\/2025\/02\/26\/endrick-do-real-madrid-vai-garantir-nova-bolada-ao-palmeiras\/"]}]},{"@type":"ImageObject","inLanguage":"pt-BR","@id":"https:\/\/www.gaveanews.com\/index.php\/2025\/02\/26\/endrick-do-real-madrid-vai-garantir-nova-bolada-ao-palmeiras\/#primaryimage","url":"https:\/\/www.gaveanews.com\/wp-content\/uploads\/endrick_-_real_madrid_1.jpg_554688468.webp","contentUrl":"https:\/\/www.gaveanews.com\/wp-content\/uploads\/endrick_-_real_madrid_1.jpg_554688468.webp","width":1200,"height":675,"caption":"Endrick marcou seu primeiro gol pelo Real Madrid - Angel Martinez (2024 Getty Images, Getty Images Europe)"},{"@type":"BreadcrumbList","@id":"https:\/\/www.gaveanews.com\/index.php\/2025\/02\/26\/endrick-do-real-madrid-vai-garantir-nova-bolada-ao-palmeiras\/#breadcrumb","itemListElement":[{"@type":"ListItem","position":1,"name":"Home","item":"https:\/\/www.gaveanews.com\/"},{"@type":"ListItem","position":2,"name":"Endrick, do Real Madrid, vai garantir nova bolada ao Palmeiras"}]},{"@type":"WebSite","@id":"https:\/\/www.gaveanews.com\/#website","url":"https:\/\/www.gaveanews.com\/","name":"G\u00e1vea News","description":"Veja todas as not\u00edcias sobre o Flamengo: Contrata\u00e7\u00f5es, categorias de base, resultados das partidas, tabela de classifica\u00e7\u00e3o, pr\u00f3ximos jogos!","potentialAction":[{"@type":"SearchAction","target":{"@type":"EntryPoint","urlTemplate":"https:\/\/www.gaveanews.com\/?s={search_term_string}"},"query-input":{"@type":"PropertyValueSpecification","valueRequired":true,"valueName":"search_term_string"}}],"inLanguage":"pt-BR"},{"@type":"Person","@id":"https:\/\/www.gaveanews.com\/#\/schema\/person\/8207cd4627f56151707418bfc835b2fb","name":"Matheus Felipe","image":{"@type":"ImageObject","inLanguage":"pt-BR","@id":"https:\/\/www.gaveanews.com\/#\/schema\/person\/image\/","url":"https:\/\/secure.gravatar.com\/avatar\/a452ffbed9130f726358b298bb3a99ce4bd3c5338411f8440e87e14d74c7c087?s=96&d=mm&r=g","contentUrl":"https:\/\/secure.gravatar.com\/avatar\/a452ffbed9130f726358b298bb3a99ce4bd3c5338411f8440e87e14d74c7c087?s=96&d=mm&r=g","caption":"Matheus Felipe"}}]}},"_links":{"self":[{"href":"https:\/\/www.gaveanews.com\/index.php\/wp-json\/wp\/v2\/posts\/233220","targetHints":{"allow":["GET"]}}],"collection":[{"href":"https:\/\/www.gaveanews.com\/index.php\/wp-json\/wp\/v2\/posts"}],"about":[{"href":"https:\/\/www.gaveanews.com\/index.php\/wp-json\/wp\/v2\/types\/post"}],"author":[{"embeddable":true,"href":"https:\/\/www.gaveanews.com\/index.php\/wp-json\/wp\/v2\/users\/27"}],"replies":[{"embeddable":true,"href":"https:\/\/www.gaveanews.com\/index.php\/wp-json\/wp\/v2\/comments?post=233220"}],"version-history":[{"count":1,"href":"https:\/\/www.gaveanews.com\/index.php\/wp-json\/wp\/v2\/posts\/233220\/revisions"}],"predecessor-version":[{"id":233227,"href":"https:\/\/www.gaveanews.com\/index.php\/wp-json\/wp\/v2\/posts\/233220\/revisions\/233227"}],"wp:featuredmedia":[{"embeddable":true,"href":"https:\/\/www.gaveanews.com\/index.php\/wp-json\/wp\/v2\/media\/161086"}],"wp:attachment":[{"href":"https:\/\/www.gaveanews.com\/index.php\/wp-json\/wp\/v2\/media?parent=233220"}],"wp:term":[{"taxonomy":"category","embeddable":true,"href":"https:\/\/www.gaveanews.com\/index.php\/wp-json\/wp\/v2\/categories?post=233220"},{"taxonomy":"post_tag","embeddable":true,"href":"https:\/\/www.gaveanews.com\/index.php\/wp-json\/wp\/v2\/tags?post=233220"}],"curies":[{"name":"wp","href":"https:\/\/api.w.org\/{rel}","templated":true}]}}