{"id":233225,"date":"2025-02-26T20:40:00","date_gmt":"2025-02-26T23:40:00","guid":{"rendered":"https:\/\/www.gaveanews.com\/?p=233225"},"modified":"2025-02-26T18:57:46","modified_gmt":"2025-02-26T21:57:46","slug":"veja-o-valor-total-da-divida-do-vasco","status":"publish","type":"post","link":"https:\/\/www.gaveanews.com\/index.php\/2025\/02\/26\/veja-o-valor-total-da-divida-do-vasco\/","title":{"rendered":"Veja o valor total da d\u00edvida do Vasco"},"content":{"rendered":"\n<p>A crise financeira do Vasco da Gama alcan\u00e7ou n\u00edveis alarmantes, com a recupera\u00e7\u00e3o judicial do clube sendo um dos \u00faltimos recursos para tentar reverter a situa\u00e7\u00e3o.&nbsp;<\/p>\n\n\n\n<p>A d\u00edvida de R$ 637,6 milh\u00f5es, que envolve 540 credores, \u00e9 apenas a ponta do iceberg do endividamento total do time, que chega a impressionantes R$ 1,4 bilh\u00e3o. A situa\u00e7\u00e3o financeira, que j\u00e1 vinha se arrastando h\u00e1 anos, foi acelerada por uma s\u00e9rie de compromissos n\u00e3o cumpridos e gest\u00e3o inadequada.&nbsp;<\/p>\n\n\n\n<p>O clube agora se v\u00ea diante da dif\u00edcil tarefa de criar um plano de pagamento que permita garantir sua sobreviv\u00eancia e estabilidade no futuro.<\/p>\n\n\n\n<h2 class=\"wp-block-heading\" id=\"h-credores-ilustres-e-o-impacto-no-futuro-do-clube\">Credores ilustres e o impacto no futuro do clube<\/h2>\n\n\n\n<p>Al\u00e9m do montante significativo, a lista de credores do Vasco inclui nomes de peso que agravam ainda mais o cen\u00e1rio. Entre os credores mais not\u00e1veis est\u00e3o o t\u00e9cnico Ram\u00f3n D\u00edaz e seu filho Emiliano D\u00edaz, al\u00e9m do tamb\u00e9m treinador Dorival J\u00fanior.&nbsp;<\/p>\n\n\n\n<p>Esses credores, conhecidos no futebol brasileiro, representam apenas uma parte dos 540 credores que exigem o pagamento das d\u00edvidas do clube.&nbsp;<\/p>\n\n\n\n<p>Vale destacar que o valor de R$ 637,6 milh\u00f5es corresponde a uma fra\u00e7\u00e3o da d\u00edvida total, o que revela a magnitude do desafio enfrentado pela atual diretoria vasca\u00edna.<\/p>\n\n\n\n<blockquote class=\"twitter-tweet\"><p lang=\"pt\" dir=\"ltr\">Recupera\u00e7\u00e3o judicial do Vasco envolve d\u00edvida de R$ 637,6 milh\u00f5es e 540 credores.<br><br>Entre os credores mais famosos, est\u00e3o nomes como Ram\u00f3n D\u00edaz, Emiliano D\u00edaz e Dorival J\u00fanior.<br><br>O valor significa apenas uma parte da d\u00edvida do clube. O endividamento total \u00e9 de R$ 1,4 bilh\u00e3o.<br><br>O\u2026 <a href=\"https:\/\/t.co\/Q7OesAGumA\">pic.twitter.com\/Q7OesAGumA<\/a><\/p>&mdash; Planeta do Futebol \ud83c\udf0e (@futebol_info) <a href=\"https:\/\/twitter.com\/futebol_info\/status\/1894847999525732658?ref_src=twsrc%5Etfw\">February 26, 2025<\/a><\/blockquote> <script async src=\"https:\/\/platform.twitter.com\/widgets.js\" charset=\"utf-8\"><\/script>\n\n\n\n<h2 class=\"wp-block-heading\" id=\"h-o-objetivo-da-recuperacao-judicial\">O objetivo da recupera\u00e7\u00e3o judicial<\/h2>\n\n\n\n<p>Com isso, a recupera\u00e7\u00e3o judicial do Vasco visa proporcionar uma reestrutura\u00e7\u00e3o das d\u00edvidas, criando um plano de pagamento que seja vi\u00e1vel para a realidade financeira do clube. Isso porque, sem a possibilidade de um acordo formal com os credores, o clube poderia ser levado a uma situa\u00e7\u00e3o de insolv\u00eancia, comprometendo sua continuidade no futebol profissional.&nbsp;<\/p>\n\n\n\n<p>Dessa maneira, o Vasco agora atravessa um dos momentos mais dif\u00edceis de sua hist\u00f3ria, com uma d\u00edvida colossal e desafios administrativos pela frente. Cabe ressaltar que o processo de recupera\u00e7\u00e3o judicial \u00e9 longo e exige muito mais do que uma simples reestrutura\u00e7\u00e3o financeira; ele requer um compromisso do clube com uma gest\u00e3o mais eficiente e transparente.&nbsp;<\/p>\n\n\n\n<p>Sendo assim, a torcida vasca\u00edna espera que, com um bom planejamento, o clube consiga se recuperar e voltar a brigar por t\u00edtulos importantes no futebol brasileiro.<\/p>\n","protected":false},"excerpt":{"rendered":"<p>A crise financeira do Vasco da Gama alcan\u00e7ou n\u00edveis alarmantes, com a recupera\u00e7\u00e3o judicial do clube sendo um dos \u00faltimos recursos para tentar reverter a situa\u00e7\u00e3o.&nbsp; A d\u00edvida de R$ 637,6 milh\u00f5es, que envolve 540 credores, \u00e9 apenas a ponta do iceberg do endividamento total do time, que chega a impressionantes R$ 1,4 bilh\u00e3o. A [&hellip;]<\/p>\n","protected":false},"author":25,"featured_media":152090,"comment_status":"open","ping_status":"closed","sticky":false,"template":"","format":"standard","meta":{"footnotes":""},"categories":[152],"tags":[],"class_list":["post-233225","post","type-post","status-publish","format-standard","has-post-thumbnail","hentry","category-vasco"],"yoast_head":"<!-- This site is optimized with the Yoast SEO Premium plugin v24.2 (Yoast SEO v26.9) - https:\/\/yoast.com\/product\/yoast-seo-premium-wordpress\/ -->\n<title>Veja o valor total da d\u00edvida do Vasco<\/title>\n<meta name=\"robots\" content=\"index, follow, max-snippet:-1, max-image-preview:large, max-video-preview:-1\" \/>\n<link rel=\"canonical\" href=\"https:\/\/www.gaveanews.com\/index.php\/2025\/02\/26\/veja-o-valor-total-da-divida-do-vasco\/\" \/>\n<meta property=\"og:locale\" content=\"pt_BR\" \/>\n<meta property=\"og:type\" content=\"article\" \/>\n<meta property=\"og:title\" content=\"Veja o valor total da d\u00edvida do Vasco\" \/>\n<meta property=\"og:description\" content=\"A crise financeira do Vasco da Gama alcan\u00e7ou n\u00edveis alarmantes, com a recupera\u00e7\u00e3o judicial do clube sendo um dos \u00faltimos recursos para tentar reverter a situa\u00e7\u00e3o.&nbsp; A d\u00edvida de R$ 637,6 milh\u00f5es, que envolve 540 credores, \u00e9 apenas a ponta do iceberg do endividamento total do time, que chega a impressionantes R$ 1,4 bilh\u00e3o. A [&hellip;]\" \/>\n<meta property=\"og:url\" content=\"https:\/\/www.gaveanews.com\/index.php\/2025\/02\/26\/veja-o-valor-total-da-divida-do-vasco\/\" \/>\n<meta property=\"og:site_name\" content=\"G\u00e1vea News\" \/>\n<meta property=\"article:publisher\" content=\"https:\/\/facebook.com\/gaveaNews\/\" \/>\n<meta property=\"article:published_time\" content=\"2025-02-26T23:40:00+00:00\" \/>\n<meta property=\"og:image\" content=\"https:\/\/www.gaveanews.com\/wp-content\/uploads\/Bandeira-do-Vasco-da-Gama.webp\" \/>\n\t<meta property=\"og:image:width\" content=\"1159\" \/>\n\t<meta property=\"og:image:height\" content=\"772\" \/>\n\t<meta property=\"og:image:type\" content=\"image\/webp\" \/>\n<meta name=\"author\" content=\"Rafaela Ladeira\" \/>\n<meta name=\"twitter:card\" content=\"summary_large_image\" \/>\n<meta name=\"twitter:label1\" content=\"Escrito por\" \/>\n\t<meta name=\"twitter:data1\" content=\"Rafaela Ladeira\" \/>\n\t<meta name=\"twitter:label2\" content=\"Est. tempo de leitura\" \/>\n\t<meta name=\"twitter:data2\" content=\"3 minutos\" \/>\n<script type=\"application\/ld+json\" class=\"yoast-schema-graph\">{\"@context\":\"https:\/\/schema.org\",\"@graph\":[{\"@type\":\"NewsArticle\",\"@id\":\"https:\/\/www.gaveanews.com\/index.php\/2025\/02\/26\/veja-o-valor-total-da-divida-do-vasco\/#article\",\"isPartOf\":{\"@id\":\"https:\/\/www.gaveanews.com\/index.php\/2025\/02\/26\/veja-o-valor-total-da-divida-do-vasco\/\"},\"author\":{\"name\":\"Rafaela Ladeira\",\"@id\":\"https:\/\/www.gaveanews.com\/#\/schema\/person\/0eb3e3fe1754f0205218538adbe8f5ed\"},\"headline\":\"Veja o valor total da d\u00edvida do Vasco\",\"datePublished\":\"2025-02-26T23:40:00+00:00\",\"mainEntityOfPage\":{\"@id\":\"https:\/\/www.gaveanews.com\/index.php\/2025\/02\/26\/veja-o-valor-total-da-divida-do-vasco\/\"},\"wordCount\":458,\"commentCount\":0,\"image\":{\"@id\":\"https:\/\/www.gaveanews.com\/index.php\/2025\/02\/26\/veja-o-valor-total-da-divida-do-vasco\/#primaryimage\"},\"thumbnailUrl\":\"https:\/\/www.gaveanews.com\/wp-content\/uploads\/Bandeira-do-Vasco-da-Gama.webp\",\"articleSection\":[\"Vasco\"],\"inLanguage\":\"pt-BR\",\"potentialAction\":[{\"@type\":\"CommentAction\",\"name\":\"Comment\",\"target\":[\"https:\/\/www.gaveanews.com\/index.php\/2025\/02\/26\/veja-o-valor-total-da-divida-do-vasco\/#respond\"]}],\"copyrightYear\":\"2025\",\"copyrightHolder\":{\"@id\":\"https:\/\/www.gaveanews.com\/#organization\"}},{\"@type\":\"WebPage\",\"@id\":\"https:\/\/www.gaveanews.com\/index.php\/2025\/02\/26\/veja-o-valor-total-da-divida-do-vasco\/\",\"url\":\"https:\/\/www.gaveanews.com\/index.php\/2025\/02\/26\/veja-o-valor-total-da-divida-do-vasco\/\",\"name\":\"Veja o valor total da d\u00edvida do Vasco\",\"isPartOf\":{\"@id\":\"https:\/\/www.gaveanews.com\/#website\"},\"primaryImageOfPage\":{\"@id\":\"https:\/\/www.gaveanews.com\/index.php\/2025\/02\/26\/veja-o-valor-total-da-divida-do-vasco\/#primaryimage\"},\"image\":{\"@id\":\"https:\/\/www.gaveanews.com\/index.php\/2025\/02\/26\/veja-o-valor-total-da-divida-do-vasco\/#primaryimage\"},\"thumbnailUrl\":\"https:\/\/www.gaveanews.com\/wp-content\/uploads\/Bandeira-do-Vasco-da-Gama.webp\",\"datePublished\":\"2025-02-26T23:40:00+00:00\",\"author\":{\"@id\":\"https:\/\/www.gaveanews.com\/#\/schema\/person\/0eb3e3fe1754f0205218538adbe8f5ed\"},\"breadcrumb\":{\"@id\":\"https:\/\/www.gaveanews.com\/index.php\/2025\/02\/26\/veja-o-valor-total-da-divida-do-vasco\/#breadcrumb\"},\"inLanguage\":\"pt-BR\",\"potentialAction\":[{\"@type\":\"ReadAction\",\"target\":[\"https:\/\/www.gaveanews.com\/index.php\/2025\/02\/26\/veja-o-valor-total-da-divida-do-vasco\/\"]}]},{\"@type\":\"ImageObject\",\"inLanguage\":\"pt-BR\",\"@id\":\"https:\/\/www.gaveanews.com\/index.php\/2025\/02\/26\/veja-o-valor-total-da-divida-do-vasco\/#primaryimage\",\"url\":\"https:\/\/www.gaveanews.com\/wp-content\/uploads\/Bandeira-do-Vasco-da-Gama.webp\",\"contentUrl\":\"https:\/\/www.gaveanews.com\/wp-content\/uploads\/Bandeira-do-Vasco-da-Gama.webp\",\"width\":1159,\"height\":772,\"caption\":\"Bandeira do Vasco da Gama (Foto: Reprodu\u00e7\u00e3o\/Vasco)\"},{\"@type\":\"BreadcrumbList\",\"@id\":\"https:\/\/www.gaveanews.com\/index.php\/2025\/02\/26\/veja-o-valor-total-da-divida-do-vasco\/#breadcrumb\",\"itemListElement\":[{\"@type\":\"ListItem\",\"position\":1,\"name\":\"Home\",\"item\":\"https:\/\/www.gaveanews.com\/\"},{\"@type\":\"ListItem\",\"position\":2,\"name\":\"Veja o valor total da d\u00edvida do Vasco\"}]},{\"@type\":\"WebSite\",\"@id\":\"https:\/\/www.gaveanews.com\/#website\",\"url\":\"https:\/\/www.gaveanews.com\/\",\"name\":\"G\u00e1vea News\",\"description\":\"Veja todas as not\u00edcias sobre o Flamengo: Contrata\u00e7\u00f5es, categorias de base, resultados das partidas, tabela de classifica\u00e7\u00e3o, pr\u00f3ximos jogos!\",\"potentialAction\":[{\"@type\":\"SearchAction\",\"target\":{\"@type\":\"EntryPoint\",\"urlTemplate\":\"https:\/\/www.gaveanews.com\/?s={search_term_string}\"},\"query-input\":{\"@type\":\"PropertyValueSpecification\",\"valueRequired\":true,\"valueName\":\"search_term_string\"}}],\"inLanguage\":\"pt-BR\"},{\"@type\":\"Person\",\"@id\":\"https:\/\/www.gaveanews.com\/#\/schema\/person\/0eb3e3fe1754f0205218538adbe8f5ed\",\"name\":\"Rafaela Ladeira\",\"image\":{\"@type\":\"ImageObject\",\"inLanguage\":\"pt-BR\",\"@id\":\"https:\/\/www.gaveanews.com\/#\/schema\/person\/image\/\",\"url\":\"https:\/\/secure.gravatar.com\/avatar\/c31f513acffd85eacab5730cbdfdbbf59f21ba5aeada8cd890acea879fbb2455?s=96&d=mm&r=g\",\"contentUrl\":\"https:\/\/secure.gravatar.com\/avatar\/c31f513acffd85eacab5730cbdfdbbf59f21ba5aeada8cd890acea879fbb2455?s=96&d=mm&r=g\",\"caption\":\"Rafaela Ladeira\"}}]}<\/script>\n<!-- \/ Yoast SEO Premium plugin. -->","yoast_head_json":{"title":"Veja o valor total da d\u00edvida do Vasco","robots":{"index":"index","follow":"follow","max-snippet":"max-snippet:-1","max-image-preview":"max-image-preview:large","max-video-preview":"max-video-preview:-1"},"canonical":"https:\/\/www.gaveanews.com\/index.php\/2025\/02\/26\/veja-o-valor-total-da-divida-do-vasco\/","og_locale":"pt_BR","og_type":"article","og_title":"Veja o valor total da d\u00edvida do Vasco","og_description":"A crise financeira do Vasco da Gama alcan\u00e7ou n\u00edveis alarmantes, com a recupera\u00e7\u00e3o judicial do clube sendo um dos \u00faltimos recursos para tentar reverter a situa\u00e7\u00e3o.&nbsp; A d\u00edvida de R$ 637,6 milh\u00f5es, que envolve 540 credores, \u00e9 apenas a ponta do iceberg do endividamento total do time, que chega a impressionantes R$ 1,4 bilh\u00e3o. A [&hellip;]","og_url":"https:\/\/www.gaveanews.com\/index.php\/2025\/02\/26\/veja-o-valor-total-da-divida-do-vasco\/","og_site_name":"G\u00e1vea News","article_publisher":"https:\/\/facebook.com\/gaveaNews\/","article_published_time":"2025-02-26T23:40:00+00:00","og_image":[{"width":1159,"height":772,"url":"https:\/\/www.gaveanews.com\/wp-content\/uploads\/Bandeira-do-Vasco-da-Gama.webp","type":"image\/webp"}],"author":"Rafaela Ladeira","twitter_card":"summary_large_image","twitter_misc":{"Escrito por":"Rafaela Ladeira","Est. tempo de leitura":"3 minutos"},"schema":{"@context":"https:\/\/schema.org","@graph":[{"@type":"NewsArticle","@id":"https:\/\/www.gaveanews.com\/index.php\/2025\/02\/26\/veja-o-valor-total-da-divida-do-vasco\/#article","isPartOf":{"@id":"https:\/\/www.gaveanews.com\/index.php\/2025\/02\/26\/veja-o-valor-total-da-divida-do-vasco\/"},"author":{"name":"Rafaela Ladeira","@id":"https:\/\/www.gaveanews.com\/#\/schema\/person\/0eb3e3fe1754f0205218538adbe8f5ed"},"headline":"Veja o valor total da d\u00edvida do Vasco","datePublished":"2025-02-26T23:40:00+00:00","mainEntityOfPage":{"@id":"https:\/\/www.gaveanews.com\/index.php\/2025\/02\/26\/veja-o-valor-total-da-divida-do-vasco\/"},"wordCount":458,"commentCount":0,"image":{"@id":"https:\/\/www.gaveanews.com\/index.php\/2025\/02\/26\/veja-o-valor-total-da-divida-do-vasco\/#primaryimage"},"thumbnailUrl":"https:\/\/www.gaveanews.com\/wp-content\/uploads\/Bandeira-do-Vasco-da-Gama.webp","articleSection":["Vasco"],"inLanguage":"pt-BR","potentialAction":[{"@type":"CommentAction","name":"Comment","target":["https:\/\/www.gaveanews.com\/index.php\/2025\/02\/26\/veja-o-valor-total-da-divida-do-vasco\/#respond"]}],"copyrightYear":"2025","copyrightHolder":{"@id":"https:\/\/www.gaveanews.com\/#organization"}},{"@type":"WebPage","@id":"https:\/\/www.gaveanews.com\/index.php\/2025\/02\/26\/veja-o-valor-total-da-divida-do-vasco\/","url":"https:\/\/www.gaveanews.com\/index.php\/2025\/02\/26\/veja-o-valor-total-da-divida-do-vasco\/","name":"Veja o valor total da d\u00edvida do Vasco","isPartOf":{"@id":"https:\/\/www.gaveanews.com\/#website"},"primaryImageOfPage":{"@id":"https:\/\/www.gaveanews.com\/index.php\/2025\/02\/26\/veja-o-valor-total-da-divida-do-vasco\/#primaryimage"},"image":{"@id":"https:\/\/www.gaveanews.com\/index.php\/2025\/02\/26\/veja-o-valor-total-da-divida-do-vasco\/#primaryimage"},"thumbnailUrl":"https:\/\/www.gaveanews.com\/wp-content\/uploads\/Bandeira-do-Vasco-da-Gama.webp","datePublished":"2025-02-26T23:40:00+00:00","author":{"@id":"https:\/\/www.gaveanews.com\/#\/schema\/person\/0eb3e3fe1754f0205218538adbe8f5ed"},"breadcrumb":{"@id":"https:\/\/www.gaveanews.com\/index.php\/2025\/02\/26\/veja-o-valor-total-da-divida-do-vasco\/#breadcrumb"},"inLanguage":"pt-BR","potentialAction":[{"@type":"ReadAction","target":["https:\/\/www.gaveanews.com\/index.php\/2025\/02\/26\/veja-o-valor-total-da-divida-do-vasco\/"]}]},{"@type":"ImageObject","inLanguage":"pt-BR","@id":"https:\/\/www.gaveanews.com\/index.php\/2025\/02\/26\/veja-o-valor-total-da-divida-do-vasco\/#primaryimage","url":"https:\/\/www.gaveanews.com\/wp-content\/uploads\/Bandeira-do-Vasco-da-Gama.webp","contentUrl":"https:\/\/www.gaveanews.com\/wp-content\/uploads\/Bandeira-do-Vasco-da-Gama.webp","width":1159,"height":772,"caption":"Bandeira do Vasco da Gama (Foto: Reprodu\u00e7\u00e3o\/Vasco)"},{"@type":"BreadcrumbList","@id":"https:\/\/www.gaveanews.com\/index.php\/2025\/02\/26\/veja-o-valor-total-da-divida-do-vasco\/#breadcrumb","itemListElement":[{"@type":"ListItem","position":1,"name":"Home","item":"https:\/\/www.gaveanews.com\/"},{"@type":"ListItem","position":2,"name":"Veja o valor total da d\u00edvida do Vasco"}]},{"@type":"WebSite","@id":"https:\/\/www.gaveanews.com\/#website","url":"https:\/\/www.gaveanews.com\/","name":"G\u00e1vea News","description":"Veja todas as not\u00edcias sobre o Flamengo: Contrata\u00e7\u00f5es, categorias de base, resultados das partidas, tabela de classifica\u00e7\u00e3o, pr\u00f3ximos jogos!","potentialAction":[{"@type":"SearchAction","target":{"@type":"EntryPoint","urlTemplate":"https:\/\/www.gaveanews.com\/?s={search_term_string}"},"query-input":{"@type":"PropertyValueSpecification","valueRequired":true,"valueName":"search_term_string"}}],"inLanguage":"pt-BR"},{"@type":"Person","@id":"https:\/\/www.gaveanews.com\/#\/schema\/person\/0eb3e3fe1754f0205218538adbe8f5ed","name":"Rafaela Ladeira","image":{"@type":"ImageObject","inLanguage":"pt-BR","@id":"https:\/\/www.gaveanews.com\/#\/schema\/person\/image\/","url":"https:\/\/secure.gravatar.com\/avatar\/c31f513acffd85eacab5730cbdfdbbf59f21ba5aeada8cd890acea879fbb2455?s=96&d=mm&r=g","contentUrl":"https:\/\/secure.gravatar.com\/avatar\/c31f513acffd85eacab5730cbdfdbbf59f21ba5aeada8cd890acea879fbb2455?s=96&d=mm&r=g","caption":"Rafaela Ladeira"}}]}},"_links":{"self":[{"href":"https:\/\/www.gaveanews.com\/index.php\/wp-json\/wp\/v2\/posts\/233225","targetHints":{"allow":["GET"]}}],"collection":[{"href":"https:\/\/www.gaveanews.com\/index.php\/wp-json\/wp\/v2\/posts"}],"about":[{"href":"https:\/\/www.gaveanews.com\/index.php\/wp-json\/wp\/v2\/types\/post"}],"author":[{"embeddable":true,"href":"https:\/\/www.gaveanews.com\/index.php\/wp-json\/wp\/v2\/users\/25"}],"replies":[{"embeddable":true,"href":"https:\/\/www.gaveanews.com\/index.php\/wp-json\/wp\/v2\/comments?post=233225"}],"version-history":[{"count":1,"href":"https:\/\/www.gaveanews.com\/index.php\/wp-json\/wp\/v2\/posts\/233225\/revisions"}],"predecessor-version":[{"id":233226,"href":"https:\/\/www.gaveanews.com\/index.php\/wp-json\/wp\/v2\/posts\/233225\/revisions\/233226"}],"wp:featuredmedia":[{"embeddable":true,"href":"https:\/\/www.gaveanews.com\/index.php\/wp-json\/wp\/v2\/media\/152090"}],"wp:attachment":[{"href":"https:\/\/www.gaveanews.com\/index.php\/wp-json\/wp\/v2\/media?parent=233225"}],"wp:term":[{"taxonomy":"category","embeddable":true,"href":"https:\/\/www.gaveanews.com\/index.php\/wp-json\/wp\/v2\/categories?post=233225"},{"taxonomy":"post_tag","embeddable":true,"href":"https:\/\/www.gaveanews.com\/index.php\/wp-json\/wp\/v2\/tags?post=233225"}],"curies":[{"name":"wp","href":"https:\/\/api.w.org\/{rel}","templated":true}]}}