{"id":233245,"date":"2025-02-26T22:50:00","date_gmt":"2025-02-27T01:50:00","guid":{"rendered":"https:\/\/www.gaveanews.com\/?p=233245"},"modified":"2025-02-26T21:44:52","modified_gmt":"2025-02-27T00:44:52","slug":"sao-paulo-como-a-lesao-de-pablo-maia-impacta-a-proxima-janela-de-transferencias","status":"publish","type":"post","link":"https:\/\/www.gaveanews.com\/index.php\/2025\/02\/26\/sao-paulo-como-a-lesao-de-pablo-maia-impacta-a-proxima-janela-de-transferencias\/","title":{"rendered":"S\u00e3o Paulo: como a les\u00e3o de Pablo Maia impacta a pr\u00f3xima janela de transfer\u00eancias"},"content":{"rendered":"\n<p>A les\u00e3o sofrida por Pablo Maia, volante de 23 anos do S\u00e3o Paulo, trouxe mais do que desafios t\u00e9cnicos para o time dentro de campo. Al\u00e9m de afetar o desempenho esportivo, a situa\u00e7\u00e3o impacta diretamente o planejamento financeiro do clube, que ainda busca alternativas para equilibrar suas contas e reduzir o endividamento acumulado ao longo dos anos.<\/p>\n\n\n\n<p>Antes do rev\u00e9s f\u00edsico ocorrido no \u00faltimo domingo (23), em partida contra o S\u00e3o Bernardo, o jovem meio-campista despontava como um dos principais alvos da janela europeia de ver\u00e3o, prevista para acontecer entre junho e julho. <\/p>\n\n\n\n<p>De acordo com informa\u00e7\u00f5es divulgadas pela ESPN, clubes da Premier League demonstravam especial interesse no jogador. Contudo, o novo problema no tornozelo interrompeu as negocia\u00e7\u00f5es antes mesmo de avan\u00e7arem.<\/p>\n\n\n\n<p>Desde sua ascens\u00e3o ao elenco profissional, Pablo Maia \u00e9 alvo frequente de sondagens internacionais. Apesar de j\u00e1 ter recebido propostas oficiais, os valores oferecidos anteriormente n\u00e3o foram suficientes para convencer a diretoria s\u00e3o-paulina a concretizar uma venda. <\/p>\n\n\n\n<p>A expectativa era de que novas ofertas surgissem ao longo deste ano, especialmente porque o atleta integrava a lista de observa\u00e7\u00e3o de Dorival J\u00fanior para futuras convoca\u00e7\u00f5es \u00e0 sele\u00e7\u00e3o brasileira.<\/p>\n\n\n\n<h2 class=\"wp-block-heading\" id=\"h-tempo-de-recuperacao-e-estrategias-do-clube\">Tempo de recupera\u00e7\u00e3o e estrat\u00e9gias do clube<\/h2>\n\n\n\n<p>Com a nova les\u00e3o, Pablo Maia enfrentar\u00e1 um per\u00edodo prolongado de recupera\u00e7\u00e3o. Ap\u00f3s retornar aos gramados em janeiro, ele novamente se machucou e precisou passar por cirurgia. Estima-se que o jogador fique afastado por um per\u00edodo que varia entre quatro e seis meses, comprometendo boa parte do calend\u00e1rio esportivo. <\/p>\n\n\n\n<p>Diante disso, o S\u00e3o Paulo avalia estender seu contrato, atualmente v\u00e1lido at\u00e9 dezembro de 2027, visando garantir seguran\u00e7a tanto ao atleta quanto ao clube em eventuais negocia\u00e7\u00f5es futuras.<\/p>\n\n\n\n<h2 class=\"wp-block-heading\" id=\"h-proximo-jogo-do-sao-paulo\">Pr\u00f3ximo jogo do S\u00e3o Paulo <\/h2>\n\n\n\n<p>Enquanto isso, o S\u00e3o Paulo segue concentrado na disputa do Campeonato Paulista. O Tricolor entra em campo na pr\u00f3xima segunda-feira (3) para enfrentar o Novorizontino, em partida v\u00e1lida pelas quartas de final da competi\u00e7\u00e3o estadual. O confronto est\u00e1 marcado para \u00e0s 20h (de Bras\u00edlia), no Est\u00e1dio do Morumbi.<\/p>\n\n\n\n<p>O S\u00e3o Paulo leva vantagem no duelo por ter realizado uma campanha superior \u00e0 do Novorizontino durante a fase inicial do torneio. Essa posi\u00e7\u00e3o garante ao Tricolor o direito de decidir o confronto em casa, aumentando as chances de classifica\u00e7\u00e3o para as semifinais.<\/p>\n","protected":false},"excerpt":{"rendered":"<p>A les\u00e3o sofrida por Pablo Maia, volante de 23 anos do S\u00e3o Paulo, trouxe mais do que desafios t\u00e9cnicos para o time dentro de campo. Al\u00e9m de afetar o desempenho esportivo, a situa\u00e7\u00e3o impacta diretamente o planejamento financeiro do clube, que ainda busca alternativas para equilibrar suas contas e reduzir o endividamento acumulado ao longo [&hellip;]<\/p>\n","protected":false},"author":28,"featured_media":161874,"comment_status":"open","ping_status":"closed","sticky":false,"template":"","format":"standard","meta":{"footnotes":""},"categories":[151],"tags":[],"class_list":["post-233245","post","type-post","status-publish","format-standard","has-post-thumbnail","hentry","category-sao-paulo"],"yoast_head":"<!-- This site is optimized with the Yoast SEO Premium plugin v24.2 (Yoast SEO v26.9) - https:\/\/yoast.com\/product\/yoast-seo-premium-wordpress\/ -->\n<title>S\u00e3o Paulo: como a les\u00e3o de Pablo Maia impacta a pr\u00f3xima janela de transfer\u00eancias<\/title>\n<meta name=\"robots\" content=\"index, follow, max-snippet:-1, max-image-preview:large, max-video-preview:-1\" \/>\n<link rel=\"canonical\" href=\"https:\/\/www.gaveanews.com\/index.php\/2025\/02\/26\/sao-paulo-como-a-lesao-de-pablo-maia-impacta-a-proxima-janela-de-transferencias\/\" \/>\n<meta property=\"og:locale\" content=\"pt_BR\" \/>\n<meta property=\"og:type\" content=\"article\" \/>\n<meta property=\"og:title\" content=\"S\u00e3o Paulo: como a les\u00e3o de Pablo Maia impacta a pr\u00f3xima janela de transfer\u00eancias\" \/>\n<meta property=\"og:description\" content=\"A les\u00e3o sofrida por Pablo Maia, volante de 23 anos do S\u00e3o Paulo, trouxe mais do que desafios t\u00e9cnicos para o time dentro de campo. Al\u00e9m de afetar o desempenho esportivo, a situa\u00e7\u00e3o impacta diretamente o planejamento financeiro do clube, que ainda busca alternativas para equilibrar suas contas e reduzir o endividamento acumulado ao longo [&hellip;]\" \/>\n<meta property=\"og:url\" content=\"https:\/\/www.gaveanews.com\/index.php\/2025\/02\/26\/sao-paulo-como-a-lesao-de-pablo-maia-impacta-a-proxima-janela-de-transferencias\/\" \/>\n<meta property=\"og:site_name\" content=\"G\u00e1vea News\" \/>\n<meta property=\"article:publisher\" content=\"https:\/\/facebook.com\/gaveaNews\/\" \/>\n<meta property=\"article:published_time\" content=\"2025-02-27T01:50:00+00:00\" \/>\n<meta property=\"og:image\" content=\"https:\/\/www.gaveanews.com\/wp-content\/uploads\/Pablo-Maia-em-acao-pelo-time-do-Sao-Paulo.webp\" \/>\n\t<meta property=\"og:image:width\" content=\"1242\" \/>\n\t<meta property=\"og:image:height\" content=\"1134\" \/>\n\t<meta property=\"og:image:type\" content=\"image\/jpeg\" \/>\n<meta name=\"author\" content=\"Hudson Pereira\" \/>\n<meta name=\"twitter:card\" content=\"summary_large_image\" \/>\n<meta name=\"twitter:label1\" content=\"Escrito por\" \/>\n\t<meta name=\"twitter:data1\" content=\"Hudson Pereira\" \/>\n\t<meta name=\"twitter:label2\" content=\"Est. tempo de leitura\" \/>\n\t<meta name=\"twitter:data2\" content=\"3 minutos\" \/>\n<script type=\"application\/ld+json\" class=\"yoast-schema-graph\">{\"@context\":\"https:\/\/schema.org\",\"@graph\":[{\"@type\":\"NewsArticle\",\"@id\":\"https:\/\/www.gaveanews.com\/index.php\/2025\/02\/26\/sao-paulo-como-a-lesao-de-pablo-maia-impacta-a-proxima-janela-de-transferencias\/#article\",\"isPartOf\":{\"@id\":\"https:\/\/www.gaveanews.com\/index.php\/2025\/02\/26\/sao-paulo-como-a-lesao-de-pablo-maia-impacta-a-proxima-janela-de-transferencias\/\"},\"author\":{\"name\":\"Hudson Pereira\",\"@id\":\"https:\/\/www.gaveanews.com\/#\/schema\/person\/bd08f00534b403119b92741a6d469ef0\"},\"headline\":\"S\u00e3o Paulo: como a les\u00e3o de Pablo Maia impacta a pr\u00f3xima janela de transfer\u00eancias\",\"datePublished\":\"2025-02-27T01:50:00+00:00\",\"mainEntityOfPage\":{\"@id\":\"https:\/\/www.gaveanews.com\/index.php\/2025\/02\/26\/sao-paulo-como-a-lesao-de-pablo-maia-impacta-a-proxima-janela-de-transferencias\/\"},\"wordCount\":422,\"commentCount\":0,\"image\":{\"@id\":\"https:\/\/www.gaveanews.com\/index.php\/2025\/02\/26\/sao-paulo-como-a-lesao-de-pablo-maia-impacta-a-proxima-janela-de-transferencias\/#primaryimage\"},\"thumbnailUrl\":\"https:\/\/www.gaveanews.com\/wp-content\/uploads\/Pablo-Maia-em-acao-pelo-time-do-Sao-Paulo.webp\",\"articleSection\":[\"S\u00e3o Paulo\"],\"inLanguage\":\"pt-BR\",\"potentialAction\":[{\"@type\":\"CommentAction\",\"name\":\"Comment\",\"target\":[\"https:\/\/www.gaveanews.com\/index.php\/2025\/02\/26\/sao-paulo-como-a-lesao-de-pablo-maia-impacta-a-proxima-janela-de-transferencias\/#respond\"]}],\"copyrightYear\":\"2025\",\"copyrightHolder\":{\"@id\":\"https:\/\/www.gaveanews.com\/#organization\"}},{\"@type\":\"WebPage\",\"@id\":\"https:\/\/www.gaveanews.com\/index.php\/2025\/02\/26\/sao-paulo-como-a-lesao-de-pablo-maia-impacta-a-proxima-janela-de-transferencias\/\",\"url\":\"https:\/\/www.gaveanews.com\/index.php\/2025\/02\/26\/sao-paulo-como-a-lesao-de-pablo-maia-impacta-a-proxima-janela-de-transferencias\/\",\"name\":\"S\u00e3o Paulo: como a les\u00e3o de Pablo Maia impacta a pr\u00f3xima janela de transfer\u00eancias\",\"isPartOf\":{\"@id\":\"https:\/\/www.gaveanews.com\/#website\"},\"primaryImageOfPage\":{\"@id\":\"https:\/\/www.gaveanews.com\/index.php\/2025\/02\/26\/sao-paulo-como-a-lesao-de-pablo-maia-impacta-a-proxima-janela-de-transferencias\/#primaryimage\"},\"image\":{\"@id\":\"https:\/\/www.gaveanews.com\/index.php\/2025\/02\/26\/sao-paulo-como-a-lesao-de-pablo-maia-impacta-a-proxima-janela-de-transferencias\/#primaryimage\"},\"thumbnailUrl\":\"https:\/\/www.gaveanews.com\/wp-content\/uploads\/Pablo-Maia-em-acao-pelo-time-do-Sao-Paulo.webp\",\"datePublished\":\"2025-02-27T01:50:00+00:00\",\"author\":{\"@id\":\"https:\/\/www.gaveanews.com\/#\/schema\/person\/bd08f00534b403119b92741a6d469ef0\"},\"breadcrumb\":{\"@id\":\"https:\/\/www.gaveanews.com\/index.php\/2025\/02\/26\/sao-paulo-como-a-lesao-de-pablo-maia-impacta-a-proxima-janela-de-transferencias\/#breadcrumb\"},\"inLanguage\":\"pt-BR\",\"potentialAction\":[{\"@type\":\"ReadAction\",\"target\":[\"https:\/\/www.gaveanews.com\/index.php\/2025\/02\/26\/sao-paulo-como-a-lesao-de-pablo-maia-impacta-a-proxima-janela-de-transferencias\/\"]}]},{\"@type\":\"ImageObject\",\"inLanguage\":\"pt-BR\",\"@id\":\"https:\/\/www.gaveanews.com\/index.php\/2025\/02\/26\/sao-paulo-como-a-lesao-de-pablo-maia-impacta-a-proxima-janela-de-transferencias\/#primaryimage\",\"url\":\"https:\/\/www.gaveanews.com\/wp-content\/uploads\/Pablo-Maia-em-acao-pelo-time-do-Sao-Paulo.webp\",\"contentUrl\":\"https:\/\/www.gaveanews.com\/wp-content\/uploads\/Pablo-Maia-em-acao-pelo-time-do-Sao-Paulo.webp\",\"width\":1242,\"height\":1134,\"caption\":\"Pablo Maia em a\u00e7\u00e3o pelo time do S\u00e3o Paulo (Foto: Reprodu\u00e7\u00e3o\/Instagram)\"},{\"@type\":\"BreadcrumbList\",\"@id\":\"https:\/\/www.gaveanews.com\/index.php\/2025\/02\/26\/sao-paulo-como-a-lesao-de-pablo-maia-impacta-a-proxima-janela-de-transferencias\/#breadcrumb\",\"itemListElement\":[{\"@type\":\"ListItem\",\"position\":1,\"name\":\"Home\",\"item\":\"https:\/\/www.gaveanews.com\/\"},{\"@type\":\"ListItem\",\"position\":2,\"name\":\"S\u00e3o Paulo: como a les\u00e3o de Pablo Maia impacta a pr\u00f3xima janela de transfer\u00eancias\"}]},{\"@type\":\"WebSite\",\"@id\":\"https:\/\/www.gaveanews.com\/#website\",\"url\":\"https:\/\/www.gaveanews.com\/\",\"name\":\"G\u00e1vea News\",\"description\":\"Veja todas as not\u00edcias sobre o Flamengo: Contrata\u00e7\u00f5es, categorias de base, resultados das partidas, tabela de classifica\u00e7\u00e3o, pr\u00f3ximos jogos!\",\"potentialAction\":[{\"@type\":\"SearchAction\",\"target\":{\"@type\":\"EntryPoint\",\"urlTemplate\":\"https:\/\/www.gaveanews.com\/?s={search_term_string}\"},\"query-input\":{\"@type\":\"PropertyValueSpecification\",\"valueRequired\":true,\"valueName\":\"search_term_string\"}}],\"inLanguage\":\"pt-BR\"},{\"@type\":\"Person\",\"@id\":\"https:\/\/www.gaveanews.com\/#\/schema\/person\/bd08f00534b403119b92741a6d469ef0\",\"name\":\"Hudson Pereira\",\"image\":{\"@type\":\"ImageObject\",\"inLanguage\":\"pt-BR\",\"@id\":\"https:\/\/www.gaveanews.com\/#\/schema\/person\/image\/\",\"url\":\"https:\/\/secure.gravatar.com\/avatar\/ecc491b489e454e510efffc9b23c1052ce5fb4f2e05555768ba65819cd55f03e?s=96&d=mm&r=g\",\"contentUrl\":\"https:\/\/secure.gravatar.com\/avatar\/ecc491b489e454e510efffc9b23c1052ce5fb4f2e05555768ba65819cd55f03e?s=96&d=mm&r=g\",\"caption\":\"Hudson Pereira\"}}]}<\/script>\n<!-- \/ Yoast SEO Premium plugin. -->","yoast_head_json":{"title":"S\u00e3o Paulo: como a les\u00e3o de Pablo Maia impacta a pr\u00f3xima janela de transfer\u00eancias","robots":{"index":"index","follow":"follow","max-snippet":"max-snippet:-1","max-image-preview":"max-image-preview:large","max-video-preview":"max-video-preview:-1"},"canonical":"https:\/\/www.gaveanews.com\/index.php\/2025\/02\/26\/sao-paulo-como-a-lesao-de-pablo-maia-impacta-a-proxima-janela-de-transferencias\/","og_locale":"pt_BR","og_type":"article","og_title":"S\u00e3o Paulo: como a les\u00e3o de Pablo Maia impacta a pr\u00f3xima janela de transfer\u00eancias","og_description":"A les\u00e3o sofrida por Pablo Maia, volante de 23 anos do S\u00e3o Paulo, trouxe mais do que desafios t\u00e9cnicos para o time dentro de campo. Al\u00e9m de afetar o desempenho esportivo, a situa\u00e7\u00e3o impacta diretamente o planejamento financeiro do clube, que ainda busca alternativas para equilibrar suas contas e reduzir o endividamento acumulado ao longo [&hellip;]","og_url":"https:\/\/www.gaveanews.com\/index.php\/2025\/02\/26\/sao-paulo-como-a-lesao-de-pablo-maia-impacta-a-proxima-janela-de-transferencias\/","og_site_name":"G\u00e1vea News","article_publisher":"https:\/\/facebook.com\/gaveaNews\/","article_published_time":"2025-02-27T01:50:00+00:00","og_image":[{"width":1242,"height":1134,"url":"https:\/\/www.gaveanews.com\/wp-content\/uploads\/Pablo-Maia-em-acao-pelo-time-do-Sao-Paulo.webp","type":"image\/jpeg"}],"author":"Hudson Pereira","twitter_card":"summary_large_image","twitter_misc":{"Escrito por":"Hudson Pereira","Est. tempo de leitura":"3 minutos"},"schema":{"@context":"https:\/\/schema.org","@graph":[{"@type":"NewsArticle","@id":"https:\/\/www.gaveanews.com\/index.php\/2025\/02\/26\/sao-paulo-como-a-lesao-de-pablo-maia-impacta-a-proxima-janela-de-transferencias\/#article","isPartOf":{"@id":"https:\/\/www.gaveanews.com\/index.php\/2025\/02\/26\/sao-paulo-como-a-lesao-de-pablo-maia-impacta-a-proxima-janela-de-transferencias\/"},"author":{"name":"Hudson Pereira","@id":"https:\/\/www.gaveanews.com\/#\/schema\/person\/bd08f00534b403119b92741a6d469ef0"},"headline":"S\u00e3o Paulo: como a les\u00e3o de Pablo Maia impacta a pr\u00f3xima janela de transfer\u00eancias","datePublished":"2025-02-27T01:50:00+00:00","mainEntityOfPage":{"@id":"https:\/\/www.gaveanews.com\/index.php\/2025\/02\/26\/sao-paulo-como-a-lesao-de-pablo-maia-impacta-a-proxima-janela-de-transferencias\/"},"wordCount":422,"commentCount":0,"image":{"@id":"https:\/\/www.gaveanews.com\/index.php\/2025\/02\/26\/sao-paulo-como-a-lesao-de-pablo-maia-impacta-a-proxima-janela-de-transferencias\/#primaryimage"},"thumbnailUrl":"https:\/\/www.gaveanews.com\/wp-content\/uploads\/Pablo-Maia-em-acao-pelo-time-do-Sao-Paulo.webp","articleSection":["S\u00e3o Paulo"],"inLanguage":"pt-BR","potentialAction":[{"@type":"CommentAction","name":"Comment","target":["https:\/\/www.gaveanews.com\/index.php\/2025\/02\/26\/sao-paulo-como-a-lesao-de-pablo-maia-impacta-a-proxima-janela-de-transferencias\/#respond"]}],"copyrightYear":"2025","copyrightHolder":{"@id":"https:\/\/www.gaveanews.com\/#organization"}},{"@type":"WebPage","@id":"https:\/\/www.gaveanews.com\/index.php\/2025\/02\/26\/sao-paulo-como-a-lesao-de-pablo-maia-impacta-a-proxima-janela-de-transferencias\/","url":"https:\/\/www.gaveanews.com\/index.php\/2025\/02\/26\/sao-paulo-como-a-lesao-de-pablo-maia-impacta-a-proxima-janela-de-transferencias\/","name":"S\u00e3o Paulo: como a les\u00e3o de Pablo Maia impacta a pr\u00f3xima janela de transfer\u00eancias","isPartOf":{"@id":"https:\/\/www.gaveanews.com\/#website"},"primaryImageOfPage":{"@id":"https:\/\/www.gaveanews.com\/index.php\/2025\/02\/26\/sao-paulo-como-a-lesao-de-pablo-maia-impacta-a-proxima-janela-de-transferencias\/#primaryimage"},"image":{"@id":"https:\/\/www.gaveanews.com\/index.php\/2025\/02\/26\/sao-paulo-como-a-lesao-de-pablo-maia-impacta-a-proxima-janela-de-transferencias\/#primaryimage"},"thumbnailUrl":"https:\/\/www.gaveanews.com\/wp-content\/uploads\/Pablo-Maia-em-acao-pelo-time-do-Sao-Paulo.webp","datePublished":"2025-02-27T01:50:00+00:00","author":{"@id":"https:\/\/www.gaveanews.com\/#\/schema\/person\/bd08f00534b403119b92741a6d469ef0"},"breadcrumb":{"@id":"https:\/\/www.gaveanews.com\/index.php\/2025\/02\/26\/sao-paulo-como-a-lesao-de-pablo-maia-impacta-a-proxima-janela-de-transferencias\/#breadcrumb"},"inLanguage":"pt-BR","potentialAction":[{"@type":"ReadAction","target":["https:\/\/www.gaveanews.com\/index.php\/2025\/02\/26\/sao-paulo-como-a-lesao-de-pablo-maia-impacta-a-proxima-janela-de-transferencias\/"]}]},{"@type":"ImageObject","inLanguage":"pt-BR","@id":"https:\/\/www.gaveanews.com\/index.php\/2025\/02\/26\/sao-paulo-como-a-lesao-de-pablo-maia-impacta-a-proxima-janela-de-transferencias\/#primaryimage","url":"https:\/\/www.gaveanews.com\/wp-content\/uploads\/Pablo-Maia-em-acao-pelo-time-do-Sao-Paulo.webp","contentUrl":"https:\/\/www.gaveanews.com\/wp-content\/uploads\/Pablo-Maia-em-acao-pelo-time-do-Sao-Paulo.webp","width":1242,"height":1134,"caption":"Pablo Maia em a\u00e7\u00e3o pelo time do S\u00e3o Paulo (Foto: Reprodu\u00e7\u00e3o\/Instagram)"},{"@type":"BreadcrumbList","@id":"https:\/\/www.gaveanews.com\/index.php\/2025\/02\/26\/sao-paulo-como-a-lesao-de-pablo-maia-impacta-a-proxima-janela-de-transferencias\/#breadcrumb","itemListElement":[{"@type":"ListItem","position":1,"name":"Home","item":"https:\/\/www.gaveanews.com\/"},{"@type":"ListItem","position":2,"name":"S\u00e3o Paulo: como a les\u00e3o de Pablo Maia impacta a pr\u00f3xima janela de transfer\u00eancias"}]},{"@type":"WebSite","@id":"https:\/\/www.gaveanews.com\/#website","url":"https:\/\/www.gaveanews.com\/","name":"G\u00e1vea News","description":"Veja todas as not\u00edcias sobre o Flamengo: Contrata\u00e7\u00f5es, categorias de base, resultados das partidas, tabela de classifica\u00e7\u00e3o, pr\u00f3ximos jogos!","potentialAction":[{"@type":"SearchAction","target":{"@type":"EntryPoint","urlTemplate":"https:\/\/www.gaveanews.com\/?s={search_term_string}"},"query-input":{"@type":"PropertyValueSpecification","valueRequired":true,"valueName":"search_term_string"}}],"inLanguage":"pt-BR"},{"@type":"Person","@id":"https:\/\/www.gaveanews.com\/#\/schema\/person\/bd08f00534b403119b92741a6d469ef0","name":"Hudson Pereira","image":{"@type":"ImageObject","inLanguage":"pt-BR","@id":"https:\/\/www.gaveanews.com\/#\/schema\/person\/image\/","url":"https:\/\/secure.gravatar.com\/avatar\/ecc491b489e454e510efffc9b23c1052ce5fb4f2e05555768ba65819cd55f03e?s=96&d=mm&r=g","contentUrl":"https:\/\/secure.gravatar.com\/avatar\/ecc491b489e454e510efffc9b23c1052ce5fb4f2e05555768ba65819cd55f03e?s=96&d=mm&r=g","caption":"Hudson Pereira"}}]}},"_links":{"self":[{"href":"https:\/\/www.gaveanews.com\/index.php\/wp-json\/wp\/v2\/posts\/233245","targetHints":{"allow":["GET"]}}],"collection":[{"href":"https:\/\/www.gaveanews.com\/index.php\/wp-json\/wp\/v2\/posts"}],"about":[{"href":"https:\/\/www.gaveanews.com\/index.php\/wp-json\/wp\/v2\/types\/post"}],"author":[{"embeddable":true,"href":"https:\/\/www.gaveanews.com\/index.php\/wp-json\/wp\/v2\/users\/28"}],"replies":[{"embeddable":true,"href":"https:\/\/www.gaveanews.com\/index.php\/wp-json\/wp\/v2\/comments?post=233245"}],"version-history":[{"count":3,"href":"https:\/\/www.gaveanews.com\/index.php\/wp-json\/wp\/v2\/posts\/233245\/revisions"}],"predecessor-version":[{"id":233268,"href":"https:\/\/www.gaveanews.com\/index.php\/wp-json\/wp\/v2\/posts\/233245\/revisions\/233268"}],"wp:featuredmedia":[{"embeddable":true,"href":"https:\/\/www.gaveanews.com\/index.php\/wp-json\/wp\/v2\/media\/161874"}],"wp:attachment":[{"href":"https:\/\/www.gaveanews.com\/index.php\/wp-json\/wp\/v2\/media?parent=233245"}],"wp:term":[{"taxonomy":"category","embeddable":true,"href":"https:\/\/www.gaveanews.com\/index.php\/wp-json\/wp\/v2\/categories?post=233245"},{"taxonomy":"post_tag","embeddable":true,"href":"https:\/\/www.gaveanews.com\/index.php\/wp-json\/wp\/v2\/tags?post=233245"}],"curies":[{"name":"wp","href":"https:\/\/api.w.org\/{rel}","templated":true}]}}