{"id":233253,"date":"2025-02-26T22:35:00","date_gmt":"2025-02-27T01:35:00","guid":{"rendered":"https:\/\/www.gaveanews.com\/?p=233253"},"modified":"2025-02-26T21:44:21","modified_gmt":"2025-02-27T00:44:21","slug":"saiba-quando-paulinho-vai-estrear-pelo-palmeiras","status":"publish","type":"post","link":"https:\/\/www.gaveanews.com\/index.php\/2025\/02\/26\/saiba-quando-paulinho-vai-estrear-pelo-palmeiras\/","title":{"rendered":"Saiba quando Paulinho vai estrear pelo Palmeiras"},"content":{"rendered":"\n<p>A torcida do Palmeiras recebeu uma grande not\u00edcia. Paulinho fez treinamento com bola na Academia de Futebol e a expectativa da estreia dele pelo clube s\u00f3 tem aumentado. Ele fez um procedimento cir\u00fargico quando era jogador do Atl\u00e9tico-MG e segue se recuperando no departamento m\u00e9dico do Alviverde.<\/p>\n\n\n\n<p>Na \u00faltima ter\u00e7a-feira (25\/2), por meio do site do clube, o Palmeiras comunicou que Paulinho \u201ccumpriu cronograma interno e tamb\u00e9m no gramado (com bola) sob o comando do N\u00facleo de Sa\u00fade e Performance\u201d. Ele passou por uma cirurgia para corre\u00e7\u00e3o de uma fratura na t\u00edbia, causada por estresse.&nbsp;<\/p>\n\n\n\n<p>Segundo a Itatiaia, a previs\u00e3o de volta do atacante \u00e9 para o m\u00eas de abril. No quarto m\u00eas do ano, o Alviverde j\u00e1 tem 5 confrontos definidos, todos pelo Campeonato Brasileiro. Vai receber Corinthians e Bahia, no Allianz Parque, e viaja para enfrentar Sport, Internacional e Fortaleza. Assim, existe a possibilidade dele fazer a estreia contra o maior rival, em um D\u00e9rbi Paulista.<\/p>\n\n\n\n<p>Paulinho foi contratado junto ao Atl\u00e9tico-MG na negocia\u00e7\u00e3o mais cara do mercado interno brasileiro. Ele teve os direitos econ\u00f4micos adquiridos por 115 milh\u00f5es de reais, mais a inclus\u00e3o de Patrick e Gabriel Menino, que rumaram para Belo Horizonte.<\/p>\n\n\n\n<p>A chegada dele faz parte do processo de reestrutura\u00e7\u00e3o proposto pelo Palmeiras, encabe\u00e7ado por Abel Ferreira e Leila Pereira. Al\u00e9m dele, Facundo Torres tamb\u00e9m chegou para ser uma das op\u00e7\u00f5es, contratado por 85 milh\u00f5es de reais junto ao Orlando City, dos Estados Unidos.<\/p>\n\n\n\n<p>Outro que pode estar perto de desembarcar em S\u00e3o Paulo \u00e9 Vitor Roque, revelado no Athletico Paranaense e que est\u00e1 no Barcelona, da Espanha. Em um primeiro momento, a La Liga havia impedido a transfer\u00eancia, j\u00e1 que a janela espanhola est\u00e1 fechada. Mas a Fifa interveio e assumiu a responsabilidade, permitindo que haja sim um neg\u00f3cio entre os clubes palestrinos e espanhois.<\/p>\n","protected":false},"excerpt":{"rendered":"<p>A torcida do Palmeiras recebeu uma grande not\u00edcia. Paulinho fez treinamento com bola na Academia de Futebol e a expectativa da estreia dele pelo clube s\u00f3 tem aumentado. Ele fez um procedimento cir\u00fargico quando era jogador do Atl\u00e9tico-MG e segue se recuperando no departamento m\u00e9dico do Alviverde. Na \u00faltima ter\u00e7a-feira (25\/2), por meio do site [&hellip;]<\/p>\n","protected":false},"author":29,"featured_media":217006,"comment_status":"open","ping_status":"closed","sticky":false,"template":"","format":"standard","meta":{"footnotes":""},"categories":[150],"tags":[],"class_list":["post-233253","post","type-post","status-publish","format-standard","has-post-thumbnail","hentry","category-palmeiras"],"yoast_head":"<!-- This site is optimized with the Yoast SEO Premium plugin v24.2 (Yoast SEO v26.9) - https:\/\/yoast.com\/product\/yoast-seo-premium-wordpress\/ -->\n<title>Saiba quando Paulinho vai estrear pelo Palmeiras<\/title>\n<meta name=\"robots\" content=\"index, follow, max-snippet:-1, max-image-preview:large, max-video-preview:-1\" \/>\n<link rel=\"canonical\" href=\"https:\/\/www.gaveanews.com\/index.php\/2025\/02\/26\/saiba-quando-paulinho-vai-estrear-pelo-palmeiras\/\" \/>\n<meta property=\"og:locale\" content=\"pt_BR\" \/>\n<meta property=\"og:type\" content=\"article\" \/>\n<meta property=\"og:title\" content=\"Saiba quando Paulinho vai estrear pelo Palmeiras\" \/>\n<meta property=\"og:description\" content=\"A torcida do Palmeiras recebeu uma grande not\u00edcia. Paulinho fez treinamento com bola na Academia de Futebol e a expectativa da estreia dele pelo clube s\u00f3 tem aumentado. Ele fez um procedimento cir\u00fargico quando era jogador do Atl\u00e9tico-MG e segue se recuperando no departamento m\u00e9dico do Alviverde. Na \u00faltima ter\u00e7a-feira (25\/2), por meio do site [&hellip;]\" \/>\n<meta property=\"og:url\" content=\"https:\/\/www.gaveanews.com\/index.php\/2025\/02\/26\/saiba-quando-paulinho-vai-estrear-pelo-palmeiras\/\" \/>\n<meta property=\"og:site_name\" content=\"G\u00e1vea News\" \/>\n<meta property=\"article:publisher\" content=\"https:\/\/facebook.com\/gaveaNews\/\" \/>\n<meta property=\"article:published_time\" content=\"2025-02-27T01:35:00+00:00\" \/>\n<meta property=\"og:image\" content=\"https:\/\/www.gaveanews.com\/wp-content\/uploads\/Imagem-do-WhatsApp-de-2025-01-23-as-20.35.48_10028298.webp\" \/>\n\t<meta property=\"og:image:width\" content=\"1130\" \/>\n\t<meta property=\"og:image:height\" content=\"631\" \/>\n\t<meta property=\"og:image:type\" content=\"image\/jpeg\" \/>\n<meta name=\"author\" content=\"Marco Menezes\" \/>\n<meta name=\"twitter:card\" content=\"summary_large_image\" \/>\n<meta name=\"twitter:label1\" content=\"Escrito por\" \/>\n\t<meta name=\"twitter:data1\" content=\"Marco Menezes\" \/>\n\t<meta name=\"twitter:label2\" content=\"Est. tempo de leitura\" \/>\n\t<meta name=\"twitter:data2\" content=\"2 minutos\" \/>\n<script type=\"application\/ld+json\" class=\"yoast-schema-graph\">{\"@context\":\"https:\/\/schema.org\",\"@graph\":[{\"@type\":\"NewsArticle\",\"@id\":\"https:\/\/www.gaveanews.com\/index.php\/2025\/02\/26\/saiba-quando-paulinho-vai-estrear-pelo-palmeiras\/#article\",\"isPartOf\":{\"@id\":\"https:\/\/www.gaveanews.com\/index.php\/2025\/02\/26\/saiba-quando-paulinho-vai-estrear-pelo-palmeiras\/\"},\"author\":{\"name\":\"Marco Menezes\",\"@id\":\"https:\/\/www.gaveanews.com\/#\/schema\/person\/a9f62fe75380c6bada1b2fc49bc23d69\"},\"headline\":\"Saiba quando Paulinho vai estrear pelo Palmeiras\",\"datePublished\":\"2025-02-27T01:35:00+00:00\",\"mainEntityOfPage\":{\"@id\":\"https:\/\/www.gaveanews.com\/index.php\/2025\/02\/26\/saiba-quando-paulinho-vai-estrear-pelo-palmeiras\/\"},\"wordCount\":331,\"commentCount\":0,\"image\":{\"@id\":\"https:\/\/www.gaveanews.com\/index.php\/2025\/02\/26\/saiba-quando-paulinho-vai-estrear-pelo-palmeiras\/#primaryimage\"},\"thumbnailUrl\":\"https:\/\/www.gaveanews.com\/wp-content\/uploads\/Imagem-do-WhatsApp-de-2025-01-23-as-20.35.48_10028298.webp\",\"articleSection\":[\"Palmeiras\"],\"inLanguage\":\"pt-BR\",\"potentialAction\":[{\"@type\":\"CommentAction\",\"name\":\"Comment\",\"target\":[\"https:\/\/www.gaveanews.com\/index.php\/2025\/02\/26\/saiba-quando-paulinho-vai-estrear-pelo-palmeiras\/#respond\"]}],\"copyrightYear\":\"2025\",\"copyrightHolder\":{\"@id\":\"https:\/\/www.gaveanews.com\/#organization\"}},{\"@type\":\"WebPage\",\"@id\":\"https:\/\/www.gaveanews.com\/index.php\/2025\/02\/26\/saiba-quando-paulinho-vai-estrear-pelo-palmeiras\/\",\"url\":\"https:\/\/www.gaveanews.com\/index.php\/2025\/02\/26\/saiba-quando-paulinho-vai-estrear-pelo-palmeiras\/\",\"name\":\"Saiba quando Paulinho vai estrear pelo Palmeiras\",\"isPartOf\":{\"@id\":\"https:\/\/www.gaveanews.com\/#website\"},\"primaryImageOfPage\":{\"@id\":\"https:\/\/www.gaveanews.com\/index.php\/2025\/02\/26\/saiba-quando-paulinho-vai-estrear-pelo-palmeiras\/#primaryimage\"},\"image\":{\"@id\":\"https:\/\/www.gaveanews.com\/index.php\/2025\/02\/26\/saiba-quando-paulinho-vai-estrear-pelo-palmeiras\/#primaryimage\"},\"thumbnailUrl\":\"https:\/\/www.gaveanews.com\/wp-content\/uploads\/Imagem-do-WhatsApp-de-2025-01-23-as-20.35.48_10028298.webp\",\"datePublished\":\"2025-02-27T01:35:00+00:00\",\"author\":{\"@id\":\"https:\/\/www.gaveanews.com\/#\/schema\/person\/a9f62fe75380c6bada1b2fc49bc23d69\"},\"breadcrumb\":{\"@id\":\"https:\/\/www.gaveanews.com\/index.php\/2025\/02\/26\/saiba-quando-paulinho-vai-estrear-pelo-palmeiras\/#breadcrumb\"},\"inLanguage\":\"pt-BR\",\"potentialAction\":[{\"@type\":\"ReadAction\",\"target\":[\"https:\/\/www.gaveanews.com\/index.php\/2025\/02\/26\/saiba-quando-paulinho-vai-estrear-pelo-palmeiras\/\"]}]},{\"@type\":\"ImageObject\",\"inLanguage\":\"pt-BR\",\"@id\":\"https:\/\/www.gaveanews.com\/index.php\/2025\/02\/26\/saiba-quando-paulinho-vai-estrear-pelo-palmeiras\/#primaryimage\",\"url\":\"https:\/\/www.gaveanews.com\/wp-content\/uploads\/Imagem-do-WhatsApp-de-2025-01-23-as-20.35.48_10028298.webp\",\"contentUrl\":\"https:\/\/www.gaveanews.com\/wp-content\/uploads\/Imagem-do-WhatsApp-de-2025-01-23-as-20.35.48_10028298.webp\",\"width\":1130,\"height\":631,\"caption\":\"Foto: Reprodu\u00e7\u00e3o \/ Palmeiras\"},{\"@type\":\"BreadcrumbList\",\"@id\":\"https:\/\/www.gaveanews.com\/index.php\/2025\/02\/26\/saiba-quando-paulinho-vai-estrear-pelo-palmeiras\/#breadcrumb\",\"itemListElement\":[{\"@type\":\"ListItem\",\"position\":1,\"name\":\"Home\",\"item\":\"https:\/\/www.gaveanews.com\/\"},{\"@type\":\"ListItem\",\"position\":2,\"name\":\"Saiba quando Paulinho vai estrear pelo Palmeiras\"}]},{\"@type\":\"WebSite\",\"@id\":\"https:\/\/www.gaveanews.com\/#website\",\"url\":\"https:\/\/www.gaveanews.com\/\",\"name\":\"G\u00e1vea News\",\"description\":\"Veja todas as not\u00edcias sobre o Flamengo: Contrata\u00e7\u00f5es, categorias de base, resultados das partidas, tabela de classifica\u00e7\u00e3o, pr\u00f3ximos jogos!\",\"potentialAction\":[{\"@type\":\"SearchAction\",\"target\":{\"@type\":\"EntryPoint\",\"urlTemplate\":\"https:\/\/www.gaveanews.com\/?s={search_term_string}\"},\"query-input\":{\"@type\":\"PropertyValueSpecification\",\"valueRequired\":true,\"valueName\":\"search_term_string\"}}],\"inLanguage\":\"pt-BR\"},{\"@type\":\"Person\",\"@id\":\"https:\/\/www.gaveanews.com\/#\/schema\/person\/a9f62fe75380c6bada1b2fc49bc23d69\",\"name\":\"Marco Menezes\",\"image\":{\"@type\":\"ImageObject\",\"inLanguage\":\"pt-BR\",\"@id\":\"https:\/\/www.gaveanews.com\/#\/schema\/person\/image\/\",\"url\":\"https:\/\/secure.gravatar.com\/avatar\/a1d148ae17fc8bfc5dbccffd07979e8bd2c9ba494221779de86ec2c7907b71ec?s=96&d=mm&r=g\",\"contentUrl\":\"https:\/\/secure.gravatar.com\/avatar\/a1d148ae17fc8bfc5dbccffd07979e8bd2c9ba494221779de86ec2c7907b71ec?s=96&d=mm&r=g\",\"caption\":\"Marco Menezes\"}}]}<\/script>\n<!-- \/ Yoast SEO Premium plugin. -->","yoast_head_json":{"title":"Saiba quando Paulinho vai estrear pelo Palmeiras","robots":{"index":"index","follow":"follow","max-snippet":"max-snippet:-1","max-image-preview":"max-image-preview:large","max-video-preview":"max-video-preview:-1"},"canonical":"https:\/\/www.gaveanews.com\/index.php\/2025\/02\/26\/saiba-quando-paulinho-vai-estrear-pelo-palmeiras\/","og_locale":"pt_BR","og_type":"article","og_title":"Saiba quando Paulinho vai estrear pelo Palmeiras","og_description":"A torcida do Palmeiras recebeu uma grande not\u00edcia. Paulinho fez treinamento com bola na Academia de Futebol e a expectativa da estreia dele pelo clube s\u00f3 tem aumentado. Ele fez um procedimento cir\u00fargico quando era jogador do Atl\u00e9tico-MG e segue se recuperando no departamento m\u00e9dico do Alviverde. Na \u00faltima ter\u00e7a-feira (25\/2), por meio do site [&hellip;]","og_url":"https:\/\/www.gaveanews.com\/index.php\/2025\/02\/26\/saiba-quando-paulinho-vai-estrear-pelo-palmeiras\/","og_site_name":"G\u00e1vea News","article_publisher":"https:\/\/facebook.com\/gaveaNews\/","article_published_time":"2025-02-27T01:35:00+00:00","og_image":[{"width":1130,"height":631,"url":"https:\/\/www.gaveanews.com\/wp-content\/uploads\/Imagem-do-WhatsApp-de-2025-01-23-as-20.35.48_10028298.webp","type":"image\/jpeg"}],"author":"Marco Menezes","twitter_card":"summary_large_image","twitter_misc":{"Escrito por":"Marco Menezes","Est. tempo de leitura":"2 minutos"},"schema":{"@context":"https:\/\/schema.org","@graph":[{"@type":"NewsArticle","@id":"https:\/\/www.gaveanews.com\/index.php\/2025\/02\/26\/saiba-quando-paulinho-vai-estrear-pelo-palmeiras\/#article","isPartOf":{"@id":"https:\/\/www.gaveanews.com\/index.php\/2025\/02\/26\/saiba-quando-paulinho-vai-estrear-pelo-palmeiras\/"},"author":{"name":"Marco Menezes","@id":"https:\/\/www.gaveanews.com\/#\/schema\/person\/a9f62fe75380c6bada1b2fc49bc23d69"},"headline":"Saiba quando Paulinho vai estrear pelo Palmeiras","datePublished":"2025-02-27T01:35:00+00:00","mainEntityOfPage":{"@id":"https:\/\/www.gaveanews.com\/index.php\/2025\/02\/26\/saiba-quando-paulinho-vai-estrear-pelo-palmeiras\/"},"wordCount":331,"commentCount":0,"image":{"@id":"https:\/\/www.gaveanews.com\/index.php\/2025\/02\/26\/saiba-quando-paulinho-vai-estrear-pelo-palmeiras\/#primaryimage"},"thumbnailUrl":"https:\/\/www.gaveanews.com\/wp-content\/uploads\/Imagem-do-WhatsApp-de-2025-01-23-as-20.35.48_10028298.webp","articleSection":["Palmeiras"],"inLanguage":"pt-BR","potentialAction":[{"@type":"CommentAction","name":"Comment","target":["https:\/\/www.gaveanews.com\/index.php\/2025\/02\/26\/saiba-quando-paulinho-vai-estrear-pelo-palmeiras\/#respond"]}],"copyrightYear":"2025","copyrightHolder":{"@id":"https:\/\/www.gaveanews.com\/#organization"}},{"@type":"WebPage","@id":"https:\/\/www.gaveanews.com\/index.php\/2025\/02\/26\/saiba-quando-paulinho-vai-estrear-pelo-palmeiras\/","url":"https:\/\/www.gaveanews.com\/index.php\/2025\/02\/26\/saiba-quando-paulinho-vai-estrear-pelo-palmeiras\/","name":"Saiba quando Paulinho vai estrear pelo Palmeiras","isPartOf":{"@id":"https:\/\/www.gaveanews.com\/#website"},"primaryImageOfPage":{"@id":"https:\/\/www.gaveanews.com\/index.php\/2025\/02\/26\/saiba-quando-paulinho-vai-estrear-pelo-palmeiras\/#primaryimage"},"image":{"@id":"https:\/\/www.gaveanews.com\/index.php\/2025\/02\/26\/saiba-quando-paulinho-vai-estrear-pelo-palmeiras\/#primaryimage"},"thumbnailUrl":"https:\/\/www.gaveanews.com\/wp-content\/uploads\/Imagem-do-WhatsApp-de-2025-01-23-as-20.35.48_10028298.webp","datePublished":"2025-02-27T01:35:00+00:00","author":{"@id":"https:\/\/www.gaveanews.com\/#\/schema\/person\/a9f62fe75380c6bada1b2fc49bc23d69"},"breadcrumb":{"@id":"https:\/\/www.gaveanews.com\/index.php\/2025\/02\/26\/saiba-quando-paulinho-vai-estrear-pelo-palmeiras\/#breadcrumb"},"inLanguage":"pt-BR","potentialAction":[{"@type":"ReadAction","target":["https:\/\/www.gaveanews.com\/index.php\/2025\/02\/26\/saiba-quando-paulinho-vai-estrear-pelo-palmeiras\/"]}]},{"@type":"ImageObject","inLanguage":"pt-BR","@id":"https:\/\/www.gaveanews.com\/index.php\/2025\/02\/26\/saiba-quando-paulinho-vai-estrear-pelo-palmeiras\/#primaryimage","url":"https:\/\/www.gaveanews.com\/wp-content\/uploads\/Imagem-do-WhatsApp-de-2025-01-23-as-20.35.48_10028298.webp","contentUrl":"https:\/\/www.gaveanews.com\/wp-content\/uploads\/Imagem-do-WhatsApp-de-2025-01-23-as-20.35.48_10028298.webp","width":1130,"height":631,"caption":"Foto: Reprodu\u00e7\u00e3o \/ Palmeiras"},{"@type":"BreadcrumbList","@id":"https:\/\/www.gaveanews.com\/index.php\/2025\/02\/26\/saiba-quando-paulinho-vai-estrear-pelo-palmeiras\/#breadcrumb","itemListElement":[{"@type":"ListItem","position":1,"name":"Home","item":"https:\/\/www.gaveanews.com\/"},{"@type":"ListItem","position":2,"name":"Saiba quando Paulinho vai estrear pelo Palmeiras"}]},{"@type":"WebSite","@id":"https:\/\/www.gaveanews.com\/#website","url":"https:\/\/www.gaveanews.com\/","name":"G\u00e1vea News","description":"Veja todas as not\u00edcias sobre o Flamengo: Contrata\u00e7\u00f5es, categorias de base, resultados das partidas, tabela de classifica\u00e7\u00e3o, pr\u00f3ximos jogos!","potentialAction":[{"@type":"SearchAction","target":{"@type":"EntryPoint","urlTemplate":"https:\/\/www.gaveanews.com\/?s={search_term_string}"},"query-input":{"@type":"PropertyValueSpecification","valueRequired":true,"valueName":"search_term_string"}}],"inLanguage":"pt-BR"},{"@type":"Person","@id":"https:\/\/www.gaveanews.com\/#\/schema\/person\/a9f62fe75380c6bada1b2fc49bc23d69","name":"Marco Menezes","image":{"@type":"ImageObject","inLanguage":"pt-BR","@id":"https:\/\/www.gaveanews.com\/#\/schema\/person\/image\/","url":"https:\/\/secure.gravatar.com\/avatar\/a1d148ae17fc8bfc5dbccffd07979e8bd2c9ba494221779de86ec2c7907b71ec?s=96&d=mm&r=g","contentUrl":"https:\/\/secure.gravatar.com\/avatar\/a1d148ae17fc8bfc5dbccffd07979e8bd2c9ba494221779de86ec2c7907b71ec?s=96&d=mm&r=g","caption":"Marco Menezes"}}]}},"_links":{"self":[{"href":"https:\/\/www.gaveanews.com\/index.php\/wp-json\/wp\/v2\/posts\/233253","targetHints":{"allow":["GET"]}}],"collection":[{"href":"https:\/\/www.gaveanews.com\/index.php\/wp-json\/wp\/v2\/posts"}],"about":[{"href":"https:\/\/www.gaveanews.com\/index.php\/wp-json\/wp\/v2\/types\/post"}],"author":[{"embeddable":true,"href":"https:\/\/www.gaveanews.com\/index.php\/wp-json\/wp\/v2\/users\/29"}],"replies":[{"embeddable":true,"href":"https:\/\/www.gaveanews.com\/index.php\/wp-json\/wp\/v2\/comments?post=233253"}],"version-history":[{"count":1,"href":"https:\/\/www.gaveanews.com\/index.php\/wp-json\/wp\/v2\/posts\/233253\/revisions"}],"predecessor-version":[{"id":233254,"href":"https:\/\/www.gaveanews.com\/index.php\/wp-json\/wp\/v2\/posts\/233253\/revisions\/233254"}],"wp:featuredmedia":[{"embeddable":true,"href":"https:\/\/www.gaveanews.com\/index.php\/wp-json\/wp\/v2\/media\/217006"}],"wp:attachment":[{"href":"https:\/\/www.gaveanews.com\/index.php\/wp-json\/wp\/v2\/media?parent=233253"}],"wp:term":[{"taxonomy":"category","embeddable":true,"href":"https:\/\/www.gaveanews.com\/index.php\/wp-json\/wp\/v2\/categories?post=233253"},{"taxonomy":"post_tag","embeddable":true,"href":"https:\/\/www.gaveanews.com\/index.php\/wp-json\/wp\/v2\/tags?post=233253"}],"curies":[{"name":"wp","href":"https:\/\/api.w.org\/{rel}","templated":true}]}}