{"id":233261,"date":"2025-02-26T22:45:00","date_gmt":"2025-02-27T01:45:00","guid":{"rendered":"https:\/\/www.gaveanews.com\/?p=233261"},"modified":"2025-02-26T21:44:41","modified_gmt":"2025-02-27T00:44:41","slug":"volante-do-gremio-e-vendido-ao-exterior-e-garante-quantia-milionaria-ao-clube","status":"publish","type":"post","link":"https:\/\/www.gaveanews.com\/index.php\/2025\/02\/26\/volante-do-gremio-e-vendido-ao-exterior-e-garante-quantia-milionaria-ao-clube\/","title":{"rendered":"Volante do Gr\u00eamio \u00e9 vendido ao exterior e garante quantia milion\u00e1ria ao clube"},"content":{"rendered":"\n<p>O Gr\u00eamio est\u00e1 pr\u00f3ximo de concluir a venda do volante Kaick para o FC Dallas, dos Estados Unidos. O jogador de 19 anos, que se destacou na \u00faltima edi\u00e7\u00e3o da Copa S\u00e3o Paulo de Futebol J\u00fanior, deve ser negociado por aproximadamente 4 milh\u00f5es de d\u00f3lares.<\/p>\n\n\n\n<p>Mesmo com a venda, o clube ga\u00facho manter\u00e1 20% dos direitos econ\u00f4micos do atleta, garantindo uma participa\u00e7\u00e3o em uma futura transfer\u00eancia. Kaick foi um dos principais destaques do Gr\u00eamio na Copinha, recebendo elogios da torcida pelo desempenho no torneio.<\/p>\n\n\n\n<blockquote class=\"twitter-tweet\" data-media-max-width=\"560\"><p lang=\"pt\" dir=\"ltr\">Gr\u00eamio est\u00e1 encaminhando a venda de Kaick para o FC Dallas!<br><br>O volante de 19 anos, destaque na Copa SP de Futebol J\u00fanior, est\u00e1 indo para os Estados Unidos por cerca de 4 milh\u00f5es de d\u00f3lares. <br><br>O Gr\u00eamio ainda mant\u00e9m 20% de uma futura venda do jogador.<br><br>Kaick foi um dos grandes\u2026 <a href=\"https:\/\/t.co\/ICwO8hmS0a\">pic.twitter.com\/ICwO8hmS0a<\/a><\/p>&mdash; Mercado do Futebol (@TransferenciaFC) <a href=\"https:\/\/twitter.com\/TransferenciaFC\/status\/1894811775033278686?ref_src=twsrc%5Etfw\">February 26, 2025<\/a><\/blockquote> <script async src=\"https:\/\/platform.twitter.com\/widgets.js\" charset=\"utf-8\"><\/script>\n\n\n\n<p>A negocia\u00e7\u00e3o refor\u00e7a a pol\u00edtica do Gr\u00eamio de valoriza\u00e7\u00e3o das categorias de base, aproveitando jovens promissores tanto no elenco principal quanto no mercado de transfer\u00eancias. Nos \u00faltimos anos, o clube tem investido na forma\u00e7\u00e3o de talentos e busca equilibrar a capta\u00e7\u00e3o de receitas com o fortalecimento do time.<\/p>\n\n\n\n<p>A sa\u00edda de Kaick representa mais um exemplo da crescente valoriza\u00e7\u00e3o de jovens talentos brasileiros no mercado internacional. Cada vez mais, clubes estrangeiros t\u00eam investido em promessas formadas no pa\u00eds, enxergando potencial de desenvolvimento e valoriza\u00e7\u00e3o futura. O FC Dallas, por exemplo, tem apostado em refor\u00e7os sul-americanos para fortalecer seu elenco na Major League Soccer.<\/p>\n\n\n\n<p>Para o Gr\u00eamio, a venda do volante tamb\u00e9m abre espa\u00e7o para outros jovens da base que buscam oportunidades no elenco principal. A diretoria gremista tem adotado uma estrat\u00e9gia de reposi\u00e7\u00e3o constante, equilibrando a sa\u00edda de promessas com a promo\u00e7\u00e3o de novos talentos, garantindo competitividade ao time mesmo com negocia\u00e7\u00f5es desse tipo.<\/p>\n\n\n\n<p>Enquanto finaliza a transfer\u00eancia de Kaick, o Gr\u00eamio segue atento ao mercado para refor\u00e7ar o grupo comandado por Renato Ga\u00facho. O clube busca manter um elenco forte para as competi\u00e7\u00f5es da temporada, com a meta de conciliar resultados esportivos e equil\u00edbrio financeiro. A negocia\u00e7\u00e3o de Kaick refor\u00e7a a import\u00e2ncia da base gremista como fonte de talentos e recursos financeiros, consolidando o clube como um dos principais formadores de jogadores no futebol brasileiro.<\/p>\n","protected":false},"excerpt":{"rendered":"<p>O Gr\u00eamio est\u00e1 pr\u00f3ximo de concluir a venda do volante Kaick para o FC Dallas, dos Estados Unidos. O jogador de 19 anos, que se destacou na \u00faltima edi\u00e7\u00e3o da Copa S\u00e3o Paulo de Futebol J\u00fanior, deve ser negociado por aproximadamente 4 milh\u00f5es de d\u00f3lares. Mesmo com a venda, o clube ga\u00facho manter\u00e1 20% dos [&hellip;]<\/p>\n","protected":false},"author":27,"featured_media":154785,"comment_status":"open","ping_status":"closed","sticky":false,"template":"","format":"standard","meta":{"footnotes":""},"categories":[147],"tags":[],"class_list":["post-233261","post","type-post","status-publish","format-standard","has-post-thumbnail","hentry","category-gremio"],"yoast_head":"<!-- This site is optimized with the Yoast SEO Premium plugin v24.2 (Yoast SEO v26.9) - https:\/\/yoast.com\/product\/yoast-seo-premium-wordpress\/ -->\n<title>Volante do Gr\u00eamio \u00e9 vendido ao exterior e garante quantia milion\u00e1ria ao clube<\/title>\n<meta name=\"robots\" content=\"index, follow, max-snippet:-1, max-image-preview:large, max-video-preview:-1\" \/>\n<link rel=\"canonical\" href=\"https:\/\/www.gaveanews.com\/index.php\/2025\/02\/26\/volante-do-gremio-e-vendido-ao-exterior-e-garante-quantia-milionaria-ao-clube\/\" \/>\n<meta property=\"og:locale\" content=\"pt_BR\" \/>\n<meta property=\"og:type\" content=\"article\" \/>\n<meta property=\"og:title\" content=\"Volante do Gr\u00eamio \u00e9 vendido ao exterior e garante quantia milion\u00e1ria ao clube\" \/>\n<meta property=\"og:description\" content=\"O Gr\u00eamio est\u00e1 pr\u00f3ximo de concluir a venda do volante Kaick para o FC Dallas, dos Estados Unidos. O jogador de 19 anos, que se destacou na \u00faltima edi\u00e7\u00e3o da Copa S\u00e3o Paulo de Futebol J\u00fanior, deve ser negociado por aproximadamente 4 milh\u00f5es de d\u00f3lares. Mesmo com a venda, o clube ga\u00facho manter\u00e1 20% dos [&hellip;]\" \/>\n<meta property=\"og:url\" content=\"https:\/\/www.gaveanews.com\/index.php\/2025\/02\/26\/volante-do-gremio-e-vendido-ao-exterior-e-garante-quantia-milionaria-ao-clube\/\" \/>\n<meta property=\"og:site_name\" content=\"G\u00e1vea News\" \/>\n<meta property=\"article:publisher\" content=\"https:\/\/facebook.com\/gaveaNews\/\" \/>\n<meta property=\"article:published_time\" content=\"2025-02-27T01:45:00+00:00\" \/>\n<meta property=\"og:image\" content=\"https:\/\/www.gaveanews.com\/wp-content\/uploads\/Escudo-do-Gremio.webp\" \/>\n\t<meta property=\"og:image:width\" content=\"1163\" \/>\n\t<meta property=\"og:image:height\" content=\"775\" \/>\n\t<meta property=\"og:image:type\" content=\"image\/webp\" \/>\n<meta name=\"author\" content=\"Matheus Felipe\" \/>\n<meta name=\"twitter:card\" content=\"summary_large_image\" \/>\n<meta name=\"twitter:label1\" content=\"Escrito por\" \/>\n\t<meta name=\"twitter:data1\" content=\"Matheus Felipe\" \/>\n\t<meta name=\"twitter:label2\" content=\"Est. tempo de leitura\" \/>\n\t<meta name=\"twitter:data2\" content=\"2 minutos\" \/>\n<script type=\"application\/ld+json\" class=\"yoast-schema-graph\">{\"@context\":\"https:\/\/schema.org\",\"@graph\":[{\"@type\":\"NewsArticle\",\"@id\":\"https:\/\/www.gaveanews.com\/index.php\/2025\/02\/26\/volante-do-gremio-e-vendido-ao-exterior-e-garante-quantia-milionaria-ao-clube\/#article\",\"isPartOf\":{\"@id\":\"https:\/\/www.gaveanews.com\/index.php\/2025\/02\/26\/volante-do-gremio-e-vendido-ao-exterior-e-garante-quantia-milionaria-ao-clube\/\"},\"author\":{\"name\":\"Matheus Felipe\",\"@id\":\"https:\/\/www.gaveanews.com\/#\/schema\/person\/8207cd4627f56151707418bfc835b2fb\"},\"headline\":\"Volante do Gr\u00eamio \u00e9 vendido ao exterior e garante quantia milion\u00e1ria ao clube\",\"datePublished\":\"2025-02-27T01:45:00+00:00\",\"mainEntityOfPage\":{\"@id\":\"https:\/\/www.gaveanews.com\/index.php\/2025\/02\/26\/volante-do-gremio-e-vendido-ao-exterior-e-garante-quantia-milionaria-ao-clube\/\"},\"wordCount\":431,\"commentCount\":0,\"image\":{\"@id\":\"https:\/\/www.gaveanews.com\/index.php\/2025\/02\/26\/volante-do-gremio-e-vendido-ao-exterior-e-garante-quantia-milionaria-ao-clube\/#primaryimage\"},\"thumbnailUrl\":\"https:\/\/www.gaveanews.com\/wp-content\/uploads\/Escudo-do-Gremio.webp\",\"articleSection\":[\"Gr\u00eamio\"],\"inLanguage\":\"pt-BR\",\"potentialAction\":[{\"@type\":\"CommentAction\",\"name\":\"Comment\",\"target\":[\"https:\/\/www.gaveanews.com\/index.php\/2025\/02\/26\/volante-do-gremio-e-vendido-ao-exterior-e-garante-quantia-milionaria-ao-clube\/#respond\"]}],\"copyrightYear\":\"2025\",\"copyrightHolder\":{\"@id\":\"https:\/\/www.gaveanews.com\/#organization\"}},{\"@type\":\"WebPage\",\"@id\":\"https:\/\/www.gaveanews.com\/index.php\/2025\/02\/26\/volante-do-gremio-e-vendido-ao-exterior-e-garante-quantia-milionaria-ao-clube\/\",\"url\":\"https:\/\/www.gaveanews.com\/index.php\/2025\/02\/26\/volante-do-gremio-e-vendido-ao-exterior-e-garante-quantia-milionaria-ao-clube\/\",\"name\":\"Volante do Gr\u00eamio \u00e9 vendido ao exterior e garante quantia milion\u00e1ria ao clube\",\"isPartOf\":{\"@id\":\"https:\/\/www.gaveanews.com\/#website\"},\"primaryImageOfPage\":{\"@id\":\"https:\/\/www.gaveanews.com\/index.php\/2025\/02\/26\/volante-do-gremio-e-vendido-ao-exterior-e-garante-quantia-milionaria-ao-clube\/#primaryimage\"},\"image\":{\"@id\":\"https:\/\/www.gaveanews.com\/index.php\/2025\/02\/26\/volante-do-gremio-e-vendido-ao-exterior-e-garante-quantia-milionaria-ao-clube\/#primaryimage\"},\"thumbnailUrl\":\"https:\/\/www.gaveanews.com\/wp-content\/uploads\/Escudo-do-Gremio.webp\",\"datePublished\":\"2025-02-27T01:45:00+00:00\",\"author\":{\"@id\":\"https:\/\/www.gaveanews.com\/#\/schema\/person\/8207cd4627f56151707418bfc835b2fb\"},\"breadcrumb\":{\"@id\":\"https:\/\/www.gaveanews.com\/index.php\/2025\/02\/26\/volante-do-gremio-e-vendido-ao-exterior-e-garante-quantia-milionaria-ao-clube\/#breadcrumb\"},\"inLanguage\":\"pt-BR\",\"potentialAction\":[{\"@type\":\"ReadAction\",\"target\":[\"https:\/\/www.gaveanews.com\/index.php\/2025\/02\/26\/volante-do-gremio-e-vendido-ao-exterior-e-garante-quantia-milionaria-ao-clube\/\"]}]},{\"@type\":\"ImageObject\",\"inLanguage\":\"pt-BR\",\"@id\":\"https:\/\/www.gaveanews.com\/index.php\/2025\/02\/26\/volante-do-gremio-e-vendido-ao-exterior-e-garante-quantia-milionaria-ao-clube\/#primaryimage\",\"url\":\"https:\/\/www.gaveanews.com\/wp-content\/uploads\/Escudo-do-Gremio.webp\",\"contentUrl\":\"https:\/\/www.gaveanews.com\/wp-content\/uploads\/Escudo-do-Gremio.webp\",\"width\":1163,\"height\":775,\"caption\":\"Escudo do Gr\u00eamio (Foto: Reprodu\u00e7\u00e3o\/Gr\u00eamio)\"},{\"@type\":\"BreadcrumbList\",\"@id\":\"https:\/\/www.gaveanews.com\/index.php\/2025\/02\/26\/volante-do-gremio-e-vendido-ao-exterior-e-garante-quantia-milionaria-ao-clube\/#breadcrumb\",\"itemListElement\":[{\"@type\":\"ListItem\",\"position\":1,\"name\":\"Home\",\"item\":\"https:\/\/www.gaveanews.com\/\"},{\"@type\":\"ListItem\",\"position\":2,\"name\":\"Volante do Gr\u00eamio \u00e9 vendido ao exterior e garante quantia milion\u00e1ria ao clube\"}]},{\"@type\":\"WebSite\",\"@id\":\"https:\/\/www.gaveanews.com\/#website\",\"url\":\"https:\/\/www.gaveanews.com\/\",\"name\":\"G\u00e1vea News\",\"description\":\"Veja todas as not\u00edcias sobre o Flamengo: Contrata\u00e7\u00f5es, categorias de base, resultados das partidas, tabela de classifica\u00e7\u00e3o, pr\u00f3ximos jogos!\",\"potentialAction\":[{\"@type\":\"SearchAction\",\"target\":{\"@type\":\"EntryPoint\",\"urlTemplate\":\"https:\/\/www.gaveanews.com\/?s={search_term_string}\"},\"query-input\":{\"@type\":\"PropertyValueSpecification\",\"valueRequired\":true,\"valueName\":\"search_term_string\"}}],\"inLanguage\":\"pt-BR\"},{\"@type\":\"Person\",\"@id\":\"https:\/\/www.gaveanews.com\/#\/schema\/person\/8207cd4627f56151707418bfc835b2fb\",\"name\":\"Matheus Felipe\",\"image\":{\"@type\":\"ImageObject\",\"inLanguage\":\"pt-BR\",\"@id\":\"https:\/\/www.gaveanews.com\/#\/schema\/person\/image\/\",\"url\":\"https:\/\/secure.gravatar.com\/avatar\/a452ffbed9130f726358b298bb3a99ce4bd3c5338411f8440e87e14d74c7c087?s=96&d=mm&r=g\",\"contentUrl\":\"https:\/\/secure.gravatar.com\/avatar\/a452ffbed9130f726358b298bb3a99ce4bd3c5338411f8440e87e14d74c7c087?s=96&d=mm&r=g\",\"caption\":\"Matheus Felipe\"}}]}<\/script>\n<!-- \/ Yoast SEO Premium plugin. -->","yoast_head_json":{"title":"Volante do Gr\u00eamio \u00e9 vendido ao exterior e garante quantia milion\u00e1ria ao clube","robots":{"index":"index","follow":"follow","max-snippet":"max-snippet:-1","max-image-preview":"max-image-preview:large","max-video-preview":"max-video-preview:-1"},"canonical":"https:\/\/www.gaveanews.com\/index.php\/2025\/02\/26\/volante-do-gremio-e-vendido-ao-exterior-e-garante-quantia-milionaria-ao-clube\/","og_locale":"pt_BR","og_type":"article","og_title":"Volante do Gr\u00eamio \u00e9 vendido ao exterior e garante quantia milion\u00e1ria ao clube","og_description":"O Gr\u00eamio est\u00e1 pr\u00f3ximo de concluir a venda do volante Kaick para o FC Dallas, dos Estados Unidos. O jogador de 19 anos, que se destacou na \u00faltima edi\u00e7\u00e3o da Copa S\u00e3o Paulo de Futebol J\u00fanior, deve ser negociado por aproximadamente 4 milh\u00f5es de d\u00f3lares. Mesmo com a venda, o clube ga\u00facho manter\u00e1 20% dos [&hellip;]","og_url":"https:\/\/www.gaveanews.com\/index.php\/2025\/02\/26\/volante-do-gremio-e-vendido-ao-exterior-e-garante-quantia-milionaria-ao-clube\/","og_site_name":"G\u00e1vea News","article_publisher":"https:\/\/facebook.com\/gaveaNews\/","article_published_time":"2025-02-27T01:45:00+00:00","og_image":[{"width":1163,"height":775,"url":"https:\/\/www.gaveanews.com\/wp-content\/uploads\/Escudo-do-Gremio.webp","type":"image\/webp"}],"author":"Matheus Felipe","twitter_card":"summary_large_image","twitter_misc":{"Escrito por":"Matheus Felipe","Est. tempo de leitura":"2 minutos"},"schema":{"@context":"https:\/\/schema.org","@graph":[{"@type":"NewsArticle","@id":"https:\/\/www.gaveanews.com\/index.php\/2025\/02\/26\/volante-do-gremio-e-vendido-ao-exterior-e-garante-quantia-milionaria-ao-clube\/#article","isPartOf":{"@id":"https:\/\/www.gaveanews.com\/index.php\/2025\/02\/26\/volante-do-gremio-e-vendido-ao-exterior-e-garante-quantia-milionaria-ao-clube\/"},"author":{"name":"Matheus Felipe","@id":"https:\/\/www.gaveanews.com\/#\/schema\/person\/8207cd4627f56151707418bfc835b2fb"},"headline":"Volante do Gr\u00eamio \u00e9 vendido ao exterior e garante quantia milion\u00e1ria ao clube","datePublished":"2025-02-27T01:45:00+00:00","mainEntityOfPage":{"@id":"https:\/\/www.gaveanews.com\/index.php\/2025\/02\/26\/volante-do-gremio-e-vendido-ao-exterior-e-garante-quantia-milionaria-ao-clube\/"},"wordCount":431,"commentCount":0,"image":{"@id":"https:\/\/www.gaveanews.com\/index.php\/2025\/02\/26\/volante-do-gremio-e-vendido-ao-exterior-e-garante-quantia-milionaria-ao-clube\/#primaryimage"},"thumbnailUrl":"https:\/\/www.gaveanews.com\/wp-content\/uploads\/Escudo-do-Gremio.webp","articleSection":["Gr\u00eamio"],"inLanguage":"pt-BR","potentialAction":[{"@type":"CommentAction","name":"Comment","target":["https:\/\/www.gaveanews.com\/index.php\/2025\/02\/26\/volante-do-gremio-e-vendido-ao-exterior-e-garante-quantia-milionaria-ao-clube\/#respond"]}],"copyrightYear":"2025","copyrightHolder":{"@id":"https:\/\/www.gaveanews.com\/#organization"}},{"@type":"WebPage","@id":"https:\/\/www.gaveanews.com\/index.php\/2025\/02\/26\/volante-do-gremio-e-vendido-ao-exterior-e-garante-quantia-milionaria-ao-clube\/","url":"https:\/\/www.gaveanews.com\/index.php\/2025\/02\/26\/volante-do-gremio-e-vendido-ao-exterior-e-garante-quantia-milionaria-ao-clube\/","name":"Volante do Gr\u00eamio \u00e9 vendido ao exterior e garante quantia milion\u00e1ria ao clube","isPartOf":{"@id":"https:\/\/www.gaveanews.com\/#website"},"primaryImageOfPage":{"@id":"https:\/\/www.gaveanews.com\/index.php\/2025\/02\/26\/volante-do-gremio-e-vendido-ao-exterior-e-garante-quantia-milionaria-ao-clube\/#primaryimage"},"image":{"@id":"https:\/\/www.gaveanews.com\/index.php\/2025\/02\/26\/volante-do-gremio-e-vendido-ao-exterior-e-garante-quantia-milionaria-ao-clube\/#primaryimage"},"thumbnailUrl":"https:\/\/www.gaveanews.com\/wp-content\/uploads\/Escudo-do-Gremio.webp","datePublished":"2025-02-27T01:45:00+00:00","author":{"@id":"https:\/\/www.gaveanews.com\/#\/schema\/person\/8207cd4627f56151707418bfc835b2fb"},"breadcrumb":{"@id":"https:\/\/www.gaveanews.com\/index.php\/2025\/02\/26\/volante-do-gremio-e-vendido-ao-exterior-e-garante-quantia-milionaria-ao-clube\/#breadcrumb"},"inLanguage":"pt-BR","potentialAction":[{"@type":"ReadAction","target":["https:\/\/www.gaveanews.com\/index.php\/2025\/02\/26\/volante-do-gremio-e-vendido-ao-exterior-e-garante-quantia-milionaria-ao-clube\/"]}]},{"@type":"ImageObject","inLanguage":"pt-BR","@id":"https:\/\/www.gaveanews.com\/index.php\/2025\/02\/26\/volante-do-gremio-e-vendido-ao-exterior-e-garante-quantia-milionaria-ao-clube\/#primaryimage","url":"https:\/\/www.gaveanews.com\/wp-content\/uploads\/Escudo-do-Gremio.webp","contentUrl":"https:\/\/www.gaveanews.com\/wp-content\/uploads\/Escudo-do-Gremio.webp","width":1163,"height":775,"caption":"Escudo do Gr\u00eamio (Foto: Reprodu\u00e7\u00e3o\/Gr\u00eamio)"},{"@type":"BreadcrumbList","@id":"https:\/\/www.gaveanews.com\/index.php\/2025\/02\/26\/volante-do-gremio-e-vendido-ao-exterior-e-garante-quantia-milionaria-ao-clube\/#breadcrumb","itemListElement":[{"@type":"ListItem","position":1,"name":"Home","item":"https:\/\/www.gaveanews.com\/"},{"@type":"ListItem","position":2,"name":"Volante do Gr\u00eamio \u00e9 vendido ao exterior e garante quantia milion\u00e1ria ao clube"}]},{"@type":"WebSite","@id":"https:\/\/www.gaveanews.com\/#website","url":"https:\/\/www.gaveanews.com\/","name":"G\u00e1vea News","description":"Veja todas as not\u00edcias sobre o Flamengo: Contrata\u00e7\u00f5es, categorias de base, resultados das partidas, tabela de classifica\u00e7\u00e3o, pr\u00f3ximos jogos!","potentialAction":[{"@type":"SearchAction","target":{"@type":"EntryPoint","urlTemplate":"https:\/\/www.gaveanews.com\/?s={search_term_string}"},"query-input":{"@type":"PropertyValueSpecification","valueRequired":true,"valueName":"search_term_string"}}],"inLanguage":"pt-BR"},{"@type":"Person","@id":"https:\/\/www.gaveanews.com\/#\/schema\/person\/8207cd4627f56151707418bfc835b2fb","name":"Matheus Felipe","image":{"@type":"ImageObject","inLanguage":"pt-BR","@id":"https:\/\/www.gaveanews.com\/#\/schema\/person\/image\/","url":"https:\/\/secure.gravatar.com\/avatar\/a452ffbed9130f726358b298bb3a99ce4bd3c5338411f8440e87e14d74c7c087?s=96&d=mm&r=g","contentUrl":"https:\/\/secure.gravatar.com\/avatar\/a452ffbed9130f726358b298bb3a99ce4bd3c5338411f8440e87e14d74c7c087?s=96&d=mm&r=g","caption":"Matheus Felipe"}}]}},"_links":{"self":[{"href":"https:\/\/www.gaveanews.com\/index.php\/wp-json\/wp\/v2\/posts\/233261","targetHints":{"allow":["GET"]}}],"collection":[{"href":"https:\/\/www.gaveanews.com\/index.php\/wp-json\/wp\/v2\/posts"}],"about":[{"href":"https:\/\/www.gaveanews.com\/index.php\/wp-json\/wp\/v2\/types\/post"}],"author":[{"embeddable":true,"href":"https:\/\/www.gaveanews.com\/index.php\/wp-json\/wp\/v2\/users\/27"}],"replies":[{"embeddable":true,"href":"https:\/\/www.gaveanews.com\/index.php\/wp-json\/wp\/v2\/comments?post=233261"}],"version-history":[{"count":1,"href":"https:\/\/www.gaveanews.com\/index.php\/wp-json\/wp\/v2\/posts\/233261\/revisions"}],"predecessor-version":[{"id":233262,"href":"https:\/\/www.gaveanews.com\/index.php\/wp-json\/wp\/v2\/posts\/233261\/revisions\/233262"}],"wp:featuredmedia":[{"embeddable":true,"href":"https:\/\/www.gaveanews.com\/index.php\/wp-json\/wp\/v2\/media\/154785"}],"wp:attachment":[{"href":"https:\/\/www.gaveanews.com\/index.php\/wp-json\/wp\/v2\/media?parent=233261"}],"wp:term":[{"taxonomy":"category","embeddable":true,"href":"https:\/\/www.gaveanews.com\/index.php\/wp-json\/wp\/v2\/categories?post=233261"},{"taxonomy":"post_tag","embeddable":true,"href":"https:\/\/www.gaveanews.com\/index.php\/wp-json\/wp\/v2\/tags?post=233261"}],"curies":[{"name":"wp","href":"https:\/\/api.w.org\/{rel}","templated":true}]}}