{"id":233285,"date":"2025-02-26T23:05:00","date_gmt":"2025-02-27T02:05:00","guid":{"rendered":"https:\/\/www.gaveanews.com\/?p=233285"},"modified":"2025-02-26T22:41:21","modified_gmt":"2025-02-27T01:41:21","slug":"cruzeiro-atualizacao-sobre-a-situacao-de-juan-dinenno","status":"publish","type":"post","link":"https:\/\/www.gaveanews.com\/index.php\/2025\/02\/26\/cruzeiro-atualizacao-sobre-a-situacao-de-juan-dinenno\/","title":{"rendered":"Cruzeiro: atualiza\u00e7\u00e3o sobre a situa\u00e7\u00e3o de Juan Dinenno"},"content":{"rendered":"\n<p>O atacante Juan Dinenno segue em fase final de recupera\u00e7\u00e3o ap\u00f3s uma cirurgia no joelho direito. O jogador do Cruzeiro passou pelo procedimento em 2024 devido a uma les\u00e3o no ligamento cruzado anterior e agora se prepara para retornar aos gramados.<\/p>\n\n\n\n<p>Atualmente, Dinenno est\u00e1 sob os cuidados do Departamento de Sa\u00fade e Performance do Cruzeiro e realiza atividades f\u00edsicas na Toca da Raposa II. Entre os exerc\u00edcios, o atacante trabalha cabeceios e movimenta\u00e7\u00f5es que exigem mudan\u00e7as de dire\u00e7\u00e3o dentro de campo.<\/p>\n\n\n\n<figure class=\"wp-block-image size-full\"><img loading=\"lazy\" decoding=\"async\" width=\"774\" height=\"516\" src=\"http:\/\/www.gaveanews.com\/wp-content\/uploads\/Juan-Dinenno-em-acao-pelo-Cruzeiro.webp\" alt=\"\" class=\"wp-image-167332\" srcset=\"https:\/\/www.gaveanews.com\/wp-content\/uploads\/Juan-Dinenno-em-acao-pelo-Cruzeiro.webp 774w, https:\/\/www.gaveanews.com\/wp-content\/uploads\/Juan-Dinenno-em-acao-pelo-Cruzeiro-300x200.webp 300w, https:\/\/www.gaveanews.com\/wp-content\/uploads\/Juan-Dinenno-em-acao-pelo-Cruzeiro-768x512.webp 768w, https:\/\/www.gaveanews.com\/wp-content\/uploads\/Juan-Dinenno-em-acao-pelo-Cruzeiro-630x420.webp 630w, https:\/\/www.gaveanews.com\/wp-content\/uploads\/Juan-Dinenno-em-acao-pelo-Cruzeiro-640x427.webp 640w, https:\/\/www.gaveanews.com\/wp-content\/uploads\/Juan-Dinenno-em-acao-pelo-Cruzeiro-681x454.webp 681w, https:\/\/www.gaveanews.com\/wp-content\/uploads\/Juan-Dinenno-em-acao-pelo-Cruzeiro-100x67.webp 100w\" sizes=\"auto, (max-width: 774px) 100vw, 774px\" \/><figcaption class=\"wp-element-caption\">Juan Dinenno em a\u00e7\u00e3o pelo Cruzeiro (Foto: Staff Images\/Cruzeiro)<\/figcaption><\/figure>\n\n\n\n<p>A expectativa da comiss\u00e3o t\u00e9cnica \u00e9 que, em mar\u00e7o, o jogador inicie os treinamentos com bola no CT. A retomada gradual das atividades marca os \u00faltimos passos antes da transi\u00e7\u00e3o para os trabalhos em grupo e a eventual reintegra\u00e7\u00e3o ao elenco.<\/p>\n\n\n\n<h3 class=\"wp-block-heading\" id=\"h-recuperacao-monitorada-de-perto\">Recupera\u00e7\u00e3o monitorada de perto<\/h3>\n\n\n\n<p>O Cruzeiro tem acompanhado de forma criteriosa a recupera\u00e7\u00e3o de Dinenno, garantindo que o atleta cumpra todas as etapas do processo antes de retornar aos jogos. A precau\u00e7\u00e3o \u00e9 necess\u00e1ria para evitar reca\u00eddas e garantir que o atacante volte em plenas condi\u00e7\u00f5es f\u00edsicas.<\/p>\n\n\n\n<h3 class=\"wp-block-heading\" id=\"h-expectativa-para-reforcar-o-ataque\">Expectativa para refor\u00e7ar o ataque<\/h3>\n\n\n\n<p>A aus\u00eancia de Dinenno tem sido sentida pelo Cruzeiro, que busca alternativas para o setor ofensivo. Com a retomada dos treinamentos com bola prevista para mar\u00e7o, a comiss\u00e3o t\u00e9cnica espera contar com o jogador em breve, ampliando as op\u00e7\u00f5es do elenco para a sequ\u00eancia da temporada.<\/p>\n\n\n\n<h3 class=\"wp-block-heading\" id=\"h-importancia-de-dinenno-para-o-elenco\">Import\u00e2ncia de Dinenno para o elenco<\/h3>\n\n\n\n<p>Antes da les\u00e3o, Dinenno era uma pe\u00e7a importante no time, sendo refer\u00eancia no ataque e ajudando na constru\u00e7\u00e3o das jogadas ofensivas. Seu retorno \u00e9 aguardado com expectativa, tanto pela comiss\u00e3o t\u00e9cnica quanto pela torcida, que espera v\u00ea-lo novamente em campo contribuindo com gols e assist\u00eancias. Com a recupera\u00e7\u00e3o avan\u00e7ando dentro do esperado, o Cruzeiro segue monitorando sua evolu\u00e7\u00e3o para definir o momento ideal do retorno aos gramados, evitando riscos e garantindo que o atacante volte em plena forma f\u00edsica.<\/p>\n","protected":false},"excerpt":{"rendered":"<p>O atacante Juan Dinenno segue em fase final de recupera\u00e7\u00e3o ap\u00f3s uma cirurgia no joelho direito. O jogador do Cruzeiro passou pelo procedimento em 2024 devido a uma les\u00e3o no ligamento cruzado anterior e agora se prepara para retornar aos gramados. Atualmente, Dinenno est\u00e1 sob os cuidados do Departamento de Sa\u00fade e Performance do Cruzeiro [&hellip;]<\/p>\n","protected":false},"author":27,"featured_media":163709,"comment_status":"open","ping_status":"closed","sticky":false,"template":"","format":"standard","meta":{"footnotes":""},"categories":[143],"tags":[],"class_list":["post-233285","post","type-post","status-publish","format-standard","has-post-thumbnail","hentry","category-cruzeiro"],"yoast_head":"<!-- This site is optimized with the Yoast SEO Premium plugin v24.2 (Yoast SEO v26.9) - https:\/\/yoast.com\/product\/yoast-seo-premium-wordpress\/ -->\n<title>Cruzeiro: atualiza\u00e7\u00e3o sobre a situa\u00e7\u00e3o de Juan Dinenno<\/title>\n<meta name=\"robots\" content=\"index, follow, max-snippet:-1, max-image-preview:large, max-video-preview:-1\" \/>\n<link rel=\"canonical\" href=\"https:\/\/www.gaveanews.com\/index.php\/2025\/02\/26\/cruzeiro-atualizacao-sobre-a-situacao-de-juan-dinenno\/\" \/>\n<meta property=\"og:locale\" content=\"pt_BR\" \/>\n<meta property=\"og:type\" content=\"article\" \/>\n<meta property=\"og:title\" content=\"Cruzeiro: atualiza\u00e7\u00e3o sobre a situa\u00e7\u00e3o de Juan Dinenno\" \/>\n<meta property=\"og:description\" content=\"O atacante Juan Dinenno segue em fase final de recupera\u00e7\u00e3o ap\u00f3s uma cirurgia no joelho direito. O jogador do Cruzeiro passou pelo procedimento em 2024 devido a uma les\u00e3o no ligamento cruzado anterior e agora se prepara para retornar aos gramados. Atualmente, Dinenno est\u00e1 sob os cuidados do Departamento de Sa\u00fade e Performance do Cruzeiro [&hellip;]\" \/>\n<meta property=\"og:url\" content=\"https:\/\/www.gaveanews.com\/index.php\/2025\/02\/26\/cruzeiro-atualizacao-sobre-a-situacao-de-juan-dinenno\/\" \/>\n<meta property=\"og:site_name\" content=\"G\u00e1vea News\" \/>\n<meta property=\"article:publisher\" content=\"https:\/\/facebook.com\/gaveaNews\/\" \/>\n<meta property=\"article:published_time\" content=\"2025-02-27T02:05:00+00:00\" \/>\n<meta property=\"og:image\" content=\"https:\/\/www.gaveanews.com\/wp-content\/uploads\/Camisa-do-Cruzeiro-2024.webp\" \/>\n\t<meta property=\"og:image:width\" content=\"1292\" \/>\n\t<meta property=\"og:image:height\" content=\"861\" \/>\n\t<meta property=\"og:image:type\" content=\"image\/webp\" \/>\n<meta name=\"author\" content=\"Matheus Felipe\" \/>\n<meta name=\"twitter:card\" content=\"summary_large_image\" \/>\n<meta name=\"twitter:label1\" content=\"Escrito por\" \/>\n\t<meta name=\"twitter:data1\" content=\"Matheus Felipe\" \/>\n\t<meta name=\"twitter:label2\" content=\"Est. tempo de leitura\" \/>\n\t<meta name=\"twitter:data2\" content=\"3 minutos\" \/>\n<script type=\"application\/ld+json\" class=\"yoast-schema-graph\">{\"@context\":\"https:\/\/schema.org\",\"@graph\":[{\"@type\":\"NewsArticle\",\"@id\":\"https:\/\/www.gaveanews.com\/index.php\/2025\/02\/26\/cruzeiro-atualizacao-sobre-a-situacao-de-juan-dinenno\/#article\",\"isPartOf\":{\"@id\":\"https:\/\/www.gaveanews.com\/index.php\/2025\/02\/26\/cruzeiro-atualizacao-sobre-a-situacao-de-juan-dinenno\/\"},\"author\":{\"name\":\"Matheus Felipe\",\"@id\":\"https:\/\/www.gaveanews.com\/#\/schema\/person\/8207cd4627f56151707418bfc835b2fb\"},\"headline\":\"Cruzeiro: atualiza\u00e7\u00e3o sobre a situa\u00e7\u00e3o de Juan Dinenno\",\"datePublished\":\"2025-02-27T02:05:00+00:00\",\"mainEntityOfPage\":{\"@id\":\"https:\/\/www.gaveanews.com\/index.php\/2025\/02\/26\/cruzeiro-atualizacao-sobre-a-situacao-de-juan-dinenno\/\"},\"wordCount\":363,\"commentCount\":0,\"image\":{\"@id\":\"https:\/\/www.gaveanews.com\/index.php\/2025\/02\/26\/cruzeiro-atualizacao-sobre-a-situacao-de-juan-dinenno\/#primaryimage\"},\"thumbnailUrl\":\"https:\/\/www.gaveanews.com\/wp-content\/uploads\/Camisa-do-Cruzeiro-2024.webp\",\"articleSection\":[\"Cruzeiro\"],\"inLanguage\":\"pt-BR\",\"potentialAction\":[{\"@type\":\"CommentAction\",\"name\":\"Comment\",\"target\":[\"https:\/\/www.gaveanews.com\/index.php\/2025\/02\/26\/cruzeiro-atualizacao-sobre-a-situacao-de-juan-dinenno\/#respond\"]}],\"copyrightYear\":\"2025\",\"copyrightHolder\":{\"@id\":\"https:\/\/www.gaveanews.com\/#organization\"}},{\"@type\":\"WebPage\",\"@id\":\"https:\/\/www.gaveanews.com\/index.php\/2025\/02\/26\/cruzeiro-atualizacao-sobre-a-situacao-de-juan-dinenno\/\",\"url\":\"https:\/\/www.gaveanews.com\/index.php\/2025\/02\/26\/cruzeiro-atualizacao-sobre-a-situacao-de-juan-dinenno\/\",\"name\":\"Cruzeiro: atualiza\u00e7\u00e3o sobre a situa\u00e7\u00e3o de Juan Dinenno\",\"isPartOf\":{\"@id\":\"https:\/\/www.gaveanews.com\/#website\"},\"primaryImageOfPage\":{\"@id\":\"https:\/\/www.gaveanews.com\/index.php\/2025\/02\/26\/cruzeiro-atualizacao-sobre-a-situacao-de-juan-dinenno\/#primaryimage\"},\"image\":{\"@id\":\"https:\/\/www.gaveanews.com\/index.php\/2025\/02\/26\/cruzeiro-atualizacao-sobre-a-situacao-de-juan-dinenno\/#primaryimage\"},\"thumbnailUrl\":\"https:\/\/www.gaveanews.com\/wp-content\/uploads\/Camisa-do-Cruzeiro-2024.webp\",\"datePublished\":\"2025-02-27T02:05:00+00:00\",\"author\":{\"@id\":\"https:\/\/www.gaveanews.com\/#\/schema\/person\/8207cd4627f56151707418bfc835b2fb\"},\"breadcrumb\":{\"@id\":\"https:\/\/www.gaveanews.com\/index.php\/2025\/02\/26\/cruzeiro-atualizacao-sobre-a-situacao-de-juan-dinenno\/#breadcrumb\"},\"inLanguage\":\"pt-BR\",\"potentialAction\":[{\"@type\":\"ReadAction\",\"target\":[\"https:\/\/www.gaveanews.com\/index.php\/2025\/02\/26\/cruzeiro-atualizacao-sobre-a-situacao-de-juan-dinenno\/\"]}]},{\"@type\":\"ImageObject\",\"inLanguage\":\"pt-BR\",\"@id\":\"https:\/\/www.gaveanews.com\/index.php\/2025\/02\/26\/cruzeiro-atualizacao-sobre-a-situacao-de-juan-dinenno\/#primaryimage\",\"url\":\"https:\/\/www.gaveanews.com\/wp-content\/uploads\/Camisa-do-Cruzeiro-2024.webp\",\"contentUrl\":\"https:\/\/www.gaveanews.com\/wp-content\/uploads\/Camisa-do-Cruzeiro-2024.webp\",\"width\":1292,\"height\":861,\"caption\":\"Camisa do Cruzeiro 2024 (Foto: Reprodu\u00e7\u00e3o\/Instagram)\"},{\"@type\":\"BreadcrumbList\",\"@id\":\"https:\/\/www.gaveanews.com\/index.php\/2025\/02\/26\/cruzeiro-atualizacao-sobre-a-situacao-de-juan-dinenno\/#breadcrumb\",\"itemListElement\":[{\"@type\":\"ListItem\",\"position\":1,\"name\":\"Home\",\"item\":\"https:\/\/www.gaveanews.com\/\"},{\"@type\":\"ListItem\",\"position\":2,\"name\":\"Cruzeiro: atualiza\u00e7\u00e3o sobre a situa\u00e7\u00e3o de Juan Dinenno\"}]},{\"@type\":\"WebSite\",\"@id\":\"https:\/\/www.gaveanews.com\/#website\",\"url\":\"https:\/\/www.gaveanews.com\/\",\"name\":\"G\u00e1vea News\",\"description\":\"Veja todas as not\u00edcias sobre o Flamengo: Contrata\u00e7\u00f5es, categorias de base, resultados das partidas, tabela de classifica\u00e7\u00e3o, pr\u00f3ximos jogos!\",\"potentialAction\":[{\"@type\":\"SearchAction\",\"target\":{\"@type\":\"EntryPoint\",\"urlTemplate\":\"https:\/\/www.gaveanews.com\/?s={search_term_string}\"},\"query-input\":{\"@type\":\"PropertyValueSpecification\",\"valueRequired\":true,\"valueName\":\"search_term_string\"}}],\"inLanguage\":\"pt-BR\"},{\"@type\":\"Person\",\"@id\":\"https:\/\/www.gaveanews.com\/#\/schema\/person\/8207cd4627f56151707418bfc835b2fb\",\"name\":\"Matheus Felipe\",\"image\":{\"@type\":\"ImageObject\",\"inLanguage\":\"pt-BR\",\"@id\":\"https:\/\/www.gaveanews.com\/#\/schema\/person\/image\/\",\"url\":\"https:\/\/secure.gravatar.com\/avatar\/a452ffbed9130f726358b298bb3a99ce4bd3c5338411f8440e87e14d74c7c087?s=96&d=mm&r=g\",\"contentUrl\":\"https:\/\/secure.gravatar.com\/avatar\/a452ffbed9130f726358b298bb3a99ce4bd3c5338411f8440e87e14d74c7c087?s=96&d=mm&r=g\",\"caption\":\"Matheus Felipe\"}}]}<\/script>\n<!-- \/ Yoast SEO Premium plugin. -->","yoast_head_json":{"title":"Cruzeiro: atualiza\u00e7\u00e3o sobre a situa\u00e7\u00e3o de Juan Dinenno","robots":{"index":"index","follow":"follow","max-snippet":"max-snippet:-1","max-image-preview":"max-image-preview:large","max-video-preview":"max-video-preview:-1"},"canonical":"https:\/\/www.gaveanews.com\/index.php\/2025\/02\/26\/cruzeiro-atualizacao-sobre-a-situacao-de-juan-dinenno\/","og_locale":"pt_BR","og_type":"article","og_title":"Cruzeiro: atualiza\u00e7\u00e3o sobre a situa\u00e7\u00e3o de Juan Dinenno","og_description":"O atacante Juan Dinenno segue em fase final de recupera\u00e7\u00e3o ap\u00f3s uma cirurgia no joelho direito. O jogador do Cruzeiro passou pelo procedimento em 2024 devido a uma les\u00e3o no ligamento cruzado anterior e agora se prepara para retornar aos gramados. Atualmente, Dinenno est\u00e1 sob os cuidados do Departamento de Sa\u00fade e Performance do Cruzeiro [&hellip;]","og_url":"https:\/\/www.gaveanews.com\/index.php\/2025\/02\/26\/cruzeiro-atualizacao-sobre-a-situacao-de-juan-dinenno\/","og_site_name":"G\u00e1vea News","article_publisher":"https:\/\/facebook.com\/gaveaNews\/","article_published_time":"2025-02-27T02:05:00+00:00","og_image":[{"width":1292,"height":861,"url":"https:\/\/www.gaveanews.com\/wp-content\/uploads\/Camisa-do-Cruzeiro-2024.webp","type":"image\/webp"}],"author":"Matheus Felipe","twitter_card":"summary_large_image","twitter_misc":{"Escrito por":"Matheus Felipe","Est. tempo de leitura":"3 minutos"},"schema":{"@context":"https:\/\/schema.org","@graph":[{"@type":"NewsArticle","@id":"https:\/\/www.gaveanews.com\/index.php\/2025\/02\/26\/cruzeiro-atualizacao-sobre-a-situacao-de-juan-dinenno\/#article","isPartOf":{"@id":"https:\/\/www.gaveanews.com\/index.php\/2025\/02\/26\/cruzeiro-atualizacao-sobre-a-situacao-de-juan-dinenno\/"},"author":{"name":"Matheus Felipe","@id":"https:\/\/www.gaveanews.com\/#\/schema\/person\/8207cd4627f56151707418bfc835b2fb"},"headline":"Cruzeiro: atualiza\u00e7\u00e3o sobre a situa\u00e7\u00e3o de Juan Dinenno","datePublished":"2025-02-27T02:05:00+00:00","mainEntityOfPage":{"@id":"https:\/\/www.gaveanews.com\/index.php\/2025\/02\/26\/cruzeiro-atualizacao-sobre-a-situacao-de-juan-dinenno\/"},"wordCount":363,"commentCount":0,"image":{"@id":"https:\/\/www.gaveanews.com\/index.php\/2025\/02\/26\/cruzeiro-atualizacao-sobre-a-situacao-de-juan-dinenno\/#primaryimage"},"thumbnailUrl":"https:\/\/www.gaveanews.com\/wp-content\/uploads\/Camisa-do-Cruzeiro-2024.webp","articleSection":["Cruzeiro"],"inLanguage":"pt-BR","potentialAction":[{"@type":"CommentAction","name":"Comment","target":["https:\/\/www.gaveanews.com\/index.php\/2025\/02\/26\/cruzeiro-atualizacao-sobre-a-situacao-de-juan-dinenno\/#respond"]}],"copyrightYear":"2025","copyrightHolder":{"@id":"https:\/\/www.gaveanews.com\/#organization"}},{"@type":"WebPage","@id":"https:\/\/www.gaveanews.com\/index.php\/2025\/02\/26\/cruzeiro-atualizacao-sobre-a-situacao-de-juan-dinenno\/","url":"https:\/\/www.gaveanews.com\/index.php\/2025\/02\/26\/cruzeiro-atualizacao-sobre-a-situacao-de-juan-dinenno\/","name":"Cruzeiro: atualiza\u00e7\u00e3o sobre a situa\u00e7\u00e3o de Juan Dinenno","isPartOf":{"@id":"https:\/\/www.gaveanews.com\/#website"},"primaryImageOfPage":{"@id":"https:\/\/www.gaveanews.com\/index.php\/2025\/02\/26\/cruzeiro-atualizacao-sobre-a-situacao-de-juan-dinenno\/#primaryimage"},"image":{"@id":"https:\/\/www.gaveanews.com\/index.php\/2025\/02\/26\/cruzeiro-atualizacao-sobre-a-situacao-de-juan-dinenno\/#primaryimage"},"thumbnailUrl":"https:\/\/www.gaveanews.com\/wp-content\/uploads\/Camisa-do-Cruzeiro-2024.webp","datePublished":"2025-02-27T02:05:00+00:00","author":{"@id":"https:\/\/www.gaveanews.com\/#\/schema\/person\/8207cd4627f56151707418bfc835b2fb"},"breadcrumb":{"@id":"https:\/\/www.gaveanews.com\/index.php\/2025\/02\/26\/cruzeiro-atualizacao-sobre-a-situacao-de-juan-dinenno\/#breadcrumb"},"inLanguage":"pt-BR","potentialAction":[{"@type":"ReadAction","target":["https:\/\/www.gaveanews.com\/index.php\/2025\/02\/26\/cruzeiro-atualizacao-sobre-a-situacao-de-juan-dinenno\/"]}]},{"@type":"ImageObject","inLanguage":"pt-BR","@id":"https:\/\/www.gaveanews.com\/index.php\/2025\/02\/26\/cruzeiro-atualizacao-sobre-a-situacao-de-juan-dinenno\/#primaryimage","url":"https:\/\/www.gaveanews.com\/wp-content\/uploads\/Camisa-do-Cruzeiro-2024.webp","contentUrl":"https:\/\/www.gaveanews.com\/wp-content\/uploads\/Camisa-do-Cruzeiro-2024.webp","width":1292,"height":861,"caption":"Camisa do Cruzeiro 2024 (Foto: Reprodu\u00e7\u00e3o\/Instagram)"},{"@type":"BreadcrumbList","@id":"https:\/\/www.gaveanews.com\/index.php\/2025\/02\/26\/cruzeiro-atualizacao-sobre-a-situacao-de-juan-dinenno\/#breadcrumb","itemListElement":[{"@type":"ListItem","position":1,"name":"Home","item":"https:\/\/www.gaveanews.com\/"},{"@type":"ListItem","position":2,"name":"Cruzeiro: atualiza\u00e7\u00e3o sobre a situa\u00e7\u00e3o de Juan Dinenno"}]},{"@type":"WebSite","@id":"https:\/\/www.gaveanews.com\/#website","url":"https:\/\/www.gaveanews.com\/","name":"G\u00e1vea News","description":"Veja todas as not\u00edcias sobre o Flamengo: Contrata\u00e7\u00f5es, categorias de base, resultados das partidas, tabela de classifica\u00e7\u00e3o, pr\u00f3ximos jogos!","potentialAction":[{"@type":"SearchAction","target":{"@type":"EntryPoint","urlTemplate":"https:\/\/www.gaveanews.com\/?s={search_term_string}"},"query-input":{"@type":"PropertyValueSpecification","valueRequired":true,"valueName":"search_term_string"}}],"inLanguage":"pt-BR"},{"@type":"Person","@id":"https:\/\/www.gaveanews.com\/#\/schema\/person\/8207cd4627f56151707418bfc835b2fb","name":"Matheus Felipe","image":{"@type":"ImageObject","inLanguage":"pt-BR","@id":"https:\/\/www.gaveanews.com\/#\/schema\/person\/image\/","url":"https:\/\/secure.gravatar.com\/avatar\/a452ffbed9130f726358b298bb3a99ce4bd3c5338411f8440e87e14d74c7c087?s=96&d=mm&r=g","contentUrl":"https:\/\/secure.gravatar.com\/avatar\/a452ffbed9130f726358b298bb3a99ce4bd3c5338411f8440e87e14d74c7c087?s=96&d=mm&r=g","caption":"Matheus Felipe"}}]}},"_links":{"self":[{"href":"https:\/\/www.gaveanews.com\/index.php\/wp-json\/wp\/v2\/posts\/233285","targetHints":{"allow":["GET"]}}],"collection":[{"href":"https:\/\/www.gaveanews.com\/index.php\/wp-json\/wp\/v2\/posts"}],"about":[{"href":"https:\/\/www.gaveanews.com\/index.php\/wp-json\/wp\/v2\/types\/post"}],"author":[{"embeddable":true,"href":"https:\/\/www.gaveanews.com\/index.php\/wp-json\/wp\/v2\/users\/27"}],"replies":[{"embeddable":true,"href":"https:\/\/www.gaveanews.com\/index.php\/wp-json\/wp\/v2\/comments?post=233285"}],"version-history":[{"count":1,"href":"https:\/\/www.gaveanews.com\/index.php\/wp-json\/wp\/v2\/posts\/233285\/revisions"}],"predecessor-version":[{"id":233297,"href":"https:\/\/www.gaveanews.com\/index.php\/wp-json\/wp\/v2\/posts\/233285\/revisions\/233297"}],"wp:featuredmedia":[{"embeddable":true,"href":"https:\/\/www.gaveanews.com\/index.php\/wp-json\/wp\/v2\/media\/163709"}],"wp:attachment":[{"href":"https:\/\/www.gaveanews.com\/index.php\/wp-json\/wp\/v2\/media?parent=233285"}],"wp:term":[{"taxonomy":"category","embeddable":true,"href":"https:\/\/www.gaveanews.com\/index.php\/wp-json\/wp\/v2\/categories?post=233285"},{"taxonomy":"post_tag","embeddable":true,"href":"https:\/\/www.gaveanews.com\/index.php\/wp-json\/wp\/v2\/tags?post=233285"}],"curies":[{"name":"wp","href":"https:\/\/api.w.org\/{rel}","templated":true}]}}