{"id":233301,"date":"2025-02-26T23:20:00","date_gmt":"2025-02-27T02:20:00","guid":{"rendered":"https:\/\/www.gaveanews.com\/?p=233301"},"modified":"2025-02-26T22:57:57","modified_gmt":"2025-02-27T01:57:57","slug":"fluminense-anuncia-renovacao-com-goleiro-ate-2026","status":"publish","type":"post","link":"https:\/\/www.gaveanews.com\/index.php\/2025\/02\/26\/fluminense-anuncia-renovacao-com-goleiro-ate-2026\/","title":{"rendered":"Fluminense anuncia renova\u00e7\u00e3o com goleiro at\u00e9 2026"},"content":{"rendered":"\n<p>O Fluminense confirmou a renova\u00e7\u00e3o de contrato do goleiro Luiz Felipe, que permanecer\u00e1 no clube at\u00e9 janeiro de 2026. Aos 19 anos, o jogador se destacou na equipe Sub-20 e teve seu desempenho reconhecido pela diretoria, garantindo a extens\u00e3o do v\u00ednculo.<\/p>\n\n\n\n<p>Luiz Felipe chegou ao Tricolor em 2024 e, neste ano, teve a oportunidade de participar da pr\u00e9-temporada com o elenco profissional. O jovem arqueiro comemorou a renova\u00e7\u00e3o e refor\u00e7ou sua motiva\u00e7\u00e3o para seguir evoluindo. <em>&#8220;<\/em>Fiquei muito feliz quando soube que o clube queria contar comigo por mais um ano. Que Deus nos aben\u00e7oe para fazer uma boa temporada, de muitas vit\u00f3rias e oportunidades&#8221;, afirmou.<\/p>\n\n\n\n<p>Agora, o goleiro segue focado na prepara\u00e7\u00e3o para o Campeonato Brasileiro Sub-20, competi\u00e7\u00e3o em que espera continuar se destacando. O bom desempenho na categoria pode abrir portas para futuras oportunidades no time principal, refor\u00e7ando a pol\u00edtica do Fluminense de valoriza\u00e7\u00e3o das promessas das categorias de base.<\/p>\n\n\n\n<h3 class=\"wp-block-heading\" id=\"h-destaque-na-base-e-projecao-para-o-futuro\">Destaque na base e proje\u00e7\u00e3o para o futuro<\/h3>\n\n\n\n<p>Luiz Felipe vem se consolidando como uma pe\u00e7a importante no time Sub-20 do Fluminense. Com boas atua\u00e7\u00f5es, o jovem goleiro tem demonstrado seguran\u00e7a debaixo das traves e potencial para, no futuro, ser aproveitado no elenco principal. Sua participa\u00e7\u00e3o na pr\u00e9-temporada profissional foi um indicativo de que est\u00e1 no radar da comiss\u00e3o t\u00e9cnica.<\/p>\n\n\n\n<figure class=\"wp-block-image size-full\"><img loading=\"lazy\" decoding=\"async\" width=\"527\" height=\"461\" src=\"http:\/\/www.gaveanews.com\/wp-content\/uploads\/Luiz-Felipe-Fluminense.webp\" alt=\"\" class=\"wp-image-233409\"\/><figcaption class=\"wp-element-caption\">Luiz Felipe Fluminense (Foto: Divulga\u00e7\u00e3o\/Flumiennse)<\/figcaption><\/figure>\n\n\n\n<h3 class=\"wp-block-heading\" id=\"h-oportunidade-de-crescimento-no-clube\">Oportunidade de crescimento no clube<\/h3>\n\n\n\n<p>A renova\u00e7\u00e3o do contrato garante a continuidade do trabalho de Luiz Felipe dentro do Fluminense, permitindo que ele siga seu processo de evolu\u00e7\u00e3o em um ambiente estruturado. O clube tem um hist\u00f3rico de revelar grandes goleiros, e o jovem arqueiro v\u00ea essa perman\u00eancia como uma oportunidade para seguir aprimorando suas habilidades.<\/p>\n\n\n\n<h3 class=\"wp-block-heading\" id=\"h-foco-no-brasileirao-sub-20\">Foco no Brasileir\u00e3o Sub-20<\/h3>\n\n\n\n<p>Enquanto aguarda novas chances no time principal, Luiz Felipe segue totalmente concentrado no Campeonato Brasileiro Sub-20. A competi\u00e7\u00e3o ser\u00e1 uma vitrine importante para que ele continue demonstrando sua qualidade e, assim, se firme como um dos destaques da posi\u00e7\u00e3o na categoria de base do Fluminense.<\/p>\n","protected":false},"excerpt":{"rendered":"<p>O Fluminense confirmou a renova\u00e7\u00e3o de contrato do goleiro Luiz Felipe, que permanecer\u00e1 no clube at\u00e9 janeiro de 2026. Aos 19 anos, o jogador se destacou na equipe Sub-20 e teve seu desempenho reconhecido pela diretoria, garantindo a extens\u00e3o do v\u00ednculo. Luiz Felipe chegou ao Tricolor em 2024 e, neste ano, teve a oportunidade de [&hellip;]<\/p>\n","protected":false},"author":27,"featured_media":152558,"comment_status":"open","ping_status":"closed","sticky":false,"template":"","format":"standard","meta":{"footnotes":""},"categories":[145],"tags":[],"class_list":["post-233301","post","type-post","status-publish","format-standard","has-post-thumbnail","hentry","category-fluminense"],"yoast_head":"<!-- This site is optimized with the Yoast SEO Premium plugin v24.2 (Yoast SEO v26.9) - https:\/\/yoast.com\/product\/yoast-seo-premium-wordpress\/ -->\n<title>Fluminense anuncia renova\u00e7\u00e3o com goleiro at\u00e9 2026<\/title>\n<meta name=\"robots\" content=\"index, follow, max-snippet:-1, max-image-preview:large, max-video-preview:-1\" \/>\n<link rel=\"canonical\" href=\"https:\/\/www.gaveanews.com\/index.php\/2025\/02\/26\/fluminense-anuncia-renovacao-com-goleiro-ate-2026\/\" \/>\n<meta property=\"og:locale\" content=\"pt_BR\" \/>\n<meta property=\"og:type\" content=\"article\" \/>\n<meta property=\"og:title\" content=\"Fluminense anuncia renova\u00e7\u00e3o com goleiro at\u00e9 2026\" \/>\n<meta property=\"og:description\" content=\"O Fluminense confirmou a renova\u00e7\u00e3o de contrato do goleiro Luiz Felipe, que permanecer\u00e1 no clube at\u00e9 janeiro de 2026. Aos 19 anos, o jogador se destacou na equipe Sub-20 e teve seu desempenho reconhecido pela diretoria, garantindo a extens\u00e3o do v\u00ednculo. Luiz Felipe chegou ao Tricolor em 2024 e, neste ano, teve a oportunidade de [&hellip;]\" \/>\n<meta property=\"og:url\" content=\"https:\/\/www.gaveanews.com\/index.php\/2025\/02\/26\/fluminense-anuncia-renovacao-com-goleiro-ate-2026\/\" \/>\n<meta property=\"og:site_name\" content=\"G\u00e1vea News\" \/>\n<meta property=\"article:publisher\" content=\"https:\/\/facebook.com\/gaveaNews\/\" \/>\n<meta property=\"article:published_time\" content=\"2025-02-27T02:20:00+00:00\" \/>\n<meta property=\"og:image\" content=\"https:\/\/www.gaveanews.com\/wp-content\/uploads\/Bandeira-do-Fluminense.webp\" \/>\n\t<meta property=\"og:image:width\" content=\"1440\" \/>\n\t<meta property=\"og:image:height\" content=\"1080\" \/>\n\t<meta property=\"og:image:type\" content=\"image\/webp\" \/>\n<meta name=\"author\" content=\"Matheus Felipe\" \/>\n<meta name=\"twitter:card\" content=\"summary_large_image\" \/>\n<meta name=\"twitter:label1\" content=\"Escrito por\" \/>\n\t<meta name=\"twitter:data1\" content=\"Matheus Felipe\" \/>\n\t<meta name=\"twitter:label2\" content=\"Est. tempo de leitura\" \/>\n\t<meta name=\"twitter:data2\" content=\"3 minutos\" \/>\n<script type=\"application\/ld+json\" class=\"yoast-schema-graph\">{\"@context\":\"https:\/\/schema.org\",\"@graph\":[{\"@type\":\"NewsArticle\",\"@id\":\"https:\/\/www.gaveanews.com\/index.php\/2025\/02\/26\/fluminense-anuncia-renovacao-com-goleiro-ate-2026\/#article\",\"isPartOf\":{\"@id\":\"https:\/\/www.gaveanews.com\/index.php\/2025\/02\/26\/fluminense-anuncia-renovacao-com-goleiro-ate-2026\/\"},\"author\":{\"name\":\"Matheus Felipe\",\"@id\":\"https:\/\/www.gaveanews.com\/#\/schema\/person\/8207cd4627f56151707418bfc835b2fb\"},\"headline\":\"Fluminense anuncia renova\u00e7\u00e3o com goleiro at\u00e9 2026\",\"datePublished\":\"2025-02-27T02:20:00+00:00\",\"mainEntityOfPage\":{\"@id\":\"https:\/\/www.gaveanews.com\/index.php\/2025\/02\/26\/fluminense-anuncia-renovacao-com-goleiro-ate-2026\/\"},\"wordCount\":356,\"commentCount\":0,\"image\":{\"@id\":\"https:\/\/www.gaveanews.com\/index.php\/2025\/02\/26\/fluminense-anuncia-renovacao-com-goleiro-ate-2026\/#primaryimage\"},\"thumbnailUrl\":\"https:\/\/www.gaveanews.com\/wp-content\/uploads\/Bandeira-do-Fluminense.webp\",\"articleSection\":[\"Fluminense\"],\"inLanguage\":\"pt-BR\",\"potentialAction\":[{\"@type\":\"CommentAction\",\"name\":\"Comment\",\"target\":[\"https:\/\/www.gaveanews.com\/index.php\/2025\/02\/26\/fluminense-anuncia-renovacao-com-goleiro-ate-2026\/#respond\"]}],\"copyrightYear\":\"2025\",\"copyrightHolder\":{\"@id\":\"https:\/\/www.gaveanews.com\/#organization\"}},{\"@type\":\"WebPage\",\"@id\":\"https:\/\/www.gaveanews.com\/index.php\/2025\/02\/26\/fluminense-anuncia-renovacao-com-goleiro-ate-2026\/\",\"url\":\"https:\/\/www.gaveanews.com\/index.php\/2025\/02\/26\/fluminense-anuncia-renovacao-com-goleiro-ate-2026\/\",\"name\":\"Fluminense anuncia renova\u00e7\u00e3o com goleiro at\u00e9 2026\",\"isPartOf\":{\"@id\":\"https:\/\/www.gaveanews.com\/#website\"},\"primaryImageOfPage\":{\"@id\":\"https:\/\/www.gaveanews.com\/index.php\/2025\/02\/26\/fluminense-anuncia-renovacao-com-goleiro-ate-2026\/#primaryimage\"},\"image\":{\"@id\":\"https:\/\/www.gaveanews.com\/index.php\/2025\/02\/26\/fluminense-anuncia-renovacao-com-goleiro-ate-2026\/#primaryimage\"},\"thumbnailUrl\":\"https:\/\/www.gaveanews.com\/wp-content\/uploads\/Bandeira-do-Fluminense.webp\",\"datePublished\":\"2025-02-27T02:20:00+00:00\",\"author\":{\"@id\":\"https:\/\/www.gaveanews.com\/#\/schema\/person\/8207cd4627f56151707418bfc835b2fb\"},\"breadcrumb\":{\"@id\":\"https:\/\/www.gaveanews.com\/index.php\/2025\/02\/26\/fluminense-anuncia-renovacao-com-goleiro-ate-2026\/#breadcrumb\"},\"inLanguage\":\"pt-BR\",\"potentialAction\":[{\"@type\":\"ReadAction\",\"target\":[\"https:\/\/www.gaveanews.com\/index.php\/2025\/02\/26\/fluminense-anuncia-renovacao-com-goleiro-ate-2026\/\"]}]},{\"@type\":\"ImageObject\",\"inLanguage\":\"pt-BR\",\"@id\":\"https:\/\/www.gaveanews.com\/index.php\/2025\/02\/26\/fluminense-anuncia-renovacao-com-goleiro-ate-2026\/#primaryimage\",\"url\":\"https:\/\/www.gaveanews.com\/wp-content\/uploads\/Bandeira-do-Fluminense.webp\",\"contentUrl\":\"https:\/\/www.gaveanews.com\/wp-content\/uploads\/Bandeira-do-Fluminense.webp\",\"width\":1440,\"height\":1080,\"caption\":\"Bandeira do Fluminense (Foto: Reprodu\u00e7\u00e3o\/Fluminense)\"},{\"@type\":\"BreadcrumbList\",\"@id\":\"https:\/\/www.gaveanews.com\/index.php\/2025\/02\/26\/fluminense-anuncia-renovacao-com-goleiro-ate-2026\/#breadcrumb\",\"itemListElement\":[{\"@type\":\"ListItem\",\"position\":1,\"name\":\"Home\",\"item\":\"https:\/\/www.gaveanews.com\/\"},{\"@type\":\"ListItem\",\"position\":2,\"name\":\"Fluminense anuncia renova\u00e7\u00e3o com goleiro at\u00e9 2026\"}]},{\"@type\":\"WebSite\",\"@id\":\"https:\/\/www.gaveanews.com\/#website\",\"url\":\"https:\/\/www.gaveanews.com\/\",\"name\":\"G\u00e1vea News\",\"description\":\"Veja todas as not\u00edcias sobre o Flamengo: Contrata\u00e7\u00f5es, categorias de base, resultados das partidas, tabela de classifica\u00e7\u00e3o, pr\u00f3ximos jogos!\",\"potentialAction\":[{\"@type\":\"SearchAction\",\"target\":{\"@type\":\"EntryPoint\",\"urlTemplate\":\"https:\/\/www.gaveanews.com\/?s={search_term_string}\"},\"query-input\":{\"@type\":\"PropertyValueSpecification\",\"valueRequired\":true,\"valueName\":\"search_term_string\"}}],\"inLanguage\":\"pt-BR\"},{\"@type\":\"Person\",\"@id\":\"https:\/\/www.gaveanews.com\/#\/schema\/person\/8207cd4627f56151707418bfc835b2fb\",\"name\":\"Matheus Felipe\",\"image\":{\"@type\":\"ImageObject\",\"inLanguage\":\"pt-BR\",\"@id\":\"https:\/\/www.gaveanews.com\/#\/schema\/person\/image\/\",\"url\":\"https:\/\/secure.gravatar.com\/avatar\/a452ffbed9130f726358b298bb3a99ce4bd3c5338411f8440e87e14d74c7c087?s=96&d=mm&r=g\",\"contentUrl\":\"https:\/\/secure.gravatar.com\/avatar\/a452ffbed9130f726358b298bb3a99ce4bd3c5338411f8440e87e14d74c7c087?s=96&d=mm&r=g\",\"caption\":\"Matheus Felipe\"}}]}<\/script>\n<!-- \/ Yoast SEO Premium plugin. -->","yoast_head_json":{"title":"Fluminense anuncia renova\u00e7\u00e3o com goleiro at\u00e9 2026","robots":{"index":"index","follow":"follow","max-snippet":"max-snippet:-1","max-image-preview":"max-image-preview:large","max-video-preview":"max-video-preview:-1"},"canonical":"https:\/\/www.gaveanews.com\/index.php\/2025\/02\/26\/fluminense-anuncia-renovacao-com-goleiro-ate-2026\/","og_locale":"pt_BR","og_type":"article","og_title":"Fluminense anuncia renova\u00e7\u00e3o com goleiro at\u00e9 2026","og_description":"O Fluminense confirmou a renova\u00e7\u00e3o de contrato do goleiro Luiz Felipe, que permanecer\u00e1 no clube at\u00e9 janeiro de 2026. Aos 19 anos, o jogador se destacou na equipe Sub-20 e teve seu desempenho reconhecido pela diretoria, garantindo a extens\u00e3o do v\u00ednculo. Luiz Felipe chegou ao Tricolor em 2024 e, neste ano, teve a oportunidade de [&hellip;]","og_url":"https:\/\/www.gaveanews.com\/index.php\/2025\/02\/26\/fluminense-anuncia-renovacao-com-goleiro-ate-2026\/","og_site_name":"G\u00e1vea News","article_publisher":"https:\/\/facebook.com\/gaveaNews\/","article_published_time":"2025-02-27T02:20:00+00:00","og_image":[{"width":1440,"height":1080,"url":"https:\/\/www.gaveanews.com\/wp-content\/uploads\/Bandeira-do-Fluminense.webp","type":"image\/webp"}],"author":"Matheus Felipe","twitter_card":"summary_large_image","twitter_misc":{"Escrito por":"Matheus Felipe","Est. tempo de leitura":"3 minutos"},"schema":{"@context":"https:\/\/schema.org","@graph":[{"@type":"NewsArticle","@id":"https:\/\/www.gaveanews.com\/index.php\/2025\/02\/26\/fluminense-anuncia-renovacao-com-goleiro-ate-2026\/#article","isPartOf":{"@id":"https:\/\/www.gaveanews.com\/index.php\/2025\/02\/26\/fluminense-anuncia-renovacao-com-goleiro-ate-2026\/"},"author":{"name":"Matheus Felipe","@id":"https:\/\/www.gaveanews.com\/#\/schema\/person\/8207cd4627f56151707418bfc835b2fb"},"headline":"Fluminense anuncia renova\u00e7\u00e3o com goleiro at\u00e9 2026","datePublished":"2025-02-27T02:20:00+00:00","mainEntityOfPage":{"@id":"https:\/\/www.gaveanews.com\/index.php\/2025\/02\/26\/fluminense-anuncia-renovacao-com-goleiro-ate-2026\/"},"wordCount":356,"commentCount":0,"image":{"@id":"https:\/\/www.gaveanews.com\/index.php\/2025\/02\/26\/fluminense-anuncia-renovacao-com-goleiro-ate-2026\/#primaryimage"},"thumbnailUrl":"https:\/\/www.gaveanews.com\/wp-content\/uploads\/Bandeira-do-Fluminense.webp","articleSection":["Fluminense"],"inLanguage":"pt-BR","potentialAction":[{"@type":"CommentAction","name":"Comment","target":["https:\/\/www.gaveanews.com\/index.php\/2025\/02\/26\/fluminense-anuncia-renovacao-com-goleiro-ate-2026\/#respond"]}],"copyrightYear":"2025","copyrightHolder":{"@id":"https:\/\/www.gaveanews.com\/#organization"}},{"@type":"WebPage","@id":"https:\/\/www.gaveanews.com\/index.php\/2025\/02\/26\/fluminense-anuncia-renovacao-com-goleiro-ate-2026\/","url":"https:\/\/www.gaveanews.com\/index.php\/2025\/02\/26\/fluminense-anuncia-renovacao-com-goleiro-ate-2026\/","name":"Fluminense anuncia renova\u00e7\u00e3o com goleiro at\u00e9 2026","isPartOf":{"@id":"https:\/\/www.gaveanews.com\/#website"},"primaryImageOfPage":{"@id":"https:\/\/www.gaveanews.com\/index.php\/2025\/02\/26\/fluminense-anuncia-renovacao-com-goleiro-ate-2026\/#primaryimage"},"image":{"@id":"https:\/\/www.gaveanews.com\/index.php\/2025\/02\/26\/fluminense-anuncia-renovacao-com-goleiro-ate-2026\/#primaryimage"},"thumbnailUrl":"https:\/\/www.gaveanews.com\/wp-content\/uploads\/Bandeira-do-Fluminense.webp","datePublished":"2025-02-27T02:20:00+00:00","author":{"@id":"https:\/\/www.gaveanews.com\/#\/schema\/person\/8207cd4627f56151707418bfc835b2fb"},"breadcrumb":{"@id":"https:\/\/www.gaveanews.com\/index.php\/2025\/02\/26\/fluminense-anuncia-renovacao-com-goleiro-ate-2026\/#breadcrumb"},"inLanguage":"pt-BR","potentialAction":[{"@type":"ReadAction","target":["https:\/\/www.gaveanews.com\/index.php\/2025\/02\/26\/fluminense-anuncia-renovacao-com-goleiro-ate-2026\/"]}]},{"@type":"ImageObject","inLanguage":"pt-BR","@id":"https:\/\/www.gaveanews.com\/index.php\/2025\/02\/26\/fluminense-anuncia-renovacao-com-goleiro-ate-2026\/#primaryimage","url":"https:\/\/www.gaveanews.com\/wp-content\/uploads\/Bandeira-do-Fluminense.webp","contentUrl":"https:\/\/www.gaveanews.com\/wp-content\/uploads\/Bandeira-do-Fluminense.webp","width":1440,"height":1080,"caption":"Bandeira do Fluminense (Foto: Reprodu\u00e7\u00e3o\/Fluminense)"},{"@type":"BreadcrumbList","@id":"https:\/\/www.gaveanews.com\/index.php\/2025\/02\/26\/fluminense-anuncia-renovacao-com-goleiro-ate-2026\/#breadcrumb","itemListElement":[{"@type":"ListItem","position":1,"name":"Home","item":"https:\/\/www.gaveanews.com\/"},{"@type":"ListItem","position":2,"name":"Fluminense anuncia renova\u00e7\u00e3o com goleiro at\u00e9 2026"}]},{"@type":"WebSite","@id":"https:\/\/www.gaveanews.com\/#website","url":"https:\/\/www.gaveanews.com\/","name":"G\u00e1vea News","description":"Veja todas as not\u00edcias sobre o Flamengo: Contrata\u00e7\u00f5es, categorias de base, resultados das partidas, tabela de classifica\u00e7\u00e3o, pr\u00f3ximos jogos!","potentialAction":[{"@type":"SearchAction","target":{"@type":"EntryPoint","urlTemplate":"https:\/\/www.gaveanews.com\/?s={search_term_string}"},"query-input":{"@type":"PropertyValueSpecification","valueRequired":true,"valueName":"search_term_string"}}],"inLanguage":"pt-BR"},{"@type":"Person","@id":"https:\/\/www.gaveanews.com\/#\/schema\/person\/8207cd4627f56151707418bfc835b2fb","name":"Matheus Felipe","image":{"@type":"ImageObject","inLanguage":"pt-BR","@id":"https:\/\/www.gaveanews.com\/#\/schema\/person\/image\/","url":"https:\/\/secure.gravatar.com\/avatar\/a452ffbed9130f726358b298bb3a99ce4bd3c5338411f8440e87e14d74c7c087?s=96&d=mm&r=g","contentUrl":"https:\/\/secure.gravatar.com\/avatar\/a452ffbed9130f726358b298bb3a99ce4bd3c5338411f8440e87e14d74c7c087?s=96&d=mm&r=g","caption":"Matheus Felipe"}}]}},"_links":{"self":[{"href":"https:\/\/www.gaveanews.com\/index.php\/wp-json\/wp\/v2\/posts\/233301","targetHints":{"allow":["GET"]}}],"collection":[{"href":"https:\/\/www.gaveanews.com\/index.php\/wp-json\/wp\/v2\/posts"}],"about":[{"href":"https:\/\/www.gaveanews.com\/index.php\/wp-json\/wp\/v2\/types\/post"}],"author":[{"embeddable":true,"href":"https:\/\/www.gaveanews.com\/index.php\/wp-json\/wp\/v2\/users\/27"}],"replies":[{"embeddable":true,"href":"https:\/\/www.gaveanews.com\/index.php\/wp-json\/wp\/v2\/comments?post=233301"}],"version-history":[{"count":2,"href":"https:\/\/www.gaveanews.com\/index.php\/wp-json\/wp\/v2\/posts\/233301\/revisions"}],"predecessor-version":[{"id":233411,"href":"https:\/\/www.gaveanews.com\/index.php\/wp-json\/wp\/v2\/posts\/233301\/revisions\/233411"}],"wp:featuredmedia":[{"embeddable":true,"href":"https:\/\/www.gaveanews.com\/index.php\/wp-json\/wp\/v2\/media\/152558"}],"wp:attachment":[{"href":"https:\/\/www.gaveanews.com\/index.php\/wp-json\/wp\/v2\/media?parent=233301"}],"wp:term":[{"taxonomy":"category","embeddable":true,"href":"https:\/\/www.gaveanews.com\/index.php\/wp-json\/wp\/v2\/categories?post=233301"},{"taxonomy":"post_tag","embeddable":true,"href":"https:\/\/www.gaveanews.com\/index.php\/wp-json\/wp\/v2\/tags?post=233301"}],"curies":[{"name":"wp","href":"https:\/\/api.w.org\/{rel}","templated":true}]}}