{"id":233303,"date":"2025-02-26T20:11:16","date_gmt":"2025-02-26T23:11:16","guid":{"rendered":"https:\/\/www.gaveanews.com\/?p=233303"},"modified":"2025-02-26T20:11:19","modified_gmt":"2025-02-26T23:11:19","slug":"fluminense-renova-com-atacante-ate-2026","status":"publish","type":"post","link":"https:\/\/www.gaveanews.com\/index.php\/2025\/02\/26\/fluminense-renova-com-atacante-ate-2026\/","title":{"rendered":"Fluminense renova com atacante at\u00e9 2026"},"content":{"rendered":"\n<p>O Fluminense anunciou a renova\u00e7\u00e3o de contrato do atacante Isac Martins, um dos principais destaques do time Sub-20. O jogador de 19 anos, que chegou ao clube em 2023 e foi pe\u00e7a fundamental na conquista da Copa Rio Sub-20, teve seu v\u00ednculo estendido at\u00e9 janeiro de 2026.<\/p>\n\n\n\n<p>Artilheiro da equipe j\u00fanior na \u00faltima temporada, com oito gols, Isac j\u00e1 foi relacionado para o time profissional durante o Campeonato Carioca. O jovem atacante celebrou a renova\u00e7\u00e3o e ressaltou a import\u00e2ncia desse novo momento. &#8220;\u00c9 muito importante, para mim, renovar contrato com o Fluminense. Estou feliz e espero que esse ano seja de bom aprendizado para que nossa equipe possa conquistar grandes t\u00edtulos&#8221;, declarou.<\/p>\n\n\n\n<figure class=\"wp-block-image size-full\"><img loading=\"lazy\" decoding=\"async\" width=\"1000\" height=\"667\" src=\"http:\/\/www.gaveanews.com\/wp-content\/uploads\/Escudo-do-Fluminense.webp\" alt=\"\" class=\"wp-image-144992\" srcset=\"https:\/\/www.gaveanews.com\/wp-content\/uploads\/Escudo-do-Fluminense.webp 1000w, https:\/\/www.gaveanews.com\/wp-content\/uploads\/Escudo-do-Fluminense-300x200.webp 300w, https:\/\/www.gaveanews.com\/wp-content\/uploads\/Escudo-do-Fluminense-768x512.webp 768w, https:\/\/www.gaveanews.com\/wp-content\/uploads\/Escudo-do-Fluminense-630x420.webp 630w, https:\/\/www.gaveanews.com\/wp-content\/uploads\/Escudo-do-Fluminense-640x427.webp 640w, https:\/\/www.gaveanews.com\/wp-content\/uploads\/Escudo-do-Fluminense-681x454.webp 681w, https:\/\/www.gaveanews.com\/wp-content\/uploads\/Escudo-do-Fluminense-100x67.webp 100w\" sizes=\"auto, (max-width: 1000px) 100vw, 1000px\" \/><figcaption class=\"wp-element-caption\">Escudo do Fluminense (Foto Reprodu\u00e7\u00e3o\/Instagram)<\/figcaption><\/figure>\n\n\n\n<h3 class=\"wp-block-heading\" id=\"h-foco-no-brasileirao-sub-20\">Foco no Brasileir\u00e3o Sub-20<\/h3>\n\n\n\n<p>Com a perman\u00eancia garantida, Isac Martins agora volta suas aten\u00e7\u00f5es para o Campeonato Brasileiro Sub-20. A competi\u00e7\u00e3o ser\u00e1 uma nova oportunidade para o atacante mostrar seu potencial e ajudar o Fluminense a buscar mais conquistas na categoria.<\/p>\n\n\n\n<h3 class=\"wp-block-heading\" id=\"h-potencial-para-o-time-principal\">Potencial para o time principal<\/h3>\n\n\n\n<p>A presen\u00e7a de Isac em listas de relacionados para jogos do time profissional demonstra o reconhecimento de seu talento dentro do clube. Caso mantenha o bom desempenho, o atacante pode ganhar novas oportunidades ao longo da temporada e se firmar como uma op\u00e7\u00e3o para o elenco principal.<\/p>\n\n\n\n<h3 class=\"wp-block-heading\" id=\"h-tradicao-na-formacao-de-atacantes\">Tradi\u00e7\u00e3o na forma\u00e7\u00e3o de atacantes<\/h3>\n\n\n\n<p>O Fluminense tem um hist\u00f3rico de revelar grandes atacantes e aposta na evolu\u00e7\u00e3o de Isac Martins como mais uma promessa para o futuro. O jogador segue treinando e se desenvolvendo, com a expectativa de continuar se destacando e, eventualmente, conquistar seu espa\u00e7o no time profissional.<\/p>\n\n\n\n<p>A renova\u00e7\u00e3o de Isac Martins refor\u00e7a a estrat\u00e9gia do Fluminense de valorizar suas promessas, garantindo continuidade ao trabalho nas categorias de base e preparando o jogador para futuras oportunidades no elenco principal. O atacante segue motivado para a temporada, buscando evoluir e contribuir com gols para a equipe Sub-20 na disputa do Brasileir\u00e3o da categoria.<\/p>\n\n\n\n<p><\/p>\n","protected":false},"excerpt":{"rendered":"<p>O Fluminense anunciou a renova\u00e7\u00e3o de contrato do atacante Isac Martins, um dos principais destaques do time Sub-20. O jogador de 19 anos, que chegou ao clube em 2023 e foi pe\u00e7a fundamental na conquista da Copa Rio Sub-20, teve seu v\u00ednculo estendido at\u00e9 janeiro de 2026. Artilheiro da equipe j\u00fanior na \u00faltima temporada, com [&hellip;]<\/p>\n","protected":false},"author":27,"featured_media":155883,"comment_status":"open","ping_status":"closed","sticky":false,"template":"","format":"standard","meta":{"footnotes":""},"categories":[145],"tags":[],"class_list":["post-233303","post","type-post","status-publish","format-standard","has-post-thumbnail","hentry","category-fluminense"],"yoast_head":"<!-- This site is optimized with the Yoast SEO Premium plugin v24.2 (Yoast SEO v26.9) - https:\/\/yoast.com\/product\/yoast-seo-premium-wordpress\/ -->\n<title>Fluminense renova com atacante at\u00e9 2026<\/title>\n<meta name=\"robots\" content=\"index, follow, max-snippet:-1, max-image-preview:large, max-video-preview:-1\" \/>\n<link rel=\"canonical\" href=\"https:\/\/www.gaveanews.com\/index.php\/2025\/02\/26\/fluminense-renova-com-atacante-ate-2026\/\" \/>\n<meta property=\"og:locale\" content=\"pt_BR\" \/>\n<meta property=\"og:type\" content=\"article\" \/>\n<meta property=\"og:title\" content=\"Fluminense renova com atacante at\u00e9 2026\" \/>\n<meta property=\"og:description\" content=\"O Fluminense anunciou a renova\u00e7\u00e3o de contrato do atacante Isac Martins, um dos principais destaques do time Sub-20. O jogador de 19 anos, que chegou ao clube em 2023 e foi pe\u00e7a fundamental na conquista da Copa Rio Sub-20, teve seu v\u00ednculo estendido at\u00e9 janeiro de 2026. Artilheiro da equipe j\u00fanior na \u00faltima temporada, com [&hellip;]\" \/>\n<meta property=\"og:url\" content=\"https:\/\/www.gaveanews.com\/index.php\/2025\/02\/26\/fluminense-renova-com-atacante-ate-2026\/\" \/>\n<meta property=\"og:site_name\" content=\"G\u00e1vea News\" \/>\n<meta property=\"article:publisher\" content=\"https:\/\/facebook.com\/gaveaNews\/\" \/>\n<meta property=\"article:published_time\" content=\"2025-02-26T23:11:16+00:00\" \/>\n<meta property=\"article:modified_time\" content=\"2025-02-26T23:11:19+00:00\" \/>\n<meta property=\"og:image\" content=\"http:\/\/www.gaveanews.com\/wp-content\/uploads\/Torcida-do-Fluminense-durante-partida-no-Maracana.webp\" \/>\n\t<meta property=\"og:image:width\" content=\"1236\" \/>\n\t<meta property=\"og:image:height\" content=\"1066\" \/>\n\t<meta property=\"og:image:type\" content=\"image\/jpeg\" \/>\n<meta name=\"author\" content=\"Matheus Felipe\" \/>\n<meta name=\"twitter:card\" content=\"summary_large_image\" \/>\n<meta name=\"twitter:label1\" content=\"Escrito por\" \/>\n\t<meta name=\"twitter:data1\" content=\"Matheus Felipe\" \/>\n\t<meta name=\"twitter:label2\" content=\"Est. tempo de leitura\" \/>\n\t<meta name=\"twitter:data2\" content=\"3 minutos\" \/>\n<script type=\"application\/ld+json\" class=\"yoast-schema-graph\">{\"@context\":\"https:\/\/schema.org\",\"@graph\":[{\"@type\":\"NewsArticle\",\"@id\":\"https:\/\/www.gaveanews.com\/index.php\/2025\/02\/26\/fluminense-renova-com-atacante-ate-2026\/#article\",\"isPartOf\":{\"@id\":\"https:\/\/www.gaveanews.com\/index.php\/2025\/02\/26\/fluminense-renova-com-atacante-ate-2026\/\"},\"author\":{\"name\":\"Matheus Felipe\",\"@id\":\"https:\/\/www.gaveanews.com\/#\/schema\/person\/8207cd4627f56151707418bfc835b2fb\"},\"headline\":\"Fluminense renova com atacante at\u00e9 2026\",\"datePublished\":\"2025-02-26T23:11:16+00:00\",\"dateModified\":\"2025-02-26T23:11:19+00:00\",\"mainEntityOfPage\":{\"@id\":\"https:\/\/www.gaveanews.com\/index.php\/2025\/02\/26\/fluminense-renova-com-atacante-ate-2026\/\"},\"wordCount\":340,\"commentCount\":0,\"image\":{\"@id\":\"https:\/\/www.gaveanews.com\/index.php\/2025\/02\/26\/fluminense-renova-com-atacante-ate-2026\/#primaryimage\"},\"thumbnailUrl\":\"https:\/\/www.gaveanews.com\/wp-content\/uploads\/Torcida-do-Fluminense-durante-partida-no-Maracana.webp\",\"articleSection\":[\"Fluminense\"],\"inLanguage\":\"pt-BR\",\"potentialAction\":[{\"@type\":\"CommentAction\",\"name\":\"Comment\",\"target\":[\"https:\/\/www.gaveanews.com\/index.php\/2025\/02\/26\/fluminense-renova-com-atacante-ate-2026\/#respond\"]}],\"copyrightYear\":\"2025\",\"copyrightHolder\":{\"@id\":\"https:\/\/www.gaveanews.com\/#organization\"}},{\"@type\":\"WebPage\",\"@id\":\"https:\/\/www.gaveanews.com\/index.php\/2025\/02\/26\/fluminense-renova-com-atacante-ate-2026\/\",\"url\":\"https:\/\/www.gaveanews.com\/index.php\/2025\/02\/26\/fluminense-renova-com-atacante-ate-2026\/\",\"name\":\"Fluminense renova com atacante at\u00e9 2026\",\"isPartOf\":{\"@id\":\"https:\/\/www.gaveanews.com\/#website\"},\"primaryImageOfPage\":{\"@id\":\"https:\/\/www.gaveanews.com\/index.php\/2025\/02\/26\/fluminense-renova-com-atacante-ate-2026\/#primaryimage\"},\"image\":{\"@id\":\"https:\/\/www.gaveanews.com\/index.php\/2025\/02\/26\/fluminense-renova-com-atacante-ate-2026\/#primaryimage\"},\"thumbnailUrl\":\"https:\/\/www.gaveanews.com\/wp-content\/uploads\/Torcida-do-Fluminense-durante-partida-no-Maracana.webp\",\"datePublished\":\"2025-02-26T23:11:16+00:00\",\"dateModified\":\"2025-02-26T23:11:19+00:00\",\"author\":{\"@id\":\"https:\/\/www.gaveanews.com\/#\/schema\/person\/8207cd4627f56151707418bfc835b2fb\"},\"breadcrumb\":{\"@id\":\"https:\/\/www.gaveanews.com\/index.php\/2025\/02\/26\/fluminense-renova-com-atacante-ate-2026\/#breadcrumb\"},\"inLanguage\":\"pt-BR\",\"potentialAction\":[{\"@type\":\"ReadAction\",\"target\":[\"https:\/\/www.gaveanews.com\/index.php\/2025\/02\/26\/fluminense-renova-com-atacante-ate-2026\/\"]}]},{\"@type\":\"ImageObject\",\"inLanguage\":\"pt-BR\",\"@id\":\"https:\/\/www.gaveanews.com\/index.php\/2025\/02\/26\/fluminense-renova-com-atacante-ate-2026\/#primaryimage\",\"url\":\"https:\/\/www.gaveanews.com\/wp-content\/uploads\/Torcida-do-Fluminense-durante-partida-no-Maracana.webp\",\"contentUrl\":\"https:\/\/www.gaveanews.com\/wp-content\/uploads\/Torcida-do-Fluminense-durante-partida-no-Maracana.webp\",\"width\":1236,\"height\":1066,\"caption\":\"Torcida do Fluminense durante partida no Maracan\u00e3 (Foto: Reprodu\u00e7\u00e3o\/Fluminense)\"},{\"@type\":\"BreadcrumbList\",\"@id\":\"https:\/\/www.gaveanews.com\/index.php\/2025\/02\/26\/fluminense-renova-com-atacante-ate-2026\/#breadcrumb\",\"itemListElement\":[{\"@type\":\"ListItem\",\"position\":1,\"name\":\"Home\",\"item\":\"https:\/\/www.gaveanews.com\/\"},{\"@type\":\"ListItem\",\"position\":2,\"name\":\"Fluminense renova com atacante at\u00e9 2026\"}]},{\"@type\":\"WebSite\",\"@id\":\"https:\/\/www.gaveanews.com\/#website\",\"url\":\"https:\/\/www.gaveanews.com\/\",\"name\":\"G\u00e1vea News\",\"description\":\"Veja todas as not\u00edcias sobre o Flamengo: Contrata\u00e7\u00f5es, categorias de base, resultados das partidas, tabela de classifica\u00e7\u00e3o, pr\u00f3ximos jogos!\",\"potentialAction\":[{\"@type\":\"SearchAction\",\"target\":{\"@type\":\"EntryPoint\",\"urlTemplate\":\"https:\/\/www.gaveanews.com\/?s={search_term_string}\"},\"query-input\":{\"@type\":\"PropertyValueSpecification\",\"valueRequired\":true,\"valueName\":\"search_term_string\"}}],\"inLanguage\":\"pt-BR\"},{\"@type\":\"Person\",\"@id\":\"https:\/\/www.gaveanews.com\/#\/schema\/person\/8207cd4627f56151707418bfc835b2fb\",\"name\":\"Matheus Felipe\",\"image\":{\"@type\":\"ImageObject\",\"inLanguage\":\"pt-BR\",\"@id\":\"https:\/\/www.gaveanews.com\/#\/schema\/person\/image\/\",\"url\":\"https:\/\/secure.gravatar.com\/avatar\/a452ffbed9130f726358b298bb3a99ce4bd3c5338411f8440e87e14d74c7c087?s=96&d=mm&r=g\",\"contentUrl\":\"https:\/\/secure.gravatar.com\/avatar\/a452ffbed9130f726358b298bb3a99ce4bd3c5338411f8440e87e14d74c7c087?s=96&d=mm&r=g\",\"caption\":\"Matheus Felipe\"}}]}<\/script>\n<!-- \/ Yoast SEO Premium plugin. -->","yoast_head_json":{"title":"Fluminense renova com atacante at\u00e9 2026","robots":{"index":"index","follow":"follow","max-snippet":"max-snippet:-1","max-image-preview":"max-image-preview:large","max-video-preview":"max-video-preview:-1"},"canonical":"https:\/\/www.gaveanews.com\/index.php\/2025\/02\/26\/fluminense-renova-com-atacante-ate-2026\/","og_locale":"pt_BR","og_type":"article","og_title":"Fluminense renova com atacante at\u00e9 2026","og_description":"O Fluminense anunciou a renova\u00e7\u00e3o de contrato do atacante Isac Martins, um dos principais destaques do time Sub-20. O jogador de 19 anos, que chegou ao clube em 2023 e foi pe\u00e7a fundamental na conquista da Copa Rio Sub-20, teve seu v\u00ednculo estendido at\u00e9 janeiro de 2026. Artilheiro da equipe j\u00fanior na \u00faltima temporada, com [&hellip;]","og_url":"https:\/\/www.gaveanews.com\/index.php\/2025\/02\/26\/fluminense-renova-com-atacante-ate-2026\/","og_site_name":"G\u00e1vea News","article_publisher":"https:\/\/facebook.com\/gaveaNews\/","article_published_time":"2025-02-26T23:11:16+00:00","article_modified_time":"2025-02-26T23:11:19+00:00","og_image":[{"width":1236,"height":1066,"url":"http:\/\/www.gaveanews.com\/wp-content\/uploads\/Torcida-do-Fluminense-durante-partida-no-Maracana.webp","type":"image\/jpeg"}],"author":"Matheus Felipe","twitter_card":"summary_large_image","twitter_misc":{"Escrito por":"Matheus Felipe","Est. tempo de leitura":"3 minutos"},"schema":{"@context":"https:\/\/schema.org","@graph":[{"@type":"NewsArticle","@id":"https:\/\/www.gaveanews.com\/index.php\/2025\/02\/26\/fluminense-renova-com-atacante-ate-2026\/#article","isPartOf":{"@id":"https:\/\/www.gaveanews.com\/index.php\/2025\/02\/26\/fluminense-renova-com-atacante-ate-2026\/"},"author":{"name":"Matheus Felipe","@id":"https:\/\/www.gaveanews.com\/#\/schema\/person\/8207cd4627f56151707418bfc835b2fb"},"headline":"Fluminense renova com atacante at\u00e9 2026","datePublished":"2025-02-26T23:11:16+00:00","dateModified":"2025-02-26T23:11:19+00:00","mainEntityOfPage":{"@id":"https:\/\/www.gaveanews.com\/index.php\/2025\/02\/26\/fluminense-renova-com-atacante-ate-2026\/"},"wordCount":340,"commentCount":0,"image":{"@id":"https:\/\/www.gaveanews.com\/index.php\/2025\/02\/26\/fluminense-renova-com-atacante-ate-2026\/#primaryimage"},"thumbnailUrl":"https:\/\/www.gaveanews.com\/wp-content\/uploads\/Torcida-do-Fluminense-durante-partida-no-Maracana.webp","articleSection":["Fluminense"],"inLanguage":"pt-BR","potentialAction":[{"@type":"CommentAction","name":"Comment","target":["https:\/\/www.gaveanews.com\/index.php\/2025\/02\/26\/fluminense-renova-com-atacante-ate-2026\/#respond"]}],"copyrightYear":"2025","copyrightHolder":{"@id":"https:\/\/www.gaveanews.com\/#organization"}},{"@type":"WebPage","@id":"https:\/\/www.gaveanews.com\/index.php\/2025\/02\/26\/fluminense-renova-com-atacante-ate-2026\/","url":"https:\/\/www.gaveanews.com\/index.php\/2025\/02\/26\/fluminense-renova-com-atacante-ate-2026\/","name":"Fluminense renova com atacante at\u00e9 2026","isPartOf":{"@id":"https:\/\/www.gaveanews.com\/#website"},"primaryImageOfPage":{"@id":"https:\/\/www.gaveanews.com\/index.php\/2025\/02\/26\/fluminense-renova-com-atacante-ate-2026\/#primaryimage"},"image":{"@id":"https:\/\/www.gaveanews.com\/index.php\/2025\/02\/26\/fluminense-renova-com-atacante-ate-2026\/#primaryimage"},"thumbnailUrl":"https:\/\/www.gaveanews.com\/wp-content\/uploads\/Torcida-do-Fluminense-durante-partida-no-Maracana.webp","datePublished":"2025-02-26T23:11:16+00:00","dateModified":"2025-02-26T23:11:19+00:00","author":{"@id":"https:\/\/www.gaveanews.com\/#\/schema\/person\/8207cd4627f56151707418bfc835b2fb"},"breadcrumb":{"@id":"https:\/\/www.gaveanews.com\/index.php\/2025\/02\/26\/fluminense-renova-com-atacante-ate-2026\/#breadcrumb"},"inLanguage":"pt-BR","potentialAction":[{"@type":"ReadAction","target":["https:\/\/www.gaveanews.com\/index.php\/2025\/02\/26\/fluminense-renova-com-atacante-ate-2026\/"]}]},{"@type":"ImageObject","inLanguage":"pt-BR","@id":"https:\/\/www.gaveanews.com\/index.php\/2025\/02\/26\/fluminense-renova-com-atacante-ate-2026\/#primaryimage","url":"https:\/\/www.gaveanews.com\/wp-content\/uploads\/Torcida-do-Fluminense-durante-partida-no-Maracana.webp","contentUrl":"https:\/\/www.gaveanews.com\/wp-content\/uploads\/Torcida-do-Fluminense-durante-partida-no-Maracana.webp","width":1236,"height":1066,"caption":"Torcida do Fluminense durante partida no Maracan\u00e3 (Foto: Reprodu\u00e7\u00e3o\/Fluminense)"},{"@type":"BreadcrumbList","@id":"https:\/\/www.gaveanews.com\/index.php\/2025\/02\/26\/fluminense-renova-com-atacante-ate-2026\/#breadcrumb","itemListElement":[{"@type":"ListItem","position":1,"name":"Home","item":"https:\/\/www.gaveanews.com\/"},{"@type":"ListItem","position":2,"name":"Fluminense renova com atacante at\u00e9 2026"}]},{"@type":"WebSite","@id":"https:\/\/www.gaveanews.com\/#website","url":"https:\/\/www.gaveanews.com\/","name":"G\u00e1vea News","description":"Veja todas as not\u00edcias sobre o Flamengo: Contrata\u00e7\u00f5es, categorias de base, resultados das partidas, tabela de classifica\u00e7\u00e3o, pr\u00f3ximos jogos!","potentialAction":[{"@type":"SearchAction","target":{"@type":"EntryPoint","urlTemplate":"https:\/\/www.gaveanews.com\/?s={search_term_string}"},"query-input":{"@type":"PropertyValueSpecification","valueRequired":true,"valueName":"search_term_string"}}],"inLanguage":"pt-BR"},{"@type":"Person","@id":"https:\/\/www.gaveanews.com\/#\/schema\/person\/8207cd4627f56151707418bfc835b2fb","name":"Matheus Felipe","image":{"@type":"ImageObject","inLanguage":"pt-BR","@id":"https:\/\/www.gaveanews.com\/#\/schema\/person\/image\/","url":"https:\/\/secure.gravatar.com\/avatar\/a452ffbed9130f726358b298bb3a99ce4bd3c5338411f8440e87e14d74c7c087?s=96&d=mm&r=g","contentUrl":"https:\/\/secure.gravatar.com\/avatar\/a452ffbed9130f726358b298bb3a99ce4bd3c5338411f8440e87e14d74c7c087?s=96&d=mm&r=g","caption":"Matheus Felipe"}}]}},"_links":{"self":[{"href":"https:\/\/www.gaveanews.com\/index.php\/wp-json\/wp\/v2\/posts\/233303","targetHints":{"allow":["GET"]}}],"collection":[{"href":"https:\/\/www.gaveanews.com\/index.php\/wp-json\/wp\/v2\/posts"}],"about":[{"href":"https:\/\/www.gaveanews.com\/index.php\/wp-json\/wp\/v2\/types\/post"}],"author":[{"embeddable":true,"href":"https:\/\/www.gaveanews.com\/index.php\/wp-json\/wp\/v2\/users\/27"}],"replies":[{"embeddable":true,"href":"https:\/\/www.gaveanews.com\/index.php\/wp-json\/wp\/v2\/comments?post=233303"}],"version-history":[{"count":2,"href":"https:\/\/www.gaveanews.com\/index.php\/wp-json\/wp\/v2\/posts\/233303\/revisions"}],"predecessor-version":[{"id":233319,"href":"https:\/\/www.gaveanews.com\/index.php\/wp-json\/wp\/v2\/posts\/233303\/revisions\/233319"}],"wp:featuredmedia":[{"embeddable":true,"href":"https:\/\/www.gaveanews.com\/index.php\/wp-json\/wp\/v2\/media\/155883"}],"wp:attachment":[{"href":"https:\/\/www.gaveanews.com\/index.php\/wp-json\/wp\/v2\/media?parent=233303"}],"wp:term":[{"taxonomy":"category","embeddable":true,"href":"https:\/\/www.gaveanews.com\/index.php\/wp-json\/wp\/v2\/categories?post=233303"},{"taxonomy":"post_tag","embeddable":true,"href":"https:\/\/www.gaveanews.com\/index.php\/wp-json\/wp\/v2\/tags?post=233303"}],"curies":[{"name":"wp","href":"https:\/\/api.w.org\/{rel}","templated":true}]}}