{"id":233311,"date":"2025-02-26T23:15:00","date_gmt":"2025-02-27T02:15:00","guid":{"rendered":"https:\/\/www.gaveanews.com\/?p=233311"},"modified":"2025-02-26T22:54:53","modified_gmt":"2025-02-27T01:54:53","slug":"aviao-utilizado-pelo-botafogo-no-intercontinental-volta-a-ser-alvo-de-criticas","status":"publish","type":"post","link":"https:\/\/www.gaveanews.com\/index.php\/2025\/02\/26\/aviao-utilizado-pelo-botafogo-no-intercontinental-volta-a-ser-alvo-de-criticas\/","title":{"rendered":"Avi\u00e3o utilizado pelo Botafogo no Intercontinental volta a ser alvo de cr\u00edticas"},"content":{"rendered":"\n<p>O avi\u00e3o do New England Patriots, emprestado ao Botafogo para a viagem ao Catar na disputa da Copa Intercontinental da FIFA, voltou a ser alvo de cr\u00edticas. Ap\u00f3s reclama\u00e7\u00f5es dos jogadores do clube carioca, atletas da pr\u00f3pria franquia da NFL tamb\u00e9m demonstraram insatisfa\u00e7\u00e3o com a aeronave.<\/p>\n\n\n\n<p>Uma pesquisa da Associa\u00e7\u00e3o de Jogadores da Liga de Futebol Americano (NFLPA) apontou que apenas 39% dos atletas dos Patriots consideram o espa\u00e7o e o conforto adequados nos voos da equipe. Al\u00e9m disso, o cronograma de viagens foi avaliado como pouco eficiente, resultando na pior nota poss\u00edvel no quesito &#8220;viagem do time&#8221;.<\/p>\n\n\n\n<figure class=\"wp-block-image size-large\"><img loading=\"lazy\" decoding=\"async\" width=\"1024\" height=\"682\" src=\"http:\/\/www.gaveanews.com\/wp-content\/uploads\/Textor-imita-Tulio-Maravilha-em-comemoracao-da-Libertadores-1024x682.webp\" alt=\"\" class=\"wp-image-193106\" srcset=\"https:\/\/www.gaveanews.com\/wp-content\/uploads\/Textor-imita-Tulio-Maravilha-em-comemoracao-da-Libertadores-1024x682.webp 1024w, https:\/\/www.gaveanews.com\/wp-content\/uploads\/Textor-imita-Tulio-Maravilha-em-comemoracao-da-Libertadores-300x200.webp 300w, https:\/\/www.gaveanews.com\/wp-content\/uploads\/Textor-imita-Tulio-Maravilha-em-comemoracao-da-Libertadores-768x512.webp 768w, https:\/\/www.gaveanews.com\/wp-content\/uploads\/Textor-imita-Tulio-Maravilha-em-comemoracao-da-Libertadores-1536x1023.webp 1536w, https:\/\/www.gaveanews.com\/wp-content\/uploads\/Textor-imita-Tulio-Maravilha-em-comemoracao-da-Libertadores-630x420.webp 630w, https:\/\/www.gaveanews.com\/wp-content\/uploads\/Textor-imita-Tulio-Maravilha-em-comemoracao-da-Libertadores-1261x840.webp 1261w, https:\/\/www.gaveanews.com\/wp-content\/uploads\/Textor-imita-Tulio-Maravilha-em-comemoracao-da-Libertadores-640x426.webp 640w, https:\/\/www.gaveanews.com\/wp-content\/uploads\/Textor-imita-Tulio-Maravilha-em-comemoracao-da-Libertadores-1280x853.webp 1280w, https:\/\/www.gaveanews.com\/wp-content\/uploads\/Textor-imita-Tulio-Maravilha-em-comemoracao-da-Libertadores-681x454.webp 681w, https:\/\/www.gaveanews.com\/wp-content\/uploads\/Textor-imita-Tulio-Maravilha-em-comemoracao-da-Libertadores-1362x907.webp 1362w, https:\/\/www.gaveanews.com\/wp-content\/uploads\/Textor-imita-Tulio-Maravilha-em-comemoracao-da-Libertadores-100x67.webp 100w, https:\/\/www.gaveanews.com\/wp-content\/uploads\/Textor-imita-Tulio-Maravilha-em-comemoracao-da-Libertadores.webp 1600w\" sizes=\"auto, (max-width: 1024px) 100vw, 1024px\" \/><figcaption class=\"wp-element-caption\">Textor imita T\u00falio Maravilha em comemora\u00e7\u00e3o da Libertadores (Foto: Divulga\u00e7\u00e3o\/Botafogo)<\/figcaption><\/figure>\n\n\n\n<p>A situa\u00e7\u00e3o gerou repercuss\u00e3o entre os torcedores do Botafogo, que j\u00e1 haviam criticado as condi\u00e7\u00f5es da aeronave durante o deslocamento para o Catar. Com isso, a discuss\u00e3o sobre a estrutura oferecida aos jogadores em viagens internacionais volta a ganhar destaque no clube.<\/p>\n\n\n\n<h3 class=\"wp-block-heading\" id=\"h-criticas-anteriores-do-elenco-alvinegro\">Cr\u00edticas anteriores do elenco alvinegro<\/h3>\n\n\n\n<p>Antes mesmo da pesquisa da NFLPA, jogadores do Botafogo j\u00e1 haviam demonstrado insatisfa\u00e7\u00e3o com as condi\u00e7\u00f5es do avi\u00e3o dos Patriots. Durante a viagem ao Catar, relatos indicaram desconforto e problemas estruturais na aeronave, o que gerou reclama\u00e7\u00f5es nos bastidores do clube.<\/p>\n\n\n\n<h3 class=\"wp-block-heading\" id=\"h-impacto-na-logistica-do-botafogo\">Impacto na log\u00edstica do Botafogo<\/h3>\n\n\n\n<p>A quest\u00e3o do transporte \u00e9 um fator relevante na prepara\u00e7\u00e3o dos times, especialmente em competi\u00e7\u00f5es internacionais. O Botafogo, que tem ampliado sua participa\u00e7\u00e3o em torneios fora do Brasil, busca melhorar sua estrutura de viagens para garantir maior conforto e melhor desempenho dos jogadores.<\/p>\n\n\n\n<h3 class=\"wp-block-heading\" id=\"h-repercussao-entre-os-torcedores\">Repercuss\u00e3o entre os torcedores<\/h3>\n\n\n\n<p>A revela\u00e7\u00e3o da insatisfa\u00e7\u00e3o tamb\u00e9m dos atletas dos Patriots fortaleceu as cr\u00edticas dos torcedores alvinegros, que cobram melhores condi\u00e7\u00f5es para o elenco. A diretoria do Botafogo ainda n\u00e3o se pronunciou sobre poss\u00edveis mudan\u00e7as na log\u00edstica para futuras viagens da equipe. A situa\u00e7\u00e3o refor\u00e7a a necessidade de planejamento para oferecer melhores condi\u00e7\u00f5es de viagem ao elenco, garantindo conforto e otimiza\u00e7\u00e3o na prepara\u00e7\u00e3o para os compromissos internacionais do Botafogo.<\/p>\n","protected":false},"excerpt":{"rendered":"<p>O avi\u00e3o do New England Patriots, emprestado ao Botafogo para a viagem ao Catar na disputa da Copa Intercontinental da FIFA, voltou a ser alvo de cr\u00edticas. Ap\u00f3s reclama\u00e7\u00f5es dos jogadores do clube carioca, atletas da pr\u00f3pria franquia da NFL tamb\u00e9m demonstraram insatisfa\u00e7\u00e3o com a aeronave. Uma pesquisa da Associa\u00e7\u00e3o de Jogadores da Liga de [&hellip;]<\/p>\n","protected":false},"author":27,"featured_media":182060,"comment_status":"open","ping_status":"closed","sticky":false,"template":"","format":"standard","meta":{"footnotes":""},"categories":[138],"tags":[],"class_list":["post-233311","post","type-post","status-publish","format-standard","has-post-thumbnail","hentry","category-botafogo"],"yoast_head":"<!-- This site is optimized with the Yoast SEO Premium plugin v24.2 (Yoast SEO v26.9) - https:\/\/yoast.com\/product\/yoast-seo-premium-wordpress\/ -->\n<title>Avi\u00e3o utilizado pelo Botafogo no Intercontinental volta a ser alvo de cr\u00edticas<\/title>\n<meta name=\"robots\" content=\"index, follow, max-snippet:-1, max-image-preview:large, max-video-preview:-1\" \/>\n<link rel=\"canonical\" href=\"https:\/\/www.gaveanews.com\/index.php\/2025\/02\/26\/aviao-utilizado-pelo-botafogo-no-intercontinental-volta-a-ser-alvo-de-criticas\/\" \/>\n<meta property=\"og:locale\" content=\"pt_BR\" \/>\n<meta property=\"og:type\" content=\"article\" \/>\n<meta property=\"og:title\" content=\"Avi\u00e3o utilizado pelo Botafogo no Intercontinental volta a ser alvo de cr\u00edticas\" \/>\n<meta property=\"og:description\" content=\"O avi\u00e3o do New England Patriots, emprestado ao Botafogo para a viagem ao Catar na disputa da Copa Intercontinental da FIFA, voltou a ser alvo de cr\u00edticas. Ap\u00f3s reclama\u00e7\u00f5es dos jogadores do clube carioca, atletas da pr\u00f3pria franquia da NFL tamb\u00e9m demonstraram insatisfa\u00e7\u00e3o com a aeronave. Uma pesquisa da Associa\u00e7\u00e3o de Jogadores da Liga de [&hellip;]\" \/>\n<meta property=\"og:url\" content=\"https:\/\/www.gaveanews.com\/index.php\/2025\/02\/26\/aviao-utilizado-pelo-botafogo-no-intercontinental-volta-a-ser-alvo-de-criticas\/\" \/>\n<meta property=\"og:site_name\" content=\"G\u00e1vea News\" \/>\n<meta property=\"article:publisher\" content=\"https:\/\/facebook.com\/gaveaNews\/\" \/>\n<meta property=\"article:published_time\" content=\"2025-02-27T02:15:00+00:00\" \/>\n<meta property=\"og:image\" content=\"https:\/\/www.gaveanews.com\/wp-content\/uploads\/Escudo-do-Botafogo-1.webp\" \/>\n\t<meta property=\"og:image:width\" content=\"787\" \/>\n\t<meta property=\"og:image:height\" content=\"525\" \/>\n\t<meta property=\"og:image:type\" content=\"image\/webp\" \/>\n<meta name=\"author\" content=\"Matheus Felipe\" \/>\n<meta name=\"twitter:card\" content=\"summary_large_image\" \/>\n<meta name=\"twitter:label1\" content=\"Escrito por\" \/>\n\t<meta name=\"twitter:data1\" content=\"Matheus Felipe\" \/>\n\t<meta name=\"twitter:label2\" content=\"Est. tempo de leitura\" \/>\n\t<meta name=\"twitter:data2\" content=\"3 minutos\" \/>\n<script type=\"application\/ld+json\" class=\"yoast-schema-graph\">{\"@context\":\"https:\/\/schema.org\",\"@graph\":[{\"@type\":\"NewsArticle\",\"@id\":\"https:\/\/www.gaveanews.com\/index.php\/2025\/02\/26\/aviao-utilizado-pelo-botafogo-no-intercontinental-volta-a-ser-alvo-de-criticas\/#article\",\"isPartOf\":{\"@id\":\"https:\/\/www.gaveanews.com\/index.php\/2025\/02\/26\/aviao-utilizado-pelo-botafogo-no-intercontinental-volta-a-ser-alvo-de-criticas\/\"},\"author\":{\"name\":\"Matheus Felipe\",\"@id\":\"https:\/\/www.gaveanews.com\/#\/schema\/person\/8207cd4627f56151707418bfc835b2fb\"},\"headline\":\"Avi\u00e3o utilizado pelo Botafogo no Intercontinental volta a ser alvo de cr\u00edticas\",\"datePublished\":\"2025-02-27T02:15:00+00:00\",\"mainEntityOfPage\":{\"@id\":\"https:\/\/www.gaveanews.com\/index.php\/2025\/02\/26\/aviao-utilizado-pelo-botafogo-no-intercontinental-volta-a-ser-alvo-de-criticas\/\"},\"wordCount\":371,\"commentCount\":0,\"image\":{\"@id\":\"https:\/\/www.gaveanews.com\/index.php\/2025\/02\/26\/aviao-utilizado-pelo-botafogo-no-intercontinental-volta-a-ser-alvo-de-criticas\/#primaryimage\"},\"thumbnailUrl\":\"https:\/\/www.gaveanews.com\/wp-content\/uploads\/Escudo-do-Botafogo-1.webp\",\"articleSection\":[\"Botafogo\"],\"inLanguage\":\"pt-BR\",\"potentialAction\":[{\"@type\":\"CommentAction\",\"name\":\"Comment\",\"target\":[\"https:\/\/www.gaveanews.com\/index.php\/2025\/02\/26\/aviao-utilizado-pelo-botafogo-no-intercontinental-volta-a-ser-alvo-de-criticas\/#respond\"]}],\"copyrightYear\":\"2025\",\"copyrightHolder\":{\"@id\":\"https:\/\/www.gaveanews.com\/#organization\"}},{\"@type\":\"WebPage\",\"@id\":\"https:\/\/www.gaveanews.com\/index.php\/2025\/02\/26\/aviao-utilizado-pelo-botafogo-no-intercontinental-volta-a-ser-alvo-de-criticas\/\",\"url\":\"https:\/\/www.gaveanews.com\/index.php\/2025\/02\/26\/aviao-utilizado-pelo-botafogo-no-intercontinental-volta-a-ser-alvo-de-criticas\/\",\"name\":\"Avi\u00e3o utilizado pelo Botafogo no Intercontinental volta a ser alvo de cr\u00edticas\",\"isPartOf\":{\"@id\":\"https:\/\/www.gaveanews.com\/#website\"},\"primaryImageOfPage\":{\"@id\":\"https:\/\/www.gaveanews.com\/index.php\/2025\/02\/26\/aviao-utilizado-pelo-botafogo-no-intercontinental-volta-a-ser-alvo-de-criticas\/#primaryimage\"},\"image\":{\"@id\":\"https:\/\/www.gaveanews.com\/index.php\/2025\/02\/26\/aviao-utilizado-pelo-botafogo-no-intercontinental-volta-a-ser-alvo-de-criticas\/#primaryimage\"},\"thumbnailUrl\":\"https:\/\/www.gaveanews.com\/wp-content\/uploads\/Escudo-do-Botafogo-1.webp\",\"datePublished\":\"2025-02-27T02:15:00+00:00\",\"author\":{\"@id\":\"https:\/\/www.gaveanews.com\/#\/schema\/person\/8207cd4627f56151707418bfc835b2fb\"},\"breadcrumb\":{\"@id\":\"https:\/\/www.gaveanews.com\/index.php\/2025\/02\/26\/aviao-utilizado-pelo-botafogo-no-intercontinental-volta-a-ser-alvo-de-criticas\/#breadcrumb\"},\"inLanguage\":\"pt-BR\",\"potentialAction\":[{\"@type\":\"ReadAction\",\"target\":[\"https:\/\/www.gaveanews.com\/index.php\/2025\/02\/26\/aviao-utilizado-pelo-botafogo-no-intercontinental-volta-a-ser-alvo-de-criticas\/\"]}]},{\"@type\":\"ImageObject\",\"inLanguage\":\"pt-BR\",\"@id\":\"https:\/\/www.gaveanews.com\/index.php\/2025\/02\/26\/aviao-utilizado-pelo-botafogo-no-intercontinental-volta-a-ser-alvo-de-criticas\/#primaryimage\",\"url\":\"https:\/\/www.gaveanews.com\/wp-content\/uploads\/Escudo-do-Botafogo-1.webp\",\"contentUrl\":\"https:\/\/www.gaveanews.com\/wp-content\/uploads\/Escudo-do-Botafogo-1.webp\",\"width\":787,\"height\":525,\"caption\":\"Escudo do Botafogo (Foto: Reprodu\u00e7\u00e3o\/Botafogo)\"},{\"@type\":\"BreadcrumbList\",\"@id\":\"https:\/\/www.gaveanews.com\/index.php\/2025\/02\/26\/aviao-utilizado-pelo-botafogo-no-intercontinental-volta-a-ser-alvo-de-criticas\/#breadcrumb\",\"itemListElement\":[{\"@type\":\"ListItem\",\"position\":1,\"name\":\"Home\",\"item\":\"https:\/\/www.gaveanews.com\/\"},{\"@type\":\"ListItem\",\"position\":2,\"name\":\"Avi\u00e3o utilizado pelo Botafogo no Intercontinental volta a ser alvo de cr\u00edticas\"}]},{\"@type\":\"WebSite\",\"@id\":\"https:\/\/www.gaveanews.com\/#website\",\"url\":\"https:\/\/www.gaveanews.com\/\",\"name\":\"G\u00e1vea News\",\"description\":\"Veja todas as not\u00edcias sobre o Flamengo: Contrata\u00e7\u00f5es, categorias de base, resultados das partidas, tabela de classifica\u00e7\u00e3o, pr\u00f3ximos jogos!\",\"potentialAction\":[{\"@type\":\"SearchAction\",\"target\":{\"@type\":\"EntryPoint\",\"urlTemplate\":\"https:\/\/www.gaveanews.com\/?s={search_term_string}\"},\"query-input\":{\"@type\":\"PropertyValueSpecification\",\"valueRequired\":true,\"valueName\":\"search_term_string\"}}],\"inLanguage\":\"pt-BR\"},{\"@type\":\"Person\",\"@id\":\"https:\/\/www.gaveanews.com\/#\/schema\/person\/8207cd4627f56151707418bfc835b2fb\",\"name\":\"Matheus Felipe\",\"image\":{\"@type\":\"ImageObject\",\"inLanguage\":\"pt-BR\",\"@id\":\"https:\/\/www.gaveanews.com\/#\/schema\/person\/image\/\",\"url\":\"https:\/\/secure.gravatar.com\/avatar\/a452ffbed9130f726358b298bb3a99ce4bd3c5338411f8440e87e14d74c7c087?s=96&d=mm&r=g\",\"contentUrl\":\"https:\/\/secure.gravatar.com\/avatar\/a452ffbed9130f726358b298bb3a99ce4bd3c5338411f8440e87e14d74c7c087?s=96&d=mm&r=g\",\"caption\":\"Matheus Felipe\"}}]}<\/script>\n<!-- \/ Yoast SEO Premium plugin. -->","yoast_head_json":{"title":"Avi\u00e3o utilizado pelo Botafogo no Intercontinental volta a ser alvo de cr\u00edticas","robots":{"index":"index","follow":"follow","max-snippet":"max-snippet:-1","max-image-preview":"max-image-preview:large","max-video-preview":"max-video-preview:-1"},"canonical":"https:\/\/www.gaveanews.com\/index.php\/2025\/02\/26\/aviao-utilizado-pelo-botafogo-no-intercontinental-volta-a-ser-alvo-de-criticas\/","og_locale":"pt_BR","og_type":"article","og_title":"Avi\u00e3o utilizado pelo Botafogo no Intercontinental volta a ser alvo de cr\u00edticas","og_description":"O avi\u00e3o do New England Patriots, emprestado ao Botafogo para a viagem ao Catar na disputa da Copa Intercontinental da FIFA, voltou a ser alvo de cr\u00edticas. Ap\u00f3s reclama\u00e7\u00f5es dos jogadores do clube carioca, atletas da pr\u00f3pria franquia da NFL tamb\u00e9m demonstraram insatisfa\u00e7\u00e3o com a aeronave. Uma pesquisa da Associa\u00e7\u00e3o de Jogadores da Liga de [&hellip;]","og_url":"https:\/\/www.gaveanews.com\/index.php\/2025\/02\/26\/aviao-utilizado-pelo-botafogo-no-intercontinental-volta-a-ser-alvo-de-criticas\/","og_site_name":"G\u00e1vea News","article_publisher":"https:\/\/facebook.com\/gaveaNews\/","article_published_time":"2025-02-27T02:15:00+00:00","og_image":[{"width":787,"height":525,"url":"https:\/\/www.gaveanews.com\/wp-content\/uploads\/Escudo-do-Botafogo-1.webp","type":"image\/webp"}],"author":"Matheus Felipe","twitter_card":"summary_large_image","twitter_misc":{"Escrito por":"Matheus Felipe","Est. tempo de leitura":"3 minutos"},"schema":{"@context":"https:\/\/schema.org","@graph":[{"@type":"NewsArticle","@id":"https:\/\/www.gaveanews.com\/index.php\/2025\/02\/26\/aviao-utilizado-pelo-botafogo-no-intercontinental-volta-a-ser-alvo-de-criticas\/#article","isPartOf":{"@id":"https:\/\/www.gaveanews.com\/index.php\/2025\/02\/26\/aviao-utilizado-pelo-botafogo-no-intercontinental-volta-a-ser-alvo-de-criticas\/"},"author":{"name":"Matheus Felipe","@id":"https:\/\/www.gaveanews.com\/#\/schema\/person\/8207cd4627f56151707418bfc835b2fb"},"headline":"Avi\u00e3o utilizado pelo Botafogo no Intercontinental volta a ser alvo de cr\u00edticas","datePublished":"2025-02-27T02:15:00+00:00","mainEntityOfPage":{"@id":"https:\/\/www.gaveanews.com\/index.php\/2025\/02\/26\/aviao-utilizado-pelo-botafogo-no-intercontinental-volta-a-ser-alvo-de-criticas\/"},"wordCount":371,"commentCount":0,"image":{"@id":"https:\/\/www.gaveanews.com\/index.php\/2025\/02\/26\/aviao-utilizado-pelo-botafogo-no-intercontinental-volta-a-ser-alvo-de-criticas\/#primaryimage"},"thumbnailUrl":"https:\/\/www.gaveanews.com\/wp-content\/uploads\/Escudo-do-Botafogo-1.webp","articleSection":["Botafogo"],"inLanguage":"pt-BR","potentialAction":[{"@type":"CommentAction","name":"Comment","target":["https:\/\/www.gaveanews.com\/index.php\/2025\/02\/26\/aviao-utilizado-pelo-botafogo-no-intercontinental-volta-a-ser-alvo-de-criticas\/#respond"]}],"copyrightYear":"2025","copyrightHolder":{"@id":"https:\/\/www.gaveanews.com\/#organization"}},{"@type":"WebPage","@id":"https:\/\/www.gaveanews.com\/index.php\/2025\/02\/26\/aviao-utilizado-pelo-botafogo-no-intercontinental-volta-a-ser-alvo-de-criticas\/","url":"https:\/\/www.gaveanews.com\/index.php\/2025\/02\/26\/aviao-utilizado-pelo-botafogo-no-intercontinental-volta-a-ser-alvo-de-criticas\/","name":"Avi\u00e3o utilizado pelo Botafogo no Intercontinental volta a ser alvo de cr\u00edticas","isPartOf":{"@id":"https:\/\/www.gaveanews.com\/#website"},"primaryImageOfPage":{"@id":"https:\/\/www.gaveanews.com\/index.php\/2025\/02\/26\/aviao-utilizado-pelo-botafogo-no-intercontinental-volta-a-ser-alvo-de-criticas\/#primaryimage"},"image":{"@id":"https:\/\/www.gaveanews.com\/index.php\/2025\/02\/26\/aviao-utilizado-pelo-botafogo-no-intercontinental-volta-a-ser-alvo-de-criticas\/#primaryimage"},"thumbnailUrl":"https:\/\/www.gaveanews.com\/wp-content\/uploads\/Escudo-do-Botafogo-1.webp","datePublished":"2025-02-27T02:15:00+00:00","author":{"@id":"https:\/\/www.gaveanews.com\/#\/schema\/person\/8207cd4627f56151707418bfc835b2fb"},"breadcrumb":{"@id":"https:\/\/www.gaveanews.com\/index.php\/2025\/02\/26\/aviao-utilizado-pelo-botafogo-no-intercontinental-volta-a-ser-alvo-de-criticas\/#breadcrumb"},"inLanguage":"pt-BR","potentialAction":[{"@type":"ReadAction","target":["https:\/\/www.gaveanews.com\/index.php\/2025\/02\/26\/aviao-utilizado-pelo-botafogo-no-intercontinental-volta-a-ser-alvo-de-criticas\/"]}]},{"@type":"ImageObject","inLanguage":"pt-BR","@id":"https:\/\/www.gaveanews.com\/index.php\/2025\/02\/26\/aviao-utilizado-pelo-botafogo-no-intercontinental-volta-a-ser-alvo-de-criticas\/#primaryimage","url":"https:\/\/www.gaveanews.com\/wp-content\/uploads\/Escudo-do-Botafogo-1.webp","contentUrl":"https:\/\/www.gaveanews.com\/wp-content\/uploads\/Escudo-do-Botafogo-1.webp","width":787,"height":525,"caption":"Escudo do Botafogo (Foto: Reprodu\u00e7\u00e3o\/Botafogo)"},{"@type":"BreadcrumbList","@id":"https:\/\/www.gaveanews.com\/index.php\/2025\/02\/26\/aviao-utilizado-pelo-botafogo-no-intercontinental-volta-a-ser-alvo-de-criticas\/#breadcrumb","itemListElement":[{"@type":"ListItem","position":1,"name":"Home","item":"https:\/\/www.gaveanews.com\/"},{"@type":"ListItem","position":2,"name":"Avi\u00e3o utilizado pelo Botafogo no Intercontinental volta a ser alvo de cr\u00edticas"}]},{"@type":"WebSite","@id":"https:\/\/www.gaveanews.com\/#website","url":"https:\/\/www.gaveanews.com\/","name":"G\u00e1vea News","description":"Veja todas as not\u00edcias sobre o Flamengo: Contrata\u00e7\u00f5es, categorias de base, resultados das partidas, tabela de classifica\u00e7\u00e3o, pr\u00f3ximos jogos!","potentialAction":[{"@type":"SearchAction","target":{"@type":"EntryPoint","urlTemplate":"https:\/\/www.gaveanews.com\/?s={search_term_string}"},"query-input":{"@type":"PropertyValueSpecification","valueRequired":true,"valueName":"search_term_string"}}],"inLanguage":"pt-BR"},{"@type":"Person","@id":"https:\/\/www.gaveanews.com\/#\/schema\/person\/8207cd4627f56151707418bfc835b2fb","name":"Matheus Felipe","image":{"@type":"ImageObject","inLanguage":"pt-BR","@id":"https:\/\/www.gaveanews.com\/#\/schema\/person\/image\/","url":"https:\/\/secure.gravatar.com\/avatar\/a452ffbed9130f726358b298bb3a99ce4bd3c5338411f8440e87e14d74c7c087?s=96&d=mm&r=g","contentUrl":"https:\/\/secure.gravatar.com\/avatar\/a452ffbed9130f726358b298bb3a99ce4bd3c5338411f8440e87e14d74c7c087?s=96&d=mm&r=g","caption":"Matheus Felipe"}}]}},"_links":{"self":[{"href":"https:\/\/www.gaveanews.com\/index.php\/wp-json\/wp\/v2\/posts\/233311","targetHints":{"allow":["GET"]}}],"collection":[{"href":"https:\/\/www.gaveanews.com\/index.php\/wp-json\/wp\/v2\/posts"}],"about":[{"href":"https:\/\/www.gaveanews.com\/index.php\/wp-json\/wp\/v2\/types\/post"}],"author":[{"embeddable":true,"href":"https:\/\/www.gaveanews.com\/index.php\/wp-json\/wp\/v2\/users\/27"}],"replies":[{"embeddable":true,"href":"https:\/\/www.gaveanews.com\/index.php\/wp-json\/wp\/v2\/comments?post=233311"}],"version-history":[{"count":1,"href":"https:\/\/www.gaveanews.com\/index.php\/wp-json\/wp\/v2\/posts\/233311\/revisions"}],"predecessor-version":[{"id":233316,"href":"https:\/\/www.gaveanews.com\/index.php\/wp-json\/wp\/v2\/posts\/233311\/revisions\/233316"}],"wp:featuredmedia":[{"embeddable":true,"href":"https:\/\/www.gaveanews.com\/index.php\/wp-json\/wp\/v2\/media\/182060"}],"wp:attachment":[{"href":"https:\/\/www.gaveanews.com\/index.php\/wp-json\/wp\/v2\/media?parent=233311"}],"wp:term":[{"taxonomy":"category","embeddable":true,"href":"https:\/\/www.gaveanews.com\/index.php\/wp-json\/wp\/v2\/categories?post=233311"},{"taxonomy":"post_tag","embeddable":true,"href":"https:\/\/www.gaveanews.com\/index.php\/wp-json\/wp\/v2\/tags?post=233311"}],"curies":[{"name":"wp","href":"https:\/\/api.w.org\/{rel}","templated":true}]}}