{"id":233320,"date":"2025-02-26T23:25:00","date_gmt":"2025-02-27T02:25:00","guid":{"rendered":"https:\/\/www.gaveanews.com\/?p=233320"},"modified":"2025-02-26T22:58:23","modified_gmt":"2025-02-27T01:58:23","slug":"a-declaracao-de-felipe-melo-direcionado-a-hugo-souza-do-corinthians","status":"publish","type":"post","link":"https:\/\/www.gaveanews.com\/index.php\/2025\/02\/26\/a-declaracao-de-felipe-melo-direcionado-a-hugo-souza-do-corinthians\/","title":{"rendered":"A declara\u00e7\u00e3o de Felipe Melo direcionado a Hugo Souza, do Corinthians"},"content":{"rendered":"\n<p>Vivendo grande fase com a camisa do Corinthians, o goleiro Hugo Souza ganhou um forte aliado na busca por uma vaga na Sele\u00e7\u00e3o Brasileira. Durante o programa &#8220;Troca de Passes&#8221;, do SporTV, o ex-volante Felipe Melo, hoje comentarista, destacou o desempenho do arqueiro e pediu sua convoca\u00e7\u00e3o por Dorival J\u00fanior.<\/p>\n\n\n\n<p>&#8220;O Hugo Souza tem sido um goleira\u00e7o a\u00ed nos \u00faltimos tempos&#8221;, afirmou Felipe Melo. &#8220;Acho que, inclusive, tem que esperar por uma convoca\u00e7\u00e3o. Se isso n\u00e3o acontecer agora, ser\u00e1 em breve&#8221;. A declara\u00e7\u00e3o surpreendeu muitos torcedores, j\u00e1 que o ex-jogador tem forte identifica\u00e7\u00e3o com o Palmeiras, maior rival do Tim\u00e3o.<\/p>\n\n\n\n<p>Hugo, que assumiu a titularidade ap\u00f3s a sa\u00edda de C\u00e1ssio, n\u00e3o esconde o desejo de vestir a Amarelinha. O goleiro, no entanto, mant\u00e9m os p\u00e9s no ch\u00e3o e entende que precisa continuar se destacando para ter uma chance. &#8220;A Sele\u00e7\u00e3o \u00e9 um objetivo individual, sim&#8221;, disse. &#8220;Acredito que mantendo o bom trabalho e fazendo o que vem sendo feito, possa estar perto. Mas o objetivo \u00e9 colocar o Corinthians onde ele merece, brigar pelo que tem que brigar&#8221;.<\/p>\n\n\n\n<p>O t\u00e9cnico Dorival J\u00fanior tem o h\u00e1bito de chamar jogadores que atuam no futebol brasileiro, o que aumenta a esperan\u00e7a de Hugo Souza. Na \u00faltima convoca\u00e7\u00e3o, Rafael, do S\u00e3o Paulo, foi o \u00fanico goleiro do pa\u00eds presente na lista.<\/p>\n\n\n\n<p>A grande fase de Neneca tamb\u00e9m despertou o interesse de clubes europeus. Nos \u00faltimos meses, o goleiro recebeu consultas e sondagens, mas garantiu que n\u00e3o pensa em sair do Corinthians neste momento. Em entrevista ao canal &#8220;PoropoPOD&#8221;, ele revelou que chegou a receber uma proposta tentadora, mas optou por permanecer no clube.<\/p>\n\n\n\n<p>&#8220;Dinheiro, eu sei que preciso. Se eu fizer um bom trabalho no Corinthians, eu posso ganhar isso. Mas o que vai me trazer de benef\u00edcio ser goleiro do Corinthians \u00e9 muito maior do que dinheiro&#8221;, afirmou Hugo.<\/p>\n\n\n\n<p>Com o respaldo da torcida e da comiss\u00e3o t\u00e9cnica, Hugo Souza segue firme como titular e pe\u00e7a-chave para o Tim\u00e3o na temporada. Resta saber se, em breve, o goleiro ganhar\u00e1 uma oportunidade na Sele\u00e7\u00e3o Brasileira, como aposta Felipe Melo.<\/p>\n","protected":false},"excerpt":{"rendered":"<p>Vivendo grande fase com a camisa do Corinthians, o goleiro Hugo Souza ganhou um forte aliado na busca por uma vaga na Sele\u00e7\u00e3o Brasileira. Durante o programa &#8220;Troca de Passes&#8221;, do SporTV, o ex-volante Felipe Melo, hoje comentarista, destacou o desempenho do arqueiro e pediu sua convoca\u00e7\u00e3o por Dorival J\u00fanior. &#8220;O Hugo Souza tem sido [&hellip;]<\/p>\n","protected":false},"author":23,"featured_media":160023,"comment_status":"open","ping_status":"closed","sticky":false,"template":"","format":"standard","meta":{"footnotes":""},"categories":[141],"tags":[],"class_list":["post-233320","post","type-post","status-publish","format-standard","has-post-thumbnail","hentry","category-corinthians"],"yoast_head":"<!-- This site is optimized with the Yoast SEO Premium plugin v24.2 (Yoast SEO v26.9) - https:\/\/yoast.com\/product\/yoast-seo-premium-wordpress\/ -->\n<title>A declara\u00e7\u00e3o de Felipe Melo direcionado a Hugo Souza, do Corinthians<\/title>\n<meta name=\"robots\" content=\"index, follow, max-snippet:-1, max-image-preview:large, max-video-preview:-1\" \/>\n<link rel=\"canonical\" href=\"https:\/\/www.gaveanews.com\/index.php\/2025\/02\/26\/a-declaracao-de-felipe-melo-direcionado-a-hugo-souza-do-corinthians\/\" \/>\n<meta property=\"og:locale\" content=\"pt_BR\" \/>\n<meta property=\"og:type\" content=\"article\" \/>\n<meta property=\"og:title\" content=\"A declara\u00e7\u00e3o de Felipe Melo direcionado a Hugo Souza, do Corinthians\" \/>\n<meta property=\"og:description\" content=\"Vivendo grande fase com a camisa do Corinthians, o goleiro Hugo Souza ganhou um forte aliado na busca por uma vaga na Sele\u00e7\u00e3o Brasileira. Durante o programa &#8220;Troca de Passes&#8221;, do SporTV, o ex-volante Felipe Melo, hoje comentarista, destacou o desempenho do arqueiro e pediu sua convoca\u00e7\u00e3o por Dorival J\u00fanior. &#8220;O Hugo Souza tem sido [&hellip;]\" \/>\n<meta property=\"og:url\" content=\"https:\/\/www.gaveanews.com\/index.php\/2025\/02\/26\/a-declaracao-de-felipe-melo-direcionado-a-hugo-souza-do-corinthians\/\" \/>\n<meta property=\"og:site_name\" content=\"G\u00e1vea News\" \/>\n<meta property=\"article:publisher\" content=\"https:\/\/facebook.com\/gaveaNews\/\" \/>\n<meta property=\"article:published_time\" content=\"2025-02-27T02:25:00+00:00\" \/>\n<meta property=\"og:image\" content=\"https:\/\/www.gaveanews.com\/wp-content\/uploads\/image-2024-08-21T141722.256.webp\" \/>\n\t<meta property=\"og:image:width\" content=\"740\" \/>\n\t<meta property=\"og:image:height\" content=\"416\" \/>\n\t<meta property=\"og:image:type\" content=\"image\/webp\" \/>\n<meta name=\"author\" content=\"Leandro Azevedo\" \/>\n<meta name=\"twitter:card\" content=\"summary_large_image\" \/>\n<meta name=\"twitter:label1\" content=\"Escrito por\" \/>\n\t<meta name=\"twitter:data1\" content=\"Leandro Azevedo\" \/>\n\t<meta name=\"twitter:label2\" content=\"Est. tempo de leitura\" \/>\n\t<meta name=\"twitter:data2\" content=\"3 minutos\" \/>\n<script type=\"application\/ld+json\" class=\"yoast-schema-graph\">{\"@context\":\"https:\/\/schema.org\",\"@graph\":[{\"@type\":\"NewsArticle\",\"@id\":\"https:\/\/www.gaveanews.com\/index.php\/2025\/02\/26\/a-declaracao-de-felipe-melo-direcionado-a-hugo-souza-do-corinthians\/#article\",\"isPartOf\":{\"@id\":\"https:\/\/www.gaveanews.com\/index.php\/2025\/02\/26\/a-declaracao-de-felipe-melo-direcionado-a-hugo-souza-do-corinthians\/\"},\"author\":{\"name\":\"Leandro Azevedo\",\"@id\":\"https:\/\/www.gaveanews.com\/#\/schema\/person\/2877169f354c4596cf5aab74ea7c56a8\"},\"headline\":\"A declara\u00e7\u00e3o de Felipe Melo direcionado a Hugo Souza, do Corinthians\",\"datePublished\":\"2025-02-27T02:25:00+00:00\",\"mainEntityOfPage\":{\"@id\":\"https:\/\/www.gaveanews.com\/index.php\/2025\/02\/26\/a-declaracao-de-felipe-melo-direcionado-a-hugo-souza-do-corinthians\/\"},\"wordCount\":386,\"commentCount\":0,\"image\":{\"@id\":\"https:\/\/www.gaveanews.com\/index.php\/2025\/02\/26\/a-declaracao-de-felipe-melo-direcionado-a-hugo-souza-do-corinthians\/#primaryimage\"},\"thumbnailUrl\":\"https:\/\/www.gaveanews.com\/wp-content\/uploads\/image-2024-08-21T141722.256.webp\",\"articleSection\":[\"Corinthians\"],\"inLanguage\":\"pt-BR\",\"potentialAction\":[{\"@type\":\"CommentAction\",\"name\":\"Comment\",\"target\":[\"https:\/\/www.gaveanews.com\/index.php\/2025\/02\/26\/a-declaracao-de-felipe-melo-direcionado-a-hugo-souza-do-corinthians\/#respond\"]}],\"copyrightYear\":\"2025\",\"copyrightHolder\":{\"@id\":\"https:\/\/www.gaveanews.com\/#organization\"}},{\"@type\":\"WebPage\",\"@id\":\"https:\/\/www.gaveanews.com\/index.php\/2025\/02\/26\/a-declaracao-de-felipe-melo-direcionado-a-hugo-souza-do-corinthians\/\",\"url\":\"https:\/\/www.gaveanews.com\/index.php\/2025\/02\/26\/a-declaracao-de-felipe-melo-direcionado-a-hugo-souza-do-corinthians\/\",\"name\":\"A declara\u00e7\u00e3o de Felipe Melo direcionado a Hugo Souza, do Corinthians\",\"isPartOf\":{\"@id\":\"https:\/\/www.gaveanews.com\/#website\"},\"primaryImageOfPage\":{\"@id\":\"https:\/\/www.gaveanews.com\/index.php\/2025\/02\/26\/a-declaracao-de-felipe-melo-direcionado-a-hugo-souza-do-corinthians\/#primaryimage\"},\"image\":{\"@id\":\"https:\/\/www.gaveanews.com\/index.php\/2025\/02\/26\/a-declaracao-de-felipe-melo-direcionado-a-hugo-souza-do-corinthians\/#primaryimage\"},\"thumbnailUrl\":\"https:\/\/www.gaveanews.com\/wp-content\/uploads\/image-2024-08-21T141722.256.webp\",\"datePublished\":\"2025-02-27T02:25:00+00:00\",\"author\":{\"@id\":\"https:\/\/www.gaveanews.com\/#\/schema\/person\/2877169f354c4596cf5aab74ea7c56a8\"},\"breadcrumb\":{\"@id\":\"https:\/\/www.gaveanews.com\/index.php\/2025\/02\/26\/a-declaracao-de-felipe-melo-direcionado-a-hugo-souza-do-corinthians\/#breadcrumb\"},\"inLanguage\":\"pt-BR\",\"potentialAction\":[{\"@type\":\"ReadAction\",\"target\":[\"https:\/\/www.gaveanews.com\/index.php\/2025\/02\/26\/a-declaracao-de-felipe-melo-direcionado-a-hugo-souza-do-corinthians\/\"]}]},{\"@type\":\"ImageObject\",\"inLanguage\":\"pt-BR\",\"@id\":\"https:\/\/www.gaveanews.com\/index.php\/2025\/02\/26\/a-declaracao-de-felipe-melo-direcionado-a-hugo-souza-do-corinthians\/#primaryimage\",\"url\":\"https:\/\/www.gaveanews.com\/wp-content\/uploads\/image-2024-08-21T141722.256.webp\",\"contentUrl\":\"https:\/\/www.gaveanews.com\/wp-content\/uploads\/image-2024-08-21T141722.256.webp\",\"width\":740,\"height\":416,\"caption\":\"Foto: Jhony Pinho\/AGIF Hugo Souza falou sobre o Mengo\"},{\"@type\":\"BreadcrumbList\",\"@id\":\"https:\/\/www.gaveanews.com\/index.php\/2025\/02\/26\/a-declaracao-de-felipe-melo-direcionado-a-hugo-souza-do-corinthians\/#breadcrumb\",\"itemListElement\":[{\"@type\":\"ListItem\",\"position\":1,\"name\":\"Home\",\"item\":\"https:\/\/www.gaveanews.com\/\"},{\"@type\":\"ListItem\",\"position\":2,\"name\":\"A declara\u00e7\u00e3o de Felipe Melo direcionado a Hugo Souza, do Corinthians\"}]},{\"@type\":\"WebSite\",\"@id\":\"https:\/\/www.gaveanews.com\/#website\",\"url\":\"https:\/\/www.gaveanews.com\/\",\"name\":\"G\u00e1vea News\",\"description\":\"Veja todas as not\u00edcias sobre o Flamengo: Contrata\u00e7\u00f5es, categorias de base, resultados das partidas, tabela de classifica\u00e7\u00e3o, pr\u00f3ximos jogos!\",\"potentialAction\":[{\"@type\":\"SearchAction\",\"target\":{\"@type\":\"EntryPoint\",\"urlTemplate\":\"https:\/\/www.gaveanews.com\/?s={search_term_string}\"},\"query-input\":{\"@type\":\"PropertyValueSpecification\",\"valueRequired\":true,\"valueName\":\"search_term_string\"}}],\"inLanguage\":\"pt-BR\"},{\"@type\":\"Person\",\"@id\":\"https:\/\/www.gaveanews.com\/#\/schema\/person\/2877169f354c4596cf5aab74ea7c56a8\",\"name\":\"Leandro Azevedo\",\"image\":{\"@type\":\"ImageObject\",\"inLanguage\":\"pt-BR\",\"@id\":\"https:\/\/www.gaveanews.com\/#\/schema\/person\/image\/\",\"url\":\"https:\/\/secure.gravatar.com\/avatar\/e2f72eb6d986a41d592a85e4e36a6c6170e9ea8a1f433dfc29d0011a8968f89c?s=96&d=mm&r=g\",\"contentUrl\":\"https:\/\/secure.gravatar.com\/avatar\/e2f72eb6d986a41d592a85e4e36a6c6170e9ea8a1f433dfc29d0011a8968f89c?s=96&d=mm&r=g\",\"caption\":\"Leandro Azevedo\"}}]}<\/script>\n<!-- \/ Yoast SEO Premium plugin. -->","yoast_head_json":{"title":"A declara\u00e7\u00e3o de Felipe Melo direcionado a Hugo Souza, do Corinthians","robots":{"index":"index","follow":"follow","max-snippet":"max-snippet:-1","max-image-preview":"max-image-preview:large","max-video-preview":"max-video-preview:-1"},"canonical":"https:\/\/www.gaveanews.com\/index.php\/2025\/02\/26\/a-declaracao-de-felipe-melo-direcionado-a-hugo-souza-do-corinthians\/","og_locale":"pt_BR","og_type":"article","og_title":"A declara\u00e7\u00e3o de Felipe Melo direcionado a Hugo Souza, do Corinthians","og_description":"Vivendo grande fase com a camisa do Corinthians, o goleiro Hugo Souza ganhou um forte aliado na busca por uma vaga na Sele\u00e7\u00e3o Brasileira. Durante o programa &#8220;Troca de Passes&#8221;, do SporTV, o ex-volante Felipe Melo, hoje comentarista, destacou o desempenho do arqueiro e pediu sua convoca\u00e7\u00e3o por Dorival J\u00fanior. &#8220;O Hugo Souza tem sido [&hellip;]","og_url":"https:\/\/www.gaveanews.com\/index.php\/2025\/02\/26\/a-declaracao-de-felipe-melo-direcionado-a-hugo-souza-do-corinthians\/","og_site_name":"G\u00e1vea News","article_publisher":"https:\/\/facebook.com\/gaveaNews\/","article_published_time":"2025-02-27T02:25:00+00:00","og_image":[{"width":740,"height":416,"url":"https:\/\/www.gaveanews.com\/wp-content\/uploads\/image-2024-08-21T141722.256.webp","type":"image\/webp"}],"author":"Leandro Azevedo","twitter_card":"summary_large_image","twitter_misc":{"Escrito por":"Leandro Azevedo","Est. tempo de leitura":"3 minutos"},"schema":{"@context":"https:\/\/schema.org","@graph":[{"@type":"NewsArticle","@id":"https:\/\/www.gaveanews.com\/index.php\/2025\/02\/26\/a-declaracao-de-felipe-melo-direcionado-a-hugo-souza-do-corinthians\/#article","isPartOf":{"@id":"https:\/\/www.gaveanews.com\/index.php\/2025\/02\/26\/a-declaracao-de-felipe-melo-direcionado-a-hugo-souza-do-corinthians\/"},"author":{"name":"Leandro Azevedo","@id":"https:\/\/www.gaveanews.com\/#\/schema\/person\/2877169f354c4596cf5aab74ea7c56a8"},"headline":"A declara\u00e7\u00e3o de Felipe Melo direcionado a Hugo Souza, do Corinthians","datePublished":"2025-02-27T02:25:00+00:00","mainEntityOfPage":{"@id":"https:\/\/www.gaveanews.com\/index.php\/2025\/02\/26\/a-declaracao-de-felipe-melo-direcionado-a-hugo-souza-do-corinthians\/"},"wordCount":386,"commentCount":0,"image":{"@id":"https:\/\/www.gaveanews.com\/index.php\/2025\/02\/26\/a-declaracao-de-felipe-melo-direcionado-a-hugo-souza-do-corinthians\/#primaryimage"},"thumbnailUrl":"https:\/\/www.gaveanews.com\/wp-content\/uploads\/image-2024-08-21T141722.256.webp","articleSection":["Corinthians"],"inLanguage":"pt-BR","potentialAction":[{"@type":"CommentAction","name":"Comment","target":["https:\/\/www.gaveanews.com\/index.php\/2025\/02\/26\/a-declaracao-de-felipe-melo-direcionado-a-hugo-souza-do-corinthians\/#respond"]}],"copyrightYear":"2025","copyrightHolder":{"@id":"https:\/\/www.gaveanews.com\/#organization"}},{"@type":"WebPage","@id":"https:\/\/www.gaveanews.com\/index.php\/2025\/02\/26\/a-declaracao-de-felipe-melo-direcionado-a-hugo-souza-do-corinthians\/","url":"https:\/\/www.gaveanews.com\/index.php\/2025\/02\/26\/a-declaracao-de-felipe-melo-direcionado-a-hugo-souza-do-corinthians\/","name":"A declara\u00e7\u00e3o de Felipe Melo direcionado a Hugo Souza, do Corinthians","isPartOf":{"@id":"https:\/\/www.gaveanews.com\/#website"},"primaryImageOfPage":{"@id":"https:\/\/www.gaveanews.com\/index.php\/2025\/02\/26\/a-declaracao-de-felipe-melo-direcionado-a-hugo-souza-do-corinthians\/#primaryimage"},"image":{"@id":"https:\/\/www.gaveanews.com\/index.php\/2025\/02\/26\/a-declaracao-de-felipe-melo-direcionado-a-hugo-souza-do-corinthians\/#primaryimage"},"thumbnailUrl":"https:\/\/www.gaveanews.com\/wp-content\/uploads\/image-2024-08-21T141722.256.webp","datePublished":"2025-02-27T02:25:00+00:00","author":{"@id":"https:\/\/www.gaveanews.com\/#\/schema\/person\/2877169f354c4596cf5aab74ea7c56a8"},"breadcrumb":{"@id":"https:\/\/www.gaveanews.com\/index.php\/2025\/02\/26\/a-declaracao-de-felipe-melo-direcionado-a-hugo-souza-do-corinthians\/#breadcrumb"},"inLanguage":"pt-BR","potentialAction":[{"@type":"ReadAction","target":["https:\/\/www.gaveanews.com\/index.php\/2025\/02\/26\/a-declaracao-de-felipe-melo-direcionado-a-hugo-souza-do-corinthians\/"]}]},{"@type":"ImageObject","inLanguage":"pt-BR","@id":"https:\/\/www.gaveanews.com\/index.php\/2025\/02\/26\/a-declaracao-de-felipe-melo-direcionado-a-hugo-souza-do-corinthians\/#primaryimage","url":"https:\/\/www.gaveanews.com\/wp-content\/uploads\/image-2024-08-21T141722.256.webp","contentUrl":"https:\/\/www.gaveanews.com\/wp-content\/uploads\/image-2024-08-21T141722.256.webp","width":740,"height":416,"caption":"Foto: Jhony Pinho\/AGIF Hugo Souza falou sobre o Mengo"},{"@type":"BreadcrumbList","@id":"https:\/\/www.gaveanews.com\/index.php\/2025\/02\/26\/a-declaracao-de-felipe-melo-direcionado-a-hugo-souza-do-corinthians\/#breadcrumb","itemListElement":[{"@type":"ListItem","position":1,"name":"Home","item":"https:\/\/www.gaveanews.com\/"},{"@type":"ListItem","position":2,"name":"A declara\u00e7\u00e3o de Felipe Melo direcionado a Hugo Souza, do Corinthians"}]},{"@type":"WebSite","@id":"https:\/\/www.gaveanews.com\/#website","url":"https:\/\/www.gaveanews.com\/","name":"G\u00e1vea News","description":"Veja todas as not\u00edcias sobre o Flamengo: Contrata\u00e7\u00f5es, categorias de base, resultados das partidas, tabela de classifica\u00e7\u00e3o, pr\u00f3ximos jogos!","potentialAction":[{"@type":"SearchAction","target":{"@type":"EntryPoint","urlTemplate":"https:\/\/www.gaveanews.com\/?s={search_term_string}"},"query-input":{"@type":"PropertyValueSpecification","valueRequired":true,"valueName":"search_term_string"}}],"inLanguage":"pt-BR"},{"@type":"Person","@id":"https:\/\/www.gaveanews.com\/#\/schema\/person\/2877169f354c4596cf5aab74ea7c56a8","name":"Leandro Azevedo","image":{"@type":"ImageObject","inLanguage":"pt-BR","@id":"https:\/\/www.gaveanews.com\/#\/schema\/person\/image\/","url":"https:\/\/secure.gravatar.com\/avatar\/e2f72eb6d986a41d592a85e4e36a6c6170e9ea8a1f433dfc29d0011a8968f89c?s=96&d=mm&r=g","contentUrl":"https:\/\/secure.gravatar.com\/avatar\/e2f72eb6d986a41d592a85e4e36a6c6170e9ea8a1f433dfc29d0011a8968f89c?s=96&d=mm&r=g","caption":"Leandro Azevedo"}}]}},"_links":{"self":[{"href":"https:\/\/www.gaveanews.com\/index.php\/wp-json\/wp\/v2\/posts\/233320","targetHints":{"allow":["GET"]}}],"collection":[{"href":"https:\/\/www.gaveanews.com\/index.php\/wp-json\/wp\/v2\/posts"}],"about":[{"href":"https:\/\/www.gaveanews.com\/index.php\/wp-json\/wp\/v2\/types\/post"}],"author":[{"embeddable":true,"href":"https:\/\/www.gaveanews.com\/index.php\/wp-json\/wp\/v2\/users\/23"}],"replies":[{"embeddable":true,"href":"https:\/\/www.gaveanews.com\/index.php\/wp-json\/wp\/v2\/comments?post=233320"}],"version-history":[{"count":1,"href":"https:\/\/www.gaveanews.com\/index.php\/wp-json\/wp\/v2\/posts\/233320\/revisions"}],"predecessor-version":[{"id":233325,"href":"https:\/\/www.gaveanews.com\/index.php\/wp-json\/wp\/v2\/posts\/233320\/revisions\/233325"}],"wp:featuredmedia":[{"embeddable":true,"href":"https:\/\/www.gaveanews.com\/index.php\/wp-json\/wp\/v2\/media\/160023"}],"wp:attachment":[{"href":"https:\/\/www.gaveanews.com\/index.php\/wp-json\/wp\/v2\/media?parent=233320"}],"wp:term":[{"taxonomy":"category","embeddable":true,"href":"https:\/\/www.gaveanews.com\/index.php\/wp-json\/wp\/v2\/categories?post=233320"},{"taxonomy":"post_tag","embeddable":true,"href":"https:\/\/www.gaveanews.com\/index.php\/wp-json\/wp\/v2\/tags?post=233320"}],"curies":[{"name":"wp","href":"https:\/\/api.w.org\/{rel}","templated":true}]}}