{"id":233365,"date":"2025-02-26T23:55:00","date_gmt":"2025-02-27T02:55:00","guid":{"rendered":"https:\/\/www.gaveanews.com\/?p=233365"},"modified":"2025-02-26T23:07:08","modified_gmt":"2025-02-27T02:07:08","slug":"cbf-a-declaracao-de-ednaldo-rodrigues-direcionada-a-ronaldo-fenomeno","status":"publish","type":"post","link":"https:\/\/www.gaveanews.com\/index.php\/2025\/02\/26\/cbf-a-declaracao-de-ednaldo-rodrigues-direcionada-a-ronaldo-fenomeno\/","title":{"rendered":"CBF: a declara\u00e7\u00e3o de Ednaldo Rodrigues direcionada a Ronaldo Fen\u00f4meno"},"content":{"rendered":"\n<p>O presidente da CBF, Ednaldo Rodrigues, se manifestou pela primeira vez sobre a candidatura de Ronaldo Fen\u00f4meno ao comando da entidade. Ap\u00f3s reuni\u00e3o do Conselho da Conmebol, o dirigente destacou o respeito pelo ex-atacante, mas ressaltou que as regras da confedera\u00e7\u00e3o s\u00e3o estabelecidas em conjunto com Conmebol e Fifa.<\/p>\n\n\n\n<p>&#8220;Primeiro, nosso respeito a Ronaldo como atleta. Ele ajudou muito a sele\u00e7\u00e3o brasileira, principalmente na conquista do pentacampeonato mundial. Tem meu respeito como torcedor e dirigente. \u00c9 normal qualquer pessoa se candidatar, desde que atenda aos pr\u00e9-requisitos estabelecidos no estatuto, nas regras e na lei&#8221;, afirmou Ednaldo.<\/p>\n\n\n\n<p>O mandat\u00e1rio refor\u00e7ou que o foco atual da CBF est\u00e1 nas competi\u00e7\u00f5es em andamento, como os Campeonatos Brasileiros das S\u00e9ries A, B, C e D, al\u00e9m da Copa do Brasil. Segundo ele, a confedera\u00e7\u00e3o ainda n\u00e3o iniciou qualquer discuss\u00e3o sobre o processo eleitoral.<\/p>\n\n\n\n<p>Ednaldo tamb\u00e9m destacou mudan\u00e7as recentes nas regras para candidaturas \u00e0 presid\u00eancia da CBF. Segundo ele, sua gest\u00e3o reduziu a exig\u00eancia de oito federa\u00e7\u00f5es apoiadoras para quatro, o que, na sua vis\u00e3o, tornou o processo mais transparente e aberto ao debate.<\/p>\n\n\n\n<p>&#8220;A CBF entende que \u00e9 muito salutar a diversidade. Foi na nossa gest\u00e3o que permitimos que isso pudesse acontecer com mais debate. A cl\u00e1usula era de oito federa\u00e7\u00f5es apoiando um candidato, e propusemos que fossem quatro. Hoje, s\u00e3o quatro. Tem que haver debate sobre o que \u00e9 melhor para o futebol brasileiro, e cabe a quem vota, clubes e federa\u00e7\u00f5es, julgar&#8221;, explicou.<\/p>\n\n\n\n<p>Al\u00e9m do tema eleitoral, Ednaldo Rodrigues comentou sobre a pol\u00eamica envolvendo gramados sint\u00e9ticos no futebol brasileiro. Segundo o dirigente, um estudo j\u00e1 foi encomendado para avaliar os impactos desse tipo de piso na seguran\u00e7a dos jogadores.<\/p>\n\n\n\n<p>&#8220;Respeitamos todos os posicionamentos, principalmente dos atletas, que s\u00e3o os que jogam. Mais do que a CBF, os pr\u00f3prios clubes, que empregam os atletas diretamente, devem debater esse tema. A CBF, como sempre, vai estimular essa discuss\u00e3o&#8221;, disse.<\/p>\n\n\n\n<p>A pesquisa est\u00e1 sendo conduzida pela Comiss\u00e3o Nacional M\u00e9dica da CBF, liderada pelo doutor Jorge Pagura. &#8220;O Pagura vai apresentar um estudo aprofundado com dados do Brasil, e isso pode subsidiar clubes e atletas na tomada de decis\u00e3o&#8221;, concluiu Ednaldo.<\/p>\n","protected":false},"excerpt":{"rendered":"<p>O presidente da CBF, Ednaldo Rodrigues, se manifestou pela primeira vez sobre a candidatura de Ronaldo Fen\u00f4meno ao comando da entidade. Ap\u00f3s reuni\u00e3o do Conselho da Conmebol, o dirigente destacou o respeito pelo ex-atacante, mas ressaltou que as regras da confedera\u00e7\u00e3o s\u00e3o estabelecidas em conjunto com Conmebol e Fifa. &#8220;Primeiro, nosso respeito a Ronaldo como [&hellip;]<\/p>\n","protected":false},"author":23,"featured_media":114931,"comment_status":"open","ping_status":"closed","sticky":false,"template":"","format":"standard","meta":{"footnotes":""},"categories":[478],"tags":[],"class_list":["post-233365","post","type-post","status-publish","format-standard","has-post-thumbnail","hentry","category-brasil"],"yoast_head":"<!-- This site is optimized with the Yoast SEO Premium plugin v24.2 (Yoast SEO v26.9) - https:\/\/yoast.com\/product\/yoast-seo-premium-wordpress\/ -->\n<title>CBF: a declara\u00e7\u00e3o de Ednaldo Rodrigues direcionada a Ronaldo Fen\u00f4meno<\/title>\n<meta name=\"robots\" content=\"index, follow, max-snippet:-1, max-image-preview:large, max-video-preview:-1\" \/>\n<link rel=\"canonical\" href=\"https:\/\/www.gaveanews.com\/index.php\/2025\/02\/26\/cbf-a-declaracao-de-ednaldo-rodrigues-direcionada-a-ronaldo-fenomeno\/\" \/>\n<meta property=\"og:locale\" content=\"pt_BR\" \/>\n<meta property=\"og:type\" content=\"article\" \/>\n<meta property=\"og:title\" content=\"CBF: a declara\u00e7\u00e3o de Ednaldo Rodrigues direcionada a Ronaldo Fen\u00f4meno\" \/>\n<meta property=\"og:description\" content=\"O presidente da CBF, Ednaldo Rodrigues, se manifestou pela primeira vez sobre a candidatura de Ronaldo Fen\u00f4meno ao comando da entidade. Ap\u00f3s reuni\u00e3o do Conselho da Conmebol, o dirigente destacou o respeito pelo ex-atacante, mas ressaltou que as regras da confedera\u00e7\u00e3o s\u00e3o estabelecidas em conjunto com Conmebol e Fifa. &#8220;Primeiro, nosso respeito a Ronaldo como [&hellip;]\" \/>\n<meta property=\"og:url\" content=\"https:\/\/www.gaveanews.com\/index.php\/2025\/02\/26\/cbf-a-declaracao-de-ednaldo-rodrigues-direcionada-a-ronaldo-fenomeno\/\" \/>\n<meta property=\"og:site_name\" content=\"G\u00e1vea News\" \/>\n<meta property=\"article:publisher\" content=\"https:\/\/facebook.com\/gaveaNews\/\" \/>\n<meta property=\"article:published_time\" content=\"2025-02-27T02:55:00+00:00\" \/>\n<meta property=\"og:image\" content=\"https:\/\/www.gaveanews.com\/wp-content\/uploads\/1_ednaldo_rodrigues_cbf_selecao_brasileira__2_-23258960.webp\" \/>\n\t<meta property=\"og:image:width\" content=\"818\" \/>\n\t<meta property=\"og:image:height\" content=\"459\" \/>\n\t<meta property=\"og:image:type\" content=\"image\/jpeg\" \/>\n<meta name=\"author\" content=\"Leandro Azevedo\" \/>\n<meta name=\"twitter:card\" content=\"summary_large_image\" \/>\n<meta name=\"twitter:label1\" content=\"Escrito por\" \/>\n\t<meta name=\"twitter:data1\" content=\"Leandro Azevedo\" \/>\n\t<meta name=\"twitter:label2\" content=\"Est. tempo de leitura\" \/>\n\t<meta name=\"twitter:data2\" content=\"3 minutos\" \/>\n<script type=\"application\/ld+json\" class=\"yoast-schema-graph\">{\"@context\":\"https:\/\/schema.org\",\"@graph\":[{\"@type\":\"NewsArticle\",\"@id\":\"https:\/\/www.gaveanews.com\/index.php\/2025\/02\/26\/cbf-a-declaracao-de-ednaldo-rodrigues-direcionada-a-ronaldo-fenomeno\/#article\",\"isPartOf\":{\"@id\":\"https:\/\/www.gaveanews.com\/index.php\/2025\/02\/26\/cbf-a-declaracao-de-ednaldo-rodrigues-direcionada-a-ronaldo-fenomeno\/\"},\"author\":{\"name\":\"Leandro Azevedo\",\"@id\":\"https:\/\/www.gaveanews.com\/#\/schema\/person\/2877169f354c4596cf5aab74ea7c56a8\"},\"headline\":\"CBF: a declara\u00e7\u00e3o de Ednaldo Rodrigues direcionada a Ronaldo Fen\u00f4meno\",\"datePublished\":\"2025-02-27T02:55:00+00:00\",\"mainEntityOfPage\":{\"@id\":\"https:\/\/www.gaveanews.com\/index.php\/2025\/02\/26\/cbf-a-declaracao-de-ednaldo-rodrigues-direcionada-a-ronaldo-fenomeno\/\"},\"wordCount\":400,\"commentCount\":0,\"image\":{\"@id\":\"https:\/\/www.gaveanews.com\/index.php\/2025\/02\/26\/cbf-a-declaracao-de-ednaldo-rodrigues-direcionada-a-ronaldo-fenomeno\/#primaryimage\"},\"thumbnailUrl\":\"https:\/\/www.gaveanews.com\/wp-content\/uploads\/1_ednaldo_rodrigues_cbf_selecao_brasileira__2_-23258960.webp\",\"articleSection\":[\"Brasil\"],\"inLanguage\":\"pt-BR\",\"potentialAction\":[{\"@type\":\"CommentAction\",\"name\":\"Comment\",\"target\":[\"https:\/\/www.gaveanews.com\/index.php\/2025\/02\/26\/cbf-a-declaracao-de-ednaldo-rodrigues-direcionada-a-ronaldo-fenomeno\/#respond\"]}],\"copyrightYear\":\"2025\",\"copyrightHolder\":{\"@id\":\"https:\/\/www.gaveanews.com\/#organization\"}},{\"@type\":\"WebPage\",\"@id\":\"https:\/\/www.gaveanews.com\/index.php\/2025\/02\/26\/cbf-a-declaracao-de-ednaldo-rodrigues-direcionada-a-ronaldo-fenomeno\/\",\"url\":\"https:\/\/www.gaveanews.com\/index.php\/2025\/02\/26\/cbf-a-declaracao-de-ednaldo-rodrigues-direcionada-a-ronaldo-fenomeno\/\",\"name\":\"CBF: a declara\u00e7\u00e3o de Ednaldo Rodrigues direcionada a Ronaldo Fen\u00f4meno\",\"isPartOf\":{\"@id\":\"https:\/\/www.gaveanews.com\/#website\"},\"primaryImageOfPage\":{\"@id\":\"https:\/\/www.gaveanews.com\/index.php\/2025\/02\/26\/cbf-a-declaracao-de-ednaldo-rodrigues-direcionada-a-ronaldo-fenomeno\/#primaryimage\"},\"image\":{\"@id\":\"https:\/\/www.gaveanews.com\/index.php\/2025\/02\/26\/cbf-a-declaracao-de-ednaldo-rodrigues-direcionada-a-ronaldo-fenomeno\/#primaryimage\"},\"thumbnailUrl\":\"https:\/\/www.gaveanews.com\/wp-content\/uploads\/1_ednaldo_rodrigues_cbf_selecao_brasileira__2_-23258960.webp\",\"datePublished\":\"2025-02-27T02:55:00+00:00\",\"author\":{\"@id\":\"https:\/\/www.gaveanews.com\/#\/schema\/person\/2877169f354c4596cf5aab74ea7c56a8\"},\"breadcrumb\":{\"@id\":\"https:\/\/www.gaveanews.com\/index.php\/2025\/02\/26\/cbf-a-declaracao-de-ednaldo-rodrigues-direcionada-a-ronaldo-fenomeno\/#breadcrumb\"},\"inLanguage\":\"pt-BR\",\"potentialAction\":[{\"@type\":\"ReadAction\",\"target\":[\"https:\/\/www.gaveanews.com\/index.php\/2025\/02\/26\/cbf-a-declaracao-de-ednaldo-rodrigues-direcionada-a-ronaldo-fenomeno\/\"]}]},{\"@type\":\"ImageObject\",\"inLanguage\":\"pt-BR\",\"@id\":\"https:\/\/www.gaveanews.com\/index.php\/2025\/02\/26\/cbf-a-declaracao-de-ednaldo-rodrigues-direcionada-a-ronaldo-fenomeno\/#primaryimage\",\"url\":\"https:\/\/www.gaveanews.com\/wp-content\/uploads\/1_ednaldo_rodrigues_cbf_selecao_brasileira__2_-23258960.webp\",\"contentUrl\":\"https:\/\/www.gaveanews.com\/wp-content\/uploads\/1_ednaldo_rodrigues_cbf_selecao_brasileira__2_-23258960.webp\",\"width\":818,\"height\":459,\"caption\":\"Ednaldo Rodrigues, presidente da CBF, em entrevista coletiva da sele\u00e7\u00e3o brasileira feminina (Foto: Thais Magalh\u00e3es\/CBF)\"},{\"@type\":\"BreadcrumbList\",\"@id\":\"https:\/\/www.gaveanews.com\/index.php\/2025\/02\/26\/cbf-a-declaracao-de-ednaldo-rodrigues-direcionada-a-ronaldo-fenomeno\/#breadcrumb\",\"itemListElement\":[{\"@type\":\"ListItem\",\"position\":1,\"name\":\"Home\",\"item\":\"https:\/\/www.gaveanews.com\/\"},{\"@type\":\"ListItem\",\"position\":2,\"name\":\"CBF: a declara\u00e7\u00e3o de Ednaldo Rodrigues direcionada a Ronaldo Fen\u00f4meno\"}]},{\"@type\":\"WebSite\",\"@id\":\"https:\/\/www.gaveanews.com\/#website\",\"url\":\"https:\/\/www.gaveanews.com\/\",\"name\":\"G\u00e1vea News\",\"description\":\"Veja todas as not\u00edcias sobre o Flamengo: Contrata\u00e7\u00f5es, categorias de base, resultados das partidas, tabela de classifica\u00e7\u00e3o, pr\u00f3ximos jogos!\",\"potentialAction\":[{\"@type\":\"SearchAction\",\"target\":{\"@type\":\"EntryPoint\",\"urlTemplate\":\"https:\/\/www.gaveanews.com\/?s={search_term_string}\"},\"query-input\":{\"@type\":\"PropertyValueSpecification\",\"valueRequired\":true,\"valueName\":\"search_term_string\"}}],\"inLanguage\":\"pt-BR\"},{\"@type\":\"Person\",\"@id\":\"https:\/\/www.gaveanews.com\/#\/schema\/person\/2877169f354c4596cf5aab74ea7c56a8\",\"name\":\"Leandro Azevedo\",\"image\":{\"@type\":\"ImageObject\",\"inLanguage\":\"pt-BR\",\"@id\":\"https:\/\/www.gaveanews.com\/#\/schema\/person\/image\/\",\"url\":\"https:\/\/secure.gravatar.com\/avatar\/e2f72eb6d986a41d592a85e4e36a6c6170e9ea8a1f433dfc29d0011a8968f89c?s=96&d=mm&r=g\",\"contentUrl\":\"https:\/\/secure.gravatar.com\/avatar\/e2f72eb6d986a41d592a85e4e36a6c6170e9ea8a1f433dfc29d0011a8968f89c?s=96&d=mm&r=g\",\"caption\":\"Leandro Azevedo\"}}]}<\/script>\n<!-- \/ Yoast SEO Premium plugin. -->","yoast_head_json":{"title":"CBF: a declara\u00e7\u00e3o de Ednaldo Rodrigues direcionada a Ronaldo Fen\u00f4meno","robots":{"index":"index","follow":"follow","max-snippet":"max-snippet:-1","max-image-preview":"max-image-preview:large","max-video-preview":"max-video-preview:-1"},"canonical":"https:\/\/www.gaveanews.com\/index.php\/2025\/02\/26\/cbf-a-declaracao-de-ednaldo-rodrigues-direcionada-a-ronaldo-fenomeno\/","og_locale":"pt_BR","og_type":"article","og_title":"CBF: a declara\u00e7\u00e3o de Ednaldo Rodrigues direcionada a Ronaldo Fen\u00f4meno","og_description":"O presidente da CBF, Ednaldo Rodrigues, se manifestou pela primeira vez sobre a candidatura de Ronaldo Fen\u00f4meno ao comando da entidade. Ap\u00f3s reuni\u00e3o do Conselho da Conmebol, o dirigente destacou o respeito pelo ex-atacante, mas ressaltou que as regras da confedera\u00e7\u00e3o s\u00e3o estabelecidas em conjunto com Conmebol e Fifa. &#8220;Primeiro, nosso respeito a Ronaldo como [&hellip;]","og_url":"https:\/\/www.gaveanews.com\/index.php\/2025\/02\/26\/cbf-a-declaracao-de-ednaldo-rodrigues-direcionada-a-ronaldo-fenomeno\/","og_site_name":"G\u00e1vea News","article_publisher":"https:\/\/facebook.com\/gaveaNews\/","article_published_time":"2025-02-27T02:55:00+00:00","og_image":[{"width":818,"height":459,"url":"https:\/\/www.gaveanews.com\/wp-content\/uploads\/1_ednaldo_rodrigues_cbf_selecao_brasileira__2_-23258960.webp","type":"image\/jpeg"}],"author":"Leandro Azevedo","twitter_card":"summary_large_image","twitter_misc":{"Escrito por":"Leandro Azevedo","Est. tempo de leitura":"3 minutos"},"schema":{"@context":"https:\/\/schema.org","@graph":[{"@type":"NewsArticle","@id":"https:\/\/www.gaveanews.com\/index.php\/2025\/02\/26\/cbf-a-declaracao-de-ednaldo-rodrigues-direcionada-a-ronaldo-fenomeno\/#article","isPartOf":{"@id":"https:\/\/www.gaveanews.com\/index.php\/2025\/02\/26\/cbf-a-declaracao-de-ednaldo-rodrigues-direcionada-a-ronaldo-fenomeno\/"},"author":{"name":"Leandro Azevedo","@id":"https:\/\/www.gaveanews.com\/#\/schema\/person\/2877169f354c4596cf5aab74ea7c56a8"},"headline":"CBF: a declara\u00e7\u00e3o de Ednaldo Rodrigues direcionada a Ronaldo Fen\u00f4meno","datePublished":"2025-02-27T02:55:00+00:00","mainEntityOfPage":{"@id":"https:\/\/www.gaveanews.com\/index.php\/2025\/02\/26\/cbf-a-declaracao-de-ednaldo-rodrigues-direcionada-a-ronaldo-fenomeno\/"},"wordCount":400,"commentCount":0,"image":{"@id":"https:\/\/www.gaveanews.com\/index.php\/2025\/02\/26\/cbf-a-declaracao-de-ednaldo-rodrigues-direcionada-a-ronaldo-fenomeno\/#primaryimage"},"thumbnailUrl":"https:\/\/www.gaveanews.com\/wp-content\/uploads\/1_ednaldo_rodrigues_cbf_selecao_brasileira__2_-23258960.webp","articleSection":["Brasil"],"inLanguage":"pt-BR","potentialAction":[{"@type":"CommentAction","name":"Comment","target":["https:\/\/www.gaveanews.com\/index.php\/2025\/02\/26\/cbf-a-declaracao-de-ednaldo-rodrigues-direcionada-a-ronaldo-fenomeno\/#respond"]}],"copyrightYear":"2025","copyrightHolder":{"@id":"https:\/\/www.gaveanews.com\/#organization"}},{"@type":"WebPage","@id":"https:\/\/www.gaveanews.com\/index.php\/2025\/02\/26\/cbf-a-declaracao-de-ednaldo-rodrigues-direcionada-a-ronaldo-fenomeno\/","url":"https:\/\/www.gaveanews.com\/index.php\/2025\/02\/26\/cbf-a-declaracao-de-ednaldo-rodrigues-direcionada-a-ronaldo-fenomeno\/","name":"CBF: a declara\u00e7\u00e3o de Ednaldo Rodrigues direcionada a Ronaldo Fen\u00f4meno","isPartOf":{"@id":"https:\/\/www.gaveanews.com\/#website"},"primaryImageOfPage":{"@id":"https:\/\/www.gaveanews.com\/index.php\/2025\/02\/26\/cbf-a-declaracao-de-ednaldo-rodrigues-direcionada-a-ronaldo-fenomeno\/#primaryimage"},"image":{"@id":"https:\/\/www.gaveanews.com\/index.php\/2025\/02\/26\/cbf-a-declaracao-de-ednaldo-rodrigues-direcionada-a-ronaldo-fenomeno\/#primaryimage"},"thumbnailUrl":"https:\/\/www.gaveanews.com\/wp-content\/uploads\/1_ednaldo_rodrigues_cbf_selecao_brasileira__2_-23258960.webp","datePublished":"2025-02-27T02:55:00+00:00","author":{"@id":"https:\/\/www.gaveanews.com\/#\/schema\/person\/2877169f354c4596cf5aab74ea7c56a8"},"breadcrumb":{"@id":"https:\/\/www.gaveanews.com\/index.php\/2025\/02\/26\/cbf-a-declaracao-de-ednaldo-rodrigues-direcionada-a-ronaldo-fenomeno\/#breadcrumb"},"inLanguage":"pt-BR","potentialAction":[{"@type":"ReadAction","target":["https:\/\/www.gaveanews.com\/index.php\/2025\/02\/26\/cbf-a-declaracao-de-ednaldo-rodrigues-direcionada-a-ronaldo-fenomeno\/"]}]},{"@type":"ImageObject","inLanguage":"pt-BR","@id":"https:\/\/www.gaveanews.com\/index.php\/2025\/02\/26\/cbf-a-declaracao-de-ednaldo-rodrigues-direcionada-a-ronaldo-fenomeno\/#primaryimage","url":"https:\/\/www.gaveanews.com\/wp-content\/uploads\/1_ednaldo_rodrigues_cbf_selecao_brasileira__2_-23258960.webp","contentUrl":"https:\/\/www.gaveanews.com\/wp-content\/uploads\/1_ednaldo_rodrigues_cbf_selecao_brasileira__2_-23258960.webp","width":818,"height":459,"caption":"Ednaldo Rodrigues, presidente da CBF, em entrevista coletiva da sele\u00e7\u00e3o brasileira feminina (Foto: Thais Magalh\u00e3es\/CBF)"},{"@type":"BreadcrumbList","@id":"https:\/\/www.gaveanews.com\/index.php\/2025\/02\/26\/cbf-a-declaracao-de-ednaldo-rodrigues-direcionada-a-ronaldo-fenomeno\/#breadcrumb","itemListElement":[{"@type":"ListItem","position":1,"name":"Home","item":"https:\/\/www.gaveanews.com\/"},{"@type":"ListItem","position":2,"name":"CBF: a declara\u00e7\u00e3o de Ednaldo Rodrigues direcionada a Ronaldo Fen\u00f4meno"}]},{"@type":"WebSite","@id":"https:\/\/www.gaveanews.com\/#website","url":"https:\/\/www.gaveanews.com\/","name":"G\u00e1vea News","description":"Veja todas as not\u00edcias sobre o Flamengo: Contrata\u00e7\u00f5es, categorias de base, resultados das partidas, tabela de classifica\u00e7\u00e3o, pr\u00f3ximos jogos!","potentialAction":[{"@type":"SearchAction","target":{"@type":"EntryPoint","urlTemplate":"https:\/\/www.gaveanews.com\/?s={search_term_string}"},"query-input":{"@type":"PropertyValueSpecification","valueRequired":true,"valueName":"search_term_string"}}],"inLanguage":"pt-BR"},{"@type":"Person","@id":"https:\/\/www.gaveanews.com\/#\/schema\/person\/2877169f354c4596cf5aab74ea7c56a8","name":"Leandro Azevedo","image":{"@type":"ImageObject","inLanguage":"pt-BR","@id":"https:\/\/www.gaveanews.com\/#\/schema\/person\/image\/","url":"https:\/\/secure.gravatar.com\/avatar\/e2f72eb6d986a41d592a85e4e36a6c6170e9ea8a1f433dfc29d0011a8968f89c?s=96&d=mm&r=g","contentUrl":"https:\/\/secure.gravatar.com\/avatar\/e2f72eb6d986a41d592a85e4e36a6c6170e9ea8a1f433dfc29d0011a8968f89c?s=96&d=mm&r=g","caption":"Leandro Azevedo"}}]}},"_links":{"self":[{"href":"https:\/\/www.gaveanews.com\/index.php\/wp-json\/wp\/v2\/posts\/233365","targetHints":{"allow":["GET"]}}],"collection":[{"href":"https:\/\/www.gaveanews.com\/index.php\/wp-json\/wp\/v2\/posts"}],"about":[{"href":"https:\/\/www.gaveanews.com\/index.php\/wp-json\/wp\/v2\/types\/post"}],"author":[{"embeddable":true,"href":"https:\/\/www.gaveanews.com\/index.php\/wp-json\/wp\/v2\/users\/23"}],"replies":[{"embeddable":true,"href":"https:\/\/www.gaveanews.com\/index.php\/wp-json\/wp\/v2\/comments?post=233365"}],"version-history":[{"count":1,"href":"https:\/\/www.gaveanews.com\/index.php\/wp-json\/wp\/v2\/posts\/233365\/revisions"}],"predecessor-version":[{"id":233366,"href":"https:\/\/www.gaveanews.com\/index.php\/wp-json\/wp\/v2\/posts\/233365\/revisions\/233366"}],"wp:featuredmedia":[{"embeddable":true,"href":"https:\/\/www.gaveanews.com\/index.php\/wp-json\/wp\/v2\/media\/114931"}],"wp:attachment":[{"href":"https:\/\/www.gaveanews.com\/index.php\/wp-json\/wp\/v2\/media?parent=233365"}],"wp:term":[{"taxonomy":"category","embeddable":true,"href":"https:\/\/www.gaveanews.com\/index.php\/wp-json\/wp\/v2\/categories?post=233365"},{"taxonomy":"post_tag","embeddable":true,"href":"https:\/\/www.gaveanews.com\/index.php\/wp-json\/wp\/v2\/tags?post=233365"}],"curies":[{"name":"wp","href":"https:\/\/api.w.org\/{rel}","templated":true}]}}