{"id":233398,"date":"2025-02-26T23:40:00","date_gmt":"2025-02-27T02:40:00","guid":{"rendered":"https:\/\/www.gaveanews.com\/?p=233398"},"modified":"2025-02-26T23:04:38","modified_gmt":"2025-02-27T02:04:38","slug":"felipe-melo-e-sincero-sobre-convocacao-de-neymar-para-a-selecao-brasileira","status":"publish","type":"post","link":"https:\/\/www.gaveanews.com\/index.php\/2025\/02\/26\/felipe-melo-e-sincero-sobre-convocacao-de-neymar-para-a-selecao-brasileira\/","title":{"rendered":"Felipe Melo \u00e9 sincero sobre convoca\u00e7\u00e3o de Neymar para a Sele\u00e7\u00e3o Brasileira"},"content":{"rendered":"\n<h2 class=\"wp-block-heading\" id=\"h-felipe-melo-defende-convocacao-de-neymar-e-elogia-retorno-do-jogador-ao-brasil\">Felipe Melo defende convoca\u00e7\u00e3o de Neymar e elogia retorno do jogador ao Brasil<\/h2>\n\n\n\n<p>Em sua estreia como comentarista da Globo, Felipe Melo afirmou que convocaria Neymar para os pr\u00f3ximos jogos da Sele\u00e7\u00e3o Brasileira. Durante participa\u00e7\u00e3o no programa&nbsp;<em>Sele\u00e7\u00e3o sportv<\/em>&nbsp;nesta ter\u00e7a-feira, o ex-jogador destacou a import\u00e2ncia do atacante para a equipe e disse que, se fosse o t\u00e9cnico, o escalaria como titular nos duelos contra Col\u00f4mbia e Argentina, pelas Eliminat\u00f3rias da Copa do Mundo.<\/p>\n\n\n\n<p>\u201cEu acho que o Neymar n\u00e3o pode faltar nessa convoca\u00e7\u00e3o, e se fosse o treinador da sele\u00e7\u00e3o j\u00e1 come\u00e7aria com ele como titular nos jogos, porque s\u00f3 a presen\u00e7a, a figura do Neymar dentro de campo, isso abre espa\u00e7o para os outros atletas poderem trabalhar\u201d, disse Felipe Melo.<\/p>\n\n\n\n<p>O novo comentarista ressaltou o impacto que Neymar causa nos advers\u00e1rios, atraindo marca\u00e7\u00e3o dupla ou at\u00e9 tripla, o que, segundo ele, favorece companheiros de equipe como Vin\u00edcius J\u00fanior, Igor Jesus e Raphinha.<\/p>\n\n\n\n<p>\u201cQuando voc\u00ea tem uma refer\u00eancia como o Neymar, um cara que \u00e9 temido pelos rivais, voc\u00ea n\u00e3o marca s\u00f3 com um. Voc\u00ea tem um, dois marcando, e \u00e0s vezes at\u00e9 tr\u00eas fazendo uma soma para marcar o Neymar. Ent\u00e3o quando voc\u00ea tira um, dois, tr\u00eas jogadores de uma zona, abre espa\u00e7o em outros lugares. E quando voc\u00ea tem um Brasil com jogadores que s\u00e3o muito r\u00e1pidos para atacar espa\u00e7o, como Vin\u00edcius J\u00fanior, Igor Jesus e Raphinha, isso vai facilitar o trabalho dos outros\u201d, analisou.<\/p>\n\n\n\n<p>Felipe Melo tamb\u00e9m comentou sobre a mudan\u00e7a de Neymar para o Santos e como isso tem impactado seu desempenho e bem-estar. O comentarista afirmou que a felicidade do atacante no retorno ao clube onde foi revelado pode influenciar positivamente sua performance em campo.<\/p>\n\n\n\n<p>\u201cVoc\u00ea v\u00ea a felicidade estampada no rosto do Neymar, com a esposa, com a filha, com os filhos, voltando para um lugar onde ele foi feliz, ao lado de familiares. Eu acho que isso \u00e9 muito importante para a vida de um atleta. \u00c0s vezes a gente n\u00e3o consegue entender o porqu\u00ea do atleta n\u00e3o estar performando da maneira que se espera e n\u00e3o entende que ele pode ter um problema pessoal, algo que impacta dentro de campo\u201d, destacou.<\/p>\n\n\n\n<p>Felipe Melo acredita que a estrutura familiar e o ambiente do Santos t\u00eam contribu\u00eddo para que Neymar reencontre seu melhor futebol.<\/p>\n\n\n\n<p>\u201cEu acho que essa volta do Neymar para o Santos o fez feliz novamente, principalmente essa estrutura familiar que ele demonstra ter hoje. Isso realmente faz com que o atleta entre dentro de campo e tenha a cabe\u00e7a apenas em jogar futebol. Agora, como um craque que \u00e9 o Neymar, fica tudo mais f\u00e1cil\u201d, concluiu.<\/p>\n\n\n\n<p>Felipe Melo anunciou sua aposentadoria no dia 24 de janeiro, ap\u00f3s passagem pelo Fluminense. Ao longo da carreira, tamb\u00e9m jogou por Flamengo, Cruzeiro, Gr\u00eamio, Mallorca, Racing Santander, Almer\u00eda, Fiorentina, Juventus, Galatasaray, Inter de Mil\u00e3o e Palmeiras. Pouco mais de um m\u00eas depois de encerrar a trajet\u00f3ria nos gramados, ele iniciou sua nova fun\u00e7\u00e3o como comentarista da Globo.<\/p>\n","protected":false},"excerpt":{"rendered":"<p>Felipe Melo defende convoca\u00e7\u00e3o de Neymar e elogia retorno do jogador ao Brasil Em sua estreia como comentarista da Globo, Felipe Melo afirmou que convocaria Neymar para os pr\u00f3ximos jogos da Sele\u00e7\u00e3o Brasileira. Durante participa\u00e7\u00e3o no programa&nbsp;Sele\u00e7\u00e3o sportv&nbsp;nesta ter\u00e7a-feira, o ex-jogador destacou a import\u00e2ncia do atacante para a equipe e disse que, se fosse o [&hellip;]<\/p>\n","protected":false},"author":17,"featured_media":221593,"comment_status":"open","ping_status":"closed","sticky":false,"template":"","format":"standard","meta":{"footnotes":""},"categories":[478],"tags":[],"class_list":["post-233398","post","type-post","status-publish","format-standard","has-post-thumbnail","hentry","category-brasil"],"yoast_head":"<!-- This site is optimized with the Yoast SEO Premium plugin v24.2 (Yoast SEO v26.9) - https:\/\/yoast.com\/product\/yoast-seo-premium-wordpress\/ -->\n<title>Felipe Melo \u00e9 sincero sobre convoca\u00e7\u00e3o de Neymar para a Sele\u00e7\u00e3o Brasileira<\/title>\n<meta name=\"robots\" content=\"index, follow, max-snippet:-1, max-image-preview:large, max-video-preview:-1\" \/>\n<link rel=\"canonical\" href=\"https:\/\/www.gaveanews.com\/index.php\/2025\/02\/26\/felipe-melo-e-sincero-sobre-convocacao-de-neymar-para-a-selecao-brasileira\/\" \/>\n<meta property=\"og:locale\" content=\"pt_BR\" \/>\n<meta property=\"og:type\" content=\"article\" \/>\n<meta property=\"og:title\" content=\"Felipe Melo \u00e9 sincero sobre convoca\u00e7\u00e3o de Neymar para a Sele\u00e7\u00e3o Brasileira\" \/>\n<meta property=\"og:description\" content=\"Felipe Melo defende convoca\u00e7\u00e3o de Neymar e elogia retorno do jogador ao Brasil Em sua estreia como comentarista da Globo, Felipe Melo afirmou que convocaria Neymar para os pr\u00f3ximos jogos da Sele\u00e7\u00e3o Brasileira. Durante participa\u00e7\u00e3o no programa&nbsp;Sele\u00e7\u00e3o sportv&nbsp;nesta ter\u00e7a-feira, o ex-jogador destacou a import\u00e2ncia do atacante para a equipe e disse que, se fosse o [&hellip;]\" \/>\n<meta property=\"og:url\" content=\"https:\/\/www.gaveanews.com\/index.php\/2025\/02\/26\/felipe-melo-e-sincero-sobre-convocacao-de-neymar-para-a-selecao-brasileira\/\" \/>\n<meta property=\"og:site_name\" content=\"G\u00e1vea News\" \/>\n<meta property=\"article:publisher\" content=\"https:\/\/facebook.com\/gaveaNews\/\" \/>\n<meta property=\"article:published_time\" content=\"2025-02-27T02:40:00+00:00\" \/>\n<meta property=\"og:image\" content=\"https:\/\/www.gaveanews.com\/wp-content\/uploads\/Neymar-volta-ao-Santos.webp\" \/>\n\t<meta property=\"og:image:width\" content=\"573\" \/>\n\t<meta property=\"og:image:height\" content=\"636\" \/>\n\t<meta property=\"og:image:type\" content=\"image\/jpeg\" \/>\n<meta name=\"author\" content=\"Geovanna Thomaz\" \/>\n<meta name=\"twitter:card\" content=\"summary_large_image\" \/>\n<meta name=\"twitter:label1\" content=\"Escrito por\" \/>\n\t<meta name=\"twitter:data1\" content=\"Geovanna Thomaz\" \/>\n\t<meta name=\"twitter:label2\" content=\"Est. tempo de leitura\" \/>\n\t<meta name=\"twitter:data2\" content=\"3 minutos\" \/>\n<script type=\"application\/ld+json\" class=\"yoast-schema-graph\">{\"@context\":\"https:\/\/schema.org\",\"@graph\":[{\"@type\":\"NewsArticle\",\"@id\":\"https:\/\/www.gaveanews.com\/index.php\/2025\/02\/26\/felipe-melo-e-sincero-sobre-convocacao-de-neymar-para-a-selecao-brasileira\/#article\",\"isPartOf\":{\"@id\":\"https:\/\/www.gaveanews.com\/index.php\/2025\/02\/26\/felipe-melo-e-sincero-sobre-convocacao-de-neymar-para-a-selecao-brasileira\/\"},\"author\":{\"name\":\"Geovanna Thomaz\",\"@id\":\"https:\/\/www.gaveanews.com\/#\/schema\/person\/f42654babcd2b2014a1a65af82b081f1\"},\"headline\":\"Felipe Melo \u00e9 sincero sobre convoca\u00e7\u00e3o de Neymar para a Sele\u00e7\u00e3o Brasileira\",\"datePublished\":\"2025-02-27T02:40:00+00:00\",\"mainEntityOfPage\":{\"@id\":\"https:\/\/www.gaveanews.com\/index.php\/2025\/02\/26\/felipe-melo-e-sincero-sobre-convocacao-de-neymar-para-a-selecao-brasileira\/\"},\"wordCount\":552,\"commentCount\":0,\"image\":{\"@id\":\"https:\/\/www.gaveanews.com\/index.php\/2025\/02\/26\/felipe-melo-e-sincero-sobre-convocacao-de-neymar-para-a-selecao-brasileira\/#primaryimage\"},\"thumbnailUrl\":\"https:\/\/www.gaveanews.com\/wp-content\/uploads\/Neymar-volta-ao-Santos.webp\",\"articleSection\":[\"Brasil\"],\"inLanguage\":\"pt-BR\",\"potentialAction\":[{\"@type\":\"CommentAction\",\"name\":\"Comment\",\"target\":[\"https:\/\/www.gaveanews.com\/index.php\/2025\/02\/26\/felipe-melo-e-sincero-sobre-convocacao-de-neymar-para-a-selecao-brasileira\/#respond\"]}],\"copyrightYear\":\"2025\",\"copyrightHolder\":{\"@id\":\"https:\/\/www.gaveanews.com\/#organization\"}},{\"@type\":\"WebPage\",\"@id\":\"https:\/\/www.gaveanews.com\/index.php\/2025\/02\/26\/felipe-melo-e-sincero-sobre-convocacao-de-neymar-para-a-selecao-brasileira\/\",\"url\":\"https:\/\/www.gaveanews.com\/index.php\/2025\/02\/26\/felipe-melo-e-sincero-sobre-convocacao-de-neymar-para-a-selecao-brasileira\/\",\"name\":\"Felipe Melo \u00e9 sincero sobre convoca\u00e7\u00e3o de Neymar para a Sele\u00e7\u00e3o Brasileira\",\"isPartOf\":{\"@id\":\"https:\/\/www.gaveanews.com\/#website\"},\"primaryImageOfPage\":{\"@id\":\"https:\/\/www.gaveanews.com\/index.php\/2025\/02\/26\/felipe-melo-e-sincero-sobre-convocacao-de-neymar-para-a-selecao-brasileira\/#primaryimage\"},\"image\":{\"@id\":\"https:\/\/www.gaveanews.com\/index.php\/2025\/02\/26\/felipe-melo-e-sincero-sobre-convocacao-de-neymar-para-a-selecao-brasileira\/#primaryimage\"},\"thumbnailUrl\":\"https:\/\/www.gaveanews.com\/wp-content\/uploads\/Neymar-volta-ao-Santos.webp\",\"datePublished\":\"2025-02-27T02:40:00+00:00\",\"author\":{\"@id\":\"https:\/\/www.gaveanews.com\/#\/schema\/person\/f42654babcd2b2014a1a65af82b081f1\"},\"breadcrumb\":{\"@id\":\"https:\/\/www.gaveanews.com\/index.php\/2025\/02\/26\/felipe-melo-e-sincero-sobre-convocacao-de-neymar-para-a-selecao-brasileira\/#breadcrumb\"},\"inLanguage\":\"pt-BR\",\"potentialAction\":[{\"@type\":\"ReadAction\",\"target\":[\"https:\/\/www.gaveanews.com\/index.php\/2025\/02\/26\/felipe-melo-e-sincero-sobre-convocacao-de-neymar-para-a-selecao-brasileira\/\"]}]},{\"@type\":\"ImageObject\",\"inLanguage\":\"pt-BR\",\"@id\":\"https:\/\/www.gaveanews.com\/index.php\/2025\/02\/26\/felipe-melo-e-sincero-sobre-convocacao-de-neymar-para-a-selecao-brasileira\/#primaryimage\",\"url\":\"https:\/\/www.gaveanews.com\/wp-content\/uploads\/Neymar-volta-ao-Santos.webp\",\"contentUrl\":\"https:\/\/www.gaveanews.com\/wp-content\/uploads\/Neymar-volta-ao-Santos.webp\",\"width\":573,\"height\":636,\"caption\":\"Neymar volta ao Santos (Foto: GuilhermeKastner \/ Santos FC)\"},{\"@type\":\"BreadcrumbList\",\"@id\":\"https:\/\/www.gaveanews.com\/index.php\/2025\/02\/26\/felipe-melo-e-sincero-sobre-convocacao-de-neymar-para-a-selecao-brasileira\/#breadcrumb\",\"itemListElement\":[{\"@type\":\"ListItem\",\"position\":1,\"name\":\"Home\",\"item\":\"https:\/\/www.gaveanews.com\/\"},{\"@type\":\"ListItem\",\"position\":2,\"name\":\"Felipe Melo \u00e9 sincero sobre convoca\u00e7\u00e3o de Neymar para a Sele\u00e7\u00e3o Brasileira\"}]},{\"@type\":\"WebSite\",\"@id\":\"https:\/\/www.gaveanews.com\/#website\",\"url\":\"https:\/\/www.gaveanews.com\/\",\"name\":\"G\u00e1vea News\",\"description\":\"Veja todas as not\u00edcias sobre o Flamengo: Contrata\u00e7\u00f5es, categorias de base, resultados das partidas, tabela de classifica\u00e7\u00e3o, pr\u00f3ximos jogos!\",\"potentialAction\":[{\"@type\":\"SearchAction\",\"target\":{\"@type\":\"EntryPoint\",\"urlTemplate\":\"https:\/\/www.gaveanews.com\/?s={search_term_string}\"},\"query-input\":{\"@type\":\"PropertyValueSpecification\",\"valueRequired\":true,\"valueName\":\"search_term_string\"}}],\"inLanguage\":\"pt-BR\"},{\"@type\":\"Person\",\"@id\":\"https:\/\/www.gaveanews.com\/#\/schema\/person\/f42654babcd2b2014a1a65af82b081f1\",\"name\":\"Geovanna Thomaz\",\"image\":{\"@type\":\"ImageObject\",\"inLanguage\":\"pt-BR\",\"@id\":\"https:\/\/www.gaveanews.com\/#\/schema\/person\/image\/\",\"url\":\"https:\/\/secure.gravatar.com\/avatar\/4092073255489533afb558984b49b64268c47198af8623cc82a925ae9fb7118a?s=96&d=mm&r=g\",\"contentUrl\":\"https:\/\/secure.gravatar.com\/avatar\/4092073255489533afb558984b49b64268c47198af8623cc82a925ae9fb7118a?s=96&d=mm&r=g\",\"caption\":\"Geovanna Thomaz\"}}]}<\/script>\n<!-- \/ Yoast SEO Premium plugin. -->","yoast_head_json":{"title":"Felipe Melo \u00e9 sincero sobre convoca\u00e7\u00e3o de Neymar para a Sele\u00e7\u00e3o Brasileira","robots":{"index":"index","follow":"follow","max-snippet":"max-snippet:-1","max-image-preview":"max-image-preview:large","max-video-preview":"max-video-preview:-1"},"canonical":"https:\/\/www.gaveanews.com\/index.php\/2025\/02\/26\/felipe-melo-e-sincero-sobre-convocacao-de-neymar-para-a-selecao-brasileira\/","og_locale":"pt_BR","og_type":"article","og_title":"Felipe Melo \u00e9 sincero sobre convoca\u00e7\u00e3o de Neymar para a Sele\u00e7\u00e3o Brasileira","og_description":"Felipe Melo defende convoca\u00e7\u00e3o de Neymar e elogia retorno do jogador ao Brasil Em sua estreia como comentarista da Globo, Felipe Melo afirmou que convocaria Neymar para os pr\u00f3ximos jogos da Sele\u00e7\u00e3o Brasileira. Durante participa\u00e7\u00e3o no programa&nbsp;Sele\u00e7\u00e3o sportv&nbsp;nesta ter\u00e7a-feira, o ex-jogador destacou a import\u00e2ncia do atacante para a equipe e disse que, se fosse o [&hellip;]","og_url":"https:\/\/www.gaveanews.com\/index.php\/2025\/02\/26\/felipe-melo-e-sincero-sobre-convocacao-de-neymar-para-a-selecao-brasileira\/","og_site_name":"G\u00e1vea News","article_publisher":"https:\/\/facebook.com\/gaveaNews\/","article_published_time":"2025-02-27T02:40:00+00:00","og_image":[{"width":573,"height":636,"url":"https:\/\/www.gaveanews.com\/wp-content\/uploads\/Neymar-volta-ao-Santos.webp","type":"image\/jpeg"}],"author":"Geovanna Thomaz","twitter_card":"summary_large_image","twitter_misc":{"Escrito por":"Geovanna Thomaz","Est. tempo de leitura":"3 minutos"},"schema":{"@context":"https:\/\/schema.org","@graph":[{"@type":"NewsArticle","@id":"https:\/\/www.gaveanews.com\/index.php\/2025\/02\/26\/felipe-melo-e-sincero-sobre-convocacao-de-neymar-para-a-selecao-brasileira\/#article","isPartOf":{"@id":"https:\/\/www.gaveanews.com\/index.php\/2025\/02\/26\/felipe-melo-e-sincero-sobre-convocacao-de-neymar-para-a-selecao-brasileira\/"},"author":{"name":"Geovanna Thomaz","@id":"https:\/\/www.gaveanews.com\/#\/schema\/person\/f42654babcd2b2014a1a65af82b081f1"},"headline":"Felipe Melo \u00e9 sincero sobre convoca\u00e7\u00e3o de Neymar para a Sele\u00e7\u00e3o Brasileira","datePublished":"2025-02-27T02:40:00+00:00","mainEntityOfPage":{"@id":"https:\/\/www.gaveanews.com\/index.php\/2025\/02\/26\/felipe-melo-e-sincero-sobre-convocacao-de-neymar-para-a-selecao-brasileira\/"},"wordCount":552,"commentCount":0,"image":{"@id":"https:\/\/www.gaveanews.com\/index.php\/2025\/02\/26\/felipe-melo-e-sincero-sobre-convocacao-de-neymar-para-a-selecao-brasileira\/#primaryimage"},"thumbnailUrl":"https:\/\/www.gaveanews.com\/wp-content\/uploads\/Neymar-volta-ao-Santos.webp","articleSection":["Brasil"],"inLanguage":"pt-BR","potentialAction":[{"@type":"CommentAction","name":"Comment","target":["https:\/\/www.gaveanews.com\/index.php\/2025\/02\/26\/felipe-melo-e-sincero-sobre-convocacao-de-neymar-para-a-selecao-brasileira\/#respond"]}],"copyrightYear":"2025","copyrightHolder":{"@id":"https:\/\/www.gaveanews.com\/#organization"}},{"@type":"WebPage","@id":"https:\/\/www.gaveanews.com\/index.php\/2025\/02\/26\/felipe-melo-e-sincero-sobre-convocacao-de-neymar-para-a-selecao-brasileira\/","url":"https:\/\/www.gaveanews.com\/index.php\/2025\/02\/26\/felipe-melo-e-sincero-sobre-convocacao-de-neymar-para-a-selecao-brasileira\/","name":"Felipe Melo \u00e9 sincero sobre convoca\u00e7\u00e3o de Neymar para a Sele\u00e7\u00e3o Brasileira","isPartOf":{"@id":"https:\/\/www.gaveanews.com\/#website"},"primaryImageOfPage":{"@id":"https:\/\/www.gaveanews.com\/index.php\/2025\/02\/26\/felipe-melo-e-sincero-sobre-convocacao-de-neymar-para-a-selecao-brasileira\/#primaryimage"},"image":{"@id":"https:\/\/www.gaveanews.com\/index.php\/2025\/02\/26\/felipe-melo-e-sincero-sobre-convocacao-de-neymar-para-a-selecao-brasileira\/#primaryimage"},"thumbnailUrl":"https:\/\/www.gaveanews.com\/wp-content\/uploads\/Neymar-volta-ao-Santos.webp","datePublished":"2025-02-27T02:40:00+00:00","author":{"@id":"https:\/\/www.gaveanews.com\/#\/schema\/person\/f42654babcd2b2014a1a65af82b081f1"},"breadcrumb":{"@id":"https:\/\/www.gaveanews.com\/index.php\/2025\/02\/26\/felipe-melo-e-sincero-sobre-convocacao-de-neymar-para-a-selecao-brasileira\/#breadcrumb"},"inLanguage":"pt-BR","potentialAction":[{"@type":"ReadAction","target":["https:\/\/www.gaveanews.com\/index.php\/2025\/02\/26\/felipe-melo-e-sincero-sobre-convocacao-de-neymar-para-a-selecao-brasileira\/"]}]},{"@type":"ImageObject","inLanguage":"pt-BR","@id":"https:\/\/www.gaveanews.com\/index.php\/2025\/02\/26\/felipe-melo-e-sincero-sobre-convocacao-de-neymar-para-a-selecao-brasileira\/#primaryimage","url":"https:\/\/www.gaveanews.com\/wp-content\/uploads\/Neymar-volta-ao-Santos.webp","contentUrl":"https:\/\/www.gaveanews.com\/wp-content\/uploads\/Neymar-volta-ao-Santos.webp","width":573,"height":636,"caption":"Neymar volta ao Santos (Foto: GuilhermeKastner \/ Santos FC)"},{"@type":"BreadcrumbList","@id":"https:\/\/www.gaveanews.com\/index.php\/2025\/02\/26\/felipe-melo-e-sincero-sobre-convocacao-de-neymar-para-a-selecao-brasileira\/#breadcrumb","itemListElement":[{"@type":"ListItem","position":1,"name":"Home","item":"https:\/\/www.gaveanews.com\/"},{"@type":"ListItem","position":2,"name":"Felipe Melo \u00e9 sincero sobre convoca\u00e7\u00e3o de Neymar para a Sele\u00e7\u00e3o Brasileira"}]},{"@type":"WebSite","@id":"https:\/\/www.gaveanews.com\/#website","url":"https:\/\/www.gaveanews.com\/","name":"G\u00e1vea News","description":"Veja todas as not\u00edcias sobre o Flamengo: Contrata\u00e7\u00f5es, categorias de base, resultados das partidas, tabela de classifica\u00e7\u00e3o, pr\u00f3ximos jogos!","potentialAction":[{"@type":"SearchAction","target":{"@type":"EntryPoint","urlTemplate":"https:\/\/www.gaveanews.com\/?s={search_term_string}"},"query-input":{"@type":"PropertyValueSpecification","valueRequired":true,"valueName":"search_term_string"}}],"inLanguage":"pt-BR"},{"@type":"Person","@id":"https:\/\/www.gaveanews.com\/#\/schema\/person\/f42654babcd2b2014a1a65af82b081f1","name":"Geovanna Thomaz","image":{"@type":"ImageObject","inLanguage":"pt-BR","@id":"https:\/\/www.gaveanews.com\/#\/schema\/person\/image\/","url":"https:\/\/secure.gravatar.com\/avatar\/4092073255489533afb558984b49b64268c47198af8623cc82a925ae9fb7118a?s=96&d=mm&r=g","contentUrl":"https:\/\/secure.gravatar.com\/avatar\/4092073255489533afb558984b49b64268c47198af8623cc82a925ae9fb7118a?s=96&d=mm&r=g","caption":"Geovanna Thomaz"}}]}},"_links":{"self":[{"href":"https:\/\/www.gaveanews.com\/index.php\/wp-json\/wp\/v2\/posts\/233398","targetHints":{"allow":["GET"]}}],"collection":[{"href":"https:\/\/www.gaveanews.com\/index.php\/wp-json\/wp\/v2\/posts"}],"about":[{"href":"https:\/\/www.gaveanews.com\/index.php\/wp-json\/wp\/v2\/types\/post"}],"author":[{"embeddable":true,"href":"https:\/\/www.gaveanews.com\/index.php\/wp-json\/wp\/v2\/users\/17"}],"replies":[{"embeddable":true,"href":"https:\/\/www.gaveanews.com\/index.php\/wp-json\/wp\/v2\/comments?post=233398"}],"version-history":[{"count":1,"href":"https:\/\/www.gaveanews.com\/index.php\/wp-json\/wp\/v2\/posts\/233398\/revisions"}],"predecessor-version":[{"id":233399,"href":"https:\/\/www.gaveanews.com\/index.php\/wp-json\/wp\/v2\/posts\/233398\/revisions\/233399"}],"wp:featuredmedia":[{"embeddable":true,"href":"https:\/\/www.gaveanews.com\/index.php\/wp-json\/wp\/v2\/media\/221593"}],"wp:attachment":[{"href":"https:\/\/www.gaveanews.com\/index.php\/wp-json\/wp\/v2\/media?parent=233398"}],"wp:term":[{"taxonomy":"category","embeddable":true,"href":"https:\/\/www.gaveanews.com\/index.php\/wp-json\/wp\/v2\/categories?post=233398"},{"taxonomy":"post_tag","embeddable":true,"href":"https:\/\/www.gaveanews.com\/index.php\/wp-json\/wp\/v2\/tags?post=233398"}],"curies":[{"name":"wp","href":"https:\/\/api.w.org\/{rel}","templated":true}]}}