{"id":233402,"date":"2025-02-26T23:35:00","date_gmt":"2025-02-27T02:35:00","guid":{"rendered":"https:\/\/www.gaveanews.com\/?p=233402"},"modified":"2025-02-26T23:04:06","modified_gmt":"2025-02-27T02:04:06","slug":"artur-jorge-e-sincero-sobre-saida-do-botafogo-e-manda-recado-para-torcedores","status":"publish","type":"post","link":"https:\/\/www.gaveanews.com\/index.php\/2025\/02\/26\/artur-jorge-e-sincero-sobre-saida-do-botafogo-e-manda-recado-para-torcedores\/","title":{"rendered":"Artur Jorge \u00e9 sincero sobre sa\u00edda do Botafogo e manda recado para torcedores"},"content":{"rendered":"\n<h2 class=\"wp-block-heading\" id=\"h-artur-jorge-fala-sobre-saida-do-botafogo-e-compara-trajetoria-com-ruben-amorim\">Artur Jorge fala sobre sa\u00edda do Botafogo e compara trajet\u00f3ria com Ruben Amorim<\/h2>\n\n\n\n<p>Quase dois meses ap\u00f3s deixar o Botafogo, o t\u00e9cnico Artur Jorge falou sobre sua passagem pelo clube e a maneira como sua sa\u00edda ocorreu. Atualmente no Al Rayyan, do Catar, o treinador portugu\u00eas destacou o carinho que tem pelo time carioca e afirmou que sua liga\u00e7\u00e3o com o Botafogo ser\u00e1 permanente.<\/p>\n\n\n\n<p>\u201cO Botafogo n\u00e3o vai nunca sair da minha vida. O contexto da minha sa\u00edda pode ter sido conturbado, mal entendido. Tenho um grande apre\u00e7o pela torcida. \u00c9 algo que vai durar a vida inteira porque foi um lugar onde fui mais feliz na minha vida esportiva. Foram 30 anos de espera para voltar a ganhar o Brasileir\u00e3o, a primeira vez na Conmebol Libertadores\u201d, disse Artur Jorge em entrevista ao canal SIC, de Portugal.<\/p>\n\n\n\n<p>O treinador tamb\u00e9m comentou sobre sua rela\u00e7\u00e3o com os jogadores e afirmou que manteve contato com o elenco mesmo ap\u00f3s sua sa\u00edda.<\/p>\n\n\n\n<p> \u201cEssa liga\u00e7\u00e3o sempre vai existir e tenho um grande carinho pelo Botafogo, pelos seus torcedores e jogadores. Falei com todos os jogadores, por exemplo, antes da final da Supercopa do Brasil. Criamos uma rela\u00e7\u00e3o muito pr\u00f3xima. Daqui h\u00e1 20 anos, quando se falar do ano de 2024, da primeira Libertadores do Botafogo, vai se falar de mim, inevitavelmente\u201d, afirmou.<\/p>\n\n\n\n<p>Na entrevista, Artur Jorge comparou sua sa\u00edda com a de Ruben Amorim, t\u00e9cnico portugu\u00eas que deixou o Sporting para assumir o Manchester United. Para o ex-treinador do Botafogo, decis\u00f5es como essas nem sempre s\u00e3o bem compreendidas pelos torcedores.<\/p>\n\n\n\n<p>\u201cExistem coisas que sabemos mais que os torcedores. \u00c9 muito f\u00e1cil julgar, criticar ou fazer um julgamento em rela\u00e7\u00e3o ao que for. Vi aquilo que aconteceu com o Ruben (Amorim) quando ele saiu (do Sporting para o United). \u00d3bvio que ele tinha que aproveitar essa oportunidade, n\u00e3o podia deixar passar e merecia isso\u201d, disse Artur Jorge.<\/p>\n\n\n\n<p>O treinador tamb\u00e9m destacou que acredita ter deixado um legado no Botafogo e espera ser reconhecido por isso.<\/p>\n\n\n\n<p> \u201cO Sporting tem que estar eternamente grato por aquilo que ele fez e digo que o Botafogo tem que fazer o mesmo por mim. Sei um pouco mais que os torcedores, temos que ser mais brandos no julgamento. Ningu\u00e9m \u00e9 doido para querer o pior para si. Naquele momento, dentro de tudo que acontecia, tomei essa decis\u00e3o. Isso n\u00e3o invalida essa liga\u00e7\u00e3o. Fico com saudade, porque foram momentos muito bons\u201d, concluiu.<\/p>\n","protected":false},"excerpt":{"rendered":"<p>Artur Jorge fala sobre sa\u00edda do Botafogo e compara trajet\u00f3ria com Ruben Amorim Quase dois meses ap\u00f3s deixar o Botafogo, o t\u00e9cnico Artur Jorge falou sobre sua passagem pelo clube e a maneira como sua sa\u00edda ocorreu. Atualmente no Al Rayyan, do Catar, o treinador portugu\u00eas destacou o carinho que tem pelo time carioca e [&hellip;]<\/p>\n","protected":false},"author":17,"featured_media":149047,"comment_status":"open","ping_status":"closed","sticky":false,"template":"","format":"standard","meta":{"footnotes":""},"categories":[138],"tags":[],"class_list":["post-233402","post","type-post","status-publish","format-standard","has-post-thumbnail","hentry","category-botafogo"],"yoast_head":"<!-- This site is optimized with the Yoast SEO Premium plugin v24.2 (Yoast SEO v26.9) - https:\/\/yoast.com\/product\/yoast-seo-premium-wordpress\/ -->\n<title>Artur Jorge \u00e9 sincero sobre sa\u00edda do Botafogo e manda recado para torcedores<\/title>\n<meta name=\"robots\" content=\"index, follow, max-snippet:-1, max-image-preview:large, max-video-preview:-1\" \/>\n<link rel=\"canonical\" href=\"https:\/\/www.gaveanews.com\/index.php\/2025\/02\/26\/artur-jorge-e-sincero-sobre-saida-do-botafogo-e-manda-recado-para-torcedores\/\" \/>\n<meta property=\"og:locale\" content=\"pt_BR\" \/>\n<meta property=\"og:type\" content=\"article\" \/>\n<meta property=\"og:title\" content=\"Artur Jorge \u00e9 sincero sobre sa\u00edda do Botafogo e manda recado para torcedores\" \/>\n<meta property=\"og:description\" content=\"Artur Jorge fala sobre sa\u00edda do Botafogo e compara trajet\u00f3ria com Ruben Amorim Quase dois meses ap\u00f3s deixar o Botafogo, o t\u00e9cnico Artur Jorge falou sobre sua passagem pelo clube e a maneira como sua sa\u00edda ocorreu. Atualmente no Al Rayyan, do Catar, o treinador portugu\u00eas destacou o carinho que tem pelo time carioca e [&hellip;]\" \/>\n<meta property=\"og:url\" content=\"https:\/\/www.gaveanews.com\/index.php\/2025\/02\/26\/artur-jorge-e-sincero-sobre-saida-do-botafogo-e-manda-recado-para-torcedores\/\" \/>\n<meta property=\"og:site_name\" content=\"G\u00e1vea News\" \/>\n<meta property=\"article:publisher\" content=\"https:\/\/facebook.com\/gaveaNews\/\" \/>\n<meta property=\"article:published_time\" content=\"2025-02-27T02:35:00+00:00\" \/>\n<meta property=\"og:image\" content=\"https:\/\/www.gaveanews.com\/wp-content\/uploads\/artur-jorge-coletiva.webp\" \/>\n\t<meta property=\"og:image:width\" content=\"795\" \/>\n\t<meta property=\"og:image:height\" content=\"448\" \/>\n\t<meta property=\"og:image:type\" content=\"image\/webp\" \/>\n<meta name=\"author\" content=\"Geovanna Thomaz\" \/>\n<meta name=\"twitter:card\" content=\"summary_large_image\" \/>\n<meta name=\"twitter:label1\" content=\"Escrito por\" \/>\n\t<meta name=\"twitter:data1\" content=\"Geovanna Thomaz\" \/>\n\t<meta name=\"twitter:label2\" content=\"Est. tempo de leitura\" \/>\n\t<meta name=\"twitter:data2\" content=\"3 minutos\" \/>\n<script type=\"application\/ld+json\" class=\"yoast-schema-graph\">{\"@context\":\"https:\/\/schema.org\",\"@graph\":[{\"@type\":\"NewsArticle\",\"@id\":\"https:\/\/www.gaveanews.com\/index.php\/2025\/02\/26\/artur-jorge-e-sincero-sobre-saida-do-botafogo-e-manda-recado-para-torcedores\/#article\",\"isPartOf\":{\"@id\":\"https:\/\/www.gaveanews.com\/index.php\/2025\/02\/26\/artur-jorge-e-sincero-sobre-saida-do-botafogo-e-manda-recado-para-torcedores\/\"},\"author\":{\"name\":\"Geovanna Thomaz\",\"@id\":\"https:\/\/www.gaveanews.com\/#\/schema\/person\/f42654babcd2b2014a1a65af82b081f1\"},\"headline\":\"Artur Jorge \u00e9 sincero sobre sa\u00edda do Botafogo e manda recado para torcedores\",\"datePublished\":\"2025-02-27T02:35:00+00:00\",\"mainEntityOfPage\":{\"@id\":\"https:\/\/www.gaveanews.com\/index.php\/2025\/02\/26\/artur-jorge-e-sincero-sobre-saida-do-botafogo-e-manda-recado-para-torcedores\/\"},\"wordCount\":439,\"commentCount\":0,\"image\":{\"@id\":\"https:\/\/www.gaveanews.com\/index.php\/2025\/02\/26\/artur-jorge-e-sincero-sobre-saida-do-botafogo-e-manda-recado-para-torcedores\/#primaryimage\"},\"thumbnailUrl\":\"https:\/\/www.gaveanews.com\/wp-content\/uploads\/artur-jorge-coletiva.webp\",\"articleSection\":[\"Botafogo\"],\"inLanguage\":\"pt-BR\",\"potentialAction\":[{\"@type\":\"CommentAction\",\"name\":\"Comment\",\"target\":[\"https:\/\/www.gaveanews.com\/index.php\/2025\/02\/26\/artur-jorge-e-sincero-sobre-saida-do-botafogo-e-manda-recado-para-torcedores\/#respond\"]}],\"copyrightYear\":\"2025\",\"copyrightHolder\":{\"@id\":\"https:\/\/www.gaveanews.com\/#organization\"}},{\"@type\":\"WebPage\",\"@id\":\"https:\/\/www.gaveanews.com\/index.php\/2025\/02\/26\/artur-jorge-e-sincero-sobre-saida-do-botafogo-e-manda-recado-para-torcedores\/\",\"url\":\"https:\/\/www.gaveanews.com\/index.php\/2025\/02\/26\/artur-jorge-e-sincero-sobre-saida-do-botafogo-e-manda-recado-para-torcedores\/\",\"name\":\"Artur Jorge \u00e9 sincero sobre sa\u00edda do Botafogo e manda recado para torcedores\",\"isPartOf\":{\"@id\":\"https:\/\/www.gaveanews.com\/#website\"},\"primaryImageOfPage\":{\"@id\":\"https:\/\/www.gaveanews.com\/index.php\/2025\/02\/26\/artur-jorge-e-sincero-sobre-saida-do-botafogo-e-manda-recado-para-torcedores\/#primaryimage\"},\"image\":{\"@id\":\"https:\/\/www.gaveanews.com\/index.php\/2025\/02\/26\/artur-jorge-e-sincero-sobre-saida-do-botafogo-e-manda-recado-para-torcedores\/#primaryimage\"},\"thumbnailUrl\":\"https:\/\/www.gaveanews.com\/wp-content\/uploads\/artur-jorge-coletiva.webp\",\"datePublished\":\"2025-02-27T02:35:00+00:00\",\"author\":{\"@id\":\"https:\/\/www.gaveanews.com\/#\/schema\/person\/f42654babcd2b2014a1a65af82b081f1\"},\"breadcrumb\":{\"@id\":\"https:\/\/www.gaveanews.com\/index.php\/2025\/02\/26\/artur-jorge-e-sincero-sobre-saida-do-botafogo-e-manda-recado-para-torcedores\/#breadcrumb\"},\"inLanguage\":\"pt-BR\",\"potentialAction\":[{\"@type\":\"ReadAction\",\"target\":[\"https:\/\/www.gaveanews.com\/index.php\/2025\/02\/26\/artur-jorge-e-sincero-sobre-saida-do-botafogo-e-manda-recado-para-torcedores\/\"]}]},{\"@type\":\"ImageObject\",\"inLanguage\":\"pt-BR\",\"@id\":\"https:\/\/www.gaveanews.com\/index.php\/2025\/02\/26\/artur-jorge-e-sincero-sobre-saida-do-botafogo-e-manda-recado-para-torcedores\/#primaryimage\",\"url\":\"https:\/\/www.gaveanews.com\/wp-content\/uploads\/artur-jorge-coletiva.webp\",\"contentUrl\":\"https:\/\/www.gaveanews.com\/wp-content\/uploads\/artur-jorge-coletiva.webp\",\"width\":795,\"height\":448,\"caption\":\"Foto: Reprodu\u00e7\u00e3o\"},{\"@type\":\"BreadcrumbList\",\"@id\":\"https:\/\/www.gaveanews.com\/index.php\/2025\/02\/26\/artur-jorge-e-sincero-sobre-saida-do-botafogo-e-manda-recado-para-torcedores\/#breadcrumb\",\"itemListElement\":[{\"@type\":\"ListItem\",\"position\":1,\"name\":\"Home\",\"item\":\"https:\/\/www.gaveanews.com\/\"},{\"@type\":\"ListItem\",\"position\":2,\"name\":\"Artur Jorge \u00e9 sincero sobre sa\u00edda do Botafogo e manda recado para torcedores\"}]},{\"@type\":\"WebSite\",\"@id\":\"https:\/\/www.gaveanews.com\/#website\",\"url\":\"https:\/\/www.gaveanews.com\/\",\"name\":\"G\u00e1vea News\",\"description\":\"Veja todas as not\u00edcias sobre o Flamengo: Contrata\u00e7\u00f5es, categorias de base, resultados das partidas, tabela de classifica\u00e7\u00e3o, pr\u00f3ximos jogos!\",\"potentialAction\":[{\"@type\":\"SearchAction\",\"target\":{\"@type\":\"EntryPoint\",\"urlTemplate\":\"https:\/\/www.gaveanews.com\/?s={search_term_string}\"},\"query-input\":{\"@type\":\"PropertyValueSpecification\",\"valueRequired\":true,\"valueName\":\"search_term_string\"}}],\"inLanguage\":\"pt-BR\"},{\"@type\":\"Person\",\"@id\":\"https:\/\/www.gaveanews.com\/#\/schema\/person\/f42654babcd2b2014a1a65af82b081f1\",\"name\":\"Geovanna Thomaz\",\"image\":{\"@type\":\"ImageObject\",\"inLanguage\":\"pt-BR\",\"@id\":\"https:\/\/www.gaveanews.com\/#\/schema\/person\/image\/\",\"url\":\"https:\/\/secure.gravatar.com\/avatar\/4092073255489533afb558984b49b64268c47198af8623cc82a925ae9fb7118a?s=96&d=mm&r=g\",\"contentUrl\":\"https:\/\/secure.gravatar.com\/avatar\/4092073255489533afb558984b49b64268c47198af8623cc82a925ae9fb7118a?s=96&d=mm&r=g\",\"caption\":\"Geovanna Thomaz\"}}]}<\/script>\n<!-- \/ Yoast SEO Premium plugin. -->","yoast_head_json":{"title":"Artur Jorge \u00e9 sincero sobre sa\u00edda do Botafogo e manda recado para torcedores","robots":{"index":"index","follow":"follow","max-snippet":"max-snippet:-1","max-image-preview":"max-image-preview:large","max-video-preview":"max-video-preview:-1"},"canonical":"https:\/\/www.gaveanews.com\/index.php\/2025\/02\/26\/artur-jorge-e-sincero-sobre-saida-do-botafogo-e-manda-recado-para-torcedores\/","og_locale":"pt_BR","og_type":"article","og_title":"Artur Jorge \u00e9 sincero sobre sa\u00edda do Botafogo e manda recado para torcedores","og_description":"Artur Jorge fala sobre sa\u00edda do Botafogo e compara trajet\u00f3ria com Ruben Amorim Quase dois meses ap\u00f3s deixar o Botafogo, o t\u00e9cnico Artur Jorge falou sobre sua passagem pelo clube e a maneira como sua sa\u00edda ocorreu. Atualmente no Al Rayyan, do Catar, o treinador portugu\u00eas destacou o carinho que tem pelo time carioca e [&hellip;]","og_url":"https:\/\/www.gaveanews.com\/index.php\/2025\/02\/26\/artur-jorge-e-sincero-sobre-saida-do-botafogo-e-manda-recado-para-torcedores\/","og_site_name":"G\u00e1vea News","article_publisher":"https:\/\/facebook.com\/gaveaNews\/","article_published_time":"2025-02-27T02:35:00+00:00","og_image":[{"width":795,"height":448,"url":"https:\/\/www.gaveanews.com\/wp-content\/uploads\/artur-jorge-coletiva.webp","type":"image\/webp"}],"author":"Geovanna Thomaz","twitter_card":"summary_large_image","twitter_misc":{"Escrito por":"Geovanna Thomaz","Est. tempo de leitura":"3 minutos"},"schema":{"@context":"https:\/\/schema.org","@graph":[{"@type":"NewsArticle","@id":"https:\/\/www.gaveanews.com\/index.php\/2025\/02\/26\/artur-jorge-e-sincero-sobre-saida-do-botafogo-e-manda-recado-para-torcedores\/#article","isPartOf":{"@id":"https:\/\/www.gaveanews.com\/index.php\/2025\/02\/26\/artur-jorge-e-sincero-sobre-saida-do-botafogo-e-manda-recado-para-torcedores\/"},"author":{"name":"Geovanna Thomaz","@id":"https:\/\/www.gaveanews.com\/#\/schema\/person\/f42654babcd2b2014a1a65af82b081f1"},"headline":"Artur Jorge \u00e9 sincero sobre sa\u00edda do Botafogo e manda recado para torcedores","datePublished":"2025-02-27T02:35:00+00:00","mainEntityOfPage":{"@id":"https:\/\/www.gaveanews.com\/index.php\/2025\/02\/26\/artur-jorge-e-sincero-sobre-saida-do-botafogo-e-manda-recado-para-torcedores\/"},"wordCount":439,"commentCount":0,"image":{"@id":"https:\/\/www.gaveanews.com\/index.php\/2025\/02\/26\/artur-jorge-e-sincero-sobre-saida-do-botafogo-e-manda-recado-para-torcedores\/#primaryimage"},"thumbnailUrl":"https:\/\/www.gaveanews.com\/wp-content\/uploads\/artur-jorge-coletiva.webp","articleSection":["Botafogo"],"inLanguage":"pt-BR","potentialAction":[{"@type":"CommentAction","name":"Comment","target":["https:\/\/www.gaveanews.com\/index.php\/2025\/02\/26\/artur-jorge-e-sincero-sobre-saida-do-botafogo-e-manda-recado-para-torcedores\/#respond"]}],"copyrightYear":"2025","copyrightHolder":{"@id":"https:\/\/www.gaveanews.com\/#organization"}},{"@type":"WebPage","@id":"https:\/\/www.gaveanews.com\/index.php\/2025\/02\/26\/artur-jorge-e-sincero-sobre-saida-do-botafogo-e-manda-recado-para-torcedores\/","url":"https:\/\/www.gaveanews.com\/index.php\/2025\/02\/26\/artur-jorge-e-sincero-sobre-saida-do-botafogo-e-manda-recado-para-torcedores\/","name":"Artur Jorge \u00e9 sincero sobre sa\u00edda do Botafogo e manda recado para torcedores","isPartOf":{"@id":"https:\/\/www.gaveanews.com\/#website"},"primaryImageOfPage":{"@id":"https:\/\/www.gaveanews.com\/index.php\/2025\/02\/26\/artur-jorge-e-sincero-sobre-saida-do-botafogo-e-manda-recado-para-torcedores\/#primaryimage"},"image":{"@id":"https:\/\/www.gaveanews.com\/index.php\/2025\/02\/26\/artur-jorge-e-sincero-sobre-saida-do-botafogo-e-manda-recado-para-torcedores\/#primaryimage"},"thumbnailUrl":"https:\/\/www.gaveanews.com\/wp-content\/uploads\/artur-jorge-coletiva.webp","datePublished":"2025-02-27T02:35:00+00:00","author":{"@id":"https:\/\/www.gaveanews.com\/#\/schema\/person\/f42654babcd2b2014a1a65af82b081f1"},"breadcrumb":{"@id":"https:\/\/www.gaveanews.com\/index.php\/2025\/02\/26\/artur-jorge-e-sincero-sobre-saida-do-botafogo-e-manda-recado-para-torcedores\/#breadcrumb"},"inLanguage":"pt-BR","potentialAction":[{"@type":"ReadAction","target":["https:\/\/www.gaveanews.com\/index.php\/2025\/02\/26\/artur-jorge-e-sincero-sobre-saida-do-botafogo-e-manda-recado-para-torcedores\/"]}]},{"@type":"ImageObject","inLanguage":"pt-BR","@id":"https:\/\/www.gaveanews.com\/index.php\/2025\/02\/26\/artur-jorge-e-sincero-sobre-saida-do-botafogo-e-manda-recado-para-torcedores\/#primaryimage","url":"https:\/\/www.gaveanews.com\/wp-content\/uploads\/artur-jorge-coletiva.webp","contentUrl":"https:\/\/www.gaveanews.com\/wp-content\/uploads\/artur-jorge-coletiva.webp","width":795,"height":448,"caption":"Foto: Reprodu\u00e7\u00e3o"},{"@type":"BreadcrumbList","@id":"https:\/\/www.gaveanews.com\/index.php\/2025\/02\/26\/artur-jorge-e-sincero-sobre-saida-do-botafogo-e-manda-recado-para-torcedores\/#breadcrumb","itemListElement":[{"@type":"ListItem","position":1,"name":"Home","item":"https:\/\/www.gaveanews.com\/"},{"@type":"ListItem","position":2,"name":"Artur Jorge \u00e9 sincero sobre sa\u00edda do Botafogo e manda recado para torcedores"}]},{"@type":"WebSite","@id":"https:\/\/www.gaveanews.com\/#website","url":"https:\/\/www.gaveanews.com\/","name":"G\u00e1vea News","description":"Veja todas as not\u00edcias sobre o Flamengo: Contrata\u00e7\u00f5es, categorias de base, resultados das partidas, tabela de classifica\u00e7\u00e3o, pr\u00f3ximos jogos!","potentialAction":[{"@type":"SearchAction","target":{"@type":"EntryPoint","urlTemplate":"https:\/\/www.gaveanews.com\/?s={search_term_string}"},"query-input":{"@type":"PropertyValueSpecification","valueRequired":true,"valueName":"search_term_string"}}],"inLanguage":"pt-BR"},{"@type":"Person","@id":"https:\/\/www.gaveanews.com\/#\/schema\/person\/f42654babcd2b2014a1a65af82b081f1","name":"Geovanna Thomaz","image":{"@type":"ImageObject","inLanguage":"pt-BR","@id":"https:\/\/www.gaveanews.com\/#\/schema\/person\/image\/","url":"https:\/\/secure.gravatar.com\/avatar\/4092073255489533afb558984b49b64268c47198af8623cc82a925ae9fb7118a?s=96&d=mm&r=g","contentUrl":"https:\/\/secure.gravatar.com\/avatar\/4092073255489533afb558984b49b64268c47198af8623cc82a925ae9fb7118a?s=96&d=mm&r=g","caption":"Geovanna Thomaz"}}]}},"_links":{"self":[{"href":"https:\/\/www.gaveanews.com\/index.php\/wp-json\/wp\/v2\/posts\/233402","targetHints":{"allow":["GET"]}}],"collection":[{"href":"https:\/\/www.gaveanews.com\/index.php\/wp-json\/wp\/v2\/posts"}],"about":[{"href":"https:\/\/www.gaveanews.com\/index.php\/wp-json\/wp\/v2\/types\/post"}],"author":[{"embeddable":true,"href":"https:\/\/www.gaveanews.com\/index.php\/wp-json\/wp\/v2\/users\/17"}],"replies":[{"embeddable":true,"href":"https:\/\/www.gaveanews.com\/index.php\/wp-json\/wp\/v2\/comments?post=233402"}],"version-history":[{"count":1,"href":"https:\/\/www.gaveanews.com\/index.php\/wp-json\/wp\/v2\/posts\/233402\/revisions"}],"predecessor-version":[{"id":233405,"href":"https:\/\/www.gaveanews.com\/index.php\/wp-json\/wp\/v2\/posts\/233402\/revisions\/233405"}],"wp:featuredmedia":[{"embeddable":true,"href":"https:\/\/www.gaveanews.com\/index.php\/wp-json\/wp\/v2\/media\/149047"}],"wp:attachment":[{"href":"https:\/\/www.gaveanews.com\/index.php\/wp-json\/wp\/v2\/media?parent=233402"}],"wp:term":[{"taxonomy":"category","embeddable":true,"href":"https:\/\/www.gaveanews.com\/index.php\/wp-json\/wp\/v2\/categories?post=233402"},{"taxonomy":"post_tag","embeddable":true,"href":"https:\/\/www.gaveanews.com\/index.php\/wp-json\/wp\/v2\/tags?post=233402"}],"curies":[{"name":"wp","href":"https:\/\/api.w.org\/{rel}","templated":true}]}}