{"id":233772,"date":"2025-02-28T07:00:00","date_gmt":"2025-02-28T10:00:00","guid":{"rendered":"https:\/\/www.gaveanews.com\/?p=233772"},"modified":"2025-02-27T17:38:11","modified_gmt":"2025-02-27T20:38:11","slug":"situacao-de-varela-pedido-de-filipe-luis-e-os-jogadores-que-chegaram-ao-departamento-medico-as-ultimas-noticias-do-flamengo","status":"publish","type":"post","link":"https:\/\/www.gaveanews.com\/index.php\/2025\/02\/28\/situacao-de-varela-pedido-de-filipe-luis-e-os-jogadores-que-chegaram-ao-departamento-medico-as-ultimas-noticias-do-flamengo\/","title":{"rendered":"Situa\u00e7\u00e3o de Varela, pedido de Filipe Lu\u00eds e os jogadores que chegaram ao departamento m\u00e9dico: as \u00faltimas not\u00edcias do Flamengo"},"content":{"rendered":"\n<p>Nas \u00faltimas horas, o foco das not\u00edcias sobre o Flamengo se concentram nos bastidores do clube, com destaques do dia a dia do time.<\/p>\n\n\n\n<p>Por conta deste contexto, leia abaixo um resumo preparado pela equipe do portal G\u00e1vea News para lhe manter muito bem informado!<\/p>\n\n\n\n<h2 class=\"wp-block-heading\" id=\"h-os-jogadores-que-chegaram-ao-departamento-medico\">Os jogadores que chegaram ao departamento m\u00e9dico<\/h2>\n\n\n\n<p>O Flamengo tem enfrentado uma s\u00e9rie de les\u00f5es no in\u00edcio de 2025, com cinco jogadores no departamento m\u00e9dico em menos de um m\u00eas. A mais recente baixa foi Everton Cebolinha, que sofreu uma les\u00e3o na coxa direita e ficar\u00e1 afastado dos gramados. Al\u00e9m dele, Alex Sandro, Juninho, Ayrton Lucas e Michael tamb\u00e9m est\u00e3o fora de a\u00e7\u00e3o, o que tem gerado preocupa\u00e7\u00e3o na comiss\u00e3o t\u00e9cnica e na torcida <strong><a href=\"https:\/\/www.gaveanews.com\/index.php\/2025\/02\/26\/everton-cebolinha-alex-sandro-juninho-ayrton-lucas-michael-os-jogadores-do-flamengo-que-chegaram-ao-departamento-medico-recentemente\/\">(leia a mat\u00e9ria completa).<\/a><\/strong><\/p>\n\n\n\n<figure class=\"wp-block-image size-full\"><img loading=\"lazy\" decoding=\"async\" width=\"780\" height=\"470\" src=\"http:\/\/www.gaveanews.com\/wp-content\/uploads\/Everton-Cebolinha-em-acao-pelo-Flamengo.webp\" alt=\"\" class=\"wp-image-157887\" srcset=\"https:\/\/www.gaveanews.com\/wp-content\/uploads\/Everton-Cebolinha-em-acao-pelo-Flamengo.webp 780w, https:\/\/www.gaveanews.com\/wp-content\/uploads\/Everton-Cebolinha-em-acao-pelo-Flamengo-300x181.webp 300w, https:\/\/www.gaveanews.com\/wp-content\/uploads\/Everton-Cebolinha-em-acao-pelo-Flamengo-768x463.webp 768w, https:\/\/www.gaveanews.com\/wp-content\/uploads\/Everton-Cebolinha-em-acao-pelo-Flamengo-697x420.webp 697w, https:\/\/www.gaveanews.com\/wp-content\/uploads\/Everton-Cebolinha-em-acao-pelo-Flamengo-640x386.webp 640w, https:\/\/www.gaveanews.com\/wp-content\/uploads\/Everton-Cebolinha-em-acao-pelo-Flamengo-681x410.webp 681w, https:\/\/www.gaveanews.com\/wp-content\/uploads\/Everton-Cebolinha-em-acao-pelo-Flamengo-100x60.webp 100w\" sizes=\"auto, (max-width: 780px) 100vw, 780px\" \/><figcaption class=\"wp-element-caption\">Everton Cebolinha em a\u00e7\u00e3o pelo Flamengo (Foto: Marcelo Cortes\/CRF)<\/figcaption><\/figure>\n\n\n\n<p>A equipe m\u00e9dica do clube tem adotado medidas para minimizar os impactos dessas les\u00f5es, implementando um controle rigoroso de minutagem e treinamentos espec\u00edficos para cada jogador.<\/p>\n\n\n\n<p>Cebolinha, por exemplo, estava voltando de uma cirurgia no tend\u00e3o de Aquiles e teve sua carga monitorada, mas ainda assim sofreu uma nova les\u00e3o. Outros atletas, como Arrascaeta e De La Cruz, tamb\u00e9m seguem programas especiais para evitar problemas f\u00edsicos ao longo da temporada.<\/p>\n\n\n\n<p>Diante dos desfalques, o t\u00e9cnico Filipe Lu\u00eds tem ajustado a escala\u00e7\u00e3o e evitado sobrecarregar os jogadores, visando manter a equipe em boas condi\u00e7\u00f5es para o Campeonato Brasileiro. Ele destacou que as les\u00f5es musculares s\u00e3o comuns no in\u00edcio da temporada e afirmou que seu foco \u00e9 ter o elenco no auge da forma f\u00edsica na principal competi\u00e7\u00e3o nacional. Enquanto isso, o Flamengo busca equilibrar os desafios imediatos, como a semifinal do Campeonato Carioca, com o planejamento de longo prazo para garantir um desempenho consistente ao longo do ano.<\/p>\n\n\n\n<h2 class=\"wp-block-heading\" id=\"h-pedido-de-filipe-luis\">Pedido de Filipe Lu\u00eds<\/h2>\n\n\n\n<p>O Flamengo segue em intensa prepara\u00e7\u00e3o para a semifinal do Campeonato Carioca, e uma das principais novidades \u00e9 a perman\u00eancia de Wallace Yan no elenco principal. A decis\u00e3o partiu de Filipe Lu\u00eds, que optou por manter o jovem atacante no Rio de Janeiro em vez de envi\u00e1-lo para disputar a Libertadores Sub-20 no Paraguai. Wallace, que se destacou no Estadual, foi fundamental para suprir as aus\u00eancias de Michael e Cebolinha, tornando-se pe\u00e7a-chave na equipe rubro-negra <strong><a href=\"https:\/\/www.gaveanews.com\/index.php\/2025\/02\/26\/a-pedido-de-filipe-luis-ele-vai-reforcar-o-flamengo\/\">(leia a mat\u00e9ria completa).<\/a><\/strong><\/p>\n\n\n\n<figure class=\"wp-block-image size-full\"><img loading=\"lazy\" decoding=\"async\" width=\"800\" height=\"534\" src=\"http:\/\/www.gaveanews.com\/wp-content\/uploads\/Filipe-Luis-como-tecnico-do-Flamengo.webp\" alt=\"\" class=\"wp-image-170548\" srcset=\"https:\/\/www.gaveanews.com\/wp-content\/uploads\/Filipe-Luis-como-tecnico-do-Flamengo.webp 800w, https:\/\/www.gaveanews.com\/wp-content\/uploads\/Filipe-Luis-como-tecnico-do-Flamengo-300x200.webp 300w, https:\/\/www.gaveanews.com\/wp-content\/uploads\/Filipe-Luis-como-tecnico-do-Flamengo-768x513.webp 768w, https:\/\/www.gaveanews.com\/wp-content\/uploads\/Filipe-Luis-como-tecnico-do-Flamengo-629x420.webp 629w, https:\/\/www.gaveanews.com\/wp-content\/uploads\/Filipe-Luis-como-tecnico-do-Flamengo-640x427.webp 640w, https:\/\/www.gaveanews.com\/wp-content\/uploads\/Filipe-Luis-como-tecnico-do-Flamengo-681x455.webp 681w, https:\/\/www.gaveanews.com\/wp-content\/uploads\/Filipe-Luis-como-tecnico-do-Flamengo-100x67.webp 100w\" sizes=\"auto, (max-width: 800px) 100vw, 800px\" \/><figcaption class=\"wp-element-caption\">Filipe Lu\u00eds como t\u00e9cnico do Flamengo (Foto: Marcelo Cortez\/Flamengo)<\/figcaption><\/figure>\n\n\n\n<p>Com quatro gols e duas assist\u00eancias em seis partidas, Wallace Yan tem demonstrado grande potencial e conquistado a confian\u00e7a da comiss\u00e3o t\u00e9cnica. Inicialmente integrado ao time alternativo, o atacante de 20 anos aproveitou as oportunidades e provou ser um refor\u00e7o importante para os jogos decisivos. A expectativa \u00e9 de que sua presen\u00e7a fa\u00e7a diferen\u00e7a na partida contra o Vasco, marcada para o pr\u00f3ximo s\u00e1bado, garantindo ao Flamengo mais op\u00e7\u00f5es ofensivas para buscar a classifica\u00e7\u00e3o.<\/p>\n\n\n\n<p>O bom desempenho de Wallace n\u00e3o passou despercebido pelos torcedores e dirigentes, aumentando as chances de que ele se firme no time principal ao longo da temporada. Se continuar mantendo a regularidade, o atacante pode se consolidar como uma das promessas do clube para o futuro. Agora, cabe a ele aproveitar as oportunidades e mostrar que tem capacidade para seguir entre os titulares e ajudar o Flamengo na briga pelo t\u00edtulo estadual.<\/p>\n\n\n\n<h2 class=\"wp-block-heading\" id=\"h-situacao-de-varela\">Situa\u00e7\u00e3o de Varela<\/h2>\n\n\n\n<p>Guillermo Varela, lateral-direito do Flamengo, revelou que enfrentou dificuldades para se adaptar ao clube desde sua chegada em 2022. Durante entrevista coletiva, ele mencionou os momentos complicados sob o comando de Jorge Sampaoli, per\u00edodo em que teve poucas oportunidades e chegou a considerar uma sa\u00edda. O interesse do Pe\u00f1arol surgiu como uma possibilidade, mas as negocia\u00e7\u00f5es n\u00e3o avan\u00e7aram. No entanto, sua trajet\u00f3ria mudou com a chegada de Tite, que lhe deu mais espa\u00e7o e confian\u00e7a dentro da equipe <strong><a href=\"https:\/\/www.gaveanews.com\/index.php\/2025\/02\/26\/jogador-admite-que-pensou-em-sair-do-flamengo\/\">(leia a mat\u00e9ria completa).<\/a><\/strong><\/p>\n\n\n\n<figure class=\"wp-block-image size-full\"><img loading=\"lazy\" decoding=\"async\" width=\"799\" height=\"533\" src=\"http:\/\/www.gaveanews.com\/wp-content\/uploads\/Guilhermo-Varela-estreia-pelo-Flamengo-em-jogo-contra-o-Ceara.webp\" alt=\"\" class=\"wp-image-86918\" srcset=\"https:\/\/www.gaveanews.com\/wp-content\/uploads\/Guilhermo-Varela-estreia-pelo-Flamengo-em-jogo-contra-o-Ceara.webp 799w, https:\/\/www.gaveanews.com\/wp-content\/uploads\/Guilhermo-Varela-estreia-pelo-Flamengo-em-jogo-contra-o-Ceara-300x200.webp 300w, https:\/\/www.gaveanews.com\/wp-content\/uploads\/Guilhermo-Varela-estreia-pelo-Flamengo-em-jogo-contra-o-Ceara-768x512.webp 768w, https:\/\/www.gaveanews.com\/wp-content\/uploads\/Guilhermo-Varela-estreia-pelo-Flamengo-em-jogo-contra-o-Ceara-630x420.webp 630w, https:\/\/www.gaveanews.com\/wp-content\/uploads\/Guilhermo-Varela-estreia-pelo-Flamengo-em-jogo-contra-o-Ceara-640x427.webp 640w, https:\/\/www.gaveanews.com\/wp-content\/uploads\/Guilhermo-Varela-estreia-pelo-Flamengo-em-jogo-contra-o-Ceara-681x454.webp 681w, https:\/\/www.gaveanews.com\/wp-content\/uploads\/Guilhermo-Varela-estreia-pelo-Flamengo-em-jogo-contra-o-Ceara-100x67.webp 100w\" sizes=\"auto, (max-width: 799px) 100vw, 799px\" \/><figcaption class=\"wp-element-caption\">Guilhermo Varela estreia pelo Flamengo em jogo contra o Cear\u00e1 (Foto: Gilvan de Souza\/Flamengo)<\/figcaption><\/figure>\n\n\n\n<p>Com a nova comiss\u00e3o t\u00e9cnica, Varela passou a atuar com frequ\u00eancia e disputou 41 partidas. Ainda assim, perdeu a titularidade para Wesley, mas seguiu sendo uma pe\u00e7a importante no elenco, especialmente sob o comando de Filipe Lu\u00eds, com quem jogou 13 vezes, sendo titular em sete ocasi\u00f5es. O lateral destacou que o apoio do treinador e da equipe foi essencial para sua evolu\u00e7\u00e3o e perman\u00eancia no clube, mesmo diante das incertezas que viveu no in\u00edcio.<\/p>\n\n\n\n<p>Um dos principais fatores que consolidaram Varela no Flamengo foi sua versatilidade. Ele foi improvisado na lateral esquerda em partidas contra Botafogo e Vasco e teve boas atua\u00e7\u00f5es, refor\u00e7ando sua import\u00e2ncia t\u00e1tica. O jogador reconheceu a dificuldade de atuar fora de sua posi\u00e7\u00e3o original, mas destacou que a confian\u00e7a da comiss\u00e3o t\u00e9cnica o ajudou a desempenhar bem o papel. Assim, ele se tornou uma op\u00e7\u00e3o confi\u00e1vel no elenco rubro-negro, demonstrando adapta\u00e7\u00e3o e comprometimento com o time.<\/p>\n","protected":false},"excerpt":{"rendered":"<p>Nas \u00faltimas horas, o foco das not\u00edcias sobre o Flamengo se concentram nos bastidores do clube, com destaques do dia a dia do time. Por conta deste contexto, leia abaixo um resumo preparado pela equipe do portal G\u00e1vea News para lhe manter muito bem informado! Os jogadores que chegaram ao departamento m\u00e9dico O Flamengo tem [&hellip;]<\/p>\n","protected":false},"author":27,"featured_media":124684,"comment_status":"open","ping_status":"closed","sticky":false,"template":"","format":"standard","meta":{"footnotes":""},"categories":[1],"tags":[],"class_list":["post-233772","post","type-post","status-publish","format-standard","has-post-thumbnail","hentry","category-flamengo"],"yoast_head":"<!-- This site is optimized with the Yoast SEO Premium plugin v24.2 (Yoast SEO v26.9) - https:\/\/yoast.com\/product\/yoast-seo-premium-wordpress\/ -->\n<title>Situa\u00e7\u00e3o de Varela, pedido de Filipe Lu\u00eds e os jogadores que chegaram ao departamento m\u00e9dico: as \u00faltimas not\u00edcias do Flamengo<\/title>\n<meta name=\"robots\" content=\"index, follow, max-snippet:-1, max-image-preview:large, max-video-preview:-1\" \/>\n<link rel=\"canonical\" href=\"https:\/\/www.gaveanews.com\/index.php\/2025\/02\/28\/situacao-de-varela-pedido-de-filipe-luis-e-os-jogadores-que-chegaram-ao-departamento-medico-as-ultimas-noticias-do-flamengo\/\" \/>\n<meta property=\"og:locale\" content=\"pt_BR\" \/>\n<meta property=\"og:type\" content=\"article\" \/>\n<meta property=\"og:title\" content=\"Situa\u00e7\u00e3o de Varela, pedido de Filipe Lu\u00eds e os jogadores que chegaram ao departamento m\u00e9dico: as \u00faltimas not\u00edcias do Flamengo\" \/>\n<meta property=\"og:description\" content=\"Nas \u00faltimas horas, o foco das not\u00edcias sobre o Flamengo se concentram nos bastidores do clube, com destaques do dia a dia do time. Por conta deste contexto, leia abaixo um resumo preparado pela equipe do portal G\u00e1vea News para lhe manter muito bem informado! Os jogadores que chegaram ao departamento m\u00e9dico O Flamengo tem [&hellip;]\" \/>\n<meta property=\"og:url\" content=\"https:\/\/www.gaveanews.com\/index.php\/2025\/02\/28\/situacao-de-varela-pedido-de-filipe-luis-e-os-jogadores-que-chegaram-ao-departamento-medico-as-ultimas-noticias-do-flamengo\/\" \/>\n<meta property=\"og:site_name\" content=\"G\u00e1vea News\" \/>\n<meta property=\"article:publisher\" content=\"https:\/\/facebook.com\/gaveaNews\/\" \/>\n<meta property=\"article:published_time\" content=\"2025-02-28T10:00:00+00:00\" \/>\n<meta property=\"og:image\" content=\"https:\/\/www.gaveanews.com\/wp-content\/uploads\/escudoDoFlamengo.webp\" \/>\n\t<meta property=\"og:image:width\" content=\"1095\" \/>\n\t<meta property=\"og:image:height\" content=\"730\" \/>\n\t<meta property=\"og:image:type\" content=\"image\/webp\" \/>\n<meta name=\"author\" content=\"Matheus Felipe\" \/>\n<meta name=\"twitter:card\" content=\"summary_large_image\" \/>\n<meta name=\"twitter:label1\" content=\"Escrito por\" \/>\n\t<meta name=\"twitter:data1\" content=\"Matheus Felipe\" \/>\n\t<meta name=\"twitter:label2\" content=\"Est. tempo de leitura\" \/>\n\t<meta name=\"twitter:data2\" content=\"6 minutos\" \/>\n<script type=\"application\/ld+json\" class=\"yoast-schema-graph\">{\"@context\":\"https:\/\/schema.org\",\"@graph\":[{\"@type\":\"NewsArticle\",\"@id\":\"https:\/\/www.gaveanews.com\/index.php\/2025\/02\/28\/situacao-de-varela-pedido-de-filipe-luis-e-os-jogadores-que-chegaram-ao-departamento-medico-as-ultimas-noticias-do-flamengo\/#article\",\"isPartOf\":{\"@id\":\"https:\/\/www.gaveanews.com\/index.php\/2025\/02\/28\/situacao-de-varela-pedido-de-filipe-luis-e-os-jogadores-que-chegaram-ao-departamento-medico-as-ultimas-noticias-do-flamengo\/\"},\"author\":{\"name\":\"Matheus Felipe\",\"@id\":\"https:\/\/www.gaveanews.com\/#\/schema\/person\/8207cd4627f56151707418bfc835b2fb\"},\"headline\":\"Situa\u00e7\u00e3o de Varela, pedido de Filipe Lu\u00eds e os jogadores que chegaram ao departamento m\u00e9dico: as \u00faltimas not\u00edcias do Flamengo\",\"datePublished\":\"2025-02-28T10:00:00+00:00\",\"mainEntityOfPage\":{\"@id\":\"https:\/\/www.gaveanews.com\/index.php\/2025\/02\/28\/situacao-de-varela-pedido-de-filipe-luis-e-os-jogadores-que-chegaram-ao-departamento-medico-as-ultimas-noticias-do-flamengo\/\"},\"wordCount\":886,\"commentCount\":0,\"image\":{\"@id\":\"https:\/\/www.gaveanews.com\/index.php\/2025\/02\/28\/situacao-de-varela-pedido-de-filipe-luis-e-os-jogadores-que-chegaram-ao-departamento-medico-as-ultimas-noticias-do-flamengo\/#primaryimage\"},\"thumbnailUrl\":\"https:\/\/www.gaveanews.com\/wp-content\/uploads\/escudoDoFlamengo.webp\",\"articleSection\":[\"Flamengo\"],\"inLanguage\":\"pt-BR\",\"potentialAction\":[{\"@type\":\"CommentAction\",\"name\":\"Comment\",\"target\":[\"https:\/\/www.gaveanews.com\/index.php\/2025\/02\/28\/situacao-de-varela-pedido-de-filipe-luis-e-os-jogadores-que-chegaram-ao-departamento-medico-as-ultimas-noticias-do-flamengo\/#respond\"]}],\"copyrightYear\":\"2025\",\"copyrightHolder\":{\"@id\":\"https:\/\/www.gaveanews.com\/#organization\"}},{\"@type\":\"WebPage\",\"@id\":\"https:\/\/www.gaveanews.com\/index.php\/2025\/02\/28\/situacao-de-varela-pedido-de-filipe-luis-e-os-jogadores-que-chegaram-ao-departamento-medico-as-ultimas-noticias-do-flamengo\/\",\"url\":\"https:\/\/www.gaveanews.com\/index.php\/2025\/02\/28\/situacao-de-varela-pedido-de-filipe-luis-e-os-jogadores-que-chegaram-ao-departamento-medico-as-ultimas-noticias-do-flamengo\/\",\"name\":\"Situa\u00e7\u00e3o de Varela, pedido de Filipe Lu\u00eds e os jogadores que chegaram ao departamento m\u00e9dico: as \u00faltimas not\u00edcias do Flamengo\",\"isPartOf\":{\"@id\":\"https:\/\/www.gaveanews.com\/#website\"},\"primaryImageOfPage\":{\"@id\":\"https:\/\/www.gaveanews.com\/index.php\/2025\/02\/28\/situacao-de-varela-pedido-de-filipe-luis-e-os-jogadores-que-chegaram-ao-departamento-medico-as-ultimas-noticias-do-flamengo\/#primaryimage\"},\"image\":{\"@id\":\"https:\/\/www.gaveanews.com\/index.php\/2025\/02\/28\/situacao-de-varela-pedido-de-filipe-luis-e-os-jogadores-que-chegaram-ao-departamento-medico-as-ultimas-noticias-do-flamengo\/#primaryimage\"},\"thumbnailUrl\":\"https:\/\/www.gaveanews.com\/wp-content\/uploads\/escudoDoFlamengo.webp\",\"datePublished\":\"2025-02-28T10:00:00+00:00\",\"author\":{\"@id\":\"https:\/\/www.gaveanews.com\/#\/schema\/person\/8207cd4627f56151707418bfc835b2fb\"},\"breadcrumb\":{\"@id\":\"https:\/\/www.gaveanews.com\/index.php\/2025\/02\/28\/situacao-de-varela-pedido-de-filipe-luis-e-os-jogadores-que-chegaram-ao-departamento-medico-as-ultimas-noticias-do-flamengo\/#breadcrumb\"},\"inLanguage\":\"pt-BR\",\"potentialAction\":[{\"@type\":\"ReadAction\",\"target\":[\"https:\/\/www.gaveanews.com\/index.php\/2025\/02\/28\/situacao-de-varela-pedido-de-filipe-luis-e-os-jogadores-que-chegaram-ao-departamento-medico-as-ultimas-noticias-do-flamengo\/\"]}]},{\"@type\":\"ImageObject\",\"inLanguage\":\"pt-BR\",\"@id\":\"https:\/\/www.gaveanews.com\/index.php\/2025\/02\/28\/situacao-de-varela-pedido-de-filipe-luis-e-os-jogadores-que-chegaram-ao-departamento-medico-as-ultimas-noticias-do-flamengo\/#primaryimage\",\"url\":\"https:\/\/www.gaveanews.com\/wp-content\/uploads\/escudoDoFlamengo.webp\",\"contentUrl\":\"https:\/\/www.gaveanews.com\/wp-content\/uploads\/escudoDoFlamengo.webp\",\"width\":1095,\"height\":730,\"caption\":\"Centro de treinamento do Flamengo (Foto: Reprodu\u00e7\u00e3o)\"},{\"@type\":\"BreadcrumbList\",\"@id\":\"https:\/\/www.gaveanews.com\/index.php\/2025\/02\/28\/situacao-de-varela-pedido-de-filipe-luis-e-os-jogadores-que-chegaram-ao-departamento-medico-as-ultimas-noticias-do-flamengo\/#breadcrumb\",\"itemListElement\":[{\"@type\":\"ListItem\",\"position\":1,\"name\":\"Home\",\"item\":\"https:\/\/www.gaveanews.com\/\"},{\"@type\":\"ListItem\",\"position\":2,\"name\":\"Situa\u00e7\u00e3o de Varela, pedido de Filipe Lu\u00eds e os jogadores que chegaram ao departamento m\u00e9dico: as \u00faltimas not\u00edcias do Flamengo\"}]},{\"@type\":\"WebSite\",\"@id\":\"https:\/\/www.gaveanews.com\/#website\",\"url\":\"https:\/\/www.gaveanews.com\/\",\"name\":\"G\u00e1vea News\",\"description\":\"Veja todas as not\u00edcias sobre o Flamengo: Contrata\u00e7\u00f5es, categorias de base, resultados das partidas, tabela de classifica\u00e7\u00e3o, pr\u00f3ximos jogos!\",\"potentialAction\":[{\"@type\":\"SearchAction\",\"target\":{\"@type\":\"EntryPoint\",\"urlTemplate\":\"https:\/\/www.gaveanews.com\/?s={search_term_string}\"},\"query-input\":{\"@type\":\"PropertyValueSpecification\",\"valueRequired\":true,\"valueName\":\"search_term_string\"}}],\"inLanguage\":\"pt-BR\"},{\"@type\":\"Person\",\"@id\":\"https:\/\/www.gaveanews.com\/#\/schema\/person\/8207cd4627f56151707418bfc835b2fb\",\"name\":\"Matheus Felipe\",\"image\":{\"@type\":\"ImageObject\",\"inLanguage\":\"pt-BR\",\"@id\":\"https:\/\/www.gaveanews.com\/#\/schema\/person\/image\/\",\"url\":\"https:\/\/secure.gravatar.com\/avatar\/a452ffbed9130f726358b298bb3a99ce4bd3c5338411f8440e87e14d74c7c087?s=96&d=mm&r=g\",\"contentUrl\":\"https:\/\/secure.gravatar.com\/avatar\/a452ffbed9130f726358b298bb3a99ce4bd3c5338411f8440e87e14d74c7c087?s=96&d=mm&r=g\",\"caption\":\"Matheus Felipe\"}}]}<\/script>\n<!-- \/ Yoast SEO Premium plugin. -->","yoast_head_json":{"title":"Situa\u00e7\u00e3o de Varela, pedido de Filipe Lu\u00eds e os jogadores que chegaram ao departamento m\u00e9dico: as \u00faltimas not\u00edcias do Flamengo","robots":{"index":"index","follow":"follow","max-snippet":"max-snippet:-1","max-image-preview":"max-image-preview:large","max-video-preview":"max-video-preview:-1"},"canonical":"https:\/\/www.gaveanews.com\/index.php\/2025\/02\/28\/situacao-de-varela-pedido-de-filipe-luis-e-os-jogadores-que-chegaram-ao-departamento-medico-as-ultimas-noticias-do-flamengo\/","og_locale":"pt_BR","og_type":"article","og_title":"Situa\u00e7\u00e3o de Varela, pedido de Filipe Lu\u00eds e os jogadores que chegaram ao departamento m\u00e9dico: as \u00faltimas not\u00edcias do Flamengo","og_description":"Nas \u00faltimas horas, o foco das not\u00edcias sobre o Flamengo se concentram nos bastidores do clube, com destaques do dia a dia do time. Por conta deste contexto, leia abaixo um resumo preparado pela equipe do portal G\u00e1vea News para lhe manter muito bem informado! Os jogadores que chegaram ao departamento m\u00e9dico O Flamengo tem [&hellip;]","og_url":"https:\/\/www.gaveanews.com\/index.php\/2025\/02\/28\/situacao-de-varela-pedido-de-filipe-luis-e-os-jogadores-que-chegaram-ao-departamento-medico-as-ultimas-noticias-do-flamengo\/","og_site_name":"G\u00e1vea News","article_publisher":"https:\/\/facebook.com\/gaveaNews\/","article_published_time":"2025-02-28T10:00:00+00:00","og_image":[{"width":1095,"height":730,"url":"https:\/\/www.gaveanews.com\/wp-content\/uploads\/escudoDoFlamengo.webp","type":"image\/webp"}],"author":"Matheus Felipe","twitter_card":"summary_large_image","twitter_misc":{"Escrito por":"Matheus Felipe","Est. tempo de leitura":"6 minutos"},"schema":{"@context":"https:\/\/schema.org","@graph":[{"@type":"NewsArticle","@id":"https:\/\/www.gaveanews.com\/index.php\/2025\/02\/28\/situacao-de-varela-pedido-de-filipe-luis-e-os-jogadores-que-chegaram-ao-departamento-medico-as-ultimas-noticias-do-flamengo\/#article","isPartOf":{"@id":"https:\/\/www.gaveanews.com\/index.php\/2025\/02\/28\/situacao-de-varela-pedido-de-filipe-luis-e-os-jogadores-que-chegaram-ao-departamento-medico-as-ultimas-noticias-do-flamengo\/"},"author":{"name":"Matheus Felipe","@id":"https:\/\/www.gaveanews.com\/#\/schema\/person\/8207cd4627f56151707418bfc835b2fb"},"headline":"Situa\u00e7\u00e3o de Varela, pedido de Filipe Lu\u00eds e os jogadores que chegaram ao departamento m\u00e9dico: as \u00faltimas not\u00edcias do Flamengo","datePublished":"2025-02-28T10:00:00+00:00","mainEntityOfPage":{"@id":"https:\/\/www.gaveanews.com\/index.php\/2025\/02\/28\/situacao-de-varela-pedido-de-filipe-luis-e-os-jogadores-que-chegaram-ao-departamento-medico-as-ultimas-noticias-do-flamengo\/"},"wordCount":886,"commentCount":0,"image":{"@id":"https:\/\/www.gaveanews.com\/index.php\/2025\/02\/28\/situacao-de-varela-pedido-de-filipe-luis-e-os-jogadores-que-chegaram-ao-departamento-medico-as-ultimas-noticias-do-flamengo\/#primaryimage"},"thumbnailUrl":"https:\/\/www.gaveanews.com\/wp-content\/uploads\/escudoDoFlamengo.webp","articleSection":["Flamengo"],"inLanguage":"pt-BR","potentialAction":[{"@type":"CommentAction","name":"Comment","target":["https:\/\/www.gaveanews.com\/index.php\/2025\/02\/28\/situacao-de-varela-pedido-de-filipe-luis-e-os-jogadores-que-chegaram-ao-departamento-medico-as-ultimas-noticias-do-flamengo\/#respond"]}],"copyrightYear":"2025","copyrightHolder":{"@id":"https:\/\/www.gaveanews.com\/#organization"}},{"@type":"WebPage","@id":"https:\/\/www.gaveanews.com\/index.php\/2025\/02\/28\/situacao-de-varela-pedido-de-filipe-luis-e-os-jogadores-que-chegaram-ao-departamento-medico-as-ultimas-noticias-do-flamengo\/","url":"https:\/\/www.gaveanews.com\/index.php\/2025\/02\/28\/situacao-de-varela-pedido-de-filipe-luis-e-os-jogadores-que-chegaram-ao-departamento-medico-as-ultimas-noticias-do-flamengo\/","name":"Situa\u00e7\u00e3o de Varela, pedido de Filipe Lu\u00eds e os jogadores que chegaram ao departamento m\u00e9dico: as \u00faltimas not\u00edcias do Flamengo","isPartOf":{"@id":"https:\/\/www.gaveanews.com\/#website"},"primaryImageOfPage":{"@id":"https:\/\/www.gaveanews.com\/index.php\/2025\/02\/28\/situacao-de-varela-pedido-de-filipe-luis-e-os-jogadores-que-chegaram-ao-departamento-medico-as-ultimas-noticias-do-flamengo\/#primaryimage"},"image":{"@id":"https:\/\/www.gaveanews.com\/index.php\/2025\/02\/28\/situacao-de-varela-pedido-de-filipe-luis-e-os-jogadores-que-chegaram-ao-departamento-medico-as-ultimas-noticias-do-flamengo\/#primaryimage"},"thumbnailUrl":"https:\/\/www.gaveanews.com\/wp-content\/uploads\/escudoDoFlamengo.webp","datePublished":"2025-02-28T10:00:00+00:00","author":{"@id":"https:\/\/www.gaveanews.com\/#\/schema\/person\/8207cd4627f56151707418bfc835b2fb"},"breadcrumb":{"@id":"https:\/\/www.gaveanews.com\/index.php\/2025\/02\/28\/situacao-de-varela-pedido-de-filipe-luis-e-os-jogadores-que-chegaram-ao-departamento-medico-as-ultimas-noticias-do-flamengo\/#breadcrumb"},"inLanguage":"pt-BR","potentialAction":[{"@type":"ReadAction","target":["https:\/\/www.gaveanews.com\/index.php\/2025\/02\/28\/situacao-de-varela-pedido-de-filipe-luis-e-os-jogadores-que-chegaram-ao-departamento-medico-as-ultimas-noticias-do-flamengo\/"]}]},{"@type":"ImageObject","inLanguage":"pt-BR","@id":"https:\/\/www.gaveanews.com\/index.php\/2025\/02\/28\/situacao-de-varela-pedido-de-filipe-luis-e-os-jogadores-que-chegaram-ao-departamento-medico-as-ultimas-noticias-do-flamengo\/#primaryimage","url":"https:\/\/www.gaveanews.com\/wp-content\/uploads\/escudoDoFlamengo.webp","contentUrl":"https:\/\/www.gaveanews.com\/wp-content\/uploads\/escudoDoFlamengo.webp","width":1095,"height":730,"caption":"Centro de treinamento do Flamengo (Foto: Reprodu\u00e7\u00e3o)"},{"@type":"BreadcrumbList","@id":"https:\/\/www.gaveanews.com\/index.php\/2025\/02\/28\/situacao-de-varela-pedido-de-filipe-luis-e-os-jogadores-que-chegaram-ao-departamento-medico-as-ultimas-noticias-do-flamengo\/#breadcrumb","itemListElement":[{"@type":"ListItem","position":1,"name":"Home","item":"https:\/\/www.gaveanews.com\/"},{"@type":"ListItem","position":2,"name":"Situa\u00e7\u00e3o de Varela, pedido de Filipe Lu\u00eds e os jogadores que chegaram ao departamento m\u00e9dico: as \u00faltimas not\u00edcias do Flamengo"}]},{"@type":"WebSite","@id":"https:\/\/www.gaveanews.com\/#website","url":"https:\/\/www.gaveanews.com\/","name":"G\u00e1vea News","description":"Veja todas as not\u00edcias sobre o Flamengo: Contrata\u00e7\u00f5es, categorias de base, resultados das partidas, tabela de classifica\u00e7\u00e3o, pr\u00f3ximos jogos!","potentialAction":[{"@type":"SearchAction","target":{"@type":"EntryPoint","urlTemplate":"https:\/\/www.gaveanews.com\/?s={search_term_string}"},"query-input":{"@type":"PropertyValueSpecification","valueRequired":true,"valueName":"search_term_string"}}],"inLanguage":"pt-BR"},{"@type":"Person","@id":"https:\/\/www.gaveanews.com\/#\/schema\/person\/8207cd4627f56151707418bfc835b2fb","name":"Matheus Felipe","image":{"@type":"ImageObject","inLanguage":"pt-BR","@id":"https:\/\/www.gaveanews.com\/#\/schema\/person\/image\/","url":"https:\/\/secure.gravatar.com\/avatar\/a452ffbed9130f726358b298bb3a99ce4bd3c5338411f8440e87e14d74c7c087?s=96&d=mm&r=g","contentUrl":"https:\/\/secure.gravatar.com\/avatar\/a452ffbed9130f726358b298bb3a99ce4bd3c5338411f8440e87e14d74c7c087?s=96&d=mm&r=g","caption":"Matheus Felipe"}}]}},"_links":{"self":[{"href":"https:\/\/www.gaveanews.com\/index.php\/wp-json\/wp\/v2\/posts\/233772","targetHints":{"allow":["GET"]}}],"collection":[{"href":"https:\/\/www.gaveanews.com\/index.php\/wp-json\/wp\/v2\/posts"}],"about":[{"href":"https:\/\/www.gaveanews.com\/index.php\/wp-json\/wp\/v2\/types\/post"}],"author":[{"embeddable":true,"href":"https:\/\/www.gaveanews.com\/index.php\/wp-json\/wp\/v2\/users\/27"}],"replies":[{"embeddable":true,"href":"https:\/\/www.gaveanews.com\/index.php\/wp-json\/wp\/v2\/comments?post=233772"}],"version-history":[{"count":1,"href":"https:\/\/www.gaveanews.com\/index.php\/wp-json\/wp\/v2\/posts\/233772\/revisions"}],"predecessor-version":[{"id":233811,"href":"https:\/\/www.gaveanews.com\/index.php\/wp-json\/wp\/v2\/posts\/233772\/revisions\/233811"}],"wp:featuredmedia":[{"embeddable":true,"href":"https:\/\/www.gaveanews.com\/index.php\/wp-json\/wp\/v2\/media\/124684"}],"wp:attachment":[{"href":"https:\/\/www.gaveanews.com\/index.php\/wp-json\/wp\/v2\/media?parent=233772"}],"wp:term":[{"taxonomy":"category","embeddable":true,"href":"https:\/\/www.gaveanews.com\/index.php\/wp-json\/wp\/v2\/categories?post=233772"},{"taxonomy":"post_tag","embeddable":true,"href":"https:\/\/www.gaveanews.com\/index.php\/wp-json\/wp\/v2\/tags?post=233772"}],"curies":[{"name":"wp","href":"https:\/\/api.w.org\/{rel}","templated":true}]}}