{"id":23426,"date":"2019-07-21T07:59:25","date_gmt":"2019-07-21T10:59:25","guid":{"rendered":"http:\/\/www.gaveanews.com\/?p=23426"},"modified":"2019-07-21T08:00:19","modified_gmt":"2019-07-21T11:00:19","slug":"antes-de-retornar-ao-brasil-para-assinar-com-o-flamengo-filipe-luis-se-despede-do-atletico-de-madrid","status":"publish","type":"post","link":"https:\/\/www.gaveanews.com\/index.php\/2019\/07\/21\/antes-de-retornar-ao-brasil-para-assinar-com-o-flamengo-filipe-luis-se-despede-do-atletico-de-madrid\/","title":{"rendered":"Antes de retornar ao Brasil, para assinar com o Flamengo, Filipe Lu\u00eds se despede do Atl\u00e9tico de Madrid"},"content":{"rendered":"\n<p>O lateral-esquerdo Filipe Lu\u00eds, de 33 anos, novo refor\u00e7o do Flamengo, concedeu entrevista coletiva na manh\u00e3 deste domingo em Madri, na Espanha, para se despedir do Atl\u00e9tico de Madrid, clube que defendeu por oito temporadas. Apesar de j\u00e1 estar acertado com o clube carioca, ele evitou confirmar o acordo, afirmando que era um dia de despedida, e ressaltou que ainda n\u00e3o assinou qualquer contrato. <\/p>\n\n\n\n<p>Ele vir\u00e1 para o Brasil nos pr\u00f3ximos dias para formalizar o acerto com o clube da G\u00e1vea.<\/p>\n\n\n\n<p>\u2014 Ainda n\u00e3o assinei o contrato. Temos conversas avan\u00e7adas, mas ainda n\u00e3o assinei com ningu\u00e9m. Nos pr\u00f3ximos dias tomarei a decis\u00e3o. Hoje \u00e9 um dia para agradecer, um dia de despedida, e de deixar as portas abertas. Nos pr\u00f3ximos dias falarei sobre o futuro &#8211; limitou-se a dizer o lateral.<\/p>\n\n\n\n<p>Em seguida, novamente questionado sobre o tema, respondeu:<\/p>\n\n\n\n<p>\u2014 Realmente negociamos, temos conversas, mas n\u00e3o est\u00e1 nada assinado. Quando um clube como o Flamengo liga, tem de escutar.<\/p>\n\n\n\n<figure class=\"wp-block-image\"><img decoding=\"async\" src=\"https:\/\/s2.glbimg.com\/zGI1hCqZVXh8Ng-m-k1m3-yoIpw=\/0x0:1600x777\/1000x0\/smart\/filters:strip_icc()\/i.s3.glbimg.com\/v1\/AUTH_bc8228b6673f488aa253bbcb03c80ec5\/internal_photos\/bs\/2019\/b\/2\/YyfCJITkA5fJvBjBPA8w\/whatsapp-image-2019-07-21-at-06.48.04.webp\" alt=\"\"\/><figcaption>Filipe Lu\u00eds \u00e9 homenageado em despedida do Atl\u00e9tico de Madrid (Foto: Fernando Kallas)<\/figcaption><\/figure>\n\n\n\n<p>Ap\u00f3s mais de tr\u00eas meses de negocia\u00e7\u00f5es, o jogador de 33 anos assinar\u00e1 contrato com o Rubro-Negro at\u00e9 2021. A despedida contou com a presen\u00e7a do t\u00e9cnico Diego Simeone e diversos jogadores da equipe principal do Atl\u00e9tico de Madrid, al\u00e9m do presidente e do propriet\u00e1rio do clube. Com mulher e filhos espanh\u00f3is, Filipe dava prioridade \u00e0 perman\u00eancia na Europa, mas aos poucos foi aceitando e convencendo a fam\u00edlia da ideia de se mudar para o Rio de Janeiro.<\/p>\n\n\n\n<p>\u2014 A decis\u00e3o (de deixar o Atl\u00e9tico de Madrid) foi tomada com muita calma. Sempre me coloquei \u00e0 disposi\u00e7\u00e3o do clube. Repassamos estes oito anos e decidimos que era o momento de separar os caminhos. Isso foi o que aconteceu &#8211; disse.<\/p>\n\n\n\n<p>O acerto com o Flamengo aconteceu neste s\u00e1bado, faltando somente detalhes burocr\u00e1ticos para a assinatura do contrato. Marcos Braz, vice de futebol rubro-negro, e o diretor Bruno Spindel estiveram nesta semana em Madri para reuni\u00f5es com representantes do atleta, mas j\u00e1 voltaram ao Rio na sexta-feira. Os representantes de Filipe Lu\u00eds tamb\u00e9m j\u00e1 est\u00e3o no Brasil.<\/p>\n\n\n\n<figure class=\"wp-block-image\"><img decoding=\"async\" src=\"https:\/\/s2.glbimg.com\/hqSw6wWKDwaWFkPCZz5igvszQd4=\/0x0:1600x1200\/1000x0\/smart\/filters:strip_icc()\/i.s3.glbimg.com\/v1\/AUTH_bc8228b6673f488aa253bbcb03c80ec5\/internal_photos\/bs\/2019\/X\/z\/B5Btr1QFyvkhVCbygHcw\/whatsapp-image-2019-07-21-at-06.12.52.webp\" alt=\"\"\/><figcaption>Atl\u00e9tico de Madrid fez imagem de agradecimento a Filipe Lu\u00eds (Foto: Fernando Kallas)<\/figcaption><\/figure>\n\n\n\n<p>Filipe Lu\u00eds ser\u00e1 o nono refor\u00e7o do Flamengo para a temporada. Ele se junta a Gerson, Rafinha e Pablo Mar\u00ed como contrata\u00e7\u00f5es neste meio do ano, e antes o clube j\u00e1 tinha fechado com Rodrigo Caio, Gabigol, Arrascaeta, Bruno Henrique e a aposta no lateral-direito Jo\u00e3o Lucas.<\/p>\n\n\n\n<p>O namoro entre Flamengo e Filipe Lu\u00eds come\u00e7ou em abril, quando o ex-jogador S\u00e1vio, um dos representantes do lateral que estava em fim de contrato na Espanha, visitou as instala\u00e7\u00f5es do Ninho do Urubu e fez a ponte das conversas em Madri. Apesar de ser torcedor do Rubro-Negro, o atleta n\u00e3o escondia o desejo de renovar com o clube espanhol. Na despedida do Atl\u00e9tico de Madrid neste domingo, ele afirmou:<\/p>\n\n\n\n<p>\u2014 Foram os melhores anos da minha carreira, sem nenhuma d\u00favida &#8211; disse o lateral, que deixou claro que pretende trabalhar no clube quando encerrar a trajet\u00f3ria nos gramados.<\/p>\n\n\n\n<figure class=\"wp-block-image\"><img decoding=\"async\" src=\"https:\/\/s2.glbimg.com\/QTbXXkAlH4q0xlhT-Ng-pXiuKBs=\/0x0:1600x777\/1000x0\/smart\/filters:strip_icc()\/i.s3.glbimg.com\/v1\/AUTH_bc8228b6673f488aa253bbcb03c80ec5\/internal_photos\/bs\/2019\/E\/J\/JacXaFSIC4m32xKAzVBw\/whatsapp-image-2019-07-21-at-06.22.09.webp\" alt=\"\"\/><figcaption>T\u00e9cnico do Atl\u00e9tico de Madrid, Diego Simeone compareceu \u00e0 coletiva de despedida de Filipe Lu\u00eds (Foto: Fernando Kallas)<\/figcaption><\/figure>\n\n\n\n<p>Na sexta-feira, em coletiva, questionado sobre a negocia\u00e7\u00e3o, Braz explicou:<\/p>\n\n\n\n<p>\u2014 Essa resposta \u00e9 complexa. Quando estivemos nos primeiros momentos dessa tentativa, tinha uma quest\u00e3o central: 14 anos vividos na Europa, era uma decis\u00e3o de vida, n\u00e3o de futebol. A gente come\u00e7ou a fazer consultas e assim come\u00e7ou o processo. No meio disso tinha uma Copa Am\u00e9rica, e ele pediu para esperar. Pela import\u00e2ncia da competi\u00e7\u00e3o, pelo jogador que \u00e9, a gente esperou, mas o Flamengo em nenhum momento se apequenou.<\/p>\n\n\n\n\n\n<p>Retirado de: Globo Esporte<\/p>\n","protected":false},"excerpt":{"rendered":"<p>O lateral-esquerdo Filipe Lu\u00eds, de 33 anos, novo refor\u00e7o do Flamengo, concedeu entrevista coletiva na manh\u00e3 deste domingo em Madri, na Espanha, para se despedir do Atl\u00e9tico de Madrid, clube que defendeu por oito temporadas. Apesar de j\u00e1 estar acertado com o clube carioca, ele evitou confirmar o acordo, afirmando que era um dia de [&hellip;]<\/p>\n","protected":false},"author":1,"featured_media":17006,"comment_status":"open","ping_status":"open","sticky":false,"template":"","format":"standard","meta":{"footnotes":""},"categories":[1],"tags":[],"class_list":["post-23426","post","type-post","status-publish","format-standard","has-post-thumbnail","hentry","category-flamengo"],"yoast_head":"<!-- This site is optimized with the Yoast SEO Premium plugin v24.2 (Yoast SEO v26.9) - https:\/\/yoast.com\/product\/yoast-seo-premium-wordpress\/ -->\n<title>Antes de retornar ao Brasil, para assinar com o Flamengo, Filipe Lu\u00eds se despede do Atl\u00e9tico de Madrid<\/title>\n<meta name=\"description\" content=\"Lateral concedeu coletiva de despedida do Atl\u00e9tico de Madrid neste domingo e, sobre o Flamengo disse: &quot;Temos conversas avan\u00e7adas&quot;.\" \/>\n<meta name=\"robots\" content=\"index, follow, max-snippet:-1, max-image-preview:large, max-video-preview:-1\" \/>\n<link rel=\"canonical\" href=\"https:\/\/www.gaveanews.com\/index.php\/2019\/07\/21\/antes-de-retornar-ao-brasil-para-assinar-com-o-flamengo-filipe-luis-se-despede-do-atletico-de-madrid\/\" \/>\n<meta property=\"og:locale\" content=\"pt_BR\" \/>\n<meta property=\"og:type\" content=\"article\" \/>\n<meta property=\"og:title\" content=\"Antes de retornar ao Brasil, para assinar com o Flamengo, Filipe Lu\u00eds se despede do Atl\u00e9tico de Madrid\" \/>\n<meta property=\"og:description\" content=\"Lateral concedeu coletiva de despedida do Atl\u00e9tico de Madrid neste domingo e, sobre o Flamengo disse: &quot;Temos conversas avan\u00e7adas&quot;.\" \/>\n<meta property=\"og:url\" content=\"https:\/\/www.gaveanews.com\/index.php\/2019\/07\/21\/antes-de-retornar-ao-brasil-para-assinar-com-o-flamengo-filipe-luis-se-despede-do-atletico-de-madrid\/\" \/>\n<meta property=\"og:site_name\" content=\"G\u00e1vea News\" \/>\n<meta property=\"article:publisher\" content=\"https:\/\/facebook.com\/gaveaNews\/\" \/>\n<meta property=\"article:published_time\" content=\"2019-07-21T10:59:25+00:00\" \/>\n<meta property=\"article:modified_time\" content=\"2019-07-21T11:00:19+00:00\" \/>\n<meta property=\"og:image\" content=\"https:\/\/www.gaveanews.com\/wp-content\/uploads\/2019\/04\/Filipe-Luis-em-acao-pelo-Brasil.webp\" \/>\n\t<meta property=\"og:image:width\" content=\"1\" \/>\n\t<meta property=\"og:image:height\" content=\"1\" \/>\n\t<meta property=\"og:image:type\" content=\"image\/jpeg\" \/>\n<meta name=\"author\" content=\"Equipe G\u00e1vea News\" \/>\n<meta name=\"twitter:card\" content=\"summary_large_image\" \/>\n<meta name=\"twitter:label1\" content=\"Escrito por\" \/>\n\t<meta name=\"twitter:data1\" content=\"Equipe G\u00e1vea News\" \/>\n\t<meta name=\"twitter:label2\" content=\"Est. tempo de leitura\" \/>\n\t<meta name=\"twitter:data2\" content=\"3 minutos\" \/>\n<script type=\"application\/ld+json\" class=\"yoast-schema-graph\">{\"@context\":\"https:\/\/schema.org\",\"@graph\":[{\"@type\":\"NewsArticle\",\"@id\":\"https:\/\/www.gaveanews.com\/index.php\/2019\/07\/21\/antes-de-retornar-ao-brasil-para-assinar-com-o-flamengo-filipe-luis-se-despede-do-atletico-de-madrid\/#article\",\"isPartOf\":{\"@id\":\"https:\/\/www.gaveanews.com\/index.php\/2019\/07\/21\/antes-de-retornar-ao-brasil-para-assinar-com-o-flamengo-filipe-luis-se-despede-do-atletico-de-madrid\/\"},\"author\":{\"name\":\"Equipe G\u00e1vea News\",\"@id\":\"https:\/\/www.gaveanews.com\/#\/schema\/person\/2ec14f73fb96be2caf28f91afb14749d\"},\"headline\":\"Antes de retornar ao Brasil, para assinar com o Flamengo, Filipe Lu\u00eds se despede do Atl\u00e9tico de Madrid\",\"datePublished\":\"2019-07-21T10:59:25+00:00\",\"dateModified\":\"2019-07-21T11:00:19+00:00\",\"mainEntityOfPage\":{\"@id\":\"https:\/\/www.gaveanews.com\/index.php\/2019\/07\/21\/antes-de-retornar-ao-brasil-para-assinar-com-o-flamengo-filipe-luis-se-despede-do-atletico-de-madrid\/\"},\"wordCount\":676,\"commentCount\":0,\"image\":{\"@id\":\"https:\/\/www.gaveanews.com\/index.php\/2019\/07\/21\/antes-de-retornar-ao-brasil-para-assinar-com-o-flamengo-filipe-luis-se-despede-do-atletico-de-madrid\/#primaryimage\"},\"thumbnailUrl\":\"https:\/\/www.gaveanews.com\/wp-content\/uploads\/2019\/04\/Filipe-Luis-em-acao-pelo-Brasil.webp\",\"articleSection\":[\"Flamengo\"],\"inLanguage\":\"pt-BR\",\"potentialAction\":[{\"@type\":\"CommentAction\",\"name\":\"Comment\",\"target\":[\"https:\/\/www.gaveanews.com\/index.php\/2019\/07\/21\/antes-de-retornar-ao-brasil-para-assinar-com-o-flamengo-filipe-luis-se-despede-do-atletico-de-madrid\/#respond\"]}],\"copyrightYear\":\"2019\",\"copyrightHolder\":{\"@id\":\"https:\/\/www.gaveanews.com\/#organization\"}},{\"@type\":\"WebPage\",\"@id\":\"https:\/\/www.gaveanews.com\/index.php\/2019\/07\/21\/antes-de-retornar-ao-brasil-para-assinar-com-o-flamengo-filipe-luis-se-despede-do-atletico-de-madrid\/\",\"url\":\"https:\/\/www.gaveanews.com\/index.php\/2019\/07\/21\/antes-de-retornar-ao-brasil-para-assinar-com-o-flamengo-filipe-luis-se-despede-do-atletico-de-madrid\/\",\"name\":\"Antes de retornar ao Brasil, para assinar com o Flamengo, Filipe Lu\u00eds se despede do Atl\u00e9tico de Madrid\",\"isPartOf\":{\"@id\":\"https:\/\/www.gaveanews.com\/#website\"},\"primaryImageOfPage\":{\"@id\":\"https:\/\/www.gaveanews.com\/index.php\/2019\/07\/21\/antes-de-retornar-ao-brasil-para-assinar-com-o-flamengo-filipe-luis-se-despede-do-atletico-de-madrid\/#primaryimage\"},\"image\":{\"@id\":\"https:\/\/www.gaveanews.com\/index.php\/2019\/07\/21\/antes-de-retornar-ao-brasil-para-assinar-com-o-flamengo-filipe-luis-se-despede-do-atletico-de-madrid\/#primaryimage\"},\"thumbnailUrl\":\"https:\/\/www.gaveanews.com\/wp-content\/uploads\/2019\/04\/Filipe-Luis-em-acao-pelo-Brasil.webp\",\"datePublished\":\"2019-07-21T10:59:25+00:00\",\"dateModified\":\"2019-07-21T11:00:19+00:00\",\"author\":{\"@id\":\"https:\/\/www.gaveanews.com\/#\/schema\/person\/2ec14f73fb96be2caf28f91afb14749d\"},\"description\":\"Lateral concedeu coletiva de despedida do Atl\u00e9tico de Madrid neste domingo e, sobre o Flamengo disse: \\\"Temos conversas avan\u00e7adas\\\".\",\"breadcrumb\":{\"@id\":\"https:\/\/www.gaveanews.com\/index.php\/2019\/07\/21\/antes-de-retornar-ao-brasil-para-assinar-com-o-flamengo-filipe-luis-se-despede-do-atletico-de-madrid\/#breadcrumb\"},\"inLanguage\":\"pt-BR\",\"potentialAction\":[{\"@type\":\"ReadAction\",\"target\":[\"https:\/\/www.gaveanews.com\/index.php\/2019\/07\/21\/antes-de-retornar-ao-brasil-para-assinar-com-o-flamengo-filipe-luis-se-despede-do-atletico-de-madrid\/\"]}]},{\"@type\":\"ImageObject\",\"inLanguage\":\"pt-BR\",\"@id\":\"https:\/\/www.gaveanews.com\/index.php\/2019\/07\/21\/antes-de-retornar-ao-brasil-para-assinar-com-o-flamengo-filipe-luis-se-despede-do-atletico-de-madrid\/#primaryimage\",\"url\":\"https:\/\/www.gaveanews.com\/wp-content\/uploads\/2019\/04\/Filipe-Luis-em-acao-pelo-Brasil.webp\",\"contentUrl\":\"https:\/\/www.gaveanews.com\/wp-content\/uploads\/2019\/04\/Filipe-Luis-em-acao-pelo-Brasil.webp\",\"caption\":\"Filipe Luis em a\u00e7\u00e3o pelo Brasil (Foto: Leo Correa\/MoWa Press)\"},{\"@type\":\"BreadcrumbList\",\"@id\":\"https:\/\/www.gaveanews.com\/index.php\/2019\/07\/21\/antes-de-retornar-ao-brasil-para-assinar-com-o-flamengo-filipe-luis-se-despede-do-atletico-de-madrid\/#breadcrumb\",\"itemListElement\":[{\"@type\":\"ListItem\",\"position\":1,\"name\":\"Home\",\"item\":\"https:\/\/www.gaveanews.com\/\"},{\"@type\":\"ListItem\",\"position\":2,\"name\":\"Antes de retornar ao Brasil, para assinar com o Flamengo, Filipe Lu\u00eds se despede do Atl\u00e9tico de Madrid\"}]},{\"@type\":\"WebSite\",\"@id\":\"https:\/\/www.gaveanews.com\/#website\",\"url\":\"https:\/\/www.gaveanews.com\/\",\"name\":\"G\u00e1vea News\",\"description\":\"Veja todas as not\u00edcias sobre o Flamengo: Contrata\u00e7\u00f5es, categorias de base, resultados das partidas, tabela de classifica\u00e7\u00e3o, pr\u00f3ximos jogos!\",\"potentialAction\":[{\"@type\":\"SearchAction\",\"target\":{\"@type\":\"EntryPoint\",\"urlTemplate\":\"https:\/\/www.gaveanews.com\/?s={search_term_string}\"},\"query-input\":{\"@type\":\"PropertyValueSpecification\",\"valueRequired\":true,\"valueName\":\"search_term_string\"}}],\"inLanguage\":\"pt-BR\"},{\"@type\":\"Person\",\"@id\":\"https:\/\/www.gaveanews.com\/#\/schema\/person\/2ec14f73fb96be2caf28f91afb14749d\",\"name\":\"Equipe G\u00e1vea News\",\"image\":{\"@type\":\"ImageObject\",\"inLanguage\":\"pt-BR\",\"@id\":\"https:\/\/www.gaveanews.com\/#\/schema\/person\/image\/\",\"url\":\"https:\/\/secure.gravatar.com\/avatar\/1e1956f1facbffd3f8fa53a326721950116b3b9dc9bd44939c01180fd4a745a9?s=96&d=mm&r=g\",\"contentUrl\":\"https:\/\/secure.gravatar.com\/avatar\/1e1956f1facbffd3f8fa53a326721950116b3b9dc9bd44939c01180fd4a745a9?s=96&d=mm&r=g\",\"caption\":\"Equipe G\u00e1vea News\"}}]}<\/script>\n<!-- \/ Yoast SEO Premium plugin. -->","yoast_head_json":{"title":"Antes de retornar ao Brasil, para assinar com o Flamengo, Filipe Lu\u00eds se despede do Atl\u00e9tico de Madrid","description":"Lateral concedeu coletiva de despedida do Atl\u00e9tico de Madrid neste domingo e, sobre o Flamengo disse: \"Temos conversas avan\u00e7adas\".","robots":{"index":"index","follow":"follow","max-snippet":"max-snippet:-1","max-image-preview":"max-image-preview:large","max-video-preview":"max-video-preview:-1"},"canonical":"https:\/\/www.gaveanews.com\/index.php\/2019\/07\/21\/antes-de-retornar-ao-brasil-para-assinar-com-o-flamengo-filipe-luis-se-despede-do-atletico-de-madrid\/","og_locale":"pt_BR","og_type":"article","og_title":"Antes de retornar ao Brasil, para assinar com o Flamengo, Filipe Lu\u00eds se despede do Atl\u00e9tico de Madrid","og_description":"Lateral concedeu coletiva de despedida do Atl\u00e9tico de Madrid neste domingo e, sobre o Flamengo disse: \"Temos conversas avan\u00e7adas\".","og_url":"https:\/\/www.gaveanews.com\/index.php\/2019\/07\/21\/antes-de-retornar-ao-brasil-para-assinar-com-o-flamengo-filipe-luis-se-despede-do-atletico-de-madrid\/","og_site_name":"G\u00e1vea News","article_publisher":"https:\/\/facebook.com\/gaveaNews\/","article_published_time":"2019-07-21T10:59:25+00:00","article_modified_time":"2019-07-21T11:00:19+00:00","og_image":[{"url":"https:\/\/www.gaveanews.com\/wp-content\/uploads\/2019\/04\/Filipe-Luis-em-acao-pelo-Brasil.webp","width":1,"height":1,"type":"image\/jpeg"}],"author":"Equipe G\u00e1vea News","twitter_card":"summary_large_image","twitter_misc":{"Escrito por":"Equipe G\u00e1vea News","Est. tempo de leitura":"3 minutos"},"schema":{"@context":"https:\/\/schema.org","@graph":[{"@type":"NewsArticle","@id":"https:\/\/www.gaveanews.com\/index.php\/2019\/07\/21\/antes-de-retornar-ao-brasil-para-assinar-com-o-flamengo-filipe-luis-se-despede-do-atletico-de-madrid\/#article","isPartOf":{"@id":"https:\/\/www.gaveanews.com\/index.php\/2019\/07\/21\/antes-de-retornar-ao-brasil-para-assinar-com-o-flamengo-filipe-luis-se-despede-do-atletico-de-madrid\/"},"author":{"name":"Equipe G\u00e1vea News","@id":"https:\/\/www.gaveanews.com\/#\/schema\/person\/2ec14f73fb96be2caf28f91afb14749d"},"headline":"Antes de retornar ao Brasil, para assinar com o Flamengo, Filipe Lu\u00eds se despede do Atl\u00e9tico de Madrid","datePublished":"2019-07-21T10:59:25+00:00","dateModified":"2019-07-21T11:00:19+00:00","mainEntityOfPage":{"@id":"https:\/\/www.gaveanews.com\/index.php\/2019\/07\/21\/antes-de-retornar-ao-brasil-para-assinar-com-o-flamengo-filipe-luis-se-despede-do-atletico-de-madrid\/"},"wordCount":676,"commentCount":0,"image":{"@id":"https:\/\/www.gaveanews.com\/index.php\/2019\/07\/21\/antes-de-retornar-ao-brasil-para-assinar-com-o-flamengo-filipe-luis-se-despede-do-atletico-de-madrid\/#primaryimage"},"thumbnailUrl":"https:\/\/www.gaveanews.com\/wp-content\/uploads\/2019\/04\/Filipe-Luis-em-acao-pelo-Brasil.webp","articleSection":["Flamengo"],"inLanguage":"pt-BR","potentialAction":[{"@type":"CommentAction","name":"Comment","target":["https:\/\/www.gaveanews.com\/index.php\/2019\/07\/21\/antes-de-retornar-ao-brasil-para-assinar-com-o-flamengo-filipe-luis-se-despede-do-atletico-de-madrid\/#respond"]}],"copyrightYear":"2019","copyrightHolder":{"@id":"https:\/\/www.gaveanews.com\/#organization"}},{"@type":"WebPage","@id":"https:\/\/www.gaveanews.com\/index.php\/2019\/07\/21\/antes-de-retornar-ao-brasil-para-assinar-com-o-flamengo-filipe-luis-se-despede-do-atletico-de-madrid\/","url":"https:\/\/www.gaveanews.com\/index.php\/2019\/07\/21\/antes-de-retornar-ao-brasil-para-assinar-com-o-flamengo-filipe-luis-se-despede-do-atletico-de-madrid\/","name":"Antes de retornar ao Brasil, para assinar com o Flamengo, Filipe Lu\u00eds se despede do Atl\u00e9tico de Madrid","isPartOf":{"@id":"https:\/\/www.gaveanews.com\/#website"},"primaryImageOfPage":{"@id":"https:\/\/www.gaveanews.com\/index.php\/2019\/07\/21\/antes-de-retornar-ao-brasil-para-assinar-com-o-flamengo-filipe-luis-se-despede-do-atletico-de-madrid\/#primaryimage"},"image":{"@id":"https:\/\/www.gaveanews.com\/index.php\/2019\/07\/21\/antes-de-retornar-ao-brasil-para-assinar-com-o-flamengo-filipe-luis-se-despede-do-atletico-de-madrid\/#primaryimage"},"thumbnailUrl":"https:\/\/www.gaveanews.com\/wp-content\/uploads\/2019\/04\/Filipe-Luis-em-acao-pelo-Brasil.webp","datePublished":"2019-07-21T10:59:25+00:00","dateModified":"2019-07-21T11:00:19+00:00","author":{"@id":"https:\/\/www.gaveanews.com\/#\/schema\/person\/2ec14f73fb96be2caf28f91afb14749d"},"description":"Lateral concedeu coletiva de despedida do Atl\u00e9tico de Madrid neste domingo e, sobre o Flamengo disse: \"Temos conversas avan\u00e7adas\".","breadcrumb":{"@id":"https:\/\/www.gaveanews.com\/index.php\/2019\/07\/21\/antes-de-retornar-ao-brasil-para-assinar-com-o-flamengo-filipe-luis-se-despede-do-atletico-de-madrid\/#breadcrumb"},"inLanguage":"pt-BR","potentialAction":[{"@type":"ReadAction","target":["https:\/\/www.gaveanews.com\/index.php\/2019\/07\/21\/antes-de-retornar-ao-brasil-para-assinar-com-o-flamengo-filipe-luis-se-despede-do-atletico-de-madrid\/"]}]},{"@type":"ImageObject","inLanguage":"pt-BR","@id":"https:\/\/www.gaveanews.com\/index.php\/2019\/07\/21\/antes-de-retornar-ao-brasil-para-assinar-com-o-flamengo-filipe-luis-se-despede-do-atletico-de-madrid\/#primaryimage","url":"https:\/\/www.gaveanews.com\/wp-content\/uploads\/2019\/04\/Filipe-Luis-em-acao-pelo-Brasil.webp","contentUrl":"https:\/\/www.gaveanews.com\/wp-content\/uploads\/2019\/04\/Filipe-Luis-em-acao-pelo-Brasil.webp","caption":"Filipe Luis em a\u00e7\u00e3o pelo Brasil (Foto: Leo Correa\/MoWa Press)"},{"@type":"BreadcrumbList","@id":"https:\/\/www.gaveanews.com\/index.php\/2019\/07\/21\/antes-de-retornar-ao-brasil-para-assinar-com-o-flamengo-filipe-luis-se-despede-do-atletico-de-madrid\/#breadcrumb","itemListElement":[{"@type":"ListItem","position":1,"name":"Home","item":"https:\/\/www.gaveanews.com\/"},{"@type":"ListItem","position":2,"name":"Antes de retornar ao Brasil, para assinar com o Flamengo, Filipe Lu\u00eds se despede do Atl\u00e9tico de Madrid"}]},{"@type":"WebSite","@id":"https:\/\/www.gaveanews.com\/#website","url":"https:\/\/www.gaveanews.com\/","name":"G\u00e1vea News","description":"Veja todas as not\u00edcias sobre o Flamengo: Contrata\u00e7\u00f5es, categorias de base, resultados das partidas, tabela de classifica\u00e7\u00e3o, pr\u00f3ximos jogos!","potentialAction":[{"@type":"SearchAction","target":{"@type":"EntryPoint","urlTemplate":"https:\/\/www.gaveanews.com\/?s={search_term_string}"},"query-input":{"@type":"PropertyValueSpecification","valueRequired":true,"valueName":"search_term_string"}}],"inLanguage":"pt-BR"},{"@type":"Person","@id":"https:\/\/www.gaveanews.com\/#\/schema\/person\/2ec14f73fb96be2caf28f91afb14749d","name":"Equipe G\u00e1vea News","image":{"@type":"ImageObject","inLanguage":"pt-BR","@id":"https:\/\/www.gaveanews.com\/#\/schema\/person\/image\/","url":"https:\/\/secure.gravatar.com\/avatar\/1e1956f1facbffd3f8fa53a326721950116b3b9dc9bd44939c01180fd4a745a9?s=96&d=mm&r=g","contentUrl":"https:\/\/secure.gravatar.com\/avatar\/1e1956f1facbffd3f8fa53a326721950116b3b9dc9bd44939c01180fd4a745a9?s=96&d=mm&r=g","caption":"Equipe G\u00e1vea News"}}]}},"_links":{"self":[{"href":"https:\/\/www.gaveanews.com\/index.php\/wp-json\/wp\/v2\/posts\/23426","targetHints":{"allow":["GET"]}}],"collection":[{"href":"https:\/\/www.gaveanews.com\/index.php\/wp-json\/wp\/v2\/posts"}],"about":[{"href":"https:\/\/www.gaveanews.com\/index.php\/wp-json\/wp\/v2\/types\/post"}],"author":[{"embeddable":true,"href":"https:\/\/www.gaveanews.com\/index.php\/wp-json\/wp\/v2\/users\/1"}],"replies":[{"embeddable":true,"href":"https:\/\/www.gaveanews.com\/index.php\/wp-json\/wp\/v2\/comments?post=23426"}],"version-history":[{"count":0,"href":"https:\/\/www.gaveanews.com\/index.php\/wp-json\/wp\/v2\/posts\/23426\/revisions"}],"wp:featuredmedia":[{"embeddable":true,"href":"https:\/\/www.gaveanews.com\/index.php\/wp-json\/wp\/v2\/media\/17006"}],"wp:attachment":[{"href":"https:\/\/www.gaveanews.com\/index.php\/wp-json\/wp\/v2\/media?parent=23426"}],"wp:term":[{"taxonomy":"category","embeddable":true,"href":"https:\/\/www.gaveanews.com\/index.php\/wp-json\/wp\/v2\/categories?post=23426"},{"taxonomy":"post_tag","embeddable":true,"href":"https:\/\/www.gaveanews.com\/index.php\/wp-json\/wp\/v2\/tags?post=23426"}],"curies":[{"name":"wp","href":"https:\/\/api.w.org\/{rel}","templated":true}]}}