{"id":23449,"date":"2019-07-21T19:19:25","date_gmt":"2019-07-21T22:19:25","guid":{"rendered":"http:\/\/www.gaveanews.com\/?p=23449"},"modified":"2019-07-21T19:22:24","modified_gmt":"2019-07-21T22:22:24","slug":"jorge-jesus-fala-pela-primeira-vez-sobre-protestos-da-torcida","status":"publish","type":"post","link":"https:\/\/www.gaveanews.com\/index.php\/2019\/07\/21\/jorge-jesus-fala-pela-primeira-vez-sobre-protestos-da-torcida\/","title":{"rendered":"Jorge Jesus fala pela primeira vez sobre protestos da torcida"},"content":{"rendered":"\n<p>O Flamengo enfrentou o Corinthians na tarde deste domingo (21 de julho) e empatou por 1 a 1 (assista o \u00fanico gol do Flamengo abaixo). No entanto, n\u00e3o s\u00f3 a partida foi tema abordado na coletiva do t\u00e9cnico Jorge Jesus. <\/p>\n\n\n\n<p>Isso porque, dentre as perguntas, o protesto realizado por torcedores durante o embarque da delega\u00e7\u00e3o rubro-negra para o jogo em S\u00e3o Paulo voltou a ser pauta, e o t\u00e9cnico Jorge Jesus analisou a situa\u00e7\u00e3o.<\/p>\n\n\n\n<p><\/p>\n\n\n\n<figure class=\"wp-block-embed-instagram wp-block-embed is-type-rich is-provider-instagram\"><div class=\"wp-block-embed__wrapper\">\nhttps:\/\/www.instagram.com\/p\/B0MV-ylBP6s\/\n<\/div><\/figure>\n\n\n\n<p>Em sua fala, Jorge Jesus se disse surpreso com a rea\u00e7\u00e3o dos rubro-negros. Afinal, para ele, a elimina\u00e7\u00e3o n\u00e3o foi por omiss\u00e3o ou falta de qualidade do Fla. Al\u00e9m disso, ele saiu em defesa do meia Diego Ribas, um dos mais hostilizados no protesto.<\/p>\n\n\n\n<p>\u2014 A gente achou tudo estranho o que se passou. N\u00e3o havia justificativa. Fomos eliminados nos p\u00eanaltis nas quartas de final. Passou, aquilo tinha passado mais que um dia. O Diego, hoje demonstrou o grande jogador, o grande capit\u00e3o que \u00e9 \u2013, disse ele.<\/p>\n\n\n\n<p>Em seguida, o treinador revelou o pedido que fez aos torcedores durante o papo no sagu\u00e3o do aeroporto: \u201cPedi a eles que, se gostam do Flamengo, que gostem dos jogadores. Isso tem que acabar. No campo, xinguem. Fora do campo, acabou. Isso tem que acabar aqui no Brasil\u201d, finalizou Jorge Jesus.<\/p>\n\n\n\n\n\n<p>Retirado de: Coluna do Fla<\/p>\n","protected":false},"excerpt":{"rendered":"<p>O Flamengo enfrentou o Corinthians na tarde deste domingo (21 de julho) e empatou por 1 a 1 (assista o \u00fanico gol do Flamengo abaixo). No entanto, n\u00e3o s\u00f3 a partida foi tema abordado na coletiva do t\u00e9cnico Jorge Jesus. Isso porque, dentre as perguntas, o protesto realizado por torcedores durante o embarque da delega\u00e7\u00e3o [&hellip;]<\/p>\n","protected":false},"author":1,"featured_media":23323,"comment_status":"open","ping_status":"open","sticky":false,"template":"","format":"standard","meta":{"footnotes":""},"categories":[1],"tags":[],"class_list":["post-23449","post","type-post","status-publish","format-standard","has-post-thumbnail","hentry","category-flamengo"],"yoast_head":"<!-- This site is optimized with the Yoast SEO Premium plugin v24.2 (Yoast SEO v26.9) - https:\/\/yoast.com\/product\/yoast-seo-premium-wordpress\/ -->\n<title>Jorge Jesus fala pela primeira vez sobre protestos da torcida<\/title>\n<meta name=\"robots\" content=\"index, follow, max-snippet:-1, max-image-preview:large, max-video-preview:-1\" \/>\n<link rel=\"canonical\" href=\"https:\/\/www.gaveanews.com\/index.php\/2019\/07\/21\/jorge-jesus-fala-pela-primeira-vez-sobre-protestos-da-torcida\/\" \/>\n<meta property=\"og:locale\" content=\"pt_BR\" \/>\n<meta property=\"og:type\" content=\"article\" \/>\n<meta property=\"og:title\" content=\"Jorge Jesus fala pela primeira vez sobre protestos da torcida\" \/>\n<meta property=\"og:description\" content=\"O Flamengo enfrentou o Corinthians na tarde deste domingo (21 de julho) e empatou por 1 a 1 (assista o \u00fanico gol do Flamengo abaixo). No entanto, n\u00e3o s\u00f3 a partida foi tema abordado na coletiva do t\u00e9cnico Jorge Jesus. Isso porque, dentre as perguntas, o protesto realizado por torcedores durante o embarque da delega\u00e7\u00e3o [&hellip;]\" \/>\n<meta property=\"og:url\" content=\"https:\/\/www.gaveanews.com\/index.php\/2019\/07\/21\/jorge-jesus-fala-pela-primeira-vez-sobre-protestos-da-torcida\/\" \/>\n<meta property=\"og:site_name\" content=\"G\u00e1vea News\" \/>\n<meta property=\"article:publisher\" content=\"https:\/\/facebook.com\/gaveaNews\/\" \/>\n<meta property=\"article:published_time\" content=\"2019-07-21T22:19:25+00:00\" \/>\n<meta property=\"article:modified_time\" content=\"2019-07-21T22:22:24+00:00\" \/>\n<meta property=\"og:image\" content=\"https:\/\/www.gaveanews.com\/wp-content\/uploads\/2019\/07\/Jorge-Jesus-durante-uma-partida-do-Flamengo-no-Maracana.webp\" \/>\n\t<meta property=\"og:image:width\" content=\"1\" \/>\n\t<meta property=\"og:image:height\" content=\"1\" \/>\n\t<meta property=\"og:image:type\" content=\"image\/jpeg\" \/>\n<meta name=\"author\" content=\"Equipe G\u00e1vea News\" \/>\n<meta name=\"twitter:card\" content=\"summary_large_image\" \/>\n<meta name=\"twitter:label1\" content=\"Escrito por\" \/>\n\t<meta name=\"twitter:data1\" content=\"Equipe G\u00e1vea News\" \/>\n\t<meta name=\"twitter:label2\" content=\"Est. tempo de leitura\" \/>\n\t<meta name=\"twitter:data2\" content=\"1 minuto\" \/>\n<script type=\"application\/ld+json\" class=\"yoast-schema-graph\">{\"@context\":\"https:\/\/schema.org\",\"@graph\":[{\"@type\":\"NewsArticle\",\"@id\":\"https:\/\/www.gaveanews.com\/index.php\/2019\/07\/21\/jorge-jesus-fala-pela-primeira-vez-sobre-protestos-da-torcida\/#article\",\"isPartOf\":{\"@id\":\"https:\/\/www.gaveanews.com\/index.php\/2019\/07\/21\/jorge-jesus-fala-pela-primeira-vez-sobre-protestos-da-torcida\/\"},\"author\":{\"name\":\"Equipe G\u00e1vea News\",\"@id\":\"https:\/\/www.gaveanews.com\/#\/schema\/person\/2ec14f73fb96be2caf28f91afb14749d\"},\"headline\":\"Jorge Jesus fala pela primeira vez sobre protestos da torcida\",\"datePublished\":\"2019-07-21T22:19:25+00:00\",\"dateModified\":\"2019-07-21T22:22:24+00:00\",\"mainEntityOfPage\":{\"@id\":\"https:\/\/www.gaveanews.com\/index.php\/2019\/07\/21\/jorge-jesus-fala-pela-primeira-vez-sobre-protestos-da-torcida\/\"},\"wordCount\":245,\"commentCount\":0,\"image\":{\"@id\":\"https:\/\/www.gaveanews.com\/index.php\/2019\/07\/21\/jorge-jesus-fala-pela-primeira-vez-sobre-protestos-da-torcida\/#primaryimage\"},\"thumbnailUrl\":\"https:\/\/www.gaveanews.com\/wp-content\/uploads\/2019\/07\/Jorge-Jesus-durante-uma-partida-do-Flamengo-no-Maracana.webp\",\"articleSection\":[\"Flamengo\"],\"inLanguage\":\"pt-BR\",\"potentialAction\":[{\"@type\":\"CommentAction\",\"name\":\"Comment\",\"target\":[\"https:\/\/www.gaveanews.com\/index.php\/2019\/07\/21\/jorge-jesus-fala-pela-primeira-vez-sobre-protestos-da-torcida\/#respond\"]}],\"copyrightYear\":\"2019\",\"copyrightHolder\":{\"@id\":\"https:\/\/www.gaveanews.com\/#organization\"}},{\"@type\":\"WebPage\",\"@id\":\"https:\/\/www.gaveanews.com\/index.php\/2019\/07\/21\/jorge-jesus-fala-pela-primeira-vez-sobre-protestos-da-torcida\/\",\"url\":\"https:\/\/www.gaveanews.com\/index.php\/2019\/07\/21\/jorge-jesus-fala-pela-primeira-vez-sobre-protestos-da-torcida\/\",\"name\":\"Jorge Jesus fala pela primeira vez sobre protestos da torcida\",\"isPartOf\":{\"@id\":\"https:\/\/www.gaveanews.com\/#website\"},\"primaryImageOfPage\":{\"@id\":\"https:\/\/www.gaveanews.com\/index.php\/2019\/07\/21\/jorge-jesus-fala-pela-primeira-vez-sobre-protestos-da-torcida\/#primaryimage\"},\"image\":{\"@id\":\"https:\/\/www.gaveanews.com\/index.php\/2019\/07\/21\/jorge-jesus-fala-pela-primeira-vez-sobre-protestos-da-torcida\/#primaryimage\"},\"thumbnailUrl\":\"https:\/\/www.gaveanews.com\/wp-content\/uploads\/2019\/07\/Jorge-Jesus-durante-uma-partida-do-Flamengo-no-Maracana.webp\",\"datePublished\":\"2019-07-21T22:19:25+00:00\",\"dateModified\":\"2019-07-21T22:22:24+00:00\",\"author\":{\"@id\":\"https:\/\/www.gaveanews.com\/#\/schema\/person\/2ec14f73fb96be2caf28f91afb14749d\"},\"breadcrumb\":{\"@id\":\"https:\/\/www.gaveanews.com\/index.php\/2019\/07\/21\/jorge-jesus-fala-pela-primeira-vez-sobre-protestos-da-torcida\/#breadcrumb\"},\"inLanguage\":\"pt-BR\",\"potentialAction\":[{\"@type\":\"ReadAction\",\"target\":[\"https:\/\/www.gaveanews.com\/index.php\/2019\/07\/21\/jorge-jesus-fala-pela-primeira-vez-sobre-protestos-da-torcida\/\"]}]},{\"@type\":\"ImageObject\",\"inLanguage\":\"pt-BR\",\"@id\":\"https:\/\/www.gaveanews.com\/index.php\/2019\/07\/21\/jorge-jesus-fala-pela-primeira-vez-sobre-protestos-da-torcida\/#primaryimage\",\"url\":\"https:\/\/www.gaveanews.com\/wp-content\/uploads\/2019\/07\/Jorge-Jesus-durante-uma-partida-do-Flamengo-no-Maracana.webp\",\"contentUrl\":\"https:\/\/www.gaveanews.com\/wp-content\/uploads\/2019\/07\/Jorge-Jesus-durante-uma-partida-do-Flamengo-no-Maracana.webp\",\"width\":901,\"height\":600,\"caption\":\"Jorge Jesus durante uma partida do Flamengo no Maracan\u00e3 (Foto: Alexandre Vidal\/Flamengo)\"},{\"@type\":\"BreadcrumbList\",\"@id\":\"https:\/\/www.gaveanews.com\/index.php\/2019\/07\/21\/jorge-jesus-fala-pela-primeira-vez-sobre-protestos-da-torcida\/#breadcrumb\",\"itemListElement\":[{\"@type\":\"ListItem\",\"position\":1,\"name\":\"Home\",\"item\":\"https:\/\/www.gaveanews.com\/\"},{\"@type\":\"ListItem\",\"position\":2,\"name\":\"Jorge Jesus fala pela primeira vez sobre protestos da torcida\"}]},{\"@type\":\"WebSite\",\"@id\":\"https:\/\/www.gaveanews.com\/#website\",\"url\":\"https:\/\/www.gaveanews.com\/\",\"name\":\"G\u00e1vea News\",\"description\":\"Veja todas as not\u00edcias sobre o Flamengo: Contrata\u00e7\u00f5es, categorias de base, resultados das partidas, tabela de classifica\u00e7\u00e3o, pr\u00f3ximos jogos!\",\"potentialAction\":[{\"@type\":\"SearchAction\",\"target\":{\"@type\":\"EntryPoint\",\"urlTemplate\":\"https:\/\/www.gaveanews.com\/?s={search_term_string}\"},\"query-input\":{\"@type\":\"PropertyValueSpecification\",\"valueRequired\":true,\"valueName\":\"search_term_string\"}}],\"inLanguage\":\"pt-BR\"},{\"@type\":\"Person\",\"@id\":\"https:\/\/www.gaveanews.com\/#\/schema\/person\/2ec14f73fb96be2caf28f91afb14749d\",\"name\":\"Equipe G\u00e1vea News\",\"image\":{\"@type\":\"ImageObject\",\"inLanguage\":\"pt-BR\",\"@id\":\"https:\/\/www.gaveanews.com\/#\/schema\/person\/image\/\",\"url\":\"https:\/\/secure.gravatar.com\/avatar\/1e1956f1facbffd3f8fa53a326721950116b3b9dc9bd44939c01180fd4a745a9?s=96&d=mm&r=g\",\"contentUrl\":\"https:\/\/secure.gravatar.com\/avatar\/1e1956f1facbffd3f8fa53a326721950116b3b9dc9bd44939c01180fd4a745a9?s=96&d=mm&r=g\",\"caption\":\"Equipe G\u00e1vea News\"}}]}<\/script>\n<!-- \/ Yoast SEO Premium plugin. -->","yoast_head_json":{"title":"Jorge Jesus fala pela primeira vez sobre protestos da torcida","robots":{"index":"index","follow":"follow","max-snippet":"max-snippet:-1","max-image-preview":"max-image-preview:large","max-video-preview":"max-video-preview:-1"},"canonical":"https:\/\/www.gaveanews.com\/index.php\/2019\/07\/21\/jorge-jesus-fala-pela-primeira-vez-sobre-protestos-da-torcida\/","og_locale":"pt_BR","og_type":"article","og_title":"Jorge Jesus fala pela primeira vez sobre protestos da torcida","og_description":"O Flamengo enfrentou o Corinthians na tarde deste domingo (21 de julho) e empatou por 1 a 1 (assista o \u00fanico gol do Flamengo abaixo). No entanto, n\u00e3o s\u00f3 a partida foi tema abordado na coletiva do t\u00e9cnico Jorge Jesus. Isso porque, dentre as perguntas, o protesto realizado por torcedores durante o embarque da delega\u00e7\u00e3o [&hellip;]","og_url":"https:\/\/www.gaveanews.com\/index.php\/2019\/07\/21\/jorge-jesus-fala-pela-primeira-vez-sobre-protestos-da-torcida\/","og_site_name":"G\u00e1vea News","article_publisher":"https:\/\/facebook.com\/gaveaNews\/","article_published_time":"2019-07-21T22:19:25+00:00","article_modified_time":"2019-07-21T22:22:24+00:00","og_image":[{"url":"https:\/\/www.gaveanews.com\/wp-content\/uploads\/2019\/07\/Jorge-Jesus-durante-uma-partida-do-Flamengo-no-Maracana.webp","width":1,"height":1,"type":"image\/jpeg"}],"author":"Equipe G\u00e1vea News","twitter_card":"summary_large_image","twitter_misc":{"Escrito por":"Equipe G\u00e1vea News","Est. tempo de leitura":"1 minuto"},"schema":{"@context":"https:\/\/schema.org","@graph":[{"@type":"NewsArticle","@id":"https:\/\/www.gaveanews.com\/index.php\/2019\/07\/21\/jorge-jesus-fala-pela-primeira-vez-sobre-protestos-da-torcida\/#article","isPartOf":{"@id":"https:\/\/www.gaveanews.com\/index.php\/2019\/07\/21\/jorge-jesus-fala-pela-primeira-vez-sobre-protestos-da-torcida\/"},"author":{"name":"Equipe G\u00e1vea News","@id":"https:\/\/www.gaveanews.com\/#\/schema\/person\/2ec14f73fb96be2caf28f91afb14749d"},"headline":"Jorge Jesus fala pela primeira vez sobre protestos da torcida","datePublished":"2019-07-21T22:19:25+00:00","dateModified":"2019-07-21T22:22:24+00:00","mainEntityOfPage":{"@id":"https:\/\/www.gaveanews.com\/index.php\/2019\/07\/21\/jorge-jesus-fala-pela-primeira-vez-sobre-protestos-da-torcida\/"},"wordCount":245,"commentCount":0,"image":{"@id":"https:\/\/www.gaveanews.com\/index.php\/2019\/07\/21\/jorge-jesus-fala-pela-primeira-vez-sobre-protestos-da-torcida\/#primaryimage"},"thumbnailUrl":"https:\/\/www.gaveanews.com\/wp-content\/uploads\/2019\/07\/Jorge-Jesus-durante-uma-partida-do-Flamengo-no-Maracana.webp","articleSection":["Flamengo"],"inLanguage":"pt-BR","potentialAction":[{"@type":"CommentAction","name":"Comment","target":["https:\/\/www.gaveanews.com\/index.php\/2019\/07\/21\/jorge-jesus-fala-pela-primeira-vez-sobre-protestos-da-torcida\/#respond"]}],"copyrightYear":"2019","copyrightHolder":{"@id":"https:\/\/www.gaveanews.com\/#organization"}},{"@type":"WebPage","@id":"https:\/\/www.gaveanews.com\/index.php\/2019\/07\/21\/jorge-jesus-fala-pela-primeira-vez-sobre-protestos-da-torcida\/","url":"https:\/\/www.gaveanews.com\/index.php\/2019\/07\/21\/jorge-jesus-fala-pela-primeira-vez-sobre-protestos-da-torcida\/","name":"Jorge Jesus fala pela primeira vez sobre protestos da torcida","isPartOf":{"@id":"https:\/\/www.gaveanews.com\/#website"},"primaryImageOfPage":{"@id":"https:\/\/www.gaveanews.com\/index.php\/2019\/07\/21\/jorge-jesus-fala-pela-primeira-vez-sobre-protestos-da-torcida\/#primaryimage"},"image":{"@id":"https:\/\/www.gaveanews.com\/index.php\/2019\/07\/21\/jorge-jesus-fala-pela-primeira-vez-sobre-protestos-da-torcida\/#primaryimage"},"thumbnailUrl":"https:\/\/www.gaveanews.com\/wp-content\/uploads\/2019\/07\/Jorge-Jesus-durante-uma-partida-do-Flamengo-no-Maracana.webp","datePublished":"2019-07-21T22:19:25+00:00","dateModified":"2019-07-21T22:22:24+00:00","author":{"@id":"https:\/\/www.gaveanews.com\/#\/schema\/person\/2ec14f73fb96be2caf28f91afb14749d"},"breadcrumb":{"@id":"https:\/\/www.gaveanews.com\/index.php\/2019\/07\/21\/jorge-jesus-fala-pela-primeira-vez-sobre-protestos-da-torcida\/#breadcrumb"},"inLanguage":"pt-BR","potentialAction":[{"@type":"ReadAction","target":["https:\/\/www.gaveanews.com\/index.php\/2019\/07\/21\/jorge-jesus-fala-pela-primeira-vez-sobre-protestos-da-torcida\/"]}]},{"@type":"ImageObject","inLanguage":"pt-BR","@id":"https:\/\/www.gaveanews.com\/index.php\/2019\/07\/21\/jorge-jesus-fala-pela-primeira-vez-sobre-protestos-da-torcida\/#primaryimage","url":"https:\/\/www.gaveanews.com\/wp-content\/uploads\/2019\/07\/Jorge-Jesus-durante-uma-partida-do-Flamengo-no-Maracana.webp","contentUrl":"https:\/\/www.gaveanews.com\/wp-content\/uploads\/2019\/07\/Jorge-Jesus-durante-uma-partida-do-Flamengo-no-Maracana.webp","width":901,"height":600,"caption":"Jorge Jesus durante uma partida do Flamengo no Maracan\u00e3 (Foto: Alexandre Vidal\/Flamengo)"},{"@type":"BreadcrumbList","@id":"https:\/\/www.gaveanews.com\/index.php\/2019\/07\/21\/jorge-jesus-fala-pela-primeira-vez-sobre-protestos-da-torcida\/#breadcrumb","itemListElement":[{"@type":"ListItem","position":1,"name":"Home","item":"https:\/\/www.gaveanews.com\/"},{"@type":"ListItem","position":2,"name":"Jorge Jesus fala pela primeira vez sobre protestos da torcida"}]},{"@type":"WebSite","@id":"https:\/\/www.gaveanews.com\/#website","url":"https:\/\/www.gaveanews.com\/","name":"G\u00e1vea News","description":"Veja todas as not\u00edcias sobre o Flamengo: Contrata\u00e7\u00f5es, categorias de base, resultados das partidas, tabela de classifica\u00e7\u00e3o, pr\u00f3ximos jogos!","potentialAction":[{"@type":"SearchAction","target":{"@type":"EntryPoint","urlTemplate":"https:\/\/www.gaveanews.com\/?s={search_term_string}"},"query-input":{"@type":"PropertyValueSpecification","valueRequired":true,"valueName":"search_term_string"}}],"inLanguage":"pt-BR"},{"@type":"Person","@id":"https:\/\/www.gaveanews.com\/#\/schema\/person\/2ec14f73fb96be2caf28f91afb14749d","name":"Equipe G\u00e1vea News","image":{"@type":"ImageObject","inLanguage":"pt-BR","@id":"https:\/\/www.gaveanews.com\/#\/schema\/person\/image\/","url":"https:\/\/secure.gravatar.com\/avatar\/1e1956f1facbffd3f8fa53a326721950116b3b9dc9bd44939c01180fd4a745a9?s=96&d=mm&r=g","contentUrl":"https:\/\/secure.gravatar.com\/avatar\/1e1956f1facbffd3f8fa53a326721950116b3b9dc9bd44939c01180fd4a745a9?s=96&d=mm&r=g","caption":"Equipe G\u00e1vea News"}}]}},"_links":{"self":[{"href":"https:\/\/www.gaveanews.com\/index.php\/wp-json\/wp\/v2\/posts\/23449","targetHints":{"allow":["GET"]}}],"collection":[{"href":"https:\/\/www.gaveanews.com\/index.php\/wp-json\/wp\/v2\/posts"}],"about":[{"href":"https:\/\/www.gaveanews.com\/index.php\/wp-json\/wp\/v2\/types\/post"}],"author":[{"embeddable":true,"href":"https:\/\/www.gaveanews.com\/index.php\/wp-json\/wp\/v2\/users\/1"}],"replies":[{"embeddable":true,"href":"https:\/\/www.gaveanews.com\/index.php\/wp-json\/wp\/v2\/comments?post=23449"}],"version-history":[{"count":0,"href":"https:\/\/www.gaveanews.com\/index.php\/wp-json\/wp\/v2\/posts\/23449\/revisions"}],"wp:featuredmedia":[{"embeddable":true,"href":"https:\/\/www.gaveanews.com\/index.php\/wp-json\/wp\/v2\/media\/23323"}],"wp:attachment":[{"href":"https:\/\/www.gaveanews.com\/index.php\/wp-json\/wp\/v2\/media?parent=23449"}],"wp:term":[{"taxonomy":"category","embeddable":true,"href":"https:\/\/www.gaveanews.com\/index.php\/wp-json\/wp\/v2\/categories?post=23449"},{"taxonomy":"post_tag","embeddable":true,"href":"https:\/\/www.gaveanews.com\/index.php\/wp-json\/wp\/v2\/tags?post=23449"}],"curies":[{"name":"wp","href":"https:\/\/api.w.org\/{rel}","templated":true}]}}