{"id":235020,"date":"2025-03-03T19:25:09","date_gmt":"2025-03-03T22:25:09","guid":{"rendered":"https:\/\/www.gaveanews.com\/?p=235020"},"modified":"2025-03-03T19:06:59","modified_gmt":"2025-03-03T22:06:59","slug":"veja-todos-os-detalhes-do-novo-suv-compacto-da-volkswagen","status":"publish","type":"post","link":"https:\/\/www.gaveanews.com\/index.php\/2025\/03\/03\/veja-todos-os-detalhes-do-novo-suv-compacto-da-volkswagen\/","title":{"rendered":"Veja todos os detalhes do novo SUV compacto da Volkswagen"},"content":{"rendered":"\n<p>O mercado de SUVs no Brasil est\u00e1 prestes a ganhar um novo competidor de peso. A Volkswagen vai lan\u00e7ar o Tera, um modelo compacto que promete mexer com a concorr\u00eancia, disputando espa\u00e7o com os j\u00e1 consagrados Fiat Pulse, Renault Kardian e Citro\u00ebn Basalt. Com design moderno e especifica\u00e7\u00f5es atrativas, o Tera ser\u00e1 um dos lan\u00e7amentos mais aguardados de 2025.<\/p>\n\n\n\n<h2 class=\"wp-block-heading\" id=\"h-design-que-chama-a-atencao\">Design que chama a aten\u00e7\u00e3o<\/h2>\n\n\n\n<p>Al\u00e9m do design robusto, o Tera traz elementos que refor\u00e7am a identidade da marca Volkswagen, mas com caracter\u00edsticas pr\u00f3prias. A dianteira exibe um para-choque imponente e uma grade que se conecta aos far\u00f3is, formando um conjunto visual harmonioso e moderno. <\/p>\n\n\n\n<blockquote class=\"instagram-media\" data-instgrm-permalink=\"https:\/\/www.instagram.com\/p\/DDYGEj-NaNH\/?utm_source=ig_embed&amp;utm_campaign=loading\" data-instgrm-version=\"14\" style=\" background:#FFF; border:0; border-radius:3px; box-shadow:0 0 1px 0 rgba(0,0,0,0.5),0 1px 10px 0 rgba(0,0,0,0.15); margin: 1px; max-width:540px; min-width:326px; padding:0; width:99.375%; width:-webkit-calc(100% - 2px); width:calc(100% - 2px);\"><div style=\"padding:16px;\"> <a href=\"https:\/\/www.instagram.com\/p\/DDYGEj-NaNH\/?utm_source=ig_embed&amp;utm_campaign=loading\" style=\" background:#FFFFFF; line-height:0; padding:0 0; text-align:center; text-decoration:none; width:100%;\" target=\"_blank\"> <div style=\" display: flex; flex-direction: row; align-items: center;\"> <div style=\"background-color: #F4F4F4; border-radius: 50%; flex-grow: 0; height: 40px; margin-right: 14px; width: 40px;\"><\/div> <div style=\"display: flex; flex-direction: column; flex-grow: 1; justify-content: center;\"> <div style=\" background-color: #F4F4F4; border-radius: 4px; flex-grow: 0; height: 14px; margin-bottom: 6px; width: 100px;\"><\/div> <div style=\" background-color: #F4F4F4; border-radius: 4px; flex-grow: 0; height: 14px; width: 60px;\"><\/div><\/div><\/div><div style=\"padding: 19% 0;\"><\/div> <div style=\"display:block; height:50px; margin:0 auto 12px; width:50px;\"><svg width=\"50px\" height=\"50px\" viewBox=\"0 0 60 60\" version=\"1.1\" xmlns=\"https:\/\/www.w3.org\/2000\/svg\" xmlns:xlink=\"https:\/\/www.w3.org\/1999\/xlink\"><g stroke=\"none\" stroke-width=\"1\" fill=\"none\" fill-rule=\"evenodd\"><g transform=\"translate(-511.000000, -20.000000)\" fill=\"#000000\"><g><path d=\"M556.869,30.41 C554.814,30.41 553.148,32.076 553.148,34.131 C553.148,36.186 554.814,37.852 556.869,37.852 C558.924,37.852 560.59,36.186 560.59,34.131 C560.59,32.076 558.924,30.41 556.869,30.41 M541,60.657 C535.114,60.657 530.342,55.887 530.342,50 C530.342,44.114 535.114,39.342 541,39.342 C546.887,39.342 551.658,44.114 551.658,50 C551.658,55.887 546.887,60.657 541,60.657 M541,33.886 C532.1,33.886 524.886,41.1 524.886,50 C524.886,58.899 532.1,66.113 541,66.113 C549.9,66.113 557.115,58.899 557.115,50 C557.115,41.1 549.9,33.886 541,33.886 M565.378,62.101 C565.244,65.022 564.756,66.606 564.346,67.663 C563.803,69.06 563.154,70.057 562.106,71.106 C561.058,72.155 560.06,72.803 558.662,73.347 C557.607,73.757 556.021,74.244 553.102,74.378 C549.944,74.521 548.997,74.552 541,74.552 C533.003,74.552 532.056,74.521 528.898,74.378 C525.979,74.244 524.393,73.757 523.338,73.347 C521.94,72.803 520.942,72.155 519.894,71.106 C518.846,70.057 518.197,69.06 517.654,67.663 C517.244,66.606 516.755,65.022 516.623,62.101 C516.479,58.943 516.448,57.996 516.448,50 C516.448,42.003 516.479,41.056 516.623,37.899 C516.755,34.978 517.244,33.391 517.654,32.338 C518.197,30.938 518.846,29.942 519.894,28.894 C520.942,27.846 521.94,27.196 523.338,26.654 C524.393,26.244 525.979,25.756 528.898,25.623 C532.057,25.479 533.004,25.448 541,25.448 C548.997,25.448 549.943,25.479 553.102,25.623 C556.021,25.756 557.607,26.244 558.662,26.654 C560.06,27.196 561.058,27.846 562.106,28.894 C563.154,29.942 563.803,30.938 564.346,32.338 C564.756,33.391 565.244,34.978 565.378,37.899 C565.522,41.056 565.552,42.003 565.552,50 C565.552,57.996 565.522,58.943 565.378,62.101 M570.82,37.631 C570.674,34.438 570.167,32.258 569.425,30.349 C568.659,28.377 567.633,26.702 565.965,25.035 C564.297,23.368 562.623,22.342 560.652,21.575 C558.743,20.834 556.562,20.326 553.369,20.18 C550.169,20.033 549.148,20 541,20 C532.853,20 531.831,20.033 528.631,20.18 C525.438,20.326 523.257,20.834 521.349,21.575 C519.376,22.342 517.703,23.368 516.035,25.035 C514.368,26.702 513.342,28.377 512.574,30.349 C511.834,32.258 511.326,34.438 511.181,37.631 C511.035,40.831 511,41.851 511,50 C511,58.147 511.035,59.17 511.181,62.369 C511.326,65.562 511.834,67.743 512.574,69.651 C513.342,71.625 514.368,73.296 516.035,74.965 C517.703,76.634 519.376,77.658 521.349,78.425 C523.257,79.167 525.438,79.673 528.631,79.82 C531.831,79.965 532.853,80.001 541,80.001 C549.148,80.001 550.169,79.965 553.369,79.82 C556.562,79.673 558.743,79.167 560.652,78.425 C562.623,77.658 564.297,76.634 565.965,74.965 C567.633,73.296 568.659,71.625 569.425,69.651 C570.167,67.743 570.674,65.562 570.82,62.369 C570.966,59.17 571,58.147 571,50 C571,41.851 570.966,40.831 570.82,37.631\"><\/path><\/g><\/g><\/g><\/svg><\/div><div style=\"padding-top: 8px;\"> <div style=\" color:#3897f0; font-family:Arial,sans-serif; font-size:14px; font-style:normal; font-weight:550; line-height:18px;\">Ver essa foto no Instagram<\/div><\/div><div style=\"padding: 12.5% 0;\"><\/div> <div style=\"display: flex; flex-direction: row; margin-bottom: 14px; align-items: center;\"><div> <div style=\"background-color: #F4F4F4; border-radius: 50%; height: 12.5px; width: 12.5px; transform: translateX(0px) translateY(7px);\"><\/div> <div style=\"background-color: #F4F4F4; height: 12.5px; transform: rotate(-45deg) translateX(3px) translateY(1px); width: 12.5px; flex-grow: 0; margin-right: 14px; margin-left: 2px;\"><\/div> <div style=\"background-color: #F4F4F4; border-radius: 50%; height: 12.5px; width: 12.5px; transform: translateX(9px) translateY(-18px);\"><\/div><\/div><div style=\"margin-left: 8px;\"> <div style=\" background-color: #F4F4F4; border-radius: 50%; flex-grow: 0; height: 20px; width: 20px;\"><\/div> <div style=\" width: 0; height: 0; border-top: 2px solid transparent; border-left: 6px solid #f4f4f4; border-bottom: 2px solid transparent; transform: translateX(16px) translateY(-4px) rotate(30deg)\"><\/div><\/div><div style=\"margin-left: auto;\"> <div style=\" width: 0px; border-top: 8px solid #F4F4F4; border-right: 8px solid transparent; transform: translateY(16px);\"><\/div> <div style=\" background-color: #F4F4F4; flex-grow: 0; height: 12px; width: 16px; transform: translateY(-4px);\"><\/div> <div style=\" width: 0; height: 0; border-top: 8px solid #F4F4F4; border-left: 8px solid transparent; transform: translateY(-4px) translateX(8px);\"><\/div><\/div><\/div> <div style=\"display: flex; flex-direction: column; flex-grow: 1; justify-content: center; margin-bottom: 24px;\"> <div style=\" background-color: #F4F4F4; border-radius: 4px; flex-grow: 0; height: 14px; margin-bottom: 6px; width: 224px;\"><\/div> <div style=\" background-color: #F4F4F4; border-radius: 4px; flex-grow: 0; height: 14px; width: 144px;\"><\/div><\/div><\/a><p style=\" color:#c9c8cd; font-family:Arial,sans-serif; font-size:14px; line-height:17px; margin-bottom:0; margin-top:8px; overflow:hidden; padding:8px 0 7px; text-align:center; text-overflow:ellipsis; white-space:nowrap;\"><a href=\"https:\/\/www.instagram.com\/p\/DDYGEj-NaNH\/?utm_source=ig_embed&amp;utm_campaign=loading\" style=\" color:#c9c8cd; font-family:Arial,sans-serif; font-size:14px; font-style:normal; font-weight:normal; line-height:17px; text-decoration:none;\" target=\"_blank\">Uma publica\u00e7\u00e3o compartilhada por Jornal do Carro (@jornaldocarro)<\/a><\/p><\/div><\/blockquote>\n<script async src=\"\/\/www.instagram.com\/embed.js\"><\/script>\n\n\n\n<p>Nas laterais, o modelo traz vincos bem definidos e rodas de 16 ou 17 polegadas, enquanto na traseira, as lanternas alongadas se destacam, sem a barra luminosa que costuma ser caracter\u00edstica de outros SUVs da Volkswagen. Isso porque a marca optou por dar um toque \u00fanico ao modelo.<\/p>\n\n\n\n<h2 class=\"wp-block-heading\" id=\"h-tecnologia-e-conforto-no-tera\">Tecnologia e conforto no Tera<\/h2>\n\n\n\n<p>Fabricado em Taubat\u00e9 (SP) e utilizando a plataforma MQB-A0, o Tera compartilha tecnologias com modelos como Polo, Nivus e Virtus. Com cerca de 4 metros de comprimento e entre-eixos de 2.566 mm, o modelo ser\u00e1 posicionado abaixo do T-Cross e Nivus, trazendo uma op\u00e7\u00e3o mais acess\u00edvel, mas n\u00e3o menos completa. Portanto, o Tera promete oferecer o que h\u00e1 de mais moderno em termos de conforto e tecnologia, mesmo sendo um SUV de entrada.<\/p>\n\n\n\n<h2 class=\"wp-block-heading\" id=\"h-motor-1-0-tsi-e-versoes-para-todos-os-gostos\">Motor 1.0 TSI e vers\u00f5es para todos os gostos<\/h2>\n\n\n\n<p>Sob o cap\u00f4, o Tera estar\u00e1 dispon\u00edvel com o motor 1.0 TSI, entregando 116 cv de pot\u00eancia e 16,8 kgfm de torque. As vers\u00f5es de entrada ter\u00e3o c\u00e2mbio manual, enquanto as mais equipadas trar\u00e3o transmiss\u00e3o autom\u00e1tica de seis marchas, proporcionando uma experi\u00eancia de dire\u00e7\u00e3o mais suave e eficiente. Vale destacar que, no futuro, pode surgir uma vers\u00e3o com motor 1.0 aspirado, tornando o modelo ainda mais acess\u00edvel e atraente para um p\u00fablico maior.<\/p>\n\n\n\n<h2 class=\"wp-block-heading\" id=\"h-o-tera-e-a-concorrencia\">O Tera e a concorr\u00eancia<\/h2>\n\n\n\n<p>Com pre\u00e7os estimados entre R$ 100 mil e R$ 130 mil, o Tera entra em um segmento competitivo e dever\u00e1 brigar pela lideran\u00e7a entre os SUVs compactos. Isso porque, com seu design, motor eficiente e pre\u00e7o acess\u00edvel, o modelo promete atrair consumidores em busca de um utilit\u00e1rio completo e moderno. Sendo assim, a Volkswagen visa ampliar sua presen\u00e7a nesse segmento, conquistando novos f\u00e3s da marca.<\/p>\n\n\n\n<p>Com todos esses atributos, o Volkswagen Tera surge como uma \u00f3tima op\u00e7\u00e3o para quem busca um SUV compacto, moderno e bem equipado. A estreia do modelo no Brasil, no dia 2 de mar\u00e7o, promete ser um marco para a marca, trazendo um novo padr\u00e3o de qualidade e acessibilidade para o mercado. Desse jeito, a Volkswagen demonstra que est\u00e1 pronta para continuar sua trajet\u00f3ria de sucesso no pa\u00eds.<\/p>\n","protected":false},"excerpt":{"rendered":"<p>O mercado de SUVs no Brasil est\u00e1 prestes a ganhar um novo competidor de peso. A Volkswagen vai lan\u00e7ar o Tera, um modelo compacto que promete mexer com a concorr\u00eancia, disputando espa\u00e7o com os j\u00e1 consagrados Fiat Pulse, Renault Kardian e Citro\u00ebn Basalt. Com design moderno e especifica\u00e7\u00f5es atrativas, o Tera ser\u00e1 um dos lan\u00e7amentos [&hellip;]<\/p>\n","protected":false},"author":24,"featured_media":169204,"comment_status":"open","ping_status":"closed","sticky":false,"template":"","format":"standard","meta":{"footnotes":""},"categories":[80,111],"tags":[],"class_list":["post-235020","post","type-post","status-publish","format-standard","has-post-thumbnail","hentry","category-carros","category-volkswagen"],"yoast_head":"<!-- This site is optimized with the Yoast SEO Premium plugin v24.2 (Yoast SEO v26.9) - https:\/\/yoast.com\/product\/yoast-seo-premium-wordpress\/ -->\n<title>Veja todos os detalhes do novo SUV compacto da Volkswagen<\/title>\n<meta name=\"robots\" content=\"index, follow, max-snippet:-1, max-image-preview:large, max-video-preview:-1\" \/>\n<link rel=\"canonical\" href=\"https:\/\/www.gaveanews.com\/index.php\/2025\/03\/03\/veja-todos-os-detalhes-do-novo-suv-compacto-da-volkswagen\/\" \/>\n<meta property=\"og:locale\" content=\"pt_BR\" \/>\n<meta property=\"og:type\" content=\"article\" \/>\n<meta property=\"og:title\" content=\"Veja todos os detalhes do novo SUV compacto da Volkswagen\" \/>\n<meta property=\"og:description\" content=\"O mercado de SUVs no Brasil est\u00e1 prestes a ganhar um novo competidor de peso. A Volkswagen vai lan\u00e7ar o Tera, um modelo compacto que promete mexer com a concorr\u00eancia, disputando espa\u00e7o com os j\u00e1 consagrados Fiat Pulse, Renault Kardian e Citro\u00ebn Basalt. Com design moderno e especifica\u00e7\u00f5es atrativas, o Tera ser\u00e1 um dos lan\u00e7amentos [&hellip;]\" \/>\n<meta property=\"og:url\" content=\"https:\/\/www.gaveanews.com\/index.php\/2025\/03\/03\/veja-todos-os-detalhes-do-novo-suv-compacto-da-volkswagen\/\" \/>\n<meta property=\"og:site_name\" content=\"G\u00e1vea News\" \/>\n<meta property=\"article:publisher\" content=\"https:\/\/facebook.com\/gaveaNews\/\" \/>\n<meta property=\"article:published_time\" content=\"2025-03-03T22:25:09+00:00\" \/>\n<meta property=\"og:image\" content=\"https:\/\/www.gaveanews.com\/wp-content\/uploads\/Carro-da-Volkswagen.webp\" \/>\n\t<meta property=\"og:image:width\" content=\"857\" \/>\n\t<meta property=\"og:image:height\" content=\"571\" \/>\n\t<meta property=\"og:image:type\" content=\"image\/webp\" \/>\n<meta name=\"author\" content=\"Leandro Cardoso\" \/>\n<meta name=\"twitter:card\" content=\"summary_large_image\" \/>\n<meta name=\"twitter:label1\" content=\"Escrito por\" \/>\n\t<meta name=\"twitter:data1\" content=\"Leandro Cardoso\" \/>\n\t<meta name=\"twitter:label2\" content=\"Est. tempo de leitura\" \/>\n\t<meta name=\"twitter:data2\" content=\"3 minutos\" \/>\n<script type=\"application\/ld+json\" class=\"yoast-schema-graph\">{\"@context\":\"https:\/\/schema.org\",\"@graph\":[{\"@type\":\"NewsArticle\",\"@id\":\"https:\/\/www.gaveanews.com\/index.php\/2025\/03\/03\/veja-todos-os-detalhes-do-novo-suv-compacto-da-volkswagen\/#article\",\"isPartOf\":{\"@id\":\"https:\/\/www.gaveanews.com\/index.php\/2025\/03\/03\/veja-todos-os-detalhes-do-novo-suv-compacto-da-volkswagen\/\"},\"author\":{\"name\":\"Leandro Cardoso\",\"@id\":\"https:\/\/www.gaveanews.com\/#\/schema\/person\/2424ec6409bc3f068411fc5e4e9b6168\"},\"headline\":\"Veja todos os detalhes do novo SUV compacto da Volkswagen\",\"datePublished\":\"2025-03-03T22:25:09+00:00\",\"mainEntityOfPage\":{\"@id\":\"https:\/\/www.gaveanews.com\/index.php\/2025\/03\/03\/veja-todos-os-detalhes-do-novo-suv-compacto-da-volkswagen\/\"},\"wordCount\":503,\"commentCount\":0,\"image\":{\"@id\":\"https:\/\/www.gaveanews.com\/index.php\/2025\/03\/03\/veja-todos-os-detalhes-do-novo-suv-compacto-da-volkswagen\/#primaryimage\"},\"thumbnailUrl\":\"https:\/\/www.gaveanews.com\/wp-content\/uploads\/Carro-da-Volkswagen.webp\",\"articleSection\":[\"Carros\",\"Volkswagen\"],\"inLanguage\":\"pt-BR\",\"potentialAction\":[{\"@type\":\"CommentAction\",\"name\":\"Comment\",\"target\":[\"https:\/\/www.gaveanews.com\/index.php\/2025\/03\/03\/veja-todos-os-detalhes-do-novo-suv-compacto-da-volkswagen\/#respond\"]}],\"copyrightYear\":\"2025\",\"copyrightHolder\":{\"@id\":\"https:\/\/www.gaveanews.com\/#organization\"}},{\"@type\":\"WebPage\",\"@id\":\"https:\/\/www.gaveanews.com\/index.php\/2025\/03\/03\/veja-todos-os-detalhes-do-novo-suv-compacto-da-volkswagen\/\",\"url\":\"https:\/\/www.gaveanews.com\/index.php\/2025\/03\/03\/veja-todos-os-detalhes-do-novo-suv-compacto-da-volkswagen\/\",\"name\":\"Veja todos os detalhes do novo SUV compacto da Volkswagen\",\"isPartOf\":{\"@id\":\"https:\/\/www.gaveanews.com\/#website\"},\"primaryImageOfPage\":{\"@id\":\"https:\/\/www.gaveanews.com\/index.php\/2025\/03\/03\/veja-todos-os-detalhes-do-novo-suv-compacto-da-volkswagen\/#primaryimage\"},\"image\":{\"@id\":\"https:\/\/www.gaveanews.com\/index.php\/2025\/03\/03\/veja-todos-os-detalhes-do-novo-suv-compacto-da-volkswagen\/#primaryimage\"},\"thumbnailUrl\":\"https:\/\/www.gaveanews.com\/wp-content\/uploads\/Carro-da-Volkswagen.webp\",\"datePublished\":\"2025-03-03T22:25:09+00:00\",\"author\":{\"@id\":\"https:\/\/www.gaveanews.com\/#\/schema\/person\/2424ec6409bc3f068411fc5e4e9b6168\"},\"breadcrumb\":{\"@id\":\"https:\/\/www.gaveanews.com\/index.php\/2025\/03\/03\/veja-todos-os-detalhes-do-novo-suv-compacto-da-volkswagen\/#breadcrumb\"},\"inLanguage\":\"pt-BR\",\"potentialAction\":[{\"@type\":\"ReadAction\",\"target\":[\"https:\/\/www.gaveanews.com\/index.php\/2025\/03\/03\/veja-todos-os-detalhes-do-novo-suv-compacto-da-volkswagen\/\"]}]},{\"@type\":\"ImageObject\",\"inLanguage\":\"pt-BR\",\"@id\":\"https:\/\/www.gaveanews.com\/index.php\/2025\/03\/03\/veja-todos-os-detalhes-do-novo-suv-compacto-da-volkswagen\/#primaryimage\",\"url\":\"https:\/\/www.gaveanews.com\/wp-content\/uploads\/Carro-da-Volkswagen.webp\",\"contentUrl\":\"https:\/\/www.gaveanews.com\/wp-content\/uploads\/Carro-da-Volkswagen.webp\",\"width\":857,\"height\":571,\"caption\":\"Carro da Volkswagen (Foto: Reprodu\u00e7\u00e3o)\"},{\"@type\":\"BreadcrumbList\",\"@id\":\"https:\/\/www.gaveanews.com\/index.php\/2025\/03\/03\/veja-todos-os-detalhes-do-novo-suv-compacto-da-volkswagen\/#breadcrumb\",\"itemListElement\":[{\"@type\":\"ListItem\",\"position\":1,\"name\":\"Home\",\"item\":\"https:\/\/www.gaveanews.com\/\"},{\"@type\":\"ListItem\",\"position\":2,\"name\":\"Veja todos os detalhes do novo SUV compacto da Volkswagen\"}]},{\"@type\":\"WebSite\",\"@id\":\"https:\/\/www.gaveanews.com\/#website\",\"url\":\"https:\/\/www.gaveanews.com\/\",\"name\":\"G\u00e1vea News\",\"description\":\"Veja todas as not\u00edcias sobre o Flamengo: Contrata\u00e7\u00f5es, categorias de base, resultados das partidas, tabela de classifica\u00e7\u00e3o, pr\u00f3ximos jogos!\",\"potentialAction\":[{\"@type\":\"SearchAction\",\"target\":{\"@type\":\"EntryPoint\",\"urlTemplate\":\"https:\/\/www.gaveanews.com\/?s={search_term_string}\"},\"query-input\":{\"@type\":\"PropertyValueSpecification\",\"valueRequired\":true,\"valueName\":\"search_term_string\"}}],\"inLanguage\":\"pt-BR\"},{\"@type\":\"Person\",\"@id\":\"https:\/\/www.gaveanews.com\/#\/schema\/person\/2424ec6409bc3f068411fc5e4e9b6168\",\"name\":\"Leandro Cardoso\",\"image\":{\"@type\":\"ImageObject\",\"inLanguage\":\"pt-BR\",\"@id\":\"https:\/\/www.gaveanews.com\/#\/schema\/person\/image\/\",\"url\":\"https:\/\/secure.gravatar.com\/avatar\/8ca179f9b55eefe9f376f5493ef25475bfa59fbc28ce937f6076ce20e523098f?s=96&d=mm&r=g\",\"contentUrl\":\"https:\/\/secure.gravatar.com\/avatar\/8ca179f9b55eefe9f376f5493ef25475bfa59fbc28ce937f6076ce20e523098f?s=96&d=mm&r=g\",\"caption\":\"Leandro Cardoso\"}}]}<\/script>\n<!-- \/ Yoast SEO Premium plugin. -->","yoast_head_json":{"title":"Veja todos os detalhes do novo SUV compacto da Volkswagen","robots":{"index":"index","follow":"follow","max-snippet":"max-snippet:-1","max-image-preview":"max-image-preview:large","max-video-preview":"max-video-preview:-1"},"canonical":"https:\/\/www.gaveanews.com\/index.php\/2025\/03\/03\/veja-todos-os-detalhes-do-novo-suv-compacto-da-volkswagen\/","og_locale":"pt_BR","og_type":"article","og_title":"Veja todos os detalhes do novo SUV compacto da Volkswagen","og_description":"O mercado de SUVs no Brasil est\u00e1 prestes a ganhar um novo competidor de peso. A Volkswagen vai lan\u00e7ar o Tera, um modelo compacto que promete mexer com a concorr\u00eancia, disputando espa\u00e7o com os j\u00e1 consagrados Fiat Pulse, Renault Kardian e Citro\u00ebn Basalt. Com design moderno e especifica\u00e7\u00f5es atrativas, o Tera ser\u00e1 um dos lan\u00e7amentos [&hellip;]","og_url":"https:\/\/www.gaveanews.com\/index.php\/2025\/03\/03\/veja-todos-os-detalhes-do-novo-suv-compacto-da-volkswagen\/","og_site_name":"G\u00e1vea News","article_publisher":"https:\/\/facebook.com\/gaveaNews\/","article_published_time":"2025-03-03T22:25:09+00:00","og_image":[{"width":857,"height":571,"url":"https:\/\/www.gaveanews.com\/wp-content\/uploads\/Carro-da-Volkswagen.webp","type":"image\/webp"}],"author":"Leandro Cardoso","twitter_card":"summary_large_image","twitter_misc":{"Escrito por":"Leandro Cardoso","Est. tempo de leitura":"3 minutos"},"schema":{"@context":"https:\/\/schema.org","@graph":[{"@type":"NewsArticle","@id":"https:\/\/www.gaveanews.com\/index.php\/2025\/03\/03\/veja-todos-os-detalhes-do-novo-suv-compacto-da-volkswagen\/#article","isPartOf":{"@id":"https:\/\/www.gaveanews.com\/index.php\/2025\/03\/03\/veja-todos-os-detalhes-do-novo-suv-compacto-da-volkswagen\/"},"author":{"name":"Leandro Cardoso","@id":"https:\/\/www.gaveanews.com\/#\/schema\/person\/2424ec6409bc3f068411fc5e4e9b6168"},"headline":"Veja todos os detalhes do novo SUV compacto da Volkswagen","datePublished":"2025-03-03T22:25:09+00:00","mainEntityOfPage":{"@id":"https:\/\/www.gaveanews.com\/index.php\/2025\/03\/03\/veja-todos-os-detalhes-do-novo-suv-compacto-da-volkswagen\/"},"wordCount":503,"commentCount":0,"image":{"@id":"https:\/\/www.gaveanews.com\/index.php\/2025\/03\/03\/veja-todos-os-detalhes-do-novo-suv-compacto-da-volkswagen\/#primaryimage"},"thumbnailUrl":"https:\/\/www.gaveanews.com\/wp-content\/uploads\/Carro-da-Volkswagen.webp","articleSection":["Carros","Volkswagen"],"inLanguage":"pt-BR","potentialAction":[{"@type":"CommentAction","name":"Comment","target":["https:\/\/www.gaveanews.com\/index.php\/2025\/03\/03\/veja-todos-os-detalhes-do-novo-suv-compacto-da-volkswagen\/#respond"]}],"copyrightYear":"2025","copyrightHolder":{"@id":"https:\/\/www.gaveanews.com\/#organization"}},{"@type":"WebPage","@id":"https:\/\/www.gaveanews.com\/index.php\/2025\/03\/03\/veja-todos-os-detalhes-do-novo-suv-compacto-da-volkswagen\/","url":"https:\/\/www.gaveanews.com\/index.php\/2025\/03\/03\/veja-todos-os-detalhes-do-novo-suv-compacto-da-volkswagen\/","name":"Veja todos os detalhes do novo SUV compacto da Volkswagen","isPartOf":{"@id":"https:\/\/www.gaveanews.com\/#website"},"primaryImageOfPage":{"@id":"https:\/\/www.gaveanews.com\/index.php\/2025\/03\/03\/veja-todos-os-detalhes-do-novo-suv-compacto-da-volkswagen\/#primaryimage"},"image":{"@id":"https:\/\/www.gaveanews.com\/index.php\/2025\/03\/03\/veja-todos-os-detalhes-do-novo-suv-compacto-da-volkswagen\/#primaryimage"},"thumbnailUrl":"https:\/\/www.gaveanews.com\/wp-content\/uploads\/Carro-da-Volkswagen.webp","datePublished":"2025-03-03T22:25:09+00:00","author":{"@id":"https:\/\/www.gaveanews.com\/#\/schema\/person\/2424ec6409bc3f068411fc5e4e9b6168"},"breadcrumb":{"@id":"https:\/\/www.gaveanews.com\/index.php\/2025\/03\/03\/veja-todos-os-detalhes-do-novo-suv-compacto-da-volkswagen\/#breadcrumb"},"inLanguage":"pt-BR","potentialAction":[{"@type":"ReadAction","target":["https:\/\/www.gaveanews.com\/index.php\/2025\/03\/03\/veja-todos-os-detalhes-do-novo-suv-compacto-da-volkswagen\/"]}]},{"@type":"ImageObject","inLanguage":"pt-BR","@id":"https:\/\/www.gaveanews.com\/index.php\/2025\/03\/03\/veja-todos-os-detalhes-do-novo-suv-compacto-da-volkswagen\/#primaryimage","url":"https:\/\/www.gaveanews.com\/wp-content\/uploads\/Carro-da-Volkswagen.webp","contentUrl":"https:\/\/www.gaveanews.com\/wp-content\/uploads\/Carro-da-Volkswagen.webp","width":857,"height":571,"caption":"Carro da Volkswagen (Foto: Reprodu\u00e7\u00e3o)"},{"@type":"BreadcrumbList","@id":"https:\/\/www.gaveanews.com\/index.php\/2025\/03\/03\/veja-todos-os-detalhes-do-novo-suv-compacto-da-volkswagen\/#breadcrumb","itemListElement":[{"@type":"ListItem","position":1,"name":"Home","item":"https:\/\/www.gaveanews.com\/"},{"@type":"ListItem","position":2,"name":"Veja todos os detalhes do novo SUV compacto da Volkswagen"}]},{"@type":"WebSite","@id":"https:\/\/www.gaveanews.com\/#website","url":"https:\/\/www.gaveanews.com\/","name":"G\u00e1vea News","description":"Veja todas as not\u00edcias sobre o Flamengo: Contrata\u00e7\u00f5es, categorias de base, resultados das partidas, tabela de classifica\u00e7\u00e3o, pr\u00f3ximos jogos!","potentialAction":[{"@type":"SearchAction","target":{"@type":"EntryPoint","urlTemplate":"https:\/\/www.gaveanews.com\/?s={search_term_string}"},"query-input":{"@type":"PropertyValueSpecification","valueRequired":true,"valueName":"search_term_string"}}],"inLanguage":"pt-BR"},{"@type":"Person","@id":"https:\/\/www.gaveanews.com\/#\/schema\/person\/2424ec6409bc3f068411fc5e4e9b6168","name":"Leandro Cardoso","image":{"@type":"ImageObject","inLanguage":"pt-BR","@id":"https:\/\/www.gaveanews.com\/#\/schema\/person\/image\/","url":"https:\/\/secure.gravatar.com\/avatar\/8ca179f9b55eefe9f376f5493ef25475bfa59fbc28ce937f6076ce20e523098f?s=96&d=mm&r=g","contentUrl":"https:\/\/secure.gravatar.com\/avatar\/8ca179f9b55eefe9f376f5493ef25475bfa59fbc28ce937f6076ce20e523098f?s=96&d=mm&r=g","caption":"Leandro Cardoso"}}]}},"_links":{"self":[{"href":"https:\/\/www.gaveanews.com\/index.php\/wp-json\/wp\/v2\/posts\/235020","targetHints":{"allow":["GET"]}}],"collection":[{"href":"https:\/\/www.gaveanews.com\/index.php\/wp-json\/wp\/v2\/posts"}],"about":[{"href":"https:\/\/www.gaveanews.com\/index.php\/wp-json\/wp\/v2\/types\/post"}],"author":[{"embeddable":true,"href":"https:\/\/www.gaveanews.com\/index.php\/wp-json\/wp\/v2\/users\/24"}],"replies":[{"embeddable":true,"href":"https:\/\/www.gaveanews.com\/index.php\/wp-json\/wp\/v2\/comments?post=235020"}],"version-history":[{"count":1,"href":"https:\/\/www.gaveanews.com\/index.php\/wp-json\/wp\/v2\/posts\/235020\/revisions"}],"predecessor-version":[{"id":235026,"href":"https:\/\/www.gaveanews.com\/index.php\/wp-json\/wp\/v2\/posts\/235020\/revisions\/235026"}],"wp:featuredmedia":[{"embeddable":true,"href":"https:\/\/www.gaveanews.com\/index.php\/wp-json\/wp\/v2\/media\/169204"}],"wp:attachment":[{"href":"https:\/\/www.gaveanews.com\/index.php\/wp-json\/wp\/v2\/media?parent=235020"}],"wp:term":[{"taxonomy":"category","embeddable":true,"href":"https:\/\/www.gaveanews.com\/index.php\/wp-json\/wp\/v2\/categories?post=235020"},{"taxonomy":"post_tag","embeddable":true,"href":"https:\/\/www.gaveanews.com\/index.php\/wp-json\/wp\/v2\/tags?post=235020"}],"curies":[{"name":"wp","href":"https:\/\/api.w.org\/{rel}","templated":true}]}}