{"id":23529,"date":"2019-07-24T01:04:05","date_gmt":"2019-07-24T04:04:05","guid":{"rendered":"http:\/\/www.gaveanews.com\/?p=23529"},"modified":"2019-07-24T01:04:05","modified_gmt":"2019-07-24T04:04:05","slug":"confira-a-provavel-escalacao-do-flamengo-para-a-partida-contra-o-emelec","status":"publish","type":"post","link":"https:\/\/www.gaveanews.com\/index.php\/2019\/07\/24\/confira-a-provavel-escalacao-do-flamengo-para-a-partida-contra-o-emelec\/","title":{"rendered":"Confira a prov\u00e1vel escala\u00e7\u00e3o do Flamengo para a partida contra o Emelec"},"content":{"rendered":"\n<p>Jorge Jesus ainda n\u00e3o confirmou a equipe que encara o Emelec, nesta quarta-feira em Guayaquil, pelas oitavas de final da Ta\u00e7a Libertadores da Am\u00e9rica. Todavia, a julgar pelas declara\u00e7\u00f5es do portugu\u00eas, a tend\u00eancia \u00e9 que Rafinha e Bruno Henrique sejam as novidades do Flamengo em rela\u00e7\u00e3o ao time que empatou com o Corinthians pela \u00faltima rodada do Brasileir\u00e3o.<\/p>\n\n\n\n<p>Sem Arrascaeta, \u00c9verton Ribeiro e Vitinho, todos lesionados, o treinador rubro-negro n\u00e3o tem tantas op\u00e7\u00f5es ofensivas assim, e Jesus j\u00e1 deixou claro que n\u00e3o far\u00e1 nenhuma mudan\u00e7a t\u00e1tica dr\u00e1stica.<\/p>\n\n\n\n<p>\u2014 O fato de ter alguns jogadores lesionados n\u00e3o nos vai fazer mudar a forma de jogo. Trabalhamos todas da mesma maneira. Temos que seguir em frente com os jogadores que temos e n\u00e3o estou muito preocupado com isso. Confio em todos. Nossas ideias s\u00e3o trabalhadas em fun\u00e7\u00e3o do que acreditamos. N\u00e3o modificamos as ideias pelo rival, mas como estrat\u00e9gia p\u00f3s-jogo.<\/p>\n\n\n\n<p>Poupado de in\u00edcio contra o Corinthians por voltar de les\u00e3o nos ligamentos do tornozelo, Bruno Henrique voltar\u00e1 a ser titular ao lado de Gabigol no ataque, em substitui\u00e7\u00e3o a Vitinho. J\u00e1 Rodinei, que come\u00e7ou a partida em Itaquera, d\u00e1 lugar a um descansado Rafinha.<\/p>\n\n\n\n<p>Levando em conta a preocupa\u00e7\u00e3o com a parte f\u00edsica pelo desgaste de jogo, imagina-se que a d\u00favida de Jorge Jesus est\u00e1 na lateral esquerda: manter Ren\u00ea pelo terceiro jogo seguido ou optar por Trauco? A ofensividade do peruano ganha for\u00e7a diante da fragilidade do Emelec pelas laterais.<\/p>\n\n\n\n<p>A tend\u00eancia \u00e9 que o Flamengo entre em campo com Diego Alves, Rafinha, L\u00e9o Duarte, Rodrigo Caio e Trauco (ou Ren\u00ea); Cuellar, Willian Ar\u00e3o, Gerson e Diego; Bruno Henrique e Gabigol.<\/p>\n\n\n\n<p>O comandante portugu\u00eas fez os ajustes finais em atividade no in\u00edcio da noite no Est\u00e1dio Monumental, que pertence ao Barcelona de Guayaquil. A imprensa teve acesso apenas aos dez primeiros minutos de aquecimento dos jogadores.<\/p>\n\n\n\n<p>Antes, Flamengo e Barcelona trocaram gentilezas e uniformes. O clube equatoriano foi representado pelo presidente Jos\u00e9 Francisco Cevallos, ex-goleiro da LDU, campe\u00e3o da Libertadores de 2008 contra o Fluminense, e vice dez anos antes pelo pr\u00f3prio Barcelona diante do Vasco.<\/p>\n\n\n\n<figure class=\"wp-block-image\"><img decoding=\"async\" src=\"https:\/\/pbs.twimg.com\/media\/EAMXdSQVUAEhozE?format=jpg\" alt=\"\"\/><figcaption>Cevallos e BAP sorriem para foto (Foto: Cahe Mota\/Globo Esporte)<\/figcaption><\/figure>\n\n\n\n<p>Flamengo e Emelec iniciam a eliminat\u00f3ria de oitavas de final da Libertadores nesta quarta-feira, \u00e0s 21h30 (de Bras\u00edlia), no est\u00e1dio George Capwell, em Guayaquil. O vencedor ter\u00e1 pela frente Inter de Porto Alegre ou Nacional do Uruguai, nas quartas de final.<\/p>\n\n\n\n\n\n<p>Retirado de: Globo Esporte<\/p>\n","protected":false},"excerpt":{"rendered":"<p>Jorge Jesus ainda n\u00e3o confirmou a equipe que encara o Emelec, nesta quarta-feira em Guayaquil, pelas oitavas de final da Ta\u00e7a Libertadores da Am\u00e9rica. Todavia, a julgar pelas declara\u00e7\u00f5es do portugu\u00eas, a tend\u00eancia \u00e9 que Rafinha e Bruno Henrique sejam as novidades do Flamengo em rela\u00e7\u00e3o ao time que empatou com o Corinthians pela \u00faltima [&hellip;]<\/p>\n","protected":false},"author":1,"featured_media":14851,"comment_status":"open","ping_status":"open","sticky":false,"template":"","format":"standard","meta":{"footnotes":""},"categories":[47],"tags":[],"class_list":["post-23529","post","type-post","status-publish","format-standard","has-post-thumbnail","hentry","category-destaques"],"yoast_head":"<!-- This site is optimized with the Yoast SEO Premium plugin v24.2 (Yoast SEO v26.9) - https:\/\/yoast.com\/product\/yoast-seo-premium-wordpress\/ -->\n<title>Confira a prov\u00e1vel escala\u00e7\u00e3o do Flamengo para a partida contra o Emelec<\/title>\n<meta name=\"robots\" content=\"index, follow, max-snippet:-1, max-image-preview:large, max-video-preview:-1\" \/>\n<link rel=\"canonical\" href=\"https:\/\/www.gaveanews.com\/index.php\/2019\/07\/24\/confira-a-provavel-escalacao-do-flamengo-para-a-partida-contra-o-emelec\/\" \/>\n<meta property=\"og:locale\" content=\"pt_BR\" \/>\n<meta property=\"og:type\" content=\"article\" \/>\n<meta property=\"og:title\" content=\"Confira a prov\u00e1vel escala\u00e7\u00e3o do Flamengo para a partida contra o Emelec\" \/>\n<meta property=\"og:description\" content=\"Jorge Jesus ainda n\u00e3o confirmou a equipe que encara o Emelec, nesta quarta-feira em Guayaquil, pelas oitavas de final da Ta\u00e7a Libertadores da Am\u00e9rica. Todavia, a julgar pelas declara\u00e7\u00f5es do portugu\u00eas, a tend\u00eancia \u00e9 que Rafinha e Bruno Henrique sejam as novidades do Flamengo em rela\u00e7\u00e3o ao time que empatou com o Corinthians pela \u00faltima [&hellip;]\" \/>\n<meta property=\"og:url\" content=\"https:\/\/www.gaveanews.com\/index.php\/2019\/07\/24\/confira-a-provavel-escalacao-do-flamengo-para-a-partida-contra-o-emelec\/\" \/>\n<meta property=\"og:site_name\" content=\"G\u00e1vea News\" \/>\n<meta property=\"article:publisher\" content=\"https:\/\/facebook.com\/gaveaNews\/\" \/>\n<meta property=\"article:published_time\" content=\"2019-07-24T04:04:05+00:00\" \/>\n<meta property=\"og:image\" content=\"https:\/\/www.gaveanews.com\/wp-content\/uploads\/2019\/03\/Taca-da-Copa-Libertadores-da-America.webp\" \/>\n\t<meta property=\"og:image:width\" content=\"1\" \/>\n\t<meta property=\"og:image:height\" content=\"1\" \/>\n\t<meta property=\"og:image:type\" content=\"image\/jpeg\" \/>\n<meta name=\"author\" content=\"Equipe G\u00e1vea News\" \/>\n<meta name=\"twitter:card\" content=\"summary_large_image\" \/>\n<meta name=\"twitter:label1\" content=\"Escrito por\" \/>\n\t<meta name=\"twitter:data1\" content=\"Equipe G\u00e1vea News\" \/>\n\t<meta name=\"twitter:label2\" content=\"Est. tempo de leitura\" \/>\n\t<meta name=\"twitter:data2\" content=\"2 minutos\" \/>\n<script type=\"application\/ld+json\" class=\"yoast-schema-graph\">{\"@context\":\"https:\/\/schema.org\",\"@graph\":[{\"@type\":\"NewsArticle\",\"@id\":\"https:\/\/www.gaveanews.com\/index.php\/2019\/07\/24\/confira-a-provavel-escalacao-do-flamengo-para-a-partida-contra-o-emelec\/#article\",\"isPartOf\":{\"@id\":\"https:\/\/www.gaveanews.com\/index.php\/2019\/07\/24\/confira-a-provavel-escalacao-do-flamengo-para-a-partida-contra-o-emelec\/\"},\"author\":{\"name\":\"Equipe G\u00e1vea News\",\"@id\":\"https:\/\/www.gaveanews.com\/#\/schema\/person\/2ec14f73fb96be2caf28f91afb14749d\"},\"headline\":\"Confira a prov\u00e1vel escala\u00e7\u00e3o do Flamengo para a partida contra o Emelec\",\"datePublished\":\"2019-07-24T04:04:05+00:00\",\"mainEntityOfPage\":{\"@id\":\"https:\/\/www.gaveanews.com\/index.php\/2019\/07\/24\/confira-a-provavel-escalacao-do-flamengo-para-a-partida-contra-o-emelec\/\"},\"wordCount\":451,\"commentCount\":0,\"image\":{\"@id\":\"https:\/\/www.gaveanews.com\/index.php\/2019\/07\/24\/confira-a-provavel-escalacao-do-flamengo-para-a-partida-contra-o-emelec\/#primaryimage\"},\"thumbnailUrl\":\"https:\/\/www.gaveanews.com\/wp-content\/uploads\/2019\/03\/Taca-da-Copa-Libertadores-da-America.webp\",\"articleSection\":[\"Destaques\"],\"inLanguage\":\"pt-BR\",\"potentialAction\":[{\"@type\":\"CommentAction\",\"name\":\"Comment\",\"target\":[\"https:\/\/www.gaveanews.com\/index.php\/2019\/07\/24\/confira-a-provavel-escalacao-do-flamengo-para-a-partida-contra-o-emelec\/#respond\"]}],\"copyrightYear\":\"2019\",\"copyrightHolder\":{\"@id\":\"https:\/\/www.gaveanews.com\/#organization\"}},{\"@type\":\"WebPage\",\"@id\":\"https:\/\/www.gaveanews.com\/index.php\/2019\/07\/24\/confira-a-provavel-escalacao-do-flamengo-para-a-partida-contra-o-emelec\/\",\"url\":\"https:\/\/www.gaveanews.com\/index.php\/2019\/07\/24\/confira-a-provavel-escalacao-do-flamengo-para-a-partida-contra-o-emelec\/\",\"name\":\"Confira a prov\u00e1vel escala\u00e7\u00e3o do Flamengo para a partida contra o Emelec\",\"isPartOf\":{\"@id\":\"https:\/\/www.gaveanews.com\/#website\"},\"primaryImageOfPage\":{\"@id\":\"https:\/\/www.gaveanews.com\/index.php\/2019\/07\/24\/confira-a-provavel-escalacao-do-flamengo-para-a-partida-contra-o-emelec\/#primaryimage\"},\"image\":{\"@id\":\"https:\/\/www.gaveanews.com\/index.php\/2019\/07\/24\/confira-a-provavel-escalacao-do-flamengo-para-a-partida-contra-o-emelec\/#primaryimage\"},\"thumbnailUrl\":\"https:\/\/www.gaveanews.com\/wp-content\/uploads\/2019\/03\/Taca-da-Copa-Libertadores-da-America.webp\",\"datePublished\":\"2019-07-24T04:04:05+00:00\",\"author\":{\"@id\":\"https:\/\/www.gaveanews.com\/#\/schema\/person\/2ec14f73fb96be2caf28f91afb14749d\"},\"breadcrumb\":{\"@id\":\"https:\/\/www.gaveanews.com\/index.php\/2019\/07\/24\/confira-a-provavel-escalacao-do-flamengo-para-a-partida-contra-o-emelec\/#breadcrumb\"},\"inLanguage\":\"pt-BR\",\"potentialAction\":[{\"@type\":\"ReadAction\",\"target\":[\"https:\/\/www.gaveanews.com\/index.php\/2019\/07\/24\/confira-a-provavel-escalacao-do-flamengo-para-a-partida-contra-o-emelec\/\"]}]},{\"@type\":\"ImageObject\",\"inLanguage\":\"pt-BR\",\"@id\":\"https:\/\/www.gaveanews.com\/index.php\/2019\/07\/24\/confira-a-provavel-escalacao-do-flamengo-para-a-partida-contra-o-emelec\/#primaryimage\",\"url\":\"https:\/\/www.gaveanews.com\/wp-content\/uploads\/2019\/03\/Taca-da-Copa-Libertadores-da-America.webp\",\"contentUrl\":\"https:\/\/www.gaveanews.com\/wp-content\/uploads\/2019\/03\/Taca-da-Copa-Libertadores-da-America.webp\",\"caption\":\"Ta\u00e7a da Copa Libertadores da Am\u00e9rica (Foto: Divulga\u00e7\u00e3o\/Conmebol)\"},{\"@type\":\"BreadcrumbList\",\"@id\":\"https:\/\/www.gaveanews.com\/index.php\/2019\/07\/24\/confira-a-provavel-escalacao-do-flamengo-para-a-partida-contra-o-emelec\/#breadcrumb\",\"itemListElement\":[{\"@type\":\"ListItem\",\"position\":1,\"name\":\"Home\",\"item\":\"https:\/\/www.gaveanews.com\/\"},{\"@type\":\"ListItem\",\"position\":2,\"name\":\"Confira a prov\u00e1vel escala\u00e7\u00e3o do Flamengo para a partida contra o Emelec\"}]},{\"@type\":\"WebSite\",\"@id\":\"https:\/\/www.gaveanews.com\/#website\",\"url\":\"https:\/\/www.gaveanews.com\/\",\"name\":\"G\u00e1vea News\",\"description\":\"Veja todas as not\u00edcias sobre o Flamengo: Contrata\u00e7\u00f5es, categorias de base, resultados das partidas, tabela de classifica\u00e7\u00e3o, pr\u00f3ximos jogos!\",\"potentialAction\":[{\"@type\":\"SearchAction\",\"target\":{\"@type\":\"EntryPoint\",\"urlTemplate\":\"https:\/\/www.gaveanews.com\/?s={search_term_string}\"},\"query-input\":{\"@type\":\"PropertyValueSpecification\",\"valueRequired\":true,\"valueName\":\"search_term_string\"}}],\"inLanguage\":\"pt-BR\"},{\"@type\":\"Person\",\"@id\":\"https:\/\/www.gaveanews.com\/#\/schema\/person\/2ec14f73fb96be2caf28f91afb14749d\",\"name\":\"Equipe G\u00e1vea News\",\"image\":{\"@type\":\"ImageObject\",\"inLanguage\":\"pt-BR\",\"@id\":\"https:\/\/www.gaveanews.com\/#\/schema\/person\/image\/\",\"url\":\"https:\/\/secure.gravatar.com\/avatar\/1e1956f1facbffd3f8fa53a326721950116b3b9dc9bd44939c01180fd4a745a9?s=96&d=mm&r=g\",\"contentUrl\":\"https:\/\/secure.gravatar.com\/avatar\/1e1956f1facbffd3f8fa53a326721950116b3b9dc9bd44939c01180fd4a745a9?s=96&d=mm&r=g\",\"caption\":\"Equipe G\u00e1vea News\"}}]}<\/script>\n<!-- \/ Yoast SEO Premium plugin. -->","yoast_head_json":{"title":"Confira a prov\u00e1vel escala\u00e7\u00e3o do Flamengo para a partida contra o Emelec","robots":{"index":"index","follow":"follow","max-snippet":"max-snippet:-1","max-image-preview":"max-image-preview:large","max-video-preview":"max-video-preview:-1"},"canonical":"https:\/\/www.gaveanews.com\/index.php\/2019\/07\/24\/confira-a-provavel-escalacao-do-flamengo-para-a-partida-contra-o-emelec\/","og_locale":"pt_BR","og_type":"article","og_title":"Confira a prov\u00e1vel escala\u00e7\u00e3o do Flamengo para a partida contra o Emelec","og_description":"Jorge Jesus ainda n\u00e3o confirmou a equipe que encara o Emelec, nesta quarta-feira em Guayaquil, pelas oitavas de final da Ta\u00e7a Libertadores da Am\u00e9rica. Todavia, a julgar pelas declara\u00e7\u00f5es do portugu\u00eas, a tend\u00eancia \u00e9 que Rafinha e Bruno Henrique sejam as novidades do Flamengo em rela\u00e7\u00e3o ao time que empatou com o Corinthians pela \u00faltima [&hellip;]","og_url":"https:\/\/www.gaveanews.com\/index.php\/2019\/07\/24\/confira-a-provavel-escalacao-do-flamengo-para-a-partida-contra-o-emelec\/","og_site_name":"G\u00e1vea News","article_publisher":"https:\/\/facebook.com\/gaveaNews\/","article_published_time":"2019-07-24T04:04:05+00:00","og_image":[{"url":"https:\/\/www.gaveanews.com\/wp-content\/uploads\/2019\/03\/Taca-da-Copa-Libertadores-da-America.webp","width":1,"height":1,"type":"image\/jpeg"}],"author":"Equipe G\u00e1vea News","twitter_card":"summary_large_image","twitter_misc":{"Escrito por":"Equipe G\u00e1vea News","Est. tempo de leitura":"2 minutos"},"schema":{"@context":"https:\/\/schema.org","@graph":[{"@type":"NewsArticle","@id":"https:\/\/www.gaveanews.com\/index.php\/2019\/07\/24\/confira-a-provavel-escalacao-do-flamengo-para-a-partida-contra-o-emelec\/#article","isPartOf":{"@id":"https:\/\/www.gaveanews.com\/index.php\/2019\/07\/24\/confira-a-provavel-escalacao-do-flamengo-para-a-partida-contra-o-emelec\/"},"author":{"name":"Equipe G\u00e1vea News","@id":"https:\/\/www.gaveanews.com\/#\/schema\/person\/2ec14f73fb96be2caf28f91afb14749d"},"headline":"Confira a prov\u00e1vel escala\u00e7\u00e3o do Flamengo para a partida contra o Emelec","datePublished":"2019-07-24T04:04:05+00:00","mainEntityOfPage":{"@id":"https:\/\/www.gaveanews.com\/index.php\/2019\/07\/24\/confira-a-provavel-escalacao-do-flamengo-para-a-partida-contra-o-emelec\/"},"wordCount":451,"commentCount":0,"image":{"@id":"https:\/\/www.gaveanews.com\/index.php\/2019\/07\/24\/confira-a-provavel-escalacao-do-flamengo-para-a-partida-contra-o-emelec\/#primaryimage"},"thumbnailUrl":"https:\/\/www.gaveanews.com\/wp-content\/uploads\/2019\/03\/Taca-da-Copa-Libertadores-da-America.webp","articleSection":["Destaques"],"inLanguage":"pt-BR","potentialAction":[{"@type":"CommentAction","name":"Comment","target":["https:\/\/www.gaveanews.com\/index.php\/2019\/07\/24\/confira-a-provavel-escalacao-do-flamengo-para-a-partida-contra-o-emelec\/#respond"]}],"copyrightYear":"2019","copyrightHolder":{"@id":"https:\/\/www.gaveanews.com\/#organization"}},{"@type":"WebPage","@id":"https:\/\/www.gaveanews.com\/index.php\/2019\/07\/24\/confira-a-provavel-escalacao-do-flamengo-para-a-partida-contra-o-emelec\/","url":"https:\/\/www.gaveanews.com\/index.php\/2019\/07\/24\/confira-a-provavel-escalacao-do-flamengo-para-a-partida-contra-o-emelec\/","name":"Confira a prov\u00e1vel escala\u00e7\u00e3o do Flamengo para a partida contra o Emelec","isPartOf":{"@id":"https:\/\/www.gaveanews.com\/#website"},"primaryImageOfPage":{"@id":"https:\/\/www.gaveanews.com\/index.php\/2019\/07\/24\/confira-a-provavel-escalacao-do-flamengo-para-a-partida-contra-o-emelec\/#primaryimage"},"image":{"@id":"https:\/\/www.gaveanews.com\/index.php\/2019\/07\/24\/confira-a-provavel-escalacao-do-flamengo-para-a-partida-contra-o-emelec\/#primaryimage"},"thumbnailUrl":"https:\/\/www.gaveanews.com\/wp-content\/uploads\/2019\/03\/Taca-da-Copa-Libertadores-da-America.webp","datePublished":"2019-07-24T04:04:05+00:00","author":{"@id":"https:\/\/www.gaveanews.com\/#\/schema\/person\/2ec14f73fb96be2caf28f91afb14749d"},"breadcrumb":{"@id":"https:\/\/www.gaveanews.com\/index.php\/2019\/07\/24\/confira-a-provavel-escalacao-do-flamengo-para-a-partida-contra-o-emelec\/#breadcrumb"},"inLanguage":"pt-BR","potentialAction":[{"@type":"ReadAction","target":["https:\/\/www.gaveanews.com\/index.php\/2019\/07\/24\/confira-a-provavel-escalacao-do-flamengo-para-a-partida-contra-o-emelec\/"]}]},{"@type":"ImageObject","inLanguage":"pt-BR","@id":"https:\/\/www.gaveanews.com\/index.php\/2019\/07\/24\/confira-a-provavel-escalacao-do-flamengo-para-a-partida-contra-o-emelec\/#primaryimage","url":"https:\/\/www.gaveanews.com\/wp-content\/uploads\/2019\/03\/Taca-da-Copa-Libertadores-da-America.webp","contentUrl":"https:\/\/www.gaveanews.com\/wp-content\/uploads\/2019\/03\/Taca-da-Copa-Libertadores-da-America.webp","caption":"Ta\u00e7a da Copa Libertadores da Am\u00e9rica (Foto: Divulga\u00e7\u00e3o\/Conmebol)"},{"@type":"BreadcrumbList","@id":"https:\/\/www.gaveanews.com\/index.php\/2019\/07\/24\/confira-a-provavel-escalacao-do-flamengo-para-a-partida-contra-o-emelec\/#breadcrumb","itemListElement":[{"@type":"ListItem","position":1,"name":"Home","item":"https:\/\/www.gaveanews.com\/"},{"@type":"ListItem","position":2,"name":"Confira a prov\u00e1vel escala\u00e7\u00e3o do Flamengo para a partida contra o Emelec"}]},{"@type":"WebSite","@id":"https:\/\/www.gaveanews.com\/#website","url":"https:\/\/www.gaveanews.com\/","name":"G\u00e1vea News","description":"Veja todas as not\u00edcias sobre o Flamengo: Contrata\u00e7\u00f5es, categorias de base, resultados das partidas, tabela de classifica\u00e7\u00e3o, pr\u00f3ximos jogos!","potentialAction":[{"@type":"SearchAction","target":{"@type":"EntryPoint","urlTemplate":"https:\/\/www.gaveanews.com\/?s={search_term_string}"},"query-input":{"@type":"PropertyValueSpecification","valueRequired":true,"valueName":"search_term_string"}}],"inLanguage":"pt-BR"},{"@type":"Person","@id":"https:\/\/www.gaveanews.com\/#\/schema\/person\/2ec14f73fb96be2caf28f91afb14749d","name":"Equipe G\u00e1vea News","image":{"@type":"ImageObject","inLanguage":"pt-BR","@id":"https:\/\/www.gaveanews.com\/#\/schema\/person\/image\/","url":"https:\/\/secure.gravatar.com\/avatar\/1e1956f1facbffd3f8fa53a326721950116b3b9dc9bd44939c01180fd4a745a9?s=96&d=mm&r=g","contentUrl":"https:\/\/secure.gravatar.com\/avatar\/1e1956f1facbffd3f8fa53a326721950116b3b9dc9bd44939c01180fd4a745a9?s=96&d=mm&r=g","caption":"Equipe G\u00e1vea News"}}]}},"_links":{"self":[{"href":"https:\/\/www.gaveanews.com\/index.php\/wp-json\/wp\/v2\/posts\/23529","targetHints":{"allow":["GET"]}}],"collection":[{"href":"https:\/\/www.gaveanews.com\/index.php\/wp-json\/wp\/v2\/posts"}],"about":[{"href":"https:\/\/www.gaveanews.com\/index.php\/wp-json\/wp\/v2\/types\/post"}],"author":[{"embeddable":true,"href":"https:\/\/www.gaveanews.com\/index.php\/wp-json\/wp\/v2\/users\/1"}],"replies":[{"embeddable":true,"href":"https:\/\/www.gaveanews.com\/index.php\/wp-json\/wp\/v2\/comments?post=23529"}],"version-history":[{"count":0,"href":"https:\/\/www.gaveanews.com\/index.php\/wp-json\/wp\/v2\/posts\/23529\/revisions"}],"wp:featuredmedia":[{"embeddable":true,"href":"https:\/\/www.gaveanews.com\/index.php\/wp-json\/wp\/v2\/media\/14851"}],"wp:attachment":[{"href":"https:\/\/www.gaveanews.com\/index.php\/wp-json\/wp\/v2\/media?parent=23529"}],"wp:term":[{"taxonomy":"category","embeddable":true,"href":"https:\/\/www.gaveanews.com\/index.php\/wp-json\/wp\/v2\/categories?post=23529"},{"taxonomy":"post_tag","embeddable":true,"href":"https:\/\/www.gaveanews.com\/index.php\/wp-json\/wp\/v2\/tags?post=23529"}],"curies":[{"name":"wp","href":"https:\/\/api.w.org\/{rel}","templated":true}]}}