{"id":235531,"date":"2025-03-04T19:25:29","date_gmt":"2025-03-04T22:25:29","guid":{"rendered":"https:\/\/www.gaveanews.com\/?p=235531"},"modified":"2025-03-04T19:05:22","modified_gmt":"2025-03-04T22:05:22","slug":"sao-paulo-emite-nota-oficial-direcionada-ao-paulistao","status":"publish","type":"post","link":"https:\/\/www.gaveanews.com\/index.php\/2025\/03\/04\/sao-paulo-emite-nota-oficial-direcionada-ao-paulistao\/","title":{"rendered":"S\u00e3o Paulo emite nota oficial direcionada ao Paulist\u00e3o"},"content":{"rendered":"\n<p>Na manh\u00e3 desta ter\u00e7a-feira (4), o S\u00e3o Paulo demonstrou insatisfa\u00e7\u00e3o com a escolha da Federa\u00e7\u00e3o Paulista de Futebol (FPF) para a data de seu confronto contra o Palmeiras, pela semifinal do Campeonato Paulista. A partida est\u00e1 marcada para segunda-feira, dia 10 de mar\u00e7o, \u00e0s 21h35 (de Bras\u00edlia), no Allianz Parque. O clube se posicionou contra a realiza\u00e7\u00e3o do jogo em um dia \u00fatil, o que motivou sua decis\u00e3o de n\u00e3o participar do Conselho T\u00e9cnico da FPF, onde seriam definidas as datas e locais das partidas decisivas.<\/p>\n\n\n\n<p>A principal reclama\u00e7\u00e3o do S\u00e3o Paulo \u00e9 que, em sua vis\u00e3o, partidas importantes e decisivas como as semifinais do Campeonato Paulista deveriam ser disputadas aos fins de semana, e n\u00e3o em um dia de semana. Em uma nota oficial, o clube expressou sua contrariedade \u00e0 FPF, destacando a aus\u00eancia de partidas nos s\u00e1bados ou domingos, apesar de serem os quatro clubes com maior torcida do estado disputando as semifinais. O Tricolor considerou a decis\u00e3o tomada pela FPF como surpreendente e prejudicial ao espet\u00e1culo.<\/p>\n\n\n\n<p>A nota oficial do clube diz: <em>\u201cO S\u00e3o Paulo Futebol Clube entende que partidas nobres e decisivas, como as semifinais do Campeonato Paulista, devem ser disputadas nos s\u00e1bados e domingos. Como a FPF j\u00e1 havia previamente definido que o jogo do S\u00e3o Paulo Futebol Clube com o Palmeiras ser\u00e1 realizado na segunda-feira, dia 10, os dirigentes n\u00e3o v\u00e3o participar do Conselho T\u00e9cnico da entidade nesta manh\u00e3.\u201d<\/em><\/p>\n\n\n\n<h2 class=\"wp-block-heading\" id=\"h-veja-a-nota-na-integra\">Veja a nota na \u00edntegra<\/h2>\n\n\n\n<blockquote class=\"twitter-tweet\"><p lang=\"pt\" dir=\"ltr\">NOTA OFICIAL<br><br>O S\u00e3o Paulo Futebol Clube entende que partidas nobres e decisivas, como as semifinais do Campeonato Paulista, devem ser disputadas nos s\u00e1bados e domingos. Como a FPF j\u00e1 havia previamente definido que o jogo do S\u00e3o Paulo Futebol Clube com o Palmeiras ser\u00e1 realizado\u2026 <a href=\"https:\/\/t.co\/GsGMFC8oTi\">pic.twitter.com\/GsGMFC8oTi<\/a><\/p>&mdash; S\u00e3o Paulo FC (@SaoPauloFC) <a href=\"https:\/\/twitter.com\/SaoPauloFC\/status\/1896930102308479346?ref_src=twsrc%5Etfw\">March 4, 2025<\/a><\/blockquote> <script async src=\"https:\/\/platform.twitter.com\/widgets.js\" charset=\"utf-8\"><\/script>\n\n\n\n<p>A aus\u00eancia do S\u00e3o Paulo no Conselho T\u00e9cnico gerou um certo desconforto dentro da FPF, que j\u00e1 havia confirmado a data das semifinais anteriormente. A entidade, no entanto, manteve a programa\u00e7\u00e3o estabelecida, com o jogo de ida entre Palmeiras e S\u00e3o Paulo sendo disputado na segunda-feira. De acordo com a FPF, a agenda apertada e a log\u00edstica das equipes tamb\u00e9m foram fatores considerados na escolha das datas.<\/p>\n\n\n\n<p>O S\u00e3o Paulo agora foca sua aten\u00e7\u00e3o no confronto contra o Palmeiras, que ser\u00e1 fundamental para sua perman\u00eancia na disputa pelo t\u00edtulo estadual. Apesar do desgaste com a data do jogo, o clube tenta n\u00e3o desviar o foco da prepara\u00e7\u00e3o para o cl\u00e1ssico, que pode ser decisivo para o futuro de ambas as equipes na competi\u00e7\u00e3o. O Tricolor ainda aguarda uma defini\u00e7\u00e3o sobre poss\u00edveis mudan\u00e7as na tabela, mas por enquanto, a data de segunda-feira permanece confirmada.<\/p>\n\n\n\n<p>O Palmeiras, por sua vez, tamb\u00e9m est\u00e1 em busca de um bom resultado em casa. A equipe vem de bons desempenhos e se prepara para o confronto com o S\u00e3o Paulo com grande expectativa, j\u00e1 que o cl\u00e1ssico promete ser um dos momentos mais aguardados do Campeonato Paulista. O jogo \u00e9 visto como um teste importante para ambos os clubes na luta pelo t\u00edtulo estadual.<\/p>\n\n\n\n<p>Com o cen\u00e1rio da semifinal j\u00e1 definido, a expectativa agora se concentra no duelo entre Palmeiras e S\u00e3o Paulo, que promete esquentar a briga pelo campeonato. Quem garantir vaga na final do Paulist\u00e3o, enfrenta o vencedor de Santos e Corinthians na grande decis\u00e3o. <\/p>\n","protected":false},"excerpt":{"rendered":"<p>Na manh\u00e3 desta ter\u00e7a-feira (4), o S\u00e3o Paulo demonstrou insatisfa\u00e7\u00e3o com a escolha da Federa\u00e7\u00e3o Paulista de Futebol (FPF) para a data de seu confronto contra o Palmeiras, pela semifinal do Campeonato Paulista. A partida est\u00e1 marcada para segunda-feira, dia 10 de mar\u00e7o, \u00e0s 21h35 (de Bras\u00edlia), no Allianz Parque. O clube se posicionou contra [&hellip;]<\/p>\n","protected":false},"author":23,"featured_media":191258,"comment_status":"open","ping_status":"closed","sticky":false,"template":"","format":"standard","meta":{"footnotes":""},"categories":[151],"tags":[],"class_list":["post-235531","post","type-post","status-publish","format-standard","has-post-thumbnail","hentry","category-sao-paulo"],"yoast_head":"<!-- This site is optimized with the Yoast SEO Premium plugin v24.2 (Yoast SEO v26.9) - https:\/\/yoast.com\/product\/yoast-seo-premium-wordpress\/ -->\n<title>S\u00e3o Paulo emite nota oficial direcionada ao Paulist\u00e3o<\/title>\n<meta name=\"robots\" content=\"index, follow, max-snippet:-1, max-image-preview:large, max-video-preview:-1\" \/>\n<link rel=\"canonical\" href=\"https:\/\/www.gaveanews.com\/index.php\/2025\/03\/04\/sao-paulo-emite-nota-oficial-direcionada-ao-paulistao\/\" \/>\n<meta property=\"og:locale\" content=\"pt_BR\" \/>\n<meta property=\"og:type\" content=\"article\" \/>\n<meta property=\"og:title\" content=\"S\u00e3o Paulo emite nota oficial direcionada ao Paulist\u00e3o\" \/>\n<meta property=\"og:description\" content=\"Na manh\u00e3 desta ter\u00e7a-feira (4), o S\u00e3o Paulo demonstrou insatisfa\u00e7\u00e3o com a escolha da Federa\u00e7\u00e3o Paulista de Futebol (FPF) para a data de seu confronto contra o Palmeiras, pela semifinal do Campeonato Paulista. A partida est\u00e1 marcada para segunda-feira, dia 10 de mar\u00e7o, \u00e0s 21h35 (de Bras\u00edlia), no Allianz Parque. O clube se posicionou contra [&hellip;]\" \/>\n<meta property=\"og:url\" content=\"https:\/\/www.gaveanews.com\/index.php\/2025\/03\/04\/sao-paulo-emite-nota-oficial-direcionada-ao-paulistao\/\" \/>\n<meta property=\"og:site_name\" content=\"G\u00e1vea News\" \/>\n<meta property=\"article:publisher\" content=\"https:\/\/facebook.com\/gaveaNews\/\" \/>\n<meta property=\"article:published_time\" content=\"2025-03-04T22:25:29+00:00\" \/>\n<meta property=\"og:image\" content=\"https:\/\/www.gaveanews.com\/wp-content\/uploads\/Trofeu-da-Copa-Sao-Paulo-de-Futebol-Junior.webp\" \/>\n\t<meta property=\"og:image:width\" content=\"1199\" \/>\n\t<meta property=\"og:image:height\" content=\"793\" \/>\n\t<meta property=\"og:image:type\" content=\"image\/webp\" \/>\n<meta name=\"author\" content=\"Leandro Azevedo\" \/>\n<meta name=\"twitter:card\" content=\"summary_large_image\" \/>\n<meta name=\"twitter:label1\" content=\"Escrito por\" \/>\n\t<meta name=\"twitter:data1\" content=\"Leandro Azevedo\" \/>\n\t<meta name=\"twitter:label2\" content=\"Est. tempo de leitura\" \/>\n\t<meta name=\"twitter:data2\" content=\"3 minutos\" \/>\n<script type=\"application\/ld+json\" class=\"yoast-schema-graph\">{\"@context\":\"https:\/\/schema.org\",\"@graph\":[{\"@type\":\"NewsArticle\",\"@id\":\"https:\/\/www.gaveanews.com\/index.php\/2025\/03\/04\/sao-paulo-emite-nota-oficial-direcionada-ao-paulistao\/#article\",\"isPartOf\":{\"@id\":\"https:\/\/www.gaveanews.com\/index.php\/2025\/03\/04\/sao-paulo-emite-nota-oficial-direcionada-ao-paulistao\/\"},\"author\":{\"name\":\"Leandro Azevedo\",\"@id\":\"https:\/\/www.gaveanews.com\/#\/schema\/person\/2877169f354c4596cf5aab74ea7c56a8\"},\"headline\":\"S\u00e3o Paulo emite nota oficial direcionada ao Paulist\u00e3o\",\"datePublished\":\"2025-03-04T22:25:29+00:00\",\"mainEntityOfPage\":{\"@id\":\"https:\/\/www.gaveanews.com\/index.php\/2025\/03\/04\/sao-paulo-emite-nota-oficial-direcionada-ao-paulistao\/\"},\"wordCount\":606,\"commentCount\":0,\"image\":{\"@id\":\"https:\/\/www.gaveanews.com\/index.php\/2025\/03\/04\/sao-paulo-emite-nota-oficial-direcionada-ao-paulistao\/#primaryimage\"},\"thumbnailUrl\":\"https:\/\/www.gaveanews.com\/wp-content\/uploads\/Trofeu-da-Copa-Sao-Paulo-de-Futebol-Junior.webp\",\"articleSection\":[\"S\u00e3o Paulo\"],\"inLanguage\":\"pt-BR\",\"potentialAction\":[{\"@type\":\"CommentAction\",\"name\":\"Comment\",\"target\":[\"https:\/\/www.gaveanews.com\/index.php\/2025\/03\/04\/sao-paulo-emite-nota-oficial-direcionada-ao-paulistao\/#respond\"]}],\"copyrightYear\":\"2025\",\"copyrightHolder\":{\"@id\":\"https:\/\/www.gaveanews.com\/#organization\"}},{\"@type\":\"WebPage\",\"@id\":\"https:\/\/www.gaveanews.com\/index.php\/2025\/03\/04\/sao-paulo-emite-nota-oficial-direcionada-ao-paulistao\/\",\"url\":\"https:\/\/www.gaveanews.com\/index.php\/2025\/03\/04\/sao-paulo-emite-nota-oficial-direcionada-ao-paulistao\/\",\"name\":\"S\u00e3o Paulo emite nota oficial direcionada ao Paulist\u00e3o\",\"isPartOf\":{\"@id\":\"https:\/\/www.gaveanews.com\/#website\"},\"primaryImageOfPage\":{\"@id\":\"https:\/\/www.gaveanews.com\/index.php\/2025\/03\/04\/sao-paulo-emite-nota-oficial-direcionada-ao-paulistao\/#primaryimage\"},\"image\":{\"@id\":\"https:\/\/www.gaveanews.com\/index.php\/2025\/03\/04\/sao-paulo-emite-nota-oficial-direcionada-ao-paulistao\/#primaryimage\"},\"thumbnailUrl\":\"https:\/\/www.gaveanews.com\/wp-content\/uploads\/Trofeu-da-Copa-Sao-Paulo-de-Futebol-Junior.webp\",\"datePublished\":\"2025-03-04T22:25:29+00:00\",\"author\":{\"@id\":\"https:\/\/www.gaveanews.com\/#\/schema\/person\/2877169f354c4596cf5aab74ea7c56a8\"},\"breadcrumb\":{\"@id\":\"https:\/\/www.gaveanews.com\/index.php\/2025\/03\/04\/sao-paulo-emite-nota-oficial-direcionada-ao-paulistao\/#breadcrumb\"},\"inLanguage\":\"pt-BR\",\"potentialAction\":[{\"@type\":\"ReadAction\",\"target\":[\"https:\/\/www.gaveanews.com\/index.php\/2025\/03\/04\/sao-paulo-emite-nota-oficial-direcionada-ao-paulistao\/\"]}]},{\"@type\":\"ImageObject\",\"inLanguage\":\"pt-BR\",\"@id\":\"https:\/\/www.gaveanews.com\/index.php\/2025\/03\/04\/sao-paulo-emite-nota-oficial-direcionada-ao-paulistao\/#primaryimage\",\"url\":\"https:\/\/www.gaveanews.com\/wp-content\/uploads\/Trofeu-da-Copa-Sao-Paulo-de-Futebol-Junior.webp\",\"contentUrl\":\"https:\/\/www.gaveanews.com\/wp-content\/uploads\/Trofeu-da-Copa-Sao-Paulo-de-Futebol-Junior.webp\",\"width\":1199,\"height\":793,\"caption\":\"Tr\u00f3feu da Copa S\u00e3o Paulo de Futebol Junior (Foto: Reprodu\u00e7\u00e3o\/Copinha)\"},{\"@type\":\"BreadcrumbList\",\"@id\":\"https:\/\/www.gaveanews.com\/index.php\/2025\/03\/04\/sao-paulo-emite-nota-oficial-direcionada-ao-paulistao\/#breadcrumb\",\"itemListElement\":[{\"@type\":\"ListItem\",\"position\":1,\"name\":\"Home\",\"item\":\"https:\/\/www.gaveanews.com\/\"},{\"@type\":\"ListItem\",\"position\":2,\"name\":\"S\u00e3o Paulo emite nota oficial direcionada ao Paulist\u00e3o\"}]},{\"@type\":\"WebSite\",\"@id\":\"https:\/\/www.gaveanews.com\/#website\",\"url\":\"https:\/\/www.gaveanews.com\/\",\"name\":\"G\u00e1vea News\",\"description\":\"Veja todas as not\u00edcias sobre o Flamengo: Contrata\u00e7\u00f5es, categorias de base, resultados das partidas, tabela de classifica\u00e7\u00e3o, pr\u00f3ximos jogos!\",\"potentialAction\":[{\"@type\":\"SearchAction\",\"target\":{\"@type\":\"EntryPoint\",\"urlTemplate\":\"https:\/\/www.gaveanews.com\/?s={search_term_string}\"},\"query-input\":{\"@type\":\"PropertyValueSpecification\",\"valueRequired\":true,\"valueName\":\"search_term_string\"}}],\"inLanguage\":\"pt-BR\"},{\"@type\":\"Person\",\"@id\":\"https:\/\/www.gaveanews.com\/#\/schema\/person\/2877169f354c4596cf5aab74ea7c56a8\",\"name\":\"Leandro Azevedo\",\"image\":{\"@type\":\"ImageObject\",\"inLanguage\":\"pt-BR\",\"@id\":\"https:\/\/www.gaveanews.com\/#\/schema\/person\/image\/\",\"url\":\"https:\/\/secure.gravatar.com\/avatar\/e2f72eb6d986a41d592a85e4e36a6c6170e9ea8a1f433dfc29d0011a8968f89c?s=96&d=mm&r=g\",\"contentUrl\":\"https:\/\/secure.gravatar.com\/avatar\/e2f72eb6d986a41d592a85e4e36a6c6170e9ea8a1f433dfc29d0011a8968f89c?s=96&d=mm&r=g\",\"caption\":\"Leandro Azevedo\"}}]}<\/script>\n<!-- \/ Yoast SEO Premium plugin. -->","yoast_head_json":{"title":"S\u00e3o Paulo emite nota oficial direcionada ao Paulist\u00e3o","robots":{"index":"index","follow":"follow","max-snippet":"max-snippet:-1","max-image-preview":"max-image-preview:large","max-video-preview":"max-video-preview:-1"},"canonical":"https:\/\/www.gaveanews.com\/index.php\/2025\/03\/04\/sao-paulo-emite-nota-oficial-direcionada-ao-paulistao\/","og_locale":"pt_BR","og_type":"article","og_title":"S\u00e3o Paulo emite nota oficial direcionada ao Paulist\u00e3o","og_description":"Na manh\u00e3 desta ter\u00e7a-feira (4), o S\u00e3o Paulo demonstrou insatisfa\u00e7\u00e3o com a escolha da Federa\u00e7\u00e3o Paulista de Futebol (FPF) para a data de seu confronto contra o Palmeiras, pela semifinal do Campeonato Paulista. A partida est\u00e1 marcada para segunda-feira, dia 10 de mar\u00e7o, \u00e0s 21h35 (de Bras\u00edlia), no Allianz Parque. O clube se posicionou contra [&hellip;]","og_url":"https:\/\/www.gaveanews.com\/index.php\/2025\/03\/04\/sao-paulo-emite-nota-oficial-direcionada-ao-paulistao\/","og_site_name":"G\u00e1vea News","article_publisher":"https:\/\/facebook.com\/gaveaNews\/","article_published_time":"2025-03-04T22:25:29+00:00","og_image":[{"width":1199,"height":793,"url":"https:\/\/www.gaveanews.com\/wp-content\/uploads\/Trofeu-da-Copa-Sao-Paulo-de-Futebol-Junior.webp","type":"image\/webp"}],"author":"Leandro Azevedo","twitter_card":"summary_large_image","twitter_misc":{"Escrito por":"Leandro Azevedo","Est. tempo de leitura":"3 minutos"},"schema":{"@context":"https:\/\/schema.org","@graph":[{"@type":"NewsArticle","@id":"https:\/\/www.gaveanews.com\/index.php\/2025\/03\/04\/sao-paulo-emite-nota-oficial-direcionada-ao-paulistao\/#article","isPartOf":{"@id":"https:\/\/www.gaveanews.com\/index.php\/2025\/03\/04\/sao-paulo-emite-nota-oficial-direcionada-ao-paulistao\/"},"author":{"name":"Leandro Azevedo","@id":"https:\/\/www.gaveanews.com\/#\/schema\/person\/2877169f354c4596cf5aab74ea7c56a8"},"headline":"S\u00e3o Paulo emite nota oficial direcionada ao Paulist\u00e3o","datePublished":"2025-03-04T22:25:29+00:00","mainEntityOfPage":{"@id":"https:\/\/www.gaveanews.com\/index.php\/2025\/03\/04\/sao-paulo-emite-nota-oficial-direcionada-ao-paulistao\/"},"wordCount":606,"commentCount":0,"image":{"@id":"https:\/\/www.gaveanews.com\/index.php\/2025\/03\/04\/sao-paulo-emite-nota-oficial-direcionada-ao-paulistao\/#primaryimage"},"thumbnailUrl":"https:\/\/www.gaveanews.com\/wp-content\/uploads\/Trofeu-da-Copa-Sao-Paulo-de-Futebol-Junior.webp","articleSection":["S\u00e3o Paulo"],"inLanguage":"pt-BR","potentialAction":[{"@type":"CommentAction","name":"Comment","target":["https:\/\/www.gaveanews.com\/index.php\/2025\/03\/04\/sao-paulo-emite-nota-oficial-direcionada-ao-paulistao\/#respond"]}],"copyrightYear":"2025","copyrightHolder":{"@id":"https:\/\/www.gaveanews.com\/#organization"}},{"@type":"WebPage","@id":"https:\/\/www.gaveanews.com\/index.php\/2025\/03\/04\/sao-paulo-emite-nota-oficial-direcionada-ao-paulistao\/","url":"https:\/\/www.gaveanews.com\/index.php\/2025\/03\/04\/sao-paulo-emite-nota-oficial-direcionada-ao-paulistao\/","name":"S\u00e3o Paulo emite nota oficial direcionada ao Paulist\u00e3o","isPartOf":{"@id":"https:\/\/www.gaveanews.com\/#website"},"primaryImageOfPage":{"@id":"https:\/\/www.gaveanews.com\/index.php\/2025\/03\/04\/sao-paulo-emite-nota-oficial-direcionada-ao-paulistao\/#primaryimage"},"image":{"@id":"https:\/\/www.gaveanews.com\/index.php\/2025\/03\/04\/sao-paulo-emite-nota-oficial-direcionada-ao-paulistao\/#primaryimage"},"thumbnailUrl":"https:\/\/www.gaveanews.com\/wp-content\/uploads\/Trofeu-da-Copa-Sao-Paulo-de-Futebol-Junior.webp","datePublished":"2025-03-04T22:25:29+00:00","author":{"@id":"https:\/\/www.gaveanews.com\/#\/schema\/person\/2877169f354c4596cf5aab74ea7c56a8"},"breadcrumb":{"@id":"https:\/\/www.gaveanews.com\/index.php\/2025\/03\/04\/sao-paulo-emite-nota-oficial-direcionada-ao-paulistao\/#breadcrumb"},"inLanguage":"pt-BR","potentialAction":[{"@type":"ReadAction","target":["https:\/\/www.gaveanews.com\/index.php\/2025\/03\/04\/sao-paulo-emite-nota-oficial-direcionada-ao-paulistao\/"]}]},{"@type":"ImageObject","inLanguage":"pt-BR","@id":"https:\/\/www.gaveanews.com\/index.php\/2025\/03\/04\/sao-paulo-emite-nota-oficial-direcionada-ao-paulistao\/#primaryimage","url":"https:\/\/www.gaveanews.com\/wp-content\/uploads\/Trofeu-da-Copa-Sao-Paulo-de-Futebol-Junior.webp","contentUrl":"https:\/\/www.gaveanews.com\/wp-content\/uploads\/Trofeu-da-Copa-Sao-Paulo-de-Futebol-Junior.webp","width":1199,"height":793,"caption":"Tr\u00f3feu da Copa S\u00e3o Paulo de Futebol Junior (Foto: Reprodu\u00e7\u00e3o\/Copinha)"},{"@type":"BreadcrumbList","@id":"https:\/\/www.gaveanews.com\/index.php\/2025\/03\/04\/sao-paulo-emite-nota-oficial-direcionada-ao-paulistao\/#breadcrumb","itemListElement":[{"@type":"ListItem","position":1,"name":"Home","item":"https:\/\/www.gaveanews.com\/"},{"@type":"ListItem","position":2,"name":"S\u00e3o Paulo emite nota oficial direcionada ao Paulist\u00e3o"}]},{"@type":"WebSite","@id":"https:\/\/www.gaveanews.com\/#website","url":"https:\/\/www.gaveanews.com\/","name":"G\u00e1vea News","description":"Veja todas as not\u00edcias sobre o Flamengo: Contrata\u00e7\u00f5es, categorias de base, resultados das partidas, tabela de classifica\u00e7\u00e3o, pr\u00f3ximos jogos!","potentialAction":[{"@type":"SearchAction","target":{"@type":"EntryPoint","urlTemplate":"https:\/\/www.gaveanews.com\/?s={search_term_string}"},"query-input":{"@type":"PropertyValueSpecification","valueRequired":true,"valueName":"search_term_string"}}],"inLanguage":"pt-BR"},{"@type":"Person","@id":"https:\/\/www.gaveanews.com\/#\/schema\/person\/2877169f354c4596cf5aab74ea7c56a8","name":"Leandro Azevedo","image":{"@type":"ImageObject","inLanguage":"pt-BR","@id":"https:\/\/www.gaveanews.com\/#\/schema\/person\/image\/","url":"https:\/\/secure.gravatar.com\/avatar\/e2f72eb6d986a41d592a85e4e36a6c6170e9ea8a1f433dfc29d0011a8968f89c?s=96&d=mm&r=g","contentUrl":"https:\/\/secure.gravatar.com\/avatar\/e2f72eb6d986a41d592a85e4e36a6c6170e9ea8a1f433dfc29d0011a8968f89c?s=96&d=mm&r=g","caption":"Leandro Azevedo"}}]}},"_links":{"self":[{"href":"https:\/\/www.gaveanews.com\/index.php\/wp-json\/wp\/v2\/posts\/235531","targetHints":{"allow":["GET"]}}],"collection":[{"href":"https:\/\/www.gaveanews.com\/index.php\/wp-json\/wp\/v2\/posts"}],"about":[{"href":"https:\/\/www.gaveanews.com\/index.php\/wp-json\/wp\/v2\/types\/post"}],"author":[{"embeddable":true,"href":"https:\/\/www.gaveanews.com\/index.php\/wp-json\/wp\/v2\/users\/23"}],"replies":[{"embeddable":true,"href":"https:\/\/www.gaveanews.com\/index.php\/wp-json\/wp\/v2\/comments?post=235531"}],"version-history":[{"count":2,"href":"https:\/\/www.gaveanews.com\/index.php\/wp-json\/wp\/v2\/posts\/235531\/revisions"}],"predecessor-version":[{"id":235759,"href":"https:\/\/www.gaveanews.com\/index.php\/wp-json\/wp\/v2\/posts\/235531\/revisions\/235759"}],"wp:featuredmedia":[{"embeddable":true,"href":"https:\/\/www.gaveanews.com\/index.php\/wp-json\/wp\/v2\/media\/191258"}],"wp:attachment":[{"href":"https:\/\/www.gaveanews.com\/index.php\/wp-json\/wp\/v2\/media?parent=235531"}],"wp:term":[{"taxonomy":"category","embeddable":true,"href":"https:\/\/www.gaveanews.com\/index.php\/wp-json\/wp\/v2\/categories?post=235531"},{"taxonomy":"post_tag","embeddable":true,"href":"https:\/\/www.gaveanews.com\/index.php\/wp-json\/wp\/v2\/tags?post=235531"}],"curies":[{"name":"wp","href":"https:\/\/api.w.org\/{rel}","templated":true}]}}