{"id":23556,"date":"2019-07-24T23:31:12","date_gmt":"2019-07-25T02:31:12","guid":{"rendered":"http:\/\/www.gaveanews.com\/?p=23556"},"modified":"2019-07-24T23:31:13","modified_gmt":"2019-07-25T02:31:13","slug":"flamengo-joga-mal-fora-de-casa-sai-derrotado-por-2-a-0-para-o-emelec-e-tera-que-buscar-classificacao-no-maracana","status":"publish","type":"post","link":"https:\/\/www.gaveanews.com\/index.php\/2019\/07\/24\/flamengo-joga-mal-fora-de-casa-sai-derrotado-por-2-a-0-para-o-emelec-e-tera-que-buscar-classificacao-no-maracana\/","title":{"rendered":"Flamengo joga mal fora de casa, sai derrotado por 2 a 0 para o Emelec e ter\u00e1 que buscar classifica\u00e7\u00e3o no Maracan\u00e3"},"content":{"rendered":"\n<p>O Flamengo n\u00e3o se encontrou na partida realizada na noite desta quarta-feira (24), contra o Emelec, do Equador, pelas oitavas de final da Libertadores. Os comandados de Jorge Jesus sa\u00edram derrotados por 2 a 0 em Guayaquil e ter\u00e3o que reverter a situa\u00e7\u00e3o no Rio de Janeiro.<\/p>\n\n\n\n<p>Com o resultado, o Rubro-Negro precisar\u00e1, ao menos, repetir o resultado para levar a \u201cdecis\u00e3o\u201d para as penalidades. O jogo de volta acontece na pr\u00f3xima quarta-feira (31), no Maracan\u00e3. <\/p>\n\n\n\n<p>Antes disso, o clube da G\u00e1vea encara o Botafogo, neste domingo (28), pela 12\u00aa rodada do Campeonato Brasileiro. As duas equipes se enfrentam \u00e0s 16h (hor\u00e1rio de Bras\u00edlia), tamb\u00e9m no Maracan\u00e3.<\/p>\n\n\n\n<h3 class=\"wp-block-heading\"><strong>RESUMO DO JOGO<\/strong><\/h3>\n\n\n\n<p>O Flamengo iniciou a partida tomando as iniciativas, enquanto o Emelec procurava se manter no seu campo de defesa. A t\u00e1tica dos mandantes funcionada \u00e0 medida que o Rubro-Negro n\u00e3o conseguia sair para o jogo.<\/p>\n\n\n\n<p>Tendo o desfalque de tr\u00eas de suas principais pe\u00e7as do ataque (Arrascaeta, Everton Ribeiro e Vitinho), a equipe comandada por Jorge Jesus n\u00e3o se encontrou nos minutos iniciais de partida e levou duro golpe, logo aos 10.<\/p>\n\n\n\n<p>No segundo ataque do Emelec, Guerrero recebeu na linha de fundo pela direita e cruzou para Godoy, com muita liberdade na \u00e1rea, bater de primeira e vencer o goleiro Diego Alves, abrindo o placar no Est\u00e1dio George Capwell.<\/p>\n\n\n\n<p>Com dificuldades para iniciar a cria\u00e7\u00e3o das jogadas, a equipe carioca somente conseguiu responder aos 30 minutos, atrav\u00e9s de jogada individual de Gabigol. O camisa 9 rubro-negro fez fila na defesa equatoriana e arrematou de bico na entrada da \u00e1rea. Dreer, bem posicionado, espalmou o chute e afastou o perigo.<\/p>\n\n\n\n<p>No in\u00edcio da etapa complementar, o Emelec teve a expuls\u00e3o de Vega ap\u00f3s contra-ataque perigoso do Rubro-Negro. Com um a mais em campo, os comandados de Jorge Jesus tiveram mais espa\u00e7o para criar as jogadas.<\/p>\n\n\n\n<p>A primeira grande chance da equipe carioca nos 45 finais esteve sob os p\u00e9s de Lincoln, que entrou no lugar de Rodinei, aos 15 minutos. Gerson descolou \u00f3timo passe para o jovem atacante. Livre na entrada da \u00e1rea, o garoto isolou e perdeu grande oportunidade de igualar o placar.<\/p>\n\n\n\n<p>O que parecia o in\u00edcio de uma blitz rubro-negra se tornou um verdadeiro drama. Isso porque, aos 26 minutos, Diego recebeu falta dura e saiu de maca diretamente para o vesti\u00e1rio. Com as tr\u00eas substitui\u00e7\u00f5es j\u00e1 realizadas, o Fla ficou com a mesma quantidade num\u00e9rica dos equatorianos.<\/p>\n\n\n\n<p>O Emelec ainda chegou ao segundo gol e fechou o placar dentro de casa. Se aproveitando da desorganiza\u00e7\u00e3o do Flamengo, Caicedo recebeu dentro da \u00e1rea e bateu de primeira. A bola ainda desviou em Ren\u00ea, matando qualquer possibilidade de defesa de Gabriel.<\/p>\n\n\n\n\n\n<p>Retirado de: Coluna do Fla<\/p>\n","protected":false},"excerpt":{"rendered":"<p>O Flamengo n\u00e3o se encontrou na partida realizada na noite desta quarta-feira (24), contra o Emelec, do Equador, pelas oitavas de final da Libertadores. Os comandados de Jorge Jesus sa\u00edram derrotados por 2 a 0 em Guayaquil e ter\u00e3o que reverter a situa\u00e7\u00e3o no Rio de Janeiro. Com o resultado, o Rubro-Negro precisar\u00e1, ao menos, [&hellip;]<\/p>\n","protected":false},"author":1,"featured_media":14851,"comment_status":"open","ping_status":"open","sticky":false,"template":"","format":"standard","meta":{"footnotes":""},"categories":[1],"tags":[],"class_list":["post-23556","post","type-post","status-publish","format-standard","has-post-thumbnail","hentry","category-flamengo"],"yoast_head":"<!-- This site is optimized with the Yoast SEO Premium plugin v24.2 (Yoast SEO v26.9) - https:\/\/yoast.com\/product\/yoast-seo-premium-wordpress\/ -->\n<title>Flamengo joga mal fora de casa, sai derrotado por 2 a 0 para o Emelec e ter\u00e1 que buscar classifica\u00e7\u00e3o no Maracan\u00e3<\/title>\n<meta name=\"robots\" content=\"index, follow, max-snippet:-1, max-image-preview:large, max-video-preview:-1\" \/>\n<link rel=\"canonical\" href=\"https:\/\/www.gaveanews.com\/index.php\/2019\/07\/24\/flamengo-joga-mal-fora-de-casa-sai-derrotado-por-2-a-0-para-o-emelec-e-tera-que-buscar-classificacao-no-maracana\/\" \/>\n<meta property=\"og:locale\" content=\"pt_BR\" \/>\n<meta property=\"og:type\" content=\"article\" \/>\n<meta property=\"og:title\" content=\"Flamengo joga mal fora de casa, sai derrotado por 2 a 0 para o Emelec e ter\u00e1 que buscar classifica\u00e7\u00e3o no Maracan\u00e3\" \/>\n<meta property=\"og:description\" content=\"O Flamengo n\u00e3o se encontrou na partida realizada na noite desta quarta-feira (24), contra o Emelec, do Equador, pelas oitavas de final da Libertadores. Os comandados de Jorge Jesus sa\u00edram derrotados por 2 a 0 em Guayaquil e ter\u00e3o que reverter a situa\u00e7\u00e3o no Rio de Janeiro. Com o resultado, o Rubro-Negro precisar\u00e1, ao menos, [&hellip;]\" \/>\n<meta property=\"og:url\" content=\"https:\/\/www.gaveanews.com\/index.php\/2019\/07\/24\/flamengo-joga-mal-fora-de-casa-sai-derrotado-por-2-a-0-para-o-emelec-e-tera-que-buscar-classificacao-no-maracana\/\" \/>\n<meta property=\"og:site_name\" content=\"G\u00e1vea News\" \/>\n<meta property=\"article:publisher\" content=\"https:\/\/facebook.com\/gaveaNews\/\" \/>\n<meta property=\"article:published_time\" content=\"2019-07-25T02:31:12+00:00\" \/>\n<meta property=\"article:modified_time\" content=\"2019-07-25T02:31:13+00:00\" \/>\n<meta property=\"og:image\" content=\"https:\/\/www.gaveanews.com\/wp-content\/uploads\/2019\/03\/Taca-da-Copa-Libertadores-da-America.webp\" \/>\n\t<meta property=\"og:image:width\" content=\"1\" \/>\n\t<meta property=\"og:image:height\" content=\"1\" \/>\n\t<meta property=\"og:image:type\" content=\"image\/jpeg\" \/>\n<meta name=\"author\" content=\"Equipe G\u00e1vea News\" \/>\n<meta name=\"twitter:card\" content=\"summary_large_image\" \/>\n<meta name=\"twitter:label1\" content=\"Escrito por\" \/>\n\t<meta name=\"twitter:data1\" content=\"Equipe G\u00e1vea News\" \/>\n\t<meta name=\"twitter:label2\" content=\"Est. tempo de leitura\" \/>\n\t<meta name=\"twitter:data2\" content=\"2 minutos\" \/>\n<script type=\"application\/ld+json\" class=\"yoast-schema-graph\">{\"@context\":\"https:\/\/schema.org\",\"@graph\":[{\"@type\":\"NewsArticle\",\"@id\":\"https:\/\/www.gaveanews.com\/index.php\/2019\/07\/24\/flamengo-joga-mal-fora-de-casa-sai-derrotado-por-2-a-0-para-o-emelec-e-tera-que-buscar-classificacao-no-maracana\/#article\",\"isPartOf\":{\"@id\":\"https:\/\/www.gaveanews.com\/index.php\/2019\/07\/24\/flamengo-joga-mal-fora-de-casa-sai-derrotado-por-2-a-0-para-o-emelec-e-tera-que-buscar-classificacao-no-maracana\/\"},\"author\":{\"name\":\"Equipe G\u00e1vea News\",\"@id\":\"https:\/\/www.gaveanews.com\/#\/schema\/person\/2ec14f73fb96be2caf28f91afb14749d\"},\"headline\":\"Flamengo joga mal fora de casa, sai derrotado por 2 a 0 para o Emelec e ter\u00e1 que buscar classifica\u00e7\u00e3o no Maracan\u00e3\",\"datePublished\":\"2019-07-25T02:31:12+00:00\",\"dateModified\":\"2019-07-25T02:31:13+00:00\",\"mainEntityOfPage\":{\"@id\":\"https:\/\/www.gaveanews.com\/index.php\/2019\/07\/24\/flamengo-joga-mal-fora-de-casa-sai-derrotado-por-2-a-0-para-o-emelec-e-tera-que-buscar-classificacao-no-maracana\/\"},\"wordCount\":485,\"commentCount\":0,\"image\":{\"@id\":\"https:\/\/www.gaveanews.com\/index.php\/2019\/07\/24\/flamengo-joga-mal-fora-de-casa-sai-derrotado-por-2-a-0-para-o-emelec-e-tera-que-buscar-classificacao-no-maracana\/#primaryimage\"},\"thumbnailUrl\":\"https:\/\/www.gaveanews.com\/wp-content\/uploads\/2019\/03\/Taca-da-Copa-Libertadores-da-America.webp\",\"articleSection\":[\"Flamengo\"],\"inLanguage\":\"pt-BR\",\"potentialAction\":[{\"@type\":\"CommentAction\",\"name\":\"Comment\",\"target\":[\"https:\/\/www.gaveanews.com\/index.php\/2019\/07\/24\/flamengo-joga-mal-fora-de-casa-sai-derrotado-por-2-a-0-para-o-emelec-e-tera-que-buscar-classificacao-no-maracana\/#respond\"]}],\"copyrightYear\":\"2019\",\"copyrightHolder\":{\"@id\":\"https:\/\/www.gaveanews.com\/#organization\"}},{\"@type\":\"WebPage\",\"@id\":\"https:\/\/www.gaveanews.com\/index.php\/2019\/07\/24\/flamengo-joga-mal-fora-de-casa-sai-derrotado-por-2-a-0-para-o-emelec-e-tera-que-buscar-classificacao-no-maracana\/\",\"url\":\"https:\/\/www.gaveanews.com\/index.php\/2019\/07\/24\/flamengo-joga-mal-fora-de-casa-sai-derrotado-por-2-a-0-para-o-emelec-e-tera-que-buscar-classificacao-no-maracana\/\",\"name\":\"Flamengo joga mal fora de casa, sai derrotado por 2 a 0 para o Emelec e ter\u00e1 que buscar classifica\u00e7\u00e3o no Maracan\u00e3\",\"isPartOf\":{\"@id\":\"https:\/\/www.gaveanews.com\/#website\"},\"primaryImageOfPage\":{\"@id\":\"https:\/\/www.gaveanews.com\/index.php\/2019\/07\/24\/flamengo-joga-mal-fora-de-casa-sai-derrotado-por-2-a-0-para-o-emelec-e-tera-que-buscar-classificacao-no-maracana\/#primaryimage\"},\"image\":{\"@id\":\"https:\/\/www.gaveanews.com\/index.php\/2019\/07\/24\/flamengo-joga-mal-fora-de-casa-sai-derrotado-por-2-a-0-para-o-emelec-e-tera-que-buscar-classificacao-no-maracana\/#primaryimage\"},\"thumbnailUrl\":\"https:\/\/www.gaveanews.com\/wp-content\/uploads\/2019\/03\/Taca-da-Copa-Libertadores-da-America.webp\",\"datePublished\":\"2019-07-25T02:31:12+00:00\",\"dateModified\":\"2019-07-25T02:31:13+00:00\",\"author\":{\"@id\":\"https:\/\/www.gaveanews.com\/#\/schema\/person\/2ec14f73fb96be2caf28f91afb14749d\"},\"breadcrumb\":{\"@id\":\"https:\/\/www.gaveanews.com\/index.php\/2019\/07\/24\/flamengo-joga-mal-fora-de-casa-sai-derrotado-por-2-a-0-para-o-emelec-e-tera-que-buscar-classificacao-no-maracana\/#breadcrumb\"},\"inLanguage\":\"pt-BR\",\"potentialAction\":[{\"@type\":\"ReadAction\",\"target\":[\"https:\/\/www.gaveanews.com\/index.php\/2019\/07\/24\/flamengo-joga-mal-fora-de-casa-sai-derrotado-por-2-a-0-para-o-emelec-e-tera-que-buscar-classificacao-no-maracana\/\"]}]},{\"@type\":\"ImageObject\",\"inLanguage\":\"pt-BR\",\"@id\":\"https:\/\/www.gaveanews.com\/index.php\/2019\/07\/24\/flamengo-joga-mal-fora-de-casa-sai-derrotado-por-2-a-0-para-o-emelec-e-tera-que-buscar-classificacao-no-maracana\/#primaryimage\",\"url\":\"https:\/\/www.gaveanews.com\/wp-content\/uploads\/2019\/03\/Taca-da-Copa-Libertadores-da-America.webp\",\"contentUrl\":\"https:\/\/www.gaveanews.com\/wp-content\/uploads\/2019\/03\/Taca-da-Copa-Libertadores-da-America.webp\",\"caption\":\"Ta\u00e7a da Copa Libertadores da Am\u00e9rica (Foto: Divulga\u00e7\u00e3o\/Conmebol)\"},{\"@type\":\"BreadcrumbList\",\"@id\":\"https:\/\/www.gaveanews.com\/index.php\/2019\/07\/24\/flamengo-joga-mal-fora-de-casa-sai-derrotado-por-2-a-0-para-o-emelec-e-tera-que-buscar-classificacao-no-maracana\/#breadcrumb\",\"itemListElement\":[{\"@type\":\"ListItem\",\"position\":1,\"name\":\"Home\",\"item\":\"https:\/\/www.gaveanews.com\/\"},{\"@type\":\"ListItem\",\"position\":2,\"name\":\"Flamengo joga mal fora de casa, sai derrotado por 2 a 0 para o Emelec e ter\u00e1 que buscar classifica\u00e7\u00e3o no Maracan\u00e3\"}]},{\"@type\":\"WebSite\",\"@id\":\"https:\/\/www.gaveanews.com\/#website\",\"url\":\"https:\/\/www.gaveanews.com\/\",\"name\":\"G\u00e1vea News\",\"description\":\"Veja todas as not\u00edcias sobre o Flamengo: Contrata\u00e7\u00f5es, categorias de base, resultados das partidas, tabela de classifica\u00e7\u00e3o, pr\u00f3ximos jogos!\",\"potentialAction\":[{\"@type\":\"SearchAction\",\"target\":{\"@type\":\"EntryPoint\",\"urlTemplate\":\"https:\/\/www.gaveanews.com\/?s={search_term_string}\"},\"query-input\":{\"@type\":\"PropertyValueSpecification\",\"valueRequired\":true,\"valueName\":\"search_term_string\"}}],\"inLanguage\":\"pt-BR\"},{\"@type\":\"Person\",\"@id\":\"https:\/\/www.gaveanews.com\/#\/schema\/person\/2ec14f73fb96be2caf28f91afb14749d\",\"name\":\"Equipe G\u00e1vea News\",\"image\":{\"@type\":\"ImageObject\",\"inLanguage\":\"pt-BR\",\"@id\":\"https:\/\/www.gaveanews.com\/#\/schema\/person\/image\/\",\"url\":\"https:\/\/secure.gravatar.com\/avatar\/1e1956f1facbffd3f8fa53a326721950116b3b9dc9bd44939c01180fd4a745a9?s=96&d=mm&r=g\",\"contentUrl\":\"https:\/\/secure.gravatar.com\/avatar\/1e1956f1facbffd3f8fa53a326721950116b3b9dc9bd44939c01180fd4a745a9?s=96&d=mm&r=g\",\"caption\":\"Equipe G\u00e1vea News\"}}]}<\/script>\n<!-- \/ Yoast SEO Premium plugin. -->","yoast_head_json":{"title":"Flamengo joga mal fora de casa, sai derrotado por 2 a 0 para o Emelec e ter\u00e1 que buscar classifica\u00e7\u00e3o no Maracan\u00e3","robots":{"index":"index","follow":"follow","max-snippet":"max-snippet:-1","max-image-preview":"max-image-preview:large","max-video-preview":"max-video-preview:-1"},"canonical":"https:\/\/www.gaveanews.com\/index.php\/2019\/07\/24\/flamengo-joga-mal-fora-de-casa-sai-derrotado-por-2-a-0-para-o-emelec-e-tera-que-buscar-classificacao-no-maracana\/","og_locale":"pt_BR","og_type":"article","og_title":"Flamengo joga mal fora de casa, sai derrotado por 2 a 0 para o Emelec e ter\u00e1 que buscar classifica\u00e7\u00e3o no Maracan\u00e3","og_description":"O Flamengo n\u00e3o se encontrou na partida realizada na noite desta quarta-feira (24), contra o Emelec, do Equador, pelas oitavas de final da Libertadores. Os comandados de Jorge Jesus sa\u00edram derrotados por 2 a 0 em Guayaquil e ter\u00e3o que reverter a situa\u00e7\u00e3o no Rio de Janeiro. Com o resultado, o Rubro-Negro precisar\u00e1, ao menos, [&hellip;]","og_url":"https:\/\/www.gaveanews.com\/index.php\/2019\/07\/24\/flamengo-joga-mal-fora-de-casa-sai-derrotado-por-2-a-0-para-o-emelec-e-tera-que-buscar-classificacao-no-maracana\/","og_site_name":"G\u00e1vea News","article_publisher":"https:\/\/facebook.com\/gaveaNews\/","article_published_time":"2019-07-25T02:31:12+00:00","article_modified_time":"2019-07-25T02:31:13+00:00","og_image":[{"url":"https:\/\/www.gaveanews.com\/wp-content\/uploads\/2019\/03\/Taca-da-Copa-Libertadores-da-America.webp","width":1,"height":1,"type":"image\/jpeg"}],"author":"Equipe G\u00e1vea News","twitter_card":"summary_large_image","twitter_misc":{"Escrito por":"Equipe G\u00e1vea News","Est. tempo de leitura":"2 minutos"},"schema":{"@context":"https:\/\/schema.org","@graph":[{"@type":"NewsArticle","@id":"https:\/\/www.gaveanews.com\/index.php\/2019\/07\/24\/flamengo-joga-mal-fora-de-casa-sai-derrotado-por-2-a-0-para-o-emelec-e-tera-que-buscar-classificacao-no-maracana\/#article","isPartOf":{"@id":"https:\/\/www.gaveanews.com\/index.php\/2019\/07\/24\/flamengo-joga-mal-fora-de-casa-sai-derrotado-por-2-a-0-para-o-emelec-e-tera-que-buscar-classificacao-no-maracana\/"},"author":{"name":"Equipe G\u00e1vea News","@id":"https:\/\/www.gaveanews.com\/#\/schema\/person\/2ec14f73fb96be2caf28f91afb14749d"},"headline":"Flamengo joga mal fora de casa, sai derrotado por 2 a 0 para o Emelec e ter\u00e1 que buscar classifica\u00e7\u00e3o no Maracan\u00e3","datePublished":"2019-07-25T02:31:12+00:00","dateModified":"2019-07-25T02:31:13+00:00","mainEntityOfPage":{"@id":"https:\/\/www.gaveanews.com\/index.php\/2019\/07\/24\/flamengo-joga-mal-fora-de-casa-sai-derrotado-por-2-a-0-para-o-emelec-e-tera-que-buscar-classificacao-no-maracana\/"},"wordCount":485,"commentCount":0,"image":{"@id":"https:\/\/www.gaveanews.com\/index.php\/2019\/07\/24\/flamengo-joga-mal-fora-de-casa-sai-derrotado-por-2-a-0-para-o-emelec-e-tera-que-buscar-classificacao-no-maracana\/#primaryimage"},"thumbnailUrl":"https:\/\/www.gaveanews.com\/wp-content\/uploads\/2019\/03\/Taca-da-Copa-Libertadores-da-America.webp","articleSection":["Flamengo"],"inLanguage":"pt-BR","potentialAction":[{"@type":"CommentAction","name":"Comment","target":["https:\/\/www.gaveanews.com\/index.php\/2019\/07\/24\/flamengo-joga-mal-fora-de-casa-sai-derrotado-por-2-a-0-para-o-emelec-e-tera-que-buscar-classificacao-no-maracana\/#respond"]}],"copyrightYear":"2019","copyrightHolder":{"@id":"https:\/\/www.gaveanews.com\/#organization"}},{"@type":"WebPage","@id":"https:\/\/www.gaveanews.com\/index.php\/2019\/07\/24\/flamengo-joga-mal-fora-de-casa-sai-derrotado-por-2-a-0-para-o-emelec-e-tera-que-buscar-classificacao-no-maracana\/","url":"https:\/\/www.gaveanews.com\/index.php\/2019\/07\/24\/flamengo-joga-mal-fora-de-casa-sai-derrotado-por-2-a-0-para-o-emelec-e-tera-que-buscar-classificacao-no-maracana\/","name":"Flamengo joga mal fora de casa, sai derrotado por 2 a 0 para o Emelec e ter\u00e1 que buscar classifica\u00e7\u00e3o no Maracan\u00e3","isPartOf":{"@id":"https:\/\/www.gaveanews.com\/#website"},"primaryImageOfPage":{"@id":"https:\/\/www.gaveanews.com\/index.php\/2019\/07\/24\/flamengo-joga-mal-fora-de-casa-sai-derrotado-por-2-a-0-para-o-emelec-e-tera-que-buscar-classificacao-no-maracana\/#primaryimage"},"image":{"@id":"https:\/\/www.gaveanews.com\/index.php\/2019\/07\/24\/flamengo-joga-mal-fora-de-casa-sai-derrotado-por-2-a-0-para-o-emelec-e-tera-que-buscar-classificacao-no-maracana\/#primaryimage"},"thumbnailUrl":"https:\/\/www.gaveanews.com\/wp-content\/uploads\/2019\/03\/Taca-da-Copa-Libertadores-da-America.webp","datePublished":"2019-07-25T02:31:12+00:00","dateModified":"2019-07-25T02:31:13+00:00","author":{"@id":"https:\/\/www.gaveanews.com\/#\/schema\/person\/2ec14f73fb96be2caf28f91afb14749d"},"breadcrumb":{"@id":"https:\/\/www.gaveanews.com\/index.php\/2019\/07\/24\/flamengo-joga-mal-fora-de-casa-sai-derrotado-por-2-a-0-para-o-emelec-e-tera-que-buscar-classificacao-no-maracana\/#breadcrumb"},"inLanguage":"pt-BR","potentialAction":[{"@type":"ReadAction","target":["https:\/\/www.gaveanews.com\/index.php\/2019\/07\/24\/flamengo-joga-mal-fora-de-casa-sai-derrotado-por-2-a-0-para-o-emelec-e-tera-que-buscar-classificacao-no-maracana\/"]}]},{"@type":"ImageObject","inLanguage":"pt-BR","@id":"https:\/\/www.gaveanews.com\/index.php\/2019\/07\/24\/flamengo-joga-mal-fora-de-casa-sai-derrotado-por-2-a-0-para-o-emelec-e-tera-que-buscar-classificacao-no-maracana\/#primaryimage","url":"https:\/\/www.gaveanews.com\/wp-content\/uploads\/2019\/03\/Taca-da-Copa-Libertadores-da-America.webp","contentUrl":"https:\/\/www.gaveanews.com\/wp-content\/uploads\/2019\/03\/Taca-da-Copa-Libertadores-da-America.webp","caption":"Ta\u00e7a da Copa Libertadores da Am\u00e9rica (Foto: Divulga\u00e7\u00e3o\/Conmebol)"},{"@type":"BreadcrumbList","@id":"https:\/\/www.gaveanews.com\/index.php\/2019\/07\/24\/flamengo-joga-mal-fora-de-casa-sai-derrotado-por-2-a-0-para-o-emelec-e-tera-que-buscar-classificacao-no-maracana\/#breadcrumb","itemListElement":[{"@type":"ListItem","position":1,"name":"Home","item":"https:\/\/www.gaveanews.com\/"},{"@type":"ListItem","position":2,"name":"Flamengo joga mal fora de casa, sai derrotado por 2 a 0 para o Emelec e ter\u00e1 que buscar classifica\u00e7\u00e3o no Maracan\u00e3"}]},{"@type":"WebSite","@id":"https:\/\/www.gaveanews.com\/#website","url":"https:\/\/www.gaveanews.com\/","name":"G\u00e1vea News","description":"Veja todas as not\u00edcias sobre o Flamengo: Contrata\u00e7\u00f5es, categorias de base, resultados das partidas, tabela de classifica\u00e7\u00e3o, pr\u00f3ximos jogos!","potentialAction":[{"@type":"SearchAction","target":{"@type":"EntryPoint","urlTemplate":"https:\/\/www.gaveanews.com\/?s={search_term_string}"},"query-input":{"@type":"PropertyValueSpecification","valueRequired":true,"valueName":"search_term_string"}}],"inLanguage":"pt-BR"},{"@type":"Person","@id":"https:\/\/www.gaveanews.com\/#\/schema\/person\/2ec14f73fb96be2caf28f91afb14749d","name":"Equipe G\u00e1vea News","image":{"@type":"ImageObject","inLanguage":"pt-BR","@id":"https:\/\/www.gaveanews.com\/#\/schema\/person\/image\/","url":"https:\/\/secure.gravatar.com\/avatar\/1e1956f1facbffd3f8fa53a326721950116b3b9dc9bd44939c01180fd4a745a9?s=96&d=mm&r=g","contentUrl":"https:\/\/secure.gravatar.com\/avatar\/1e1956f1facbffd3f8fa53a326721950116b3b9dc9bd44939c01180fd4a745a9?s=96&d=mm&r=g","caption":"Equipe G\u00e1vea News"}}]}},"_links":{"self":[{"href":"https:\/\/www.gaveanews.com\/index.php\/wp-json\/wp\/v2\/posts\/23556","targetHints":{"allow":["GET"]}}],"collection":[{"href":"https:\/\/www.gaveanews.com\/index.php\/wp-json\/wp\/v2\/posts"}],"about":[{"href":"https:\/\/www.gaveanews.com\/index.php\/wp-json\/wp\/v2\/types\/post"}],"author":[{"embeddable":true,"href":"https:\/\/www.gaveanews.com\/index.php\/wp-json\/wp\/v2\/users\/1"}],"replies":[{"embeddable":true,"href":"https:\/\/www.gaveanews.com\/index.php\/wp-json\/wp\/v2\/comments?post=23556"}],"version-history":[{"count":0,"href":"https:\/\/www.gaveanews.com\/index.php\/wp-json\/wp\/v2\/posts\/23556\/revisions"}],"wp:featuredmedia":[{"embeddable":true,"href":"https:\/\/www.gaveanews.com\/index.php\/wp-json\/wp\/v2\/media\/14851"}],"wp:attachment":[{"href":"https:\/\/www.gaveanews.com\/index.php\/wp-json\/wp\/v2\/media?parent=23556"}],"wp:term":[{"taxonomy":"category","embeddable":true,"href":"https:\/\/www.gaveanews.com\/index.php\/wp-json\/wp\/v2\/categories?post=23556"},{"taxonomy":"post_tag","embeddable":true,"href":"https:\/\/www.gaveanews.com\/index.php\/wp-json\/wp\/v2\/tags?post=23556"}],"curies":[{"name":"wp","href":"https:\/\/api.w.org\/{rel}","templated":true}]}}