{"id":235663,"date":"2025-03-04T17:10:00","date_gmt":"2025-03-04T20:10:00","guid":{"rendered":"https:\/\/www.gaveanews.com\/?p=235663"},"modified":"2025-03-04T16:34:56","modified_gmt":"2025-03-04T19:34:56","slug":"ele-vai-assinar-com-o-botafogo-ate-2024","status":"publish","type":"post","link":"https:\/\/www.gaveanews.com\/index.php\/2025\/03\/04\/ele-vai-assinar-com-o-botafogo-ate-2024\/","title":{"rendered":"Ele vai assinar com o Botafogo at\u00e9 2024"},"content":{"rendered":"\n<p>O Botafogo est\u00e1 pr\u00f3ximo de garantir a perman\u00eancia do volante Gregore por um longo per\u00edodo. O clube avan\u00e7ou nas negocia\u00e7\u00f5es para renovar o contrato do jogador at\u00e9 o final de 2029. As tratativas est\u00e3o sendo conduzidas por John Textor e Alessandro Brito, que mant\u00eam contato direto com o empres\u00e1rio do atleta, Paulo Pitombeira.<\/p>\n\n\n\n<p>A renova\u00e7\u00e3o proposta pelo Botafogo prev\u00ea uma valoriza\u00e7\u00e3o salarial para Gregore, al\u00e9m do aumento da multa rescis\u00f3ria. O clube busca refor\u00e7ar sua base no meio-campo e considera o volante uma pe\u00e7a essencial para a equipe nos pr\u00f3ximos anos.<\/p>\n\n\n\n<figure class=\"wp-block-image size-full\"><img loading=\"lazy\" decoding=\"async\" width=\"825\" height=\"667\" src=\"http:\/\/www.gaveanews.com\/wp-content\/uploads\/Gregore-pelo-Botafogo.webp\" alt=\"\" class=\"wp-image-172443\" srcset=\"https:\/\/www.gaveanews.com\/wp-content\/uploads\/Gregore-pelo-Botafogo.webp 825w, https:\/\/www.gaveanews.com\/wp-content\/uploads\/Gregore-pelo-Botafogo-300x243.webp 300w, https:\/\/www.gaveanews.com\/wp-content\/uploads\/Gregore-pelo-Botafogo-768x621.webp 768w, https:\/\/www.gaveanews.com\/wp-content\/uploads\/Gregore-pelo-Botafogo-519x420.webp 519w, https:\/\/www.gaveanews.com\/wp-content\/uploads\/Gregore-pelo-Botafogo-640x517.webp 640w, https:\/\/www.gaveanews.com\/wp-content\/uploads\/Gregore-pelo-Botafogo-681x551.webp 681w, https:\/\/www.gaveanews.com\/wp-content\/uploads\/Gregore-pelo-Botafogo-100x81.webp 100w\" sizes=\"auto, (max-width: 825px) 100vw, 825px\" \/><figcaption class=\"wp-element-caption\">Gregore pelo Botafogo (Foto: Vitor Silva\/Botafogo)<\/figcaption><\/figure>\n\n\n\n<p>A movimenta\u00e7\u00e3o do Botafogo ocorre ap\u00f3s o interesse de outras equipes no jogador. No in\u00edcio do ano, o clube recebeu duas propostas do Atl\u00e9tico-MG e uma do Al-Rayyan, do Catar, mas todas foram recusadas. A diretoria alvinegra entende que Gregore tem um papel fundamental no elenco e quer garantir sua continuidade por um per\u00edodo prolongado.<\/p>\n\n\n\n<p>Desde sua chegada, Gregore tem se destacado pela intensidade e capacidade de marca\u00e7\u00e3o no meio-campo. Sua presen\u00e7a contribui para o equil\u00edbrio t\u00e1tico da equipe, o que refor\u00e7a a import\u00e2ncia da renova\u00e7\u00e3o para o planejamento do clube.<\/p>\n\n\n\n<p>Com a negocia\u00e7\u00e3o avan\u00e7ada, a expectativa \u00e9 que o novo contrato seja assinado em breve. O Botafogo segue focado em manter jogadores-chave para fortalecer o elenco e continuar competitivo nas competi\u00e7\u00f5es que disputa.<\/p>\n\n\n\n<p>A renova\u00e7\u00e3o de Gregore faz parte de uma estrat\u00e9gia mais ampla do clube para consolidar sua equipe e manter a competitividade a longo prazo. A diretoria considera a perman\u00eancia do volante como um passo essencial nesse planejamento.<\/p>\n\n\n\n<p>Al\u00e9m da quest\u00e3o esportiva, a perman\u00eancia de Gregore tamb\u00e9m \u00e9 vista como uma forma de dar mais estabilidade ao elenco. O jogador tem lideran\u00e7a dentro do grupo e sua continuidade pode contribuir para um ambiente mais coeso e confiante para as pr\u00f3ximas temporadas.<\/p>\n\n\n\n<p>O Botafogo tamb\u00e9m monitora o mercado em busca de refor\u00e7os pontuais, mas prioriza a manuten\u00e7\u00e3o de pe\u00e7as-chave do elenco. A renova\u00e7\u00e3o de Gregore refor\u00e7a essa filosofia, garantindo que a equipe mantenha uma base s\u00f3lida para os desafios futuros.<\/p>\n","protected":false},"excerpt":{"rendered":"<p>O Botafogo est\u00e1 pr\u00f3ximo de garantir a perman\u00eancia do volante Gregore por um longo per\u00edodo. O clube avan\u00e7ou nas negocia\u00e7\u00f5es para renovar o contrato do jogador at\u00e9 o final de 2029. As tratativas est\u00e3o sendo conduzidas por John Textor e Alessandro Brito, que mant\u00eam contato direto com o empres\u00e1rio do atleta, Paulo Pitombeira. A renova\u00e7\u00e3o [&hellip;]<\/p>\n","protected":false},"author":27,"featured_media":158965,"comment_status":"open","ping_status":"closed","sticky":false,"template":"","format":"standard","meta":{"footnotes":""},"categories":[138],"tags":[],"class_list":["post-235663","post","type-post","status-publish","format-standard","has-post-thumbnail","hentry","category-botafogo"],"yoast_head":"<!-- This site is optimized with the Yoast SEO Premium plugin v24.2 (Yoast SEO v26.9) - https:\/\/yoast.com\/product\/yoast-seo-premium-wordpress\/ -->\n<title>Ele vai assinar com o Botafogo at\u00e9 2024<\/title>\n<meta name=\"robots\" content=\"index, follow, max-snippet:-1, max-image-preview:large, max-video-preview:-1\" \/>\n<link rel=\"canonical\" href=\"https:\/\/www.gaveanews.com\/index.php\/2025\/03\/04\/ele-vai-assinar-com-o-botafogo-ate-2024\/\" \/>\n<meta property=\"og:locale\" content=\"pt_BR\" \/>\n<meta property=\"og:type\" content=\"article\" \/>\n<meta property=\"og:title\" content=\"Ele vai assinar com o Botafogo at\u00e9 2024\" \/>\n<meta property=\"og:description\" content=\"O Botafogo est\u00e1 pr\u00f3ximo de garantir a perman\u00eancia do volante Gregore por um longo per\u00edodo. O clube avan\u00e7ou nas negocia\u00e7\u00f5es para renovar o contrato do jogador at\u00e9 o final de 2029. As tratativas est\u00e3o sendo conduzidas por John Textor e Alessandro Brito, que mant\u00eam contato direto com o empres\u00e1rio do atleta, Paulo Pitombeira. A renova\u00e7\u00e3o [&hellip;]\" \/>\n<meta property=\"og:url\" content=\"https:\/\/www.gaveanews.com\/index.php\/2025\/03\/04\/ele-vai-assinar-com-o-botafogo-ate-2024\/\" \/>\n<meta property=\"og:site_name\" content=\"G\u00e1vea News\" \/>\n<meta property=\"article:publisher\" content=\"https:\/\/facebook.com\/gaveaNews\/\" \/>\n<meta property=\"article:published_time\" content=\"2025-03-04T20:10:00+00:00\" \/>\n<meta property=\"og:image\" content=\"https:\/\/www.gaveanews.com\/wp-content\/uploads\/53924402764_6b4493792f_o-e1723743312178.webp\" \/>\n\t<meta property=\"og:image:width\" content=\"1220\" \/>\n\t<meta property=\"og:image:height\" content=\"674\" \/>\n\t<meta property=\"og:image:type\" content=\"image\/webp\" \/>\n<meta name=\"author\" content=\"Matheus Felipe\" \/>\n<meta name=\"twitter:card\" content=\"summary_large_image\" \/>\n<meta name=\"twitter:label1\" content=\"Escrito por\" \/>\n\t<meta name=\"twitter:data1\" content=\"Matheus Felipe\" \/>\n\t<meta name=\"twitter:label2\" content=\"Est. tempo de leitura\" \/>\n\t<meta name=\"twitter:data2\" content=\"3 minutos\" \/>\n<script type=\"application\/ld+json\" class=\"yoast-schema-graph\">{\"@context\":\"https:\/\/schema.org\",\"@graph\":[{\"@type\":\"NewsArticle\",\"@id\":\"https:\/\/www.gaveanews.com\/index.php\/2025\/03\/04\/ele-vai-assinar-com-o-botafogo-ate-2024\/#article\",\"isPartOf\":{\"@id\":\"https:\/\/www.gaveanews.com\/index.php\/2025\/03\/04\/ele-vai-assinar-com-o-botafogo-ate-2024\/\"},\"author\":{\"name\":\"Matheus Felipe\",\"@id\":\"https:\/\/www.gaveanews.com\/#\/schema\/person\/8207cd4627f56151707418bfc835b2fb\"},\"headline\":\"Ele vai assinar com o Botafogo at\u00e9 2024\",\"datePublished\":\"2025-03-04T20:10:00+00:00\",\"mainEntityOfPage\":{\"@id\":\"https:\/\/www.gaveanews.com\/index.php\/2025\/03\/04\/ele-vai-assinar-com-o-botafogo-ate-2024\/\"},\"wordCount\":390,\"commentCount\":0,\"image\":{\"@id\":\"https:\/\/www.gaveanews.com\/index.php\/2025\/03\/04\/ele-vai-assinar-com-o-botafogo-ate-2024\/#primaryimage\"},\"thumbnailUrl\":\"https:\/\/www.gaveanews.com\/wp-content\/uploads\/53924402764_6b4493792f_o-e1723743312178.webp\",\"articleSection\":[\"Botafogo\"],\"inLanguage\":\"pt-BR\",\"potentialAction\":[{\"@type\":\"CommentAction\",\"name\":\"Comment\",\"target\":[\"https:\/\/www.gaveanews.com\/index.php\/2025\/03\/04\/ele-vai-assinar-com-o-botafogo-ate-2024\/#respond\"]}],\"copyrightYear\":\"2025\",\"copyrightHolder\":{\"@id\":\"https:\/\/www.gaveanews.com\/#organization\"}},{\"@type\":\"WebPage\",\"@id\":\"https:\/\/www.gaveanews.com\/index.php\/2025\/03\/04\/ele-vai-assinar-com-o-botafogo-ate-2024\/\",\"url\":\"https:\/\/www.gaveanews.com\/index.php\/2025\/03\/04\/ele-vai-assinar-com-o-botafogo-ate-2024\/\",\"name\":\"Ele vai assinar com o Botafogo at\u00e9 2024\",\"isPartOf\":{\"@id\":\"https:\/\/www.gaveanews.com\/#website\"},\"primaryImageOfPage\":{\"@id\":\"https:\/\/www.gaveanews.com\/index.php\/2025\/03\/04\/ele-vai-assinar-com-o-botafogo-ate-2024\/#primaryimage\"},\"image\":{\"@id\":\"https:\/\/www.gaveanews.com\/index.php\/2025\/03\/04\/ele-vai-assinar-com-o-botafogo-ate-2024\/#primaryimage\"},\"thumbnailUrl\":\"https:\/\/www.gaveanews.com\/wp-content\/uploads\/53924402764_6b4493792f_o-e1723743312178.webp\",\"datePublished\":\"2025-03-04T20:10:00+00:00\",\"author\":{\"@id\":\"https:\/\/www.gaveanews.com\/#\/schema\/person\/8207cd4627f56151707418bfc835b2fb\"},\"breadcrumb\":{\"@id\":\"https:\/\/www.gaveanews.com\/index.php\/2025\/03\/04\/ele-vai-assinar-com-o-botafogo-ate-2024\/#breadcrumb\"},\"inLanguage\":\"pt-BR\",\"potentialAction\":[{\"@type\":\"ReadAction\",\"target\":[\"https:\/\/www.gaveanews.com\/index.php\/2025\/03\/04\/ele-vai-assinar-com-o-botafogo-ate-2024\/\"]}]},{\"@type\":\"ImageObject\",\"inLanguage\":\"pt-BR\",\"@id\":\"https:\/\/www.gaveanews.com\/index.php\/2025\/03\/04\/ele-vai-assinar-com-o-botafogo-ate-2024\/#primaryimage\",\"url\":\"https:\/\/www.gaveanews.com\/wp-content\/uploads\/53924402764_6b4493792f_o-e1723743312178.webp\",\"contentUrl\":\"https:\/\/www.gaveanews.com\/wp-content\/uploads\/53924402764_6b4493792f_o-e1723743312178.webp\",\"width\":1220,\"height\":674,\"caption\":\"Torcida do Botafogo no jogo contra o Palmeiras pela Libertadores - Foto: Botafogo\/Flickr\"},{\"@type\":\"BreadcrumbList\",\"@id\":\"https:\/\/www.gaveanews.com\/index.php\/2025\/03\/04\/ele-vai-assinar-com-o-botafogo-ate-2024\/#breadcrumb\",\"itemListElement\":[{\"@type\":\"ListItem\",\"position\":1,\"name\":\"Home\",\"item\":\"https:\/\/www.gaveanews.com\/\"},{\"@type\":\"ListItem\",\"position\":2,\"name\":\"Ele vai assinar com o Botafogo at\u00e9 2024\"}]},{\"@type\":\"WebSite\",\"@id\":\"https:\/\/www.gaveanews.com\/#website\",\"url\":\"https:\/\/www.gaveanews.com\/\",\"name\":\"G\u00e1vea News\",\"description\":\"Veja todas as not\u00edcias sobre o Flamengo: Contrata\u00e7\u00f5es, categorias de base, resultados das partidas, tabela de classifica\u00e7\u00e3o, pr\u00f3ximos jogos!\",\"potentialAction\":[{\"@type\":\"SearchAction\",\"target\":{\"@type\":\"EntryPoint\",\"urlTemplate\":\"https:\/\/www.gaveanews.com\/?s={search_term_string}\"},\"query-input\":{\"@type\":\"PropertyValueSpecification\",\"valueRequired\":true,\"valueName\":\"search_term_string\"}}],\"inLanguage\":\"pt-BR\"},{\"@type\":\"Person\",\"@id\":\"https:\/\/www.gaveanews.com\/#\/schema\/person\/8207cd4627f56151707418bfc835b2fb\",\"name\":\"Matheus Felipe\",\"image\":{\"@type\":\"ImageObject\",\"inLanguage\":\"pt-BR\",\"@id\":\"https:\/\/www.gaveanews.com\/#\/schema\/person\/image\/\",\"url\":\"https:\/\/secure.gravatar.com\/avatar\/a452ffbed9130f726358b298bb3a99ce4bd3c5338411f8440e87e14d74c7c087?s=96&d=mm&r=g\",\"contentUrl\":\"https:\/\/secure.gravatar.com\/avatar\/a452ffbed9130f726358b298bb3a99ce4bd3c5338411f8440e87e14d74c7c087?s=96&d=mm&r=g\",\"caption\":\"Matheus Felipe\"}}]}<\/script>\n<!-- \/ Yoast SEO Premium plugin. -->","yoast_head_json":{"title":"Ele vai assinar com o Botafogo at\u00e9 2024","robots":{"index":"index","follow":"follow","max-snippet":"max-snippet:-1","max-image-preview":"max-image-preview:large","max-video-preview":"max-video-preview:-1"},"canonical":"https:\/\/www.gaveanews.com\/index.php\/2025\/03\/04\/ele-vai-assinar-com-o-botafogo-ate-2024\/","og_locale":"pt_BR","og_type":"article","og_title":"Ele vai assinar com o Botafogo at\u00e9 2024","og_description":"O Botafogo est\u00e1 pr\u00f3ximo de garantir a perman\u00eancia do volante Gregore por um longo per\u00edodo. O clube avan\u00e7ou nas negocia\u00e7\u00f5es para renovar o contrato do jogador at\u00e9 o final de 2029. As tratativas est\u00e3o sendo conduzidas por John Textor e Alessandro Brito, que mant\u00eam contato direto com o empres\u00e1rio do atleta, Paulo Pitombeira. A renova\u00e7\u00e3o [&hellip;]","og_url":"https:\/\/www.gaveanews.com\/index.php\/2025\/03\/04\/ele-vai-assinar-com-o-botafogo-ate-2024\/","og_site_name":"G\u00e1vea News","article_publisher":"https:\/\/facebook.com\/gaveaNews\/","article_published_time":"2025-03-04T20:10:00+00:00","og_image":[{"width":1220,"height":674,"url":"https:\/\/www.gaveanews.com\/wp-content\/uploads\/53924402764_6b4493792f_o-e1723743312178.webp","type":"image\/webp"}],"author":"Matheus Felipe","twitter_card":"summary_large_image","twitter_misc":{"Escrito por":"Matheus Felipe","Est. tempo de leitura":"3 minutos"},"schema":{"@context":"https:\/\/schema.org","@graph":[{"@type":"NewsArticle","@id":"https:\/\/www.gaveanews.com\/index.php\/2025\/03\/04\/ele-vai-assinar-com-o-botafogo-ate-2024\/#article","isPartOf":{"@id":"https:\/\/www.gaveanews.com\/index.php\/2025\/03\/04\/ele-vai-assinar-com-o-botafogo-ate-2024\/"},"author":{"name":"Matheus Felipe","@id":"https:\/\/www.gaveanews.com\/#\/schema\/person\/8207cd4627f56151707418bfc835b2fb"},"headline":"Ele vai assinar com o Botafogo at\u00e9 2024","datePublished":"2025-03-04T20:10:00+00:00","mainEntityOfPage":{"@id":"https:\/\/www.gaveanews.com\/index.php\/2025\/03\/04\/ele-vai-assinar-com-o-botafogo-ate-2024\/"},"wordCount":390,"commentCount":0,"image":{"@id":"https:\/\/www.gaveanews.com\/index.php\/2025\/03\/04\/ele-vai-assinar-com-o-botafogo-ate-2024\/#primaryimage"},"thumbnailUrl":"https:\/\/www.gaveanews.com\/wp-content\/uploads\/53924402764_6b4493792f_o-e1723743312178.webp","articleSection":["Botafogo"],"inLanguage":"pt-BR","potentialAction":[{"@type":"CommentAction","name":"Comment","target":["https:\/\/www.gaveanews.com\/index.php\/2025\/03\/04\/ele-vai-assinar-com-o-botafogo-ate-2024\/#respond"]}],"copyrightYear":"2025","copyrightHolder":{"@id":"https:\/\/www.gaveanews.com\/#organization"}},{"@type":"WebPage","@id":"https:\/\/www.gaveanews.com\/index.php\/2025\/03\/04\/ele-vai-assinar-com-o-botafogo-ate-2024\/","url":"https:\/\/www.gaveanews.com\/index.php\/2025\/03\/04\/ele-vai-assinar-com-o-botafogo-ate-2024\/","name":"Ele vai assinar com o Botafogo at\u00e9 2024","isPartOf":{"@id":"https:\/\/www.gaveanews.com\/#website"},"primaryImageOfPage":{"@id":"https:\/\/www.gaveanews.com\/index.php\/2025\/03\/04\/ele-vai-assinar-com-o-botafogo-ate-2024\/#primaryimage"},"image":{"@id":"https:\/\/www.gaveanews.com\/index.php\/2025\/03\/04\/ele-vai-assinar-com-o-botafogo-ate-2024\/#primaryimage"},"thumbnailUrl":"https:\/\/www.gaveanews.com\/wp-content\/uploads\/53924402764_6b4493792f_o-e1723743312178.webp","datePublished":"2025-03-04T20:10:00+00:00","author":{"@id":"https:\/\/www.gaveanews.com\/#\/schema\/person\/8207cd4627f56151707418bfc835b2fb"},"breadcrumb":{"@id":"https:\/\/www.gaveanews.com\/index.php\/2025\/03\/04\/ele-vai-assinar-com-o-botafogo-ate-2024\/#breadcrumb"},"inLanguage":"pt-BR","potentialAction":[{"@type":"ReadAction","target":["https:\/\/www.gaveanews.com\/index.php\/2025\/03\/04\/ele-vai-assinar-com-o-botafogo-ate-2024\/"]}]},{"@type":"ImageObject","inLanguage":"pt-BR","@id":"https:\/\/www.gaveanews.com\/index.php\/2025\/03\/04\/ele-vai-assinar-com-o-botafogo-ate-2024\/#primaryimage","url":"https:\/\/www.gaveanews.com\/wp-content\/uploads\/53924402764_6b4493792f_o-e1723743312178.webp","contentUrl":"https:\/\/www.gaveanews.com\/wp-content\/uploads\/53924402764_6b4493792f_o-e1723743312178.webp","width":1220,"height":674,"caption":"Torcida do Botafogo no jogo contra o Palmeiras pela Libertadores - Foto: Botafogo\/Flickr"},{"@type":"BreadcrumbList","@id":"https:\/\/www.gaveanews.com\/index.php\/2025\/03\/04\/ele-vai-assinar-com-o-botafogo-ate-2024\/#breadcrumb","itemListElement":[{"@type":"ListItem","position":1,"name":"Home","item":"https:\/\/www.gaveanews.com\/"},{"@type":"ListItem","position":2,"name":"Ele vai assinar com o Botafogo at\u00e9 2024"}]},{"@type":"WebSite","@id":"https:\/\/www.gaveanews.com\/#website","url":"https:\/\/www.gaveanews.com\/","name":"G\u00e1vea News","description":"Veja todas as not\u00edcias sobre o Flamengo: Contrata\u00e7\u00f5es, categorias de base, resultados das partidas, tabela de classifica\u00e7\u00e3o, pr\u00f3ximos jogos!","potentialAction":[{"@type":"SearchAction","target":{"@type":"EntryPoint","urlTemplate":"https:\/\/www.gaveanews.com\/?s={search_term_string}"},"query-input":{"@type":"PropertyValueSpecification","valueRequired":true,"valueName":"search_term_string"}}],"inLanguage":"pt-BR"},{"@type":"Person","@id":"https:\/\/www.gaveanews.com\/#\/schema\/person\/8207cd4627f56151707418bfc835b2fb","name":"Matheus Felipe","image":{"@type":"ImageObject","inLanguage":"pt-BR","@id":"https:\/\/www.gaveanews.com\/#\/schema\/person\/image\/","url":"https:\/\/secure.gravatar.com\/avatar\/a452ffbed9130f726358b298bb3a99ce4bd3c5338411f8440e87e14d74c7c087?s=96&d=mm&r=g","contentUrl":"https:\/\/secure.gravatar.com\/avatar\/a452ffbed9130f726358b298bb3a99ce4bd3c5338411f8440e87e14d74c7c087?s=96&d=mm&r=g","caption":"Matheus Felipe"}}]}},"_links":{"self":[{"href":"https:\/\/www.gaveanews.com\/index.php\/wp-json\/wp\/v2\/posts\/235663","targetHints":{"allow":["GET"]}}],"collection":[{"href":"https:\/\/www.gaveanews.com\/index.php\/wp-json\/wp\/v2\/posts"}],"about":[{"href":"https:\/\/www.gaveanews.com\/index.php\/wp-json\/wp\/v2\/types\/post"}],"author":[{"embeddable":true,"href":"https:\/\/www.gaveanews.com\/index.php\/wp-json\/wp\/v2\/users\/27"}],"replies":[{"embeddable":true,"href":"https:\/\/www.gaveanews.com\/index.php\/wp-json\/wp\/v2\/comments?post=235663"}],"version-history":[{"count":1,"href":"https:\/\/www.gaveanews.com\/index.php\/wp-json\/wp\/v2\/posts\/235663\/revisions"}],"predecessor-version":[{"id":235665,"href":"https:\/\/www.gaveanews.com\/index.php\/wp-json\/wp\/v2\/posts\/235663\/revisions\/235665"}],"wp:featuredmedia":[{"embeddable":true,"href":"https:\/\/www.gaveanews.com\/index.php\/wp-json\/wp\/v2\/media\/158965"}],"wp:attachment":[{"href":"https:\/\/www.gaveanews.com\/index.php\/wp-json\/wp\/v2\/media?parent=235663"}],"wp:term":[{"taxonomy":"category","embeddable":true,"href":"https:\/\/www.gaveanews.com\/index.php\/wp-json\/wp\/v2\/categories?post=235663"},{"taxonomy":"post_tag","embeddable":true,"href":"https:\/\/www.gaveanews.com\/index.php\/wp-json\/wp\/v2\/tags?post=235663"}],"curies":[{"name":"wp","href":"https:\/\/api.w.org\/{rel}","templated":true}]}}