{"id":23586,"date":"2019-07-25T17:05:13","date_gmt":"2019-07-25T20:05:13","guid":{"rendered":"http:\/\/www.gaveanews.com\/?p=23586"},"modified":"2019-07-25T17:05:14","modified_gmt":"2019-07-25T20:05:14","slug":"diego-ribas-everton-ribeiro-giorgian-de-arrascaeta-e-vitinho-confira-a-situacao-dos-lesionados-no-flamengo","status":"publish","type":"post","link":"https:\/\/www.gaveanews.com\/index.php\/2019\/07\/25\/diego-ribas-everton-ribeiro-giorgian-de-arrascaeta-e-vitinho-confira-a-situacao-dos-lesionados-no-flamengo\/","title":{"rendered":"Diego Ribas, Everton Ribeiro, Giorgian De Arrascaeta e Vitinho: Confira a situa\u00e7\u00e3o dos lesionados no Flamengo"},"content":{"rendered":"\n<p>As les\u00f5es atingiram o elenco do Flamengo em momento decisivo do ano, em especial no setor do meio de campo. Para o cl\u00e1ssico contra o Botafogo, por exemplo, Gerson \u00e9 o \u00fanico homem da fun\u00e7\u00e3o \u00e0 disposi\u00e7\u00e3o do t\u00e9cnico Jorge Jesus. O confronto no Maracan\u00e3 \u00e9 v\u00e1lido pela 12\u00aa rodada do Brasileir\u00e3o e a equipe precisa vencer para &#8220;seguir na cola&#8221; dos l\u00edderes Palmeiras e Santos.<\/p>\n\n\n\n<p>De folga nesta quinta-feira, o elenco se reapresenta na tarde de sexta-feira e Jorge Jesus ter\u00e1 dois dias para definir a estrat\u00e9gia e escala\u00e7\u00e3o para o cl\u00e1ssico com o Botafogo, no domingo, sem perder o foco da decis\u00e3o contra o Emelec pela Libertadores, na pr\u00f3xima quarta-feira, tamb\u00e9m no Est\u00e1dio do Maracan\u00e3.<\/p>\n\n\n\n<p>O Rubro-Negro soma 21 pontos no Campeonato Brasileiro e est\u00e1 a cinco de dist\u00e2ncia dos rivais paulistas, que t\u00eam 26. O Palmeiras est\u00e1 na primeira posi\u00e7\u00e3o por conta do saldo de gols. O quarto colocado \u00e9 o Atl\u00e9tico-MG, com 20 pontos.<\/p>\n\n\n\n<p>Sem Diego, Everton Ribeiro e Arrascaeta (confira as situa\u00e7\u00f5es de cada atleta abaixo), Jorge Jesus pode buscar nas divis\u00f5es de base &#8220;refor\u00e7os&#8221; para as partidas contra Botafogo e Emelec. O meia Reinier, por exemplo, est\u00e1 inscrito na Copa Libertadores. O jovem est\u00e1 \u00e0 disposi\u00e7\u00e3o da Sele\u00e7\u00e3o Brasileira Sub-17, que disputa um amistoso nesta sexta-feira, em S\u00e3o Janu\u00e1rio, contra o Paraguai.<\/p>\n\n\n\n<h3 class=\"wp-block-heading\"><strong>DIEGO<\/strong><\/h3>\n\n\n\n<p>Diante do Emelec, em Guayaquil, o camisa 10 &#8220;sofreu uma fratura luxa\u00e7\u00e3o no tornozelo esquerdo, com uma fratura \u00f3ssea e les\u00e3o ligamentar&#8221;, uma fratura considerada complexa, segundo o Dr. M\u00e1rcio Tannure, m\u00e9dico do Flamengo.<\/p>\n\n\n\n<p>Ap\u00f3s chegar ao Rio de Janeiro nesta manh\u00e3, Diego foi reavaliado pelo chefe do departamento m\u00e9dico do clube, o Dr. Tannure, realizou novos exames, que constataram a gravidade da les\u00e3o, e o meia ser\u00e1 operado nesta quinta, \u00e0s 15h. Pela gravidade da les\u00e3o, o meia pode at\u00e9 n\u00e3o atuar mais pelo Fla neste ano.<\/p>\n\n\n\n<h3 class=\"wp-block-heading\"><strong>EVERTON RIBEIRO<\/strong><\/h3>\n\n\n\n<p>O camisa 7 sentiu dores no treino do \u00faltimo s\u00e1bado, dia 20, e j\u00e1 desfalcou o Rubro-Negro diante do Corinthians e Emelec. Exames diagnosticaram uma les\u00e3o \u00f3ssea no p\u00e9 esquerdo de Everton Ribeiro, que, desde ent\u00e3o, est\u00e1 em tratamento no CT do Ninho do Urubu. O clube n\u00e3o confirma previs\u00e3o para recupera\u00e7\u00e3o do atleta, que dificilmente estar\u00e1 \u00e0 disposi\u00e7\u00e3o para quarta-feira, quando o Flamengo decide a classifica\u00e7\u00e3o na Libertadores no Maracan\u00e3.<\/p>\n\n\n\n<h3 class=\"wp-block-heading\"><strong>ARRASCAETA<\/strong><\/h3>\n\n\n\n<p>O uruguaio \u00e9 o \u00fanico atleta entregue ao departamento m\u00e9dico do Flamengo por uma les\u00e3o muscular. Arrascaeta tamb\u00e9m foi um dos atletas que n\u00e3o teve per\u00edodo de descanso neste meio de temporada, uma vez que atuou na Copa Am\u00e9rica e reapresentou ao Flamengo dias depois do Uruguai na competi\u00e7\u00e3o. <\/p>\n\n\n\n<p>O camisa 14 sofreu uma les\u00e3o muscular na posterior da coxa direita e, assim como Everton Ribeiro, n\u00e3o deve ter condi\u00e7\u00f5es de jogo para enfrentar o Emelec.<\/p>\n\n\n\n<h3 class=\"wp-block-heading\"><strong>VITINHO<\/strong><\/h3>\n\n\n\n<p>O jogador realizou uma artroscopia na ter\u00e7a-feira com sucesso. Foram feitos os reparos do ligamento medial e lateral do menisco e do ligamento colateral medial do joelho esquerdo. A expectativa \u00e9 de que Vitinho inicie o tratamento com fisioterapia nesta sexta. O DM n\u00e3o divulga prazo para recupera\u00e7\u00e3o do atacante, que, com seis gols, \u00e9 o quarto maior artilheiro da equipe em 2019.<\/p>\n\n\n\n<p>Retirado de: Lance<\/p>\n","protected":false},"excerpt":{"rendered":"<p>As les\u00f5es atingiram o elenco do Flamengo em momento decisivo do ano, em especial no setor do meio de campo. Para o cl\u00e1ssico contra o Botafogo, por exemplo, Gerson \u00e9 o \u00fanico homem da fun\u00e7\u00e3o \u00e0 disposi\u00e7\u00e3o do t\u00e9cnico Jorge Jesus. O confronto no Maracan\u00e3 \u00e9 v\u00e1lido pela 12\u00aa rodada do Brasileir\u00e3o e a equipe [&hellip;]<\/p>\n","protected":false},"author":1,"featured_media":23567,"comment_status":"open","ping_status":"open","sticky":false,"template":"","format":"standard","meta":{"footnotes":""},"categories":[47],"tags":[],"class_list":["post-23586","post","type-post","status-publish","format-standard","has-post-thumbnail","hentry","category-destaques"],"yoast_head":"<!-- This site is optimized with the Yoast SEO Premium plugin v24.2 (Yoast SEO v26.9) - https:\/\/yoast.com\/product\/yoast-seo-premium-wordpress\/ -->\n<title>Diego Ribas, Everton Ribeiro, Giorgian De Arrascaeta e Vitinho: Confira a situa\u00e7\u00e3o dos lesionados no Flamengo<\/title>\n<meta name=\"robots\" content=\"index, follow, max-snippet:-1, max-image-preview:large, max-video-preview:-1\" \/>\n<link rel=\"canonical\" href=\"https:\/\/www.gaveanews.com\/index.php\/2019\/07\/25\/diego-ribas-everton-ribeiro-giorgian-de-arrascaeta-e-vitinho-confira-a-situacao-dos-lesionados-no-flamengo\/\" \/>\n<meta property=\"og:locale\" content=\"pt_BR\" \/>\n<meta property=\"og:type\" content=\"article\" \/>\n<meta property=\"og:title\" content=\"Diego Ribas, Everton Ribeiro, Giorgian De Arrascaeta e Vitinho: Confira a situa\u00e7\u00e3o dos lesionados no Flamengo\" \/>\n<meta property=\"og:description\" content=\"As les\u00f5es atingiram o elenco do Flamengo em momento decisivo do ano, em especial no setor do meio de campo. Para o cl\u00e1ssico contra o Botafogo, por exemplo, Gerson \u00e9 o \u00fanico homem da fun\u00e7\u00e3o \u00e0 disposi\u00e7\u00e3o do t\u00e9cnico Jorge Jesus. O confronto no Maracan\u00e3 \u00e9 v\u00e1lido pela 12\u00aa rodada do Brasileir\u00e3o e a equipe [&hellip;]\" \/>\n<meta property=\"og:url\" content=\"https:\/\/www.gaveanews.com\/index.php\/2019\/07\/25\/diego-ribas-everton-ribeiro-giorgian-de-arrascaeta-e-vitinho-confira-a-situacao-dos-lesionados-no-flamengo\/\" \/>\n<meta property=\"og:site_name\" content=\"G\u00e1vea News\" \/>\n<meta property=\"article:publisher\" content=\"https:\/\/facebook.com\/gaveaNews\/\" \/>\n<meta property=\"article:published_time\" content=\"2019-07-25T20:05:13+00:00\" \/>\n<meta property=\"article:modified_time\" content=\"2019-07-25T20:05:14+00:00\" \/>\n<meta property=\"og:image\" content=\"https:\/\/www.gaveanews.com\/wp-content\/uploads\/2019\/07\/Diego-Ribas-durante-treinamento-do-Flamengo.webp\" \/>\n\t<meta property=\"og:image:width\" content=\"1024\" \/>\n\t<meta property=\"og:image:height\" content=\"682\" \/>\n\t<meta property=\"og:image:type\" content=\"image\/jpeg\" \/>\n<meta name=\"author\" content=\"Equipe G\u00e1vea News\" \/>\n<meta name=\"twitter:card\" content=\"summary_large_image\" \/>\n<meta name=\"twitter:label1\" content=\"Escrito por\" \/>\n\t<meta name=\"twitter:data1\" content=\"Equipe G\u00e1vea News\" \/>\n\t<meta name=\"twitter:label2\" content=\"Est. tempo de leitura\" \/>\n\t<meta name=\"twitter:data2\" content=\"3 minutos\" \/>\n<script type=\"application\/ld+json\" class=\"yoast-schema-graph\">{\"@context\":\"https:\/\/schema.org\",\"@graph\":[{\"@type\":\"NewsArticle\",\"@id\":\"https:\/\/www.gaveanews.com\/index.php\/2019\/07\/25\/diego-ribas-everton-ribeiro-giorgian-de-arrascaeta-e-vitinho-confira-a-situacao-dos-lesionados-no-flamengo\/#article\",\"isPartOf\":{\"@id\":\"https:\/\/www.gaveanews.com\/index.php\/2019\/07\/25\/diego-ribas-everton-ribeiro-giorgian-de-arrascaeta-e-vitinho-confira-a-situacao-dos-lesionados-no-flamengo\/\"},\"author\":{\"name\":\"Equipe G\u00e1vea News\",\"@id\":\"https:\/\/www.gaveanews.com\/#\/schema\/person\/2ec14f73fb96be2caf28f91afb14749d\"},\"headline\":\"Diego Ribas, Everton Ribeiro, Giorgian De Arrascaeta e Vitinho: Confira a situa\u00e7\u00e3o dos lesionados no Flamengo\",\"datePublished\":\"2019-07-25T20:05:13+00:00\",\"dateModified\":\"2019-07-25T20:05:14+00:00\",\"mainEntityOfPage\":{\"@id\":\"https:\/\/www.gaveanews.com\/index.php\/2019\/07\/25\/diego-ribas-everton-ribeiro-giorgian-de-arrascaeta-e-vitinho-confira-a-situacao-dos-lesionados-no-flamengo\/\"},\"wordCount\":579,\"commentCount\":0,\"image\":{\"@id\":\"https:\/\/www.gaveanews.com\/index.php\/2019\/07\/25\/diego-ribas-everton-ribeiro-giorgian-de-arrascaeta-e-vitinho-confira-a-situacao-dos-lesionados-no-flamengo\/#primaryimage\"},\"thumbnailUrl\":\"https:\/\/www.gaveanews.com\/wp-content\/uploads\/2019\/07\/Diego-Ribas-durante-treinamento-do-Flamengo.webp\",\"articleSection\":[\"Destaques\"],\"inLanguage\":\"pt-BR\",\"potentialAction\":[{\"@type\":\"CommentAction\",\"name\":\"Comment\",\"target\":[\"https:\/\/www.gaveanews.com\/index.php\/2019\/07\/25\/diego-ribas-everton-ribeiro-giorgian-de-arrascaeta-e-vitinho-confira-a-situacao-dos-lesionados-no-flamengo\/#respond\"]}],\"copyrightYear\":\"2019\",\"copyrightHolder\":{\"@id\":\"https:\/\/www.gaveanews.com\/#organization\"}},{\"@type\":\"WebPage\",\"@id\":\"https:\/\/www.gaveanews.com\/index.php\/2019\/07\/25\/diego-ribas-everton-ribeiro-giorgian-de-arrascaeta-e-vitinho-confira-a-situacao-dos-lesionados-no-flamengo\/\",\"url\":\"https:\/\/www.gaveanews.com\/index.php\/2019\/07\/25\/diego-ribas-everton-ribeiro-giorgian-de-arrascaeta-e-vitinho-confira-a-situacao-dos-lesionados-no-flamengo\/\",\"name\":\"Diego Ribas, Everton Ribeiro, Giorgian De Arrascaeta e Vitinho: Confira a situa\u00e7\u00e3o dos lesionados no Flamengo\",\"isPartOf\":{\"@id\":\"https:\/\/www.gaveanews.com\/#website\"},\"primaryImageOfPage\":{\"@id\":\"https:\/\/www.gaveanews.com\/index.php\/2019\/07\/25\/diego-ribas-everton-ribeiro-giorgian-de-arrascaeta-e-vitinho-confira-a-situacao-dos-lesionados-no-flamengo\/#primaryimage\"},\"image\":{\"@id\":\"https:\/\/www.gaveanews.com\/index.php\/2019\/07\/25\/diego-ribas-everton-ribeiro-giorgian-de-arrascaeta-e-vitinho-confira-a-situacao-dos-lesionados-no-flamengo\/#primaryimage\"},\"thumbnailUrl\":\"https:\/\/www.gaveanews.com\/wp-content\/uploads\/2019\/07\/Diego-Ribas-durante-treinamento-do-Flamengo.webp\",\"datePublished\":\"2019-07-25T20:05:13+00:00\",\"dateModified\":\"2019-07-25T20:05:14+00:00\",\"author\":{\"@id\":\"https:\/\/www.gaveanews.com\/#\/schema\/person\/2ec14f73fb96be2caf28f91afb14749d\"},\"breadcrumb\":{\"@id\":\"https:\/\/www.gaveanews.com\/index.php\/2019\/07\/25\/diego-ribas-everton-ribeiro-giorgian-de-arrascaeta-e-vitinho-confira-a-situacao-dos-lesionados-no-flamengo\/#breadcrumb\"},\"inLanguage\":\"pt-BR\",\"potentialAction\":[{\"@type\":\"ReadAction\",\"target\":[\"https:\/\/www.gaveanews.com\/index.php\/2019\/07\/25\/diego-ribas-everton-ribeiro-giorgian-de-arrascaeta-e-vitinho-confira-a-situacao-dos-lesionados-no-flamengo\/\"]}]},{\"@type\":\"ImageObject\",\"inLanguage\":\"pt-BR\",\"@id\":\"https:\/\/www.gaveanews.com\/index.php\/2019\/07\/25\/diego-ribas-everton-ribeiro-giorgian-de-arrascaeta-e-vitinho-confira-a-situacao-dos-lesionados-no-flamengo\/#primaryimage\",\"url\":\"https:\/\/www.gaveanews.com\/wp-content\/uploads\/2019\/07\/Diego-Ribas-durante-treinamento-do-Flamengo.webp\",\"contentUrl\":\"https:\/\/www.gaveanews.com\/wp-content\/uploads\/2019\/07\/Diego-Ribas-durante-treinamento-do-Flamengo.webp\",\"width\":1024,\"height\":682,\"caption\":\"Diego Ribas durante treinamento do Flamengo (Foto: Alexandre Vidal\/Flamengo)\"},{\"@type\":\"BreadcrumbList\",\"@id\":\"https:\/\/www.gaveanews.com\/index.php\/2019\/07\/25\/diego-ribas-everton-ribeiro-giorgian-de-arrascaeta-e-vitinho-confira-a-situacao-dos-lesionados-no-flamengo\/#breadcrumb\",\"itemListElement\":[{\"@type\":\"ListItem\",\"position\":1,\"name\":\"Home\",\"item\":\"https:\/\/www.gaveanews.com\/\"},{\"@type\":\"ListItem\",\"position\":2,\"name\":\"Diego Ribas, Everton Ribeiro, Giorgian De Arrascaeta e Vitinho: Confira a situa\u00e7\u00e3o dos lesionados no Flamengo\"}]},{\"@type\":\"WebSite\",\"@id\":\"https:\/\/www.gaveanews.com\/#website\",\"url\":\"https:\/\/www.gaveanews.com\/\",\"name\":\"G\u00e1vea News\",\"description\":\"Veja todas as not\u00edcias sobre o Flamengo: Contrata\u00e7\u00f5es, categorias de base, resultados das partidas, tabela de classifica\u00e7\u00e3o, pr\u00f3ximos jogos!\",\"potentialAction\":[{\"@type\":\"SearchAction\",\"target\":{\"@type\":\"EntryPoint\",\"urlTemplate\":\"https:\/\/www.gaveanews.com\/?s={search_term_string}\"},\"query-input\":{\"@type\":\"PropertyValueSpecification\",\"valueRequired\":true,\"valueName\":\"search_term_string\"}}],\"inLanguage\":\"pt-BR\"},{\"@type\":\"Person\",\"@id\":\"https:\/\/www.gaveanews.com\/#\/schema\/person\/2ec14f73fb96be2caf28f91afb14749d\",\"name\":\"Equipe G\u00e1vea News\",\"image\":{\"@type\":\"ImageObject\",\"inLanguage\":\"pt-BR\",\"@id\":\"https:\/\/www.gaveanews.com\/#\/schema\/person\/image\/\",\"url\":\"https:\/\/secure.gravatar.com\/avatar\/1e1956f1facbffd3f8fa53a326721950116b3b9dc9bd44939c01180fd4a745a9?s=96&d=mm&r=g\",\"contentUrl\":\"https:\/\/secure.gravatar.com\/avatar\/1e1956f1facbffd3f8fa53a326721950116b3b9dc9bd44939c01180fd4a745a9?s=96&d=mm&r=g\",\"caption\":\"Equipe G\u00e1vea News\"}}]}<\/script>\n<!-- \/ Yoast SEO Premium plugin. -->","yoast_head_json":{"title":"Diego Ribas, Everton Ribeiro, Giorgian De Arrascaeta e Vitinho: Confira a situa\u00e7\u00e3o dos lesionados no Flamengo","robots":{"index":"index","follow":"follow","max-snippet":"max-snippet:-1","max-image-preview":"max-image-preview:large","max-video-preview":"max-video-preview:-1"},"canonical":"https:\/\/www.gaveanews.com\/index.php\/2019\/07\/25\/diego-ribas-everton-ribeiro-giorgian-de-arrascaeta-e-vitinho-confira-a-situacao-dos-lesionados-no-flamengo\/","og_locale":"pt_BR","og_type":"article","og_title":"Diego Ribas, Everton Ribeiro, Giorgian De Arrascaeta e Vitinho: Confira a situa\u00e7\u00e3o dos lesionados no Flamengo","og_description":"As les\u00f5es atingiram o elenco do Flamengo em momento decisivo do ano, em especial no setor do meio de campo. Para o cl\u00e1ssico contra o Botafogo, por exemplo, Gerson \u00e9 o \u00fanico homem da fun\u00e7\u00e3o \u00e0 disposi\u00e7\u00e3o do t\u00e9cnico Jorge Jesus. O confronto no Maracan\u00e3 \u00e9 v\u00e1lido pela 12\u00aa rodada do Brasileir\u00e3o e a equipe [&hellip;]","og_url":"https:\/\/www.gaveanews.com\/index.php\/2019\/07\/25\/diego-ribas-everton-ribeiro-giorgian-de-arrascaeta-e-vitinho-confira-a-situacao-dos-lesionados-no-flamengo\/","og_site_name":"G\u00e1vea News","article_publisher":"https:\/\/facebook.com\/gaveaNews\/","article_published_time":"2019-07-25T20:05:13+00:00","article_modified_time":"2019-07-25T20:05:14+00:00","og_image":[{"width":1024,"height":682,"url":"https:\/\/www.gaveanews.com\/wp-content\/uploads\/2019\/07\/Diego-Ribas-durante-treinamento-do-Flamengo.webp","type":"image\/jpeg"}],"author":"Equipe G\u00e1vea News","twitter_card":"summary_large_image","twitter_misc":{"Escrito por":"Equipe G\u00e1vea News","Est. tempo de leitura":"3 minutos"},"schema":{"@context":"https:\/\/schema.org","@graph":[{"@type":"NewsArticle","@id":"https:\/\/www.gaveanews.com\/index.php\/2019\/07\/25\/diego-ribas-everton-ribeiro-giorgian-de-arrascaeta-e-vitinho-confira-a-situacao-dos-lesionados-no-flamengo\/#article","isPartOf":{"@id":"https:\/\/www.gaveanews.com\/index.php\/2019\/07\/25\/diego-ribas-everton-ribeiro-giorgian-de-arrascaeta-e-vitinho-confira-a-situacao-dos-lesionados-no-flamengo\/"},"author":{"name":"Equipe G\u00e1vea News","@id":"https:\/\/www.gaveanews.com\/#\/schema\/person\/2ec14f73fb96be2caf28f91afb14749d"},"headline":"Diego Ribas, Everton Ribeiro, Giorgian De Arrascaeta e Vitinho: Confira a situa\u00e7\u00e3o dos lesionados no Flamengo","datePublished":"2019-07-25T20:05:13+00:00","dateModified":"2019-07-25T20:05:14+00:00","mainEntityOfPage":{"@id":"https:\/\/www.gaveanews.com\/index.php\/2019\/07\/25\/diego-ribas-everton-ribeiro-giorgian-de-arrascaeta-e-vitinho-confira-a-situacao-dos-lesionados-no-flamengo\/"},"wordCount":579,"commentCount":0,"image":{"@id":"https:\/\/www.gaveanews.com\/index.php\/2019\/07\/25\/diego-ribas-everton-ribeiro-giorgian-de-arrascaeta-e-vitinho-confira-a-situacao-dos-lesionados-no-flamengo\/#primaryimage"},"thumbnailUrl":"https:\/\/www.gaveanews.com\/wp-content\/uploads\/2019\/07\/Diego-Ribas-durante-treinamento-do-Flamengo.webp","articleSection":["Destaques"],"inLanguage":"pt-BR","potentialAction":[{"@type":"CommentAction","name":"Comment","target":["https:\/\/www.gaveanews.com\/index.php\/2019\/07\/25\/diego-ribas-everton-ribeiro-giorgian-de-arrascaeta-e-vitinho-confira-a-situacao-dos-lesionados-no-flamengo\/#respond"]}],"copyrightYear":"2019","copyrightHolder":{"@id":"https:\/\/www.gaveanews.com\/#organization"}},{"@type":"WebPage","@id":"https:\/\/www.gaveanews.com\/index.php\/2019\/07\/25\/diego-ribas-everton-ribeiro-giorgian-de-arrascaeta-e-vitinho-confira-a-situacao-dos-lesionados-no-flamengo\/","url":"https:\/\/www.gaveanews.com\/index.php\/2019\/07\/25\/diego-ribas-everton-ribeiro-giorgian-de-arrascaeta-e-vitinho-confira-a-situacao-dos-lesionados-no-flamengo\/","name":"Diego Ribas, Everton Ribeiro, Giorgian De Arrascaeta e Vitinho: Confira a situa\u00e7\u00e3o dos lesionados no Flamengo","isPartOf":{"@id":"https:\/\/www.gaveanews.com\/#website"},"primaryImageOfPage":{"@id":"https:\/\/www.gaveanews.com\/index.php\/2019\/07\/25\/diego-ribas-everton-ribeiro-giorgian-de-arrascaeta-e-vitinho-confira-a-situacao-dos-lesionados-no-flamengo\/#primaryimage"},"image":{"@id":"https:\/\/www.gaveanews.com\/index.php\/2019\/07\/25\/diego-ribas-everton-ribeiro-giorgian-de-arrascaeta-e-vitinho-confira-a-situacao-dos-lesionados-no-flamengo\/#primaryimage"},"thumbnailUrl":"https:\/\/www.gaveanews.com\/wp-content\/uploads\/2019\/07\/Diego-Ribas-durante-treinamento-do-Flamengo.webp","datePublished":"2019-07-25T20:05:13+00:00","dateModified":"2019-07-25T20:05:14+00:00","author":{"@id":"https:\/\/www.gaveanews.com\/#\/schema\/person\/2ec14f73fb96be2caf28f91afb14749d"},"breadcrumb":{"@id":"https:\/\/www.gaveanews.com\/index.php\/2019\/07\/25\/diego-ribas-everton-ribeiro-giorgian-de-arrascaeta-e-vitinho-confira-a-situacao-dos-lesionados-no-flamengo\/#breadcrumb"},"inLanguage":"pt-BR","potentialAction":[{"@type":"ReadAction","target":["https:\/\/www.gaveanews.com\/index.php\/2019\/07\/25\/diego-ribas-everton-ribeiro-giorgian-de-arrascaeta-e-vitinho-confira-a-situacao-dos-lesionados-no-flamengo\/"]}]},{"@type":"ImageObject","inLanguage":"pt-BR","@id":"https:\/\/www.gaveanews.com\/index.php\/2019\/07\/25\/diego-ribas-everton-ribeiro-giorgian-de-arrascaeta-e-vitinho-confira-a-situacao-dos-lesionados-no-flamengo\/#primaryimage","url":"https:\/\/www.gaveanews.com\/wp-content\/uploads\/2019\/07\/Diego-Ribas-durante-treinamento-do-Flamengo.webp","contentUrl":"https:\/\/www.gaveanews.com\/wp-content\/uploads\/2019\/07\/Diego-Ribas-durante-treinamento-do-Flamengo.webp","width":1024,"height":682,"caption":"Diego Ribas durante treinamento do Flamengo (Foto: Alexandre Vidal\/Flamengo)"},{"@type":"BreadcrumbList","@id":"https:\/\/www.gaveanews.com\/index.php\/2019\/07\/25\/diego-ribas-everton-ribeiro-giorgian-de-arrascaeta-e-vitinho-confira-a-situacao-dos-lesionados-no-flamengo\/#breadcrumb","itemListElement":[{"@type":"ListItem","position":1,"name":"Home","item":"https:\/\/www.gaveanews.com\/"},{"@type":"ListItem","position":2,"name":"Diego Ribas, Everton Ribeiro, Giorgian De Arrascaeta e Vitinho: Confira a situa\u00e7\u00e3o dos lesionados no Flamengo"}]},{"@type":"WebSite","@id":"https:\/\/www.gaveanews.com\/#website","url":"https:\/\/www.gaveanews.com\/","name":"G\u00e1vea News","description":"Veja todas as not\u00edcias sobre o Flamengo: Contrata\u00e7\u00f5es, categorias de base, resultados das partidas, tabela de classifica\u00e7\u00e3o, pr\u00f3ximos jogos!","potentialAction":[{"@type":"SearchAction","target":{"@type":"EntryPoint","urlTemplate":"https:\/\/www.gaveanews.com\/?s={search_term_string}"},"query-input":{"@type":"PropertyValueSpecification","valueRequired":true,"valueName":"search_term_string"}}],"inLanguage":"pt-BR"},{"@type":"Person","@id":"https:\/\/www.gaveanews.com\/#\/schema\/person\/2ec14f73fb96be2caf28f91afb14749d","name":"Equipe G\u00e1vea News","image":{"@type":"ImageObject","inLanguage":"pt-BR","@id":"https:\/\/www.gaveanews.com\/#\/schema\/person\/image\/","url":"https:\/\/secure.gravatar.com\/avatar\/1e1956f1facbffd3f8fa53a326721950116b3b9dc9bd44939c01180fd4a745a9?s=96&d=mm&r=g","contentUrl":"https:\/\/secure.gravatar.com\/avatar\/1e1956f1facbffd3f8fa53a326721950116b3b9dc9bd44939c01180fd4a745a9?s=96&d=mm&r=g","caption":"Equipe G\u00e1vea News"}}]}},"_links":{"self":[{"href":"https:\/\/www.gaveanews.com\/index.php\/wp-json\/wp\/v2\/posts\/23586","targetHints":{"allow":["GET"]}}],"collection":[{"href":"https:\/\/www.gaveanews.com\/index.php\/wp-json\/wp\/v2\/posts"}],"about":[{"href":"https:\/\/www.gaveanews.com\/index.php\/wp-json\/wp\/v2\/types\/post"}],"author":[{"embeddable":true,"href":"https:\/\/www.gaveanews.com\/index.php\/wp-json\/wp\/v2\/users\/1"}],"replies":[{"embeddable":true,"href":"https:\/\/www.gaveanews.com\/index.php\/wp-json\/wp\/v2\/comments?post=23586"}],"version-history":[{"count":0,"href":"https:\/\/www.gaveanews.com\/index.php\/wp-json\/wp\/v2\/posts\/23586\/revisions"}],"wp:featuredmedia":[{"embeddable":true,"href":"https:\/\/www.gaveanews.com\/index.php\/wp-json\/wp\/v2\/media\/23567"}],"wp:attachment":[{"href":"https:\/\/www.gaveanews.com\/index.php\/wp-json\/wp\/v2\/media?parent=23586"}],"wp:term":[{"taxonomy":"category","embeddable":true,"href":"https:\/\/www.gaveanews.com\/index.php\/wp-json\/wp\/v2\/categories?post=23586"},{"taxonomy":"post_tag","embeddable":true,"href":"https:\/\/www.gaveanews.com\/index.php\/wp-json\/wp\/v2\/tags?post=23586"}],"curies":[{"name":"wp","href":"https:\/\/api.w.org\/{rel}","templated":true}]}}