{"id":23595,"date":"2019-07-26T04:04:12","date_gmt":"2019-07-26T07:04:12","guid":{"rendered":"http:\/\/www.gaveanews.com\/?p=23595"},"modified":"2019-07-28T10:36:54","modified_gmt":"2019-07-28T13:36:54","slug":"adversario-que-lesionou-diego-ribas-se-manifesta-em-redes-sociais-veja-publicacao","status":"publish","type":"post","link":"https:\/\/www.gaveanews.com\/index.php\/2019\/07\/26\/adversario-que-lesionou-diego-ribas-se-manifesta-em-redes-sociais-veja-publicacao\/","title":{"rendered":"Advers\u00e1rio que lesionou Diego Ribas se manifesta em redes sociais; veja publica\u00e7\u00e3o"},"content":{"rendered":"\n<p>N\u00e3o bastasse o preju\u00edzo de 2 a 0, trazido na bagagem rumo ao Rio de Janeiro, ap\u00f3s noite desastrosa no est\u00e1dio George Capwell, no Equador, onde foi derrotado pelo Emelec, no jogo de ida das oitavas de final da Libertadores, o Flamengo retornou com mais um desfalque de peso: Diego teve confirmada fratura no tornozelo esquerdo e passou por cirurgia nesta quinta-feira (25). <\/p>\n\n\n\n<p>E, al\u00e9m do apoio da Na\u00e7\u00e3o Rubro-Negra, o meia tamb\u00e9m recebeu um pedido de desculpas.<\/p>\n\n\n\n<p>O meio campo Dixon Arroyo, do Emelec, autor da falta que originou a les\u00e3o do camisa 10 da G\u00e1vea, se manisfestou na noite desta quinta em seu Instagram. No stories, o jogador equatoriano marcou o jogador do Flamengo e escreveu: \u201cMe solidarizo com meu companheiro de profiss\u00e3o Diego\u2026 \u00e0s vezes, durante as partidas, acontecem algumas coisas inexplic\u00e1veis, nenhum jogador entra em campo com a inten\u00e7\u00e3o de causar dano, um tremendo acidente em que jamais fui mal intencionado, desejo de todo cora\u00e7\u00e3o que te recuperes favoravelmente, o mais r\u00e1pido poss\u00edvel! Todo meu apoio e solidariedade para voc\u00ea, muita for\u00e7a craque!\u201d <\/p>\n\n\n\n<p>Veja a publica\u00e7\u00e3o abaixo:<\/p>\n\n\n\n<div class=\"wp-block-image\"><figure class=\"aligncenter\"><img decoding=\"async\" src=\"https:\/\/colunadofla.com\/wp-content\/uploads\/2019\/07\/diego-9.webp\" alt=\"\"\/><\/figure><\/div>\n\n\n\n<p>Flamengo e Emelec voltam a medir for\u00e7as na pr\u00f3xima quarta-feira, no Maracan\u00e3, \u00e0s 21h30, e decidem quem segue \u00e0s quartas de final da competi\u00e7\u00e3o continental. O Rubro-Negro, que n\u00e3o p\u00f4de contar com Everton Ribeiro, Vitinho e Arrascaeta no Equador, ganha tamb\u00e9m o desfalque de Diego para a partida no Rio de Janeiro. Para seguir na Libertadores, o Mais Querido precisar\u00e1 vencer por 3 a 0 ou uma diferen\u00e7a de tr\u00eas gols.<\/p>\n\n\n\n\n\n<p>Retirado de: Coluna do Fla<\/p>\n","protected":false},"excerpt":{"rendered":"<p>N\u00e3o bastasse o preju\u00edzo de 2 a 0, trazido na bagagem rumo ao Rio de Janeiro, ap\u00f3s noite desastrosa no est\u00e1dio George Capwell, no Equador, onde foi derrotado pelo Emelec, no jogo de ida das oitavas de final da Libertadores, o Flamengo retornou com mais um desfalque de peso: Diego teve confirmada fratura no tornozelo [&hellip;]<\/p>\n","protected":false},"author":1,"featured_media":23567,"comment_status":"open","ping_status":"open","sticky":false,"template":"","format":"standard","meta":{"footnotes":""},"categories":[1],"tags":[],"class_list":["post-23595","post","type-post","status-publish","format-standard","has-post-thumbnail","hentry","category-flamengo"],"yoast_head":"<!-- This site is optimized with the Yoast SEO Premium plugin v24.2 (Yoast SEO v26.9) - https:\/\/yoast.com\/product\/yoast-seo-premium-wordpress\/ -->\n<title>Advers\u00e1rio que lesionou Diego Ribas se manifesta em redes sociais; veja publica\u00e7\u00e3o<\/title>\n<meta name=\"robots\" content=\"index, follow, max-snippet:-1, max-image-preview:large, max-video-preview:-1\" \/>\n<link rel=\"canonical\" href=\"https:\/\/www.gaveanews.com\/index.php\/2019\/07\/26\/adversario-que-lesionou-diego-ribas-se-manifesta-em-redes-sociais-veja-publicacao\/\" \/>\n<meta property=\"og:locale\" content=\"pt_BR\" \/>\n<meta property=\"og:type\" content=\"article\" \/>\n<meta property=\"og:title\" content=\"Advers\u00e1rio que lesionou Diego Ribas se manifesta em redes sociais; veja publica\u00e7\u00e3o\" \/>\n<meta property=\"og:description\" content=\"N\u00e3o bastasse o preju\u00edzo de 2 a 0, trazido na bagagem rumo ao Rio de Janeiro, ap\u00f3s noite desastrosa no est\u00e1dio George Capwell, no Equador, onde foi derrotado pelo Emelec, no jogo de ida das oitavas de final da Libertadores, o Flamengo retornou com mais um desfalque de peso: Diego teve confirmada fratura no tornozelo [&hellip;]\" \/>\n<meta property=\"og:url\" content=\"https:\/\/www.gaveanews.com\/index.php\/2019\/07\/26\/adversario-que-lesionou-diego-ribas-se-manifesta-em-redes-sociais-veja-publicacao\/\" \/>\n<meta property=\"og:site_name\" content=\"G\u00e1vea News\" \/>\n<meta property=\"article:publisher\" content=\"https:\/\/facebook.com\/gaveaNews\/\" \/>\n<meta property=\"article:published_time\" content=\"2019-07-26T07:04:12+00:00\" \/>\n<meta property=\"article:modified_time\" content=\"2019-07-28T13:36:54+00:00\" \/>\n<meta property=\"og:image\" content=\"https:\/\/www.gaveanews.com\/wp-content\/uploads\/2019\/07\/Diego-Ribas-durante-treinamento-do-Flamengo.webp\" \/>\n\t<meta property=\"og:image:width\" content=\"1024\" \/>\n\t<meta property=\"og:image:height\" content=\"682\" \/>\n\t<meta property=\"og:image:type\" content=\"image\/jpeg\" \/>\n<meta name=\"author\" content=\"Equipe G\u00e1vea News\" \/>\n<meta name=\"twitter:card\" content=\"summary_large_image\" \/>\n<meta name=\"twitter:label1\" content=\"Escrito por\" \/>\n\t<meta name=\"twitter:data1\" content=\"Equipe G\u00e1vea News\" \/>\n\t<meta name=\"twitter:label2\" content=\"Est. tempo de leitura\" \/>\n\t<meta name=\"twitter:data2\" content=\"1 minuto\" \/>\n<script type=\"application\/ld+json\" class=\"yoast-schema-graph\">{\"@context\":\"https:\/\/schema.org\",\"@graph\":[{\"@type\":\"NewsArticle\",\"@id\":\"https:\/\/www.gaveanews.com\/index.php\/2019\/07\/26\/adversario-que-lesionou-diego-ribas-se-manifesta-em-redes-sociais-veja-publicacao\/#article\",\"isPartOf\":{\"@id\":\"https:\/\/www.gaveanews.com\/index.php\/2019\/07\/26\/adversario-que-lesionou-diego-ribas-se-manifesta-em-redes-sociais-veja-publicacao\/\"},\"author\":{\"name\":\"Equipe G\u00e1vea News\",\"@id\":\"https:\/\/www.gaveanews.com\/#\/schema\/person\/2ec14f73fb96be2caf28f91afb14749d\"},\"headline\":\"Advers\u00e1rio que lesionou Diego Ribas se manifesta em redes sociais; veja publica\u00e7\u00e3o\",\"datePublished\":\"2019-07-26T07:04:12+00:00\",\"dateModified\":\"2019-07-28T13:36:54+00:00\",\"mainEntityOfPage\":{\"@id\":\"https:\/\/www.gaveanews.com\/index.php\/2019\/07\/26\/adversario-que-lesionou-diego-ribas-se-manifesta-em-redes-sociais-veja-publicacao\/\"},\"wordCount\":290,\"commentCount\":0,\"image\":{\"@id\":\"https:\/\/www.gaveanews.com\/index.php\/2019\/07\/26\/adversario-que-lesionou-diego-ribas-se-manifesta-em-redes-sociais-veja-publicacao\/#primaryimage\"},\"thumbnailUrl\":\"https:\/\/www.gaveanews.com\/wp-content\/uploads\/2019\/07\/Diego-Ribas-durante-treinamento-do-Flamengo.webp\",\"articleSection\":[\"Flamengo\"],\"inLanguage\":\"pt-BR\",\"potentialAction\":[{\"@type\":\"CommentAction\",\"name\":\"Comment\",\"target\":[\"https:\/\/www.gaveanews.com\/index.php\/2019\/07\/26\/adversario-que-lesionou-diego-ribas-se-manifesta-em-redes-sociais-veja-publicacao\/#respond\"]}],\"copyrightYear\":\"2019\",\"copyrightHolder\":{\"@id\":\"https:\/\/www.gaveanews.com\/#organization\"}},{\"@type\":\"WebPage\",\"@id\":\"https:\/\/www.gaveanews.com\/index.php\/2019\/07\/26\/adversario-que-lesionou-diego-ribas-se-manifesta-em-redes-sociais-veja-publicacao\/\",\"url\":\"https:\/\/www.gaveanews.com\/index.php\/2019\/07\/26\/adversario-que-lesionou-diego-ribas-se-manifesta-em-redes-sociais-veja-publicacao\/\",\"name\":\"Advers\u00e1rio que lesionou Diego Ribas se manifesta em redes sociais; veja publica\u00e7\u00e3o\",\"isPartOf\":{\"@id\":\"https:\/\/www.gaveanews.com\/#website\"},\"primaryImageOfPage\":{\"@id\":\"https:\/\/www.gaveanews.com\/index.php\/2019\/07\/26\/adversario-que-lesionou-diego-ribas-se-manifesta-em-redes-sociais-veja-publicacao\/#primaryimage\"},\"image\":{\"@id\":\"https:\/\/www.gaveanews.com\/index.php\/2019\/07\/26\/adversario-que-lesionou-diego-ribas-se-manifesta-em-redes-sociais-veja-publicacao\/#primaryimage\"},\"thumbnailUrl\":\"https:\/\/www.gaveanews.com\/wp-content\/uploads\/2019\/07\/Diego-Ribas-durante-treinamento-do-Flamengo.webp\",\"datePublished\":\"2019-07-26T07:04:12+00:00\",\"dateModified\":\"2019-07-28T13:36:54+00:00\",\"author\":{\"@id\":\"https:\/\/www.gaveanews.com\/#\/schema\/person\/2ec14f73fb96be2caf28f91afb14749d\"},\"breadcrumb\":{\"@id\":\"https:\/\/www.gaveanews.com\/index.php\/2019\/07\/26\/adversario-que-lesionou-diego-ribas-se-manifesta-em-redes-sociais-veja-publicacao\/#breadcrumb\"},\"inLanguage\":\"pt-BR\",\"potentialAction\":[{\"@type\":\"ReadAction\",\"target\":[\"https:\/\/www.gaveanews.com\/index.php\/2019\/07\/26\/adversario-que-lesionou-diego-ribas-se-manifesta-em-redes-sociais-veja-publicacao\/\"]}]},{\"@type\":\"ImageObject\",\"inLanguage\":\"pt-BR\",\"@id\":\"https:\/\/www.gaveanews.com\/index.php\/2019\/07\/26\/adversario-que-lesionou-diego-ribas-se-manifesta-em-redes-sociais-veja-publicacao\/#primaryimage\",\"url\":\"https:\/\/www.gaveanews.com\/wp-content\/uploads\/2019\/07\/Diego-Ribas-durante-treinamento-do-Flamengo.webp\",\"contentUrl\":\"https:\/\/www.gaveanews.com\/wp-content\/uploads\/2019\/07\/Diego-Ribas-durante-treinamento-do-Flamengo.webp\",\"width\":1024,\"height\":682,\"caption\":\"Diego Ribas durante treinamento do Flamengo (Foto: Alexandre Vidal\/Flamengo)\"},{\"@type\":\"BreadcrumbList\",\"@id\":\"https:\/\/www.gaveanews.com\/index.php\/2019\/07\/26\/adversario-que-lesionou-diego-ribas-se-manifesta-em-redes-sociais-veja-publicacao\/#breadcrumb\",\"itemListElement\":[{\"@type\":\"ListItem\",\"position\":1,\"name\":\"Home\",\"item\":\"https:\/\/www.gaveanews.com\/\"},{\"@type\":\"ListItem\",\"position\":2,\"name\":\"Advers\u00e1rio que lesionou Diego Ribas se manifesta em redes sociais; veja publica\u00e7\u00e3o\"}]},{\"@type\":\"WebSite\",\"@id\":\"https:\/\/www.gaveanews.com\/#website\",\"url\":\"https:\/\/www.gaveanews.com\/\",\"name\":\"G\u00e1vea News\",\"description\":\"Veja todas as not\u00edcias sobre o Flamengo: Contrata\u00e7\u00f5es, categorias de base, resultados das partidas, tabela de classifica\u00e7\u00e3o, pr\u00f3ximos jogos!\",\"potentialAction\":[{\"@type\":\"SearchAction\",\"target\":{\"@type\":\"EntryPoint\",\"urlTemplate\":\"https:\/\/www.gaveanews.com\/?s={search_term_string}\"},\"query-input\":{\"@type\":\"PropertyValueSpecification\",\"valueRequired\":true,\"valueName\":\"search_term_string\"}}],\"inLanguage\":\"pt-BR\"},{\"@type\":\"Person\",\"@id\":\"https:\/\/www.gaveanews.com\/#\/schema\/person\/2ec14f73fb96be2caf28f91afb14749d\",\"name\":\"Equipe G\u00e1vea News\",\"image\":{\"@type\":\"ImageObject\",\"inLanguage\":\"pt-BR\",\"@id\":\"https:\/\/www.gaveanews.com\/#\/schema\/person\/image\/\",\"url\":\"https:\/\/secure.gravatar.com\/avatar\/1e1956f1facbffd3f8fa53a326721950116b3b9dc9bd44939c01180fd4a745a9?s=96&d=mm&r=g\",\"contentUrl\":\"https:\/\/secure.gravatar.com\/avatar\/1e1956f1facbffd3f8fa53a326721950116b3b9dc9bd44939c01180fd4a745a9?s=96&d=mm&r=g\",\"caption\":\"Equipe G\u00e1vea News\"}}]}<\/script>\n<!-- \/ Yoast SEO Premium plugin. -->","yoast_head_json":{"title":"Advers\u00e1rio que lesionou Diego Ribas se manifesta em redes sociais; veja publica\u00e7\u00e3o","robots":{"index":"index","follow":"follow","max-snippet":"max-snippet:-1","max-image-preview":"max-image-preview:large","max-video-preview":"max-video-preview:-1"},"canonical":"https:\/\/www.gaveanews.com\/index.php\/2019\/07\/26\/adversario-que-lesionou-diego-ribas-se-manifesta-em-redes-sociais-veja-publicacao\/","og_locale":"pt_BR","og_type":"article","og_title":"Advers\u00e1rio que lesionou Diego Ribas se manifesta em redes sociais; veja publica\u00e7\u00e3o","og_description":"N\u00e3o bastasse o preju\u00edzo de 2 a 0, trazido na bagagem rumo ao Rio de Janeiro, ap\u00f3s noite desastrosa no est\u00e1dio George Capwell, no Equador, onde foi derrotado pelo Emelec, no jogo de ida das oitavas de final da Libertadores, o Flamengo retornou com mais um desfalque de peso: Diego teve confirmada fratura no tornozelo [&hellip;]","og_url":"https:\/\/www.gaveanews.com\/index.php\/2019\/07\/26\/adversario-que-lesionou-diego-ribas-se-manifesta-em-redes-sociais-veja-publicacao\/","og_site_name":"G\u00e1vea News","article_publisher":"https:\/\/facebook.com\/gaveaNews\/","article_published_time":"2019-07-26T07:04:12+00:00","article_modified_time":"2019-07-28T13:36:54+00:00","og_image":[{"width":1024,"height":682,"url":"https:\/\/www.gaveanews.com\/wp-content\/uploads\/2019\/07\/Diego-Ribas-durante-treinamento-do-Flamengo.webp","type":"image\/jpeg"}],"author":"Equipe G\u00e1vea News","twitter_card":"summary_large_image","twitter_misc":{"Escrito por":"Equipe G\u00e1vea News","Est. tempo de leitura":"1 minuto"},"schema":{"@context":"https:\/\/schema.org","@graph":[{"@type":"NewsArticle","@id":"https:\/\/www.gaveanews.com\/index.php\/2019\/07\/26\/adversario-que-lesionou-diego-ribas-se-manifesta-em-redes-sociais-veja-publicacao\/#article","isPartOf":{"@id":"https:\/\/www.gaveanews.com\/index.php\/2019\/07\/26\/adversario-que-lesionou-diego-ribas-se-manifesta-em-redes-sociais-veja-publicacao\/"},"author":{"name":"Equipe G\u00e1vea News","@id":"https:\/\/www.gaveanews.com\/#\/schema\/person\/2ec14f73fb96be2caf28f91afb14749d"},"headline":"Advers\u00e1rio que lesionou Diego Ribas se manifesta em redes sociais; veja publica\u00e7\u00e3o","datePublished":"2019-07-26T07:04:12+00:00","dateModified":"2019-07-28T13:36:54+00:00","mainEntityOfPage":{"@id":"https:\/\/www.gaveanews.com\/index.php\/2019\/07\/26\/adversario-que-lesionou-diego-ribas-se-manifesta-em-redes-sociais-veja-publicacao\/"},"wordCount":290,"commentCount":0,"image":{"@id":"https:\/\/www.gaveanews.com\/index.php\/2019\/07\/26\/adversario-que-lesionou-diego-ribas-se-manifesta-em-redes-sociais-veja-publicacao\/#primaryimage"},"thumbnailUrl":"https:\/\/www.gaveanews.com\/wp-content\/uploads\/2019\/07\/Diego-Ribas-durante-treinamento-do-Flamengo.webp","articleSection":["Flamengo"],"inLanguage":"pt-BR","potentialAction":[{"@type":"CommentAction","name":"Comment","target":["https:\/\/www.gaveanews.com\/index.php\/2019\/07\/26\/adversario-que-lesionou-diego-ribas-se-manifesta-em-redes-sociais-veja-publicacao\/#respond"]}],"copyrightYear":"2019","copyrightHolder":{"@id":"https:\/\/www.gaveanews.com\/#organization"}},{"@type":"WebPage","@id":"https:\/\/www.gaveanews.com\/index.php\/2019\/07\/26\/adversario-que-lesionou-diego-ribas-se-manifesta-em-redes-sociais-veja-publicacao\/","url":"https:\/\/www.gaveanews.com\/index.php\/2019\/07\/26\/adversario-que-lesionou-diego-ribas-se-manifesta-em-redes-sociais-veja-publicacao\/","name":"Advers\u00e1rio que lesionou Diego Ribas se manifesta em redes sociais; veja publica\u00e7\u00e3o","isPartOf":{"@id":"https:\/\/www.gaveanews.com\/#website"},"primaryImageOfPage":{"@id":"https:\/\/www.gaveanews.com\/index.php\/2019\/07\/26\/adversario-que-lesionou-diego-ribas-se-manifesta-em-redes-sociais-veja-publicacao\/#primaryimage"},"image":{"@id":"https:\/\/www.gaveanews.com\/index.php\/2019\/07\/26\/adversario-que-lesionou-diego-ribas-se-manifesta-em-redes-sociais-veja-publicacao\/#primaryimage"},"thumbnailUrl":"https:\/\/www.gaveanews.com\/wp-content\/uploads\/2019\/07\/Diego-Ribas-durante-treinamento-do-Flamengo.webp","datePublished":"2019-07-26T07:04:12+00:00","dateModified":"2019-07-28T13:36:54+00:00","author":{"@id":"https:\/\/www.gaveanews.com\/#\/schema\/person\/2ec14f73fb96be2caf28f91afb14749d"},"breadcrumb":{"@id":"https:\/\/www.gaveanews.com\/index.php\/2019\/07\/26\/adversario-que-lesionou-diego-ribas-se-manifesta-em-redes-sociais-veja-publicacao\/#breadcrumb"},"inLanguage":"pt-BR","potentialAction":[{"@type":"ReadAction","target":["https:\/\/www.gaveanews.com\/index.php\/2019\/07\/26\/adversario-que-lesionou-diego-ribas-se-manifesta-em-redes-sociais-veja-publicacao\/"]}]},{"@type":"ImageObject","inLanguage":"pt-BR","@id":"https:\/\/www.gaveanews.com\/index.php\/2019\/07\/26\/adversario-que-lesionou-diego-ribas-se-manifesta-em-redes-sociais-veja-publicacao\/#primaryimage","url":"https:\/\/www.gaveanews.com\/wp-content\/uploads\/2019\/07\/Diego-Ribas-durante-treinamento-do-Flamengo.webp","contentUrl":"https:\/\/www.gaveanews.com\/wp-content\/uploads\/2019\/07\/Diego-Ribas-durante-treinamento-do-Flamengo.webp","width":1024,"height":682,"caption":"Diego Ribas durante treinamento do Flamengo (Foto: Alexandre Vidal\/Flamengo)"},{"@type":"BreadcrumbList","@id":"https:\/\/www.gaveanews.com\/index.php\/2019\/07\/26\/adversario-que-lesionou-diego-ribas-se-manifesta-em-redes-sociais-veja-publicacao\/#breadcrumb","itemListElement":[{"@type":"ListItem","position":1,"name":"Home","item":"https:\/\/www.gaveanews.com\/"},{"@type":"ListItem","position":2,"name":"Advers\u00e1rio que lesionou Diego Ribas se manifesta em redes sociais; veja publica\u00e7\u00e3o"}]},{"@type":"WebSite","@id":"https:\/\/www.gaveanews.com\/#website","url":"https:\/\/www.gaveanews.com\/","name":"G\u00e1vea News","description":"Veja todas as not\u00edcias sobre o Flamengo: Contrata\u00e7\u00f5es, categorias de base, resultados das partidas, tabela de classifica\u00e7\u00e3o, pr\u00f3ximos jogos!","potentialAction":[{"@type":"SearchAction","target":{"@type":"EntryPoint","urlTemplate":"https:\/\/www.gaveanews.com\/?s={search_term_string}"},"query-input":{"@type":"PropertyValueSpecification","valueRequired":true,"valueName":"search_term_string"}}],"inLanguage":"pt-BR"},{"@type":"Person","@id":"https:\/\/www.gaveanews.com\/#\/schema\/person\/2ec14f73fb96be2caf28f91afb14749d","name":"Equipe G\u00e1vea News","image":{"@type":"ImageObject","inLanguage":"pt-BR","@id":"https:\/\/www.gaveanews.com\/#\/schema\/person\/image\/","url":"https:\/\/secure.gravatar.com\/avatar\/1e1956f1facbffd3f8fa53a326721950116b3b9dc9bd44939c01180fd4a745a9?s=96&d=mm&r=g","contentUrl":"https:\/\/secure.gravatar.com\/avatar\/1e1956f1facbffd3f8fa53a326721950116b3b9dc9bd44939c01180fd4a745a9?s=96&d=mm&r=g","caption":"Equipe G\u00e1vea News"}}]}},"_links":{"self":[{"href":"https:\/\/www.gaveanews.com\/index.php\/wp-json\/wp\/v2\/posts\/23595","targetHints":{"allow":["GET"]}}],"collection":[{"href":"https:\/\/www.gaveanews.com\/index.php\/wp-json\/wp\/v2\/posts"}],"about":[{"href":"https:\/\/www.gaveanews.com\/index.php\/wp-json\/wp\/v2\/types\/post"}],"author":[{"embeddable":true,"href":"https:\/\/www.gaveanews.com\/index.php\/wp-json\/wp\/v2\/users\/1"}],"replies":[{"embeddable":true,"href":"https:\/\/www.gaveanews.com\/index.php\/wp-json\/wp\/v2\/comments?post=23595"}],"version-history":[{"count":0,"href":"https:\/\/www.gaveanews.com\/index.php\/wp-json\/wp\/v2\/posts\/23595\/revisions"}],"wp:featuredmedia":[{"embeddable":true,"href":"https:\/\/www.gaveanews.com\/index.php\/wp-json\/wp\/v2\/media\/23567"}],"wp:attachment":[{"href":"https:\/\/www.gaveanews.com\/index.php\/wp-json\/wp\/v2\/media?parent=23595"}],"wp:term":[{"taxonomy":"category","embeddable":true,"href":"https:\/\/www.gaveanews.com\/index.php\/wp-json\/wp\/v2\/categories?post=23595"},{"taxonomy":"post_tag","embeddable":true,"href":"https:\/\/www.gaveanews.com\/index.php\/wp-json\/wp\/v2\/tags?post=23595"}],"curies":[{"name":"wp","href":"https:\/\/api.w.org\/{rel}","templated":true}]}}