{"id":236102,"date":"2025-03-05T19:40:45","date_gmt":"2025-03-05T22:40:45","guid":{"rendered":"https:\/\/www.gaveanews.com\/?p=236102"},"modified":"2025-03-05T19:22:44","modified_gmt":"2025-03-05T22:22:44","slug":"tecnico-do-barcelona-e-sincero-sobre-retorno-de-neymar-ao-clube","status":"publish","type":"post","link":"https:\/\/www.gaveanews.com\/index.php\/2025\/03\/05\/tecnico-do-barcelona-e-sincero-sobre-retorno-de-neymar-ao-clube\/","title":{"rendered":"T\u00e9cnico do Barcelona \u00e9 sincero sobre retorno de Neymar ao clube"},"content":{"rendered":"\n<p>Na \u00faltima semana, os rumores sobre uma poss\u00edvel volta de Neymar ao Barcelona ganharam destaque no cen\u00e1rio esportivo. O assunto, que mobilizou a imprensa internacional, foi abordado em uma entrevista com Hansi Flick, t\u00e9cnico do clube catal\u00e3o. <\/p>\n\n\n\n<p>Nesse sentido, ao questionarem Flick sobre a possibilidade de o astro brasileiro retornar ao time, ele foi enf\u00e1tico ao afirmar que essa decis\u00e3o n\u00e3o faz parte de suas atribui\u00e7\u00f5es.<\/p>\n\n\n\n<p>\u201cN\u00e3o \u00e9 meu trabalho. Eu sempre digo isso antes, porque agora estou realmente focado neste time at\u00e9 o final da temporada. Temos grandes oportunidades e queremos dar tudo de n\u00f3s e estar focados. Para isso, o t\u00e9cnico tem que estar focado tamb\u00e9m. Esse n\u00e3o \u00e9 meu trabalho. \u00c9 um trabalho do Deco e do clube. Eles que far\u00e3o isso [informa\u00e7\u00f5es sobre Neymar]\u201d, declarou o treinador.<\/p>\n\n\n\n<h2 class=\"wp-block-heading\" id=\"h-declaracoes-de-andre-cury-alimentam-especulacoes\">Declara\u00e7\u00f5es de Andr\u00e9 Cury alimentam especula\u00e7\u00f5es<\/h2>\n\n\n\n<p>Ademais, os boatos sobre o retorno de Neymar ao Barcelona ganharam for\u00e7a ap\u00f3s declara\u00e7\u00f5es de Andr\u00e9 Cury, empres\u00e1rio do jogador, em entrevista \u00e0 r\u00e1dio \u201cRAC 1\u201d, da Catalunha. Cury afirmou que o atacante est\u00e1 se recuperando de uma les\u00e3o no Brasil e que, caso haja uma oportunidade de voltar ao clube catal\u00e3o, ele retornaria com entusiasmo.<\/p>\n\n\n\n<p>\u201cNeymar estar\u00e1 em julho como \u2018agente livre\u2019 e est\u00e1 se recuperando sua forma no Brasil. Ele sabe que nunca deveria ter sa\u00eddo. Se tiver alguma possibilidade de retornar ao Barcelona, voltar\u00e1 com muito prazer\u201d, disse o empres\u00e1rio. No entanto, ve\u00edculos da imprensa espanhola afirmaram que o jogador n\u00e3o est\u00e1 nos planos do Barcelona, j\u00e1 que n\u00e3o se encaixa no perfil da equipe atual.<\/p>\n\n\n\n<h2 class=\"wp-block-heading\" id=\"h-neymar-se-destaca-no-santos-e-tranquiliza-torcedores-apos-lesao\">Neymar se destaca no Santos e tranquiliza torcedores ap\u00f3s les\u00e3o<\/h2>\n\n\n\n<p>Enquanto os rumores sobre seu futuro continuam, Neymar segue em destaque no Santos. No \u00faltimo domingo (2\/3), o Alvinegro Praiano garantiu sua vaga na semifinal do Campeonato Paulista ao derrotar o Bragantino por 2 x 0 na Vila Belmiro. O camisa 10 marcou um gola\u00e7o de falta e foi decisivo para a vit\u00f3ria da equipe.<\/p>\n\n\n\n<p>No segundo tempo, o jogador sentiu um desconforto f\u00edsico e foi substitu\u00eddo pelo t\u00e9cnico Pedro Caixinha. Posteriormente ao jogo, Neymar usou as redes sociais para tranquilizar os torcedores, afirmando que a decis\u00e3o foi preventiva.<\/p>\n\n\n\n<p>\u201cEstou bem, senti um desconforto e achei melhor me poupar! Fazia tempo que n\u00e3o jogava um jogo com essa intensidade\u2026 Estou feliz demais por estar voltando a minha melhor forma f\u00edsica! Obrigado a todos pelas mensagens!!!\u201d, escreveu o atacante. <\/p>\n","protected":false},"excerpt":{"rendered":"<p>Na \u00faltima semana, os rumores sobre uma poss\u00edvel volta de Neymar ao Barcelona ganharam destaque no cen\u00e1rio esportivo. O assunto, que mobilizou a imprensa internacional, foi abordado em uma entrevista com Hansi Flick, t\u00e9cnico do clube catal\u00e3o. Nesse sentido, ao questionarem Flick sobre a possibilidade de o astro brasileiro retornar ao time, ele foi enf\u00e1tico [&hellip;]<\/p>\n","protected":false},"author":28,"featured_media":147894,"comment_status":"open","ping_status":"closed","sticky":false,"template":"","format":"standard","meta":{"footnotes":""},"categories":[87,139],"tags":[],"class_list":["post-236102","post","type-post","status-publish","format-standard","has-post-thumbnail","hentry","category-barcelona","category-santos"],"yoast_head":"<!-- This site is optimized with the Yoast SEO Premium plugin v24.2 (Yoast SEO v26.9) - https:\/\/yoast.com\/product\/yoast-seo-premium-wordpress\/ -->\n<title>T\u00e9cnico do Barcelona \u00e9 sincero sobre retorno de Neymar ao clube<\/title>\n<meta name=\"robots\" content=\"index, follow, max-snippet:-1, max-image-preview:large, max-video-preview:-1\" \/>\n<link rel=\"canonical\" href=\"https:\/\/www.gaveanews.com\/index.php\/2025\/03\/05\/tecnico-do-barcelona-e-sincero-sobre-retorno-de-neymar-ao-clube\/\" \/>\n<meta property=\"og:locale\" content=\"pt_BR\" \/>\n<meta property=\"og:type\" content=\"article\" \/>\n<meta property=\"og:title\" content=\"T\u00e9cnico do Barcelona \u00e9 sincero sobre retorno de Neymar ao clube\" \/>\n<meta property=\"og:description\" content=\"Na \u00faltima semana, os rumores sobre uma poss\u00edvel volta de Neymar ao Barcelona ganharam destaque no cen\u00e1rio esportivo. O assunto, que mobilizou a imprensa internacional, foi abordado em uma entrevista com Hansi Flick, t\u00e9cnico do clube catal\u00e3o. Nesse sentido, ao questionarem Flick sobre a possibilidade de o astro brasileiro retornar ao time, ele foi enf\u00e1tico [&hellip;]\" \/>\n<meta property=\"og:url\" content=\"https:\/\/www.gaveanews.com\/index.php\/2025\/03\/05\/tecnico-do-barcelona-e-sincero-sobre-retorno-de-neymar-ao-clube\/\" \/>\n<meta property=\"og:site_name\" content=\"G\u00e1vea News\" \/>\n<meta property=\"article:publisher\" content=\"https:\/\/facebook.com\/gaveaNews\/\" \/>\n<meta property=\"article:published_time\" content=\"2025-03-05T22:40:45+00:00\" \/>\n<meta property=\"og:image\" content=\"https:\/\/www.gaveanews.com\/wp-content\/uploads\/Neymar-em-acao-pelo-Selecao-Brasileira.webp\" \/>\n\t<meta property=\"og:image:width\" content=\"1295\" \/>\n\t<meta property=\"og:image:height\" content=\"863\" \/>\n\t<meta property=\"og:image:type\" content=\"image\/webp\" \/>\n<meta name=\"author\" content=\"Hudson Pereira\" \/>\n<meta name=\"twitter:card\" content=\"summary_large_image\" \/>\n<meta name=\"twitter:label1\" content=\"Escrito por\" \/>\n\t<meta name=\"twitter:data1\" content=\"Hudson Pereira\" \/>\n\t<meta name=\"twitter:label2\" content=\"Est. tempo de leitura\" \/>\n\t<meta name=\"twitter:data2\" content=\"3 minutos\" \/>\n<script type=\"application\/ld+json\" class=\"yoast-schema-graph\">{\"@context\":\"https:\/\/schema.org\",\"@graph\":[{\"@type\":\"NewsArticle\",\"@id\":\"https:\/\/www.gaveanews.com\/index.php\/2025\/03\/05\/tecnico-do-barcelona-e-sincero-sobre-retorno-de-neymar-ao-clube\/#article\",\"isPartOf\":{\"@id\":\"https:\/\/www.gaveanews.com\/index.php\/2025\/03\/05\/tecnico-do-barcelona-e-sincero-sobre-retorno-de-neymar-ao-clube\/\"},\"author\":{\"name\":\"Hudson Pereira\",\"@id\":\"https:\/\/www.gaveanews.com\/#\/schema\/person\/bd08f00534b403119b92741a6d469ef0\"},\"headline\":\"T\u00e9cnico do Barcelona \u00e9 sincero sobre retorno de Neymar ao clube\",\"datePublished\":\"2025-03-05T22:40:45+00:00\",\"mainEntityOfPage\":{\"@id\":\"https:\/\/www.gaveanews.com\/index.php\/2025\/03\/05\/tecnico-do-barcelona-e-sincero-sobre-retorno-de-neymar-ao-clube\/\"},\"wordCount\":435,\"commentCount\":0,\"image\":{\"@id\":\"https:\/\/www.gaveanews.com\/index.php\/2025\/03\/05\/tecnico-do-barcelona-e-sincero-sobre-retorno-de-neymar-ao-clube\/#primaryimage\"},\"thumbnailUrl\":\"https:\/\/www.gaveanews.com\/wp-content\/uploads\/Neymar-em-acao-pelo-Selecao-Brasileira.webp\",\"articleSection\":[\"Barcelona\",\"Santos\"],\"inLanguage\":\"pt-BR\",\"potentialAction\":[{\"@type\":\"CommentAction\",\"name\":\"Comment\",\"target\":[\"https:\/\/www.gaveanews.com\/index.php\/2025\/03\/05\/tecnico-do-barcelona-e-sincero-sobre-retorno-de-neymar-ao-clube\/#respond\"]}],\"copyrightYear\":\"2025\",\"copyrightHolder\":{\"@id\":\"https:\/\/www.gaveanews.com\/#organization\"}},{\"@type\":\"WebPage\",\"@id\":\"https:\/\/www.gaveanews.com\/index.php\/2025\/03\/05\/tecnico-do-barcelona-e-sincero-sobre-retorno-de-neymar-ao-clube\/\",\"url\":\"https:\/\/www.gaveanews.com\/index.php\/2025\/03\/05\/tecnico-do-barcelona-e-sincero-sobre-retorno-de-neymar-ao-clube\/\",\"name\":\"T\u00e9cnico do Barcelona \u00e9 sincero sobre retorno de Neymar ao clube\",\"isPartOf\":{\"@id\":\"https:\/\/www.gaveanews.com\/#website\"},\"primaryImageOfPage\":{\"@id\":\"https:\/\/www.gaveanews.com\/index.php\/2025\/03\/05\/tecnico-do-barcelona-e-sincero-sobre-retorno-de-neymar-ao-clube\/#primaryimage\"},\"image\":{\"@id\":\"https:\/\/www.gaveanews.com\/index.php\/2025\/03\/05\/tecnico-do-barcelona-e-sincero-sobre-retorno-de-neymar-ao-clube\/#primaryimage\"},\"thumbnailUrl\":\"https:\/\/www.gaveanews.com\/wp-content\/uploads\/Neymar-em-acao-pelo-Selecao-Brasileira.webp\",\"datePublished\":\"2025-03-05T22:40:45+00:00\",\"author\":{\"@id\":\"https:\/\/www.gaveanews.com\/#\/schema\/person\/bd08f00534b403119b92741a6d469ef0\"},\"breadcrumb\":{\"@id\":\"https:\/\/www.gaveanews.com\/index.php\/2025\/03\/05\/tecnico-do-barcelona-e-sincero-sobre-retorno-de-neymar-ao-clube\/#breadcrumb\"},\"inLanguage\":\"pt-BR\",\"potentialAction\":[{\"@type\":\"ReadAction\",\"target\":[\"https:\/\/www.gaveanews.com\/index.php\/2025\/03\/05\/tecnico-do-barcelona-e-sincero-sobre-retorno-de-neymar-ao-clube\/\"]}]},{\"@type\":\"ImageObject\",\"inLanguage\":\"pt-BR\",\"@id\":\"https:\/\/www.gaveanews.com\/index.php\/2025\/03\/05\/tecnico-do-barcelona-e-sincero-sobre-retorno-de-neymar-ao-clube\/#primaryimage\",\"url\":\"https:\/\/www.gaveanews.com\/wp-content\/uploads\/Neymar-em-acao-pelo-Selecao-Brasileira.webp\",\"contentUrl\":\"https:\/\/www.gaveanews.com\/wp-content\/uploads\/Neymar-em-acao-pelo-Selecao-Brasileira.webp\",\"width\":1295,\"height\":863,\"caption\":\"Neymar em a\u00e7\u00e3o pelo Sele\u00e7\u00e3o Brasileira (Foto: Reprodu\u00e7\u00e3o\/Instagram)\"},{\"@type\":\"BreadcrumbList\",\"@id\":\"https:\/\/www.gaveanews.com\/index.php\/2025\/03\/05\/tecnico-do-barcelona-e-sincero-sobre-retorno-de-neymar-ao-clube\/#breadcrumb\",\"itemListElement\":[{\"@type\":\"ListItem\",\"position\":1,\"name\":\"Home\",\"item\":\"https:\/\/www.gaveanews.com\/\"},{\"@type\":\"ListItem\",\"position\":2,\"name\":\"T\u00e9cnico do Barcelona \u00e9 sincero sobre retorno de Neymar ao clube\"}]},{\"@type\":\"WebSite\",\"@id\":\"https:\/\/www.gaveanews.com\/#website\",\"url\":\"https:\/\/www.gaveanews.com\/\",\"name\":\"G\u00e1vea News\",\"description\":\"Veja todas as not\u00edcias sobre o Flamengo: Contrata\u00e7\u00f5es, categorias de base, resultados das partidas, tabela de classifica\u00e7\u00e3o, pr\u00f3ximos jogos!\",\"potentialAction\":[{\"@type\":\"SearchAction\",\"target\":{\"@type\":\"EntryPoint\",\"urlTemplate\":\"https:\/\/www.gaveanews.com\/?s={search_term_string}\"},\"query-input\":{\"@type\":\"PropertyValueSpecification\",\"valueRequired\":true,\"valueName\":\"search_term_string\"}}],\"inLanguage\":\"pt-BR\"},{\"@type\":\"Person\",\"@id\":\"https:\/\/www.gaveanews.com\/#\/schema\/person\/bd08f00534b403119b92741a6d469ef0\",\"name\":\"Hudson Pereira\",\"image\":{\"@type\":\"ImageObject\",\"inLanguage\":\"pt-BR\",\"@id\":\"https:\/\/www.gaveanews.com\/#\/schema\/person\/image\/\",\"url\":\"https:\/\/secure.gravatar.com\/avatar\/ecc491b489e454e510efffc9b23c1052ce5fb4f2e05555768ba65819cd55f03e?s=96&d=mm&r=g\",\"contentUrl\":\"https:\/\/secure.gravatar.com\/avatar\/ecc491b489e454e510efffc9b23c1052ce5fb4f2e05555768ba65819cd55f03e?s=96&d=mm&r=g\",\"caption\":\"Hudson Pereira\"}}]}<\/script>\n<!-- \/ Yoast SEO Premium plugin. -->","yoast_head_json":{"title":"T\u00e9cnico do Barcelona \u00e9 sincero sobre retorno de Neymar ao clube","robots":{"index":"index","follow":"follow","max-snippet":"max-snippet:-1","max-image-preview":"max-image-preview:large","max-video-preview":"max-video-preview:-1"},"canonical":"https:\/\/www.gaveanews.com\/index.php\/2025\/03\/05\/tecnico-do-barcelona-e-sincero-sobre-retorno-de-neymar-ao-clube\/","og_locale":"pt_BR","og_type":"article","og_title":"T\u00e9cnico do Barcelona \u00e9 sincero sobre retorno de Neymar ao clube","og_description":"Na \u00faltima semana, os rumores sobre uma poss\u00edvel volta de Neymar ao Barcelona ganharam destaque no cen\u00e1rio esportivo. O assunto, que mobilizou a imprensa internacional, foi abordado em uma entrevista com Hansi Flick, t\u00e9cnico do clube catal\u00e3o. Nesse sentido, ao questionarem Flick sobre a possibilidade de o astro brasileiro retornar ao time, ele foi enf\u00e1tico [&hellip;]","og_url":"https:\/\/www.gaveanews.com\/index.php\/2025\/03\/05\/tecnico-do-barcelona-e-sincero-sobre-retorno-de-neymar-ao-clube\/","og_site_name":"G\u00e1vea News","article_publisher":"https:\/\/facebook.com\/gaveaNews\/","article_published_time":"2025-03-05T22:40:45+00:00","og_image":[{"width":1295,"height":863,"url":"https:\/\/www.gaveanews.com\/wp-content\/uploads\/Neymar-em-acao-pelo-Selecao-Brasileira.webp","type":"image\/webp"}],"author":"Hudson Pereira","twitter_card":"summary_large_image","twitter_misc":{"Escrito por":"Hudson Pereira","Est. tempo de leitura":"3 minutos"},"schema":{"@context":"https:\/\/schema.org","@graph":[{"@type":"NewsArticle","@id":"https:\/\/www.gaveanews.com\/index.php\/2025\/03\/05\/tecnico-do-barcelona-e-sincero-sobre-retorno-de-neymar-ao-clube\/#article","isPartOf":{"@id":"https:\/\/www.gaveanews.com\/index.php\/2025\/03\/05\/tecnico-do-barcelona-e-sincero-sobre-retorno-de-neymar-ao-clube\/"},"author":{"name":"Hudson Pereira","@id":"https:\/\/www.gaveanews.com\/#\/schema\/person\/bd08f00534b403119b92741a6d469ef0"},"headline":"T\u00e9cnico do Barcelona \u00e9 sincero sobre retorno de Neymar ao clube","datePublished":"2025-03-05T22:40:45+00:00","mainEntityOfPage":{"@id":"https:\/\/www.gaveanews.com\/index.php\/2025\/03\/05\/tecnico-do-barcelona-e-sincero-sobre-retorno-de-neymar-ao-clube\/"},"wordCount":435,"commentCount":0,"image":{"@id":"https:\/\/www.gaveanews.com\/index.php\/2025\/03\/05\/tecnico-do-barcelona-e-sincero-sobre-retorno-de-neymar-ao-clube\/#primaryimage"},"thumbnailUrl":"https:\/\/www.gaveanews.com\/wp-content\/uploads\/Neymar-em-acao-pelo-Selecao-Brasileira.webp","articleSection":["Barcelona","Santos"],"inLanguage":"pt-BR","potentialAction":[{"@type":"CommentAction","name":"Comment","target":["https:\/\/www.gaveanews.com\/index.php\/2025\/03\/05\/tecnico-do-barcelona-e-sincero-sobre-retorno-de-neymar-ao-clube\/#respond"]}],"copyrightYear":"2025","copyrightHolder":{"@id":"https:\/\/www.gaveanews.com\/#organization"}},{"@type":"WebPage","@id":"https:\/\/www.gaveanews.com\/index.php\/2025\/03\/05\/tecnico-do-barcelona-e-sincero-sobre-retorno-de-neymar-ao-clube\/","url":"https:\/\/www.gaveanews.com\/index.php\/2025\/03\/05\/tecnico-do-barcelona-e-sincero-sobre-retorno-de-neymar-ao-clube\/","name":"T\u00e9cnico do Barcelona \u00e9 sincero sobre retorno de Neymar ao clube","isPartOf":{"@id":"https:\/\/www.gaveanews.com\/#website"},"primaryImageOfPage":{"@id":"https:\/\/www.gaveanews.com\/index.php\/2025\/03\/05\/tecnico-do-barcelona-e-sincero-sobre-retorno-de-neymar-ao-clube\/#primaryimage"},"image":{"@id":"https:\/\/www.gaveanews.com\/index.php\/2025\/03\/05\/tecnico-do-barcelona-e-sincero-sobre-retorno-de-neymar-ao-clube\/#primaryimage"},"thumbnailUrl":"https:\/\/www.gaveanews.com\/wp-content\/uploads\/Neymar-em-acao-pelo-Selecao-Brasileira.webp","datePublished":"2025-03-05T22:40:45+00:00","author":{"@id":"https:\/\/www.gaveanews.com\/#\/schema\/person\/bd08f00534b403119b92741a6d469ef0"},"breadcrumb":{"@id":"https:\/\/www.gaveanews.com\/index.php\/2025\/03\/05\/tecnico-do-barcelona-e-sincero-sobre-retorno-de-neymar-ao-clube\/#breadcrumb"},"inLanguage":"pt-BR","potentialAction":[{"@type":"ReadAction","target":["https:\/\/www.gaveanews.com\/index.php\/2025\/03\/05\/tecnico-do-barcelona-e-sincero-sobre-retorno-de-neymar-ao-clube\/"]}]},{"@type":"ImageObject","inLanguage":"pt-BR","@id":"https:\/\/www.gaveanews.com\/index.php\/2025\/03\/05\/tecnico-do-barcelona-e-sincero-sobre-retorno-de-neymar-ao-clube\/#primaryimage","url":"https:\/\/www.gaveanews.com\/wp-content\/uploads\/Neymar-em-acao-pelo-Selecao-Brasileira.webp","contentUrl":"https:\/\/www.gaveanews.com\/wp-content\/uploads\/Neymar-em-acao-pelo-Selecao-Brasileira.webp","width":1295,"height":863,"caption":"Neymar em a\u00e7\u00e3o pelo Sele\u00e7\u00e3o Brasileira (Foto: Reprodu\u00e7\u00e3o\/Instagram)"},{"@type":"BreadcrumbList","@id":"https:\/\/www.gaveanews.com\/index.php\/2025\/03\/05\/tecnico-do-barcelona-e-sincero-sobre-retorno-de-neymar-ao-clube\/#breadcrumb","itemListElement":[{"@type":"ListItem","position":1,"name":"Home","item":"https:\/\/www.gaveanews.com\/"},{"@type":"ListItem","position":2,"name":"T\u00e9cnico do Barcelona \u00e9 sincero sobre retorno de Neymar ao clube"}]},{"@type":"WebSite","@id":"https:\/\/www.gaveanews.com\/#website","url":"https:\/\/www.gaveanews.com\/","name":"G\u00e1vea News","description":"Veja todas as not\u00edcias sobre o Flamengo: Contrata\u00e7\u00f5es, categorias de base, resultados das partidas, tabela de classifica\u00e7\u00e3o, pr\u00f3ximos jogos!","potentialAction":[{"@type":"SearchAction","target":{"@type":"EntryPoint","urlTemplate":"https:\/\/www.gaveanews.com\/?s={search_term_string}"},"query-input":{"@type":"PropertyValueSpecification","valueRequired":true,"valueName":"search_term_string"}}],"inLanguage":"pt-BR"},{"@type":"Person","@id":"https:\/\/www.gaveanews.com\/#\/schema\/person\/bd08f00534b403119b92741a6d469ef0","name":"Hudson Pereira","image":{"@type":"ImageObject","inLanguage":"pt-BR","@id":"https:\/\/www.gaveanews.com\/#\/schema\/person\/image\/","url":"https:\/\/secure.gravatar.com\/avatar\/ecc491b489e454e510efffc9b23c1052ce5fb4f2e05555768ba65819cd55f03e?s=96&d=mm&r=g","contentUrl":"https:\/\/secure.gravatar.com\/avatar\/ecc491b489e454e510efffc9b23c1052ce5fb4f2e05555768ba65819cd55f03e?s=96&d=mm&r=g","caption":"Hudson Pereira"}}]}},"_links":{"self":[{"href":"https:\/\/www.gaveanews.com\/index.php\/wp-json\/wp\/v2\/posts\/236102","targetHints":{"allow":["GET"]}}],"collection":[{"href":"https:\/\/www.gaveanews.com\/index.php\/wp-json\/wp\/v2\/posts"}],"about":[{"href":"https:\/\/www.gaveanews.com\/index.php\/wp-json\/wp\/v2\/types\/post"}],"author":[{"embeddable":true,"href":"https:\/\/www.gaveanews.com\/index.php\/wp-json\/wp\/v2\/users\/28"}],"replies":[{"embeddable":true,"href":"https:\/\/www.gaveanews.com\/index.php\/wp-json\/wp\/v2\/comments?post=236102"}],"version-history":[{"count":2,"href":"https:\/\/www.gaveanews.com\/index.php\/wp-json\/wp\/v2\/posts\/236102\/revisions"}],"predecessor-version":[{"id":236116,"href":"https:\/\/www.gaveanews.com\/index.php\/wp-json\/wp\/v2\/posts\/236102\/revisions\/236116"}],"wp:featuredmedia":[{"embeddable":true,"href":"https:\/\/www.gaveanews.com\/index.php\/wp-json\/wp\/v2\/media\/147894"}],"wp:attachment":[{"href":"https:\/\/www.gaveanews.com\/index.php\/wp-json\/wp\/v2\/media?parent=236102"}],"wp:term":[{"taxonomy":"category","embeddable":true,"href":"https:\/\/www.gaveanews.com\/index.php\/wp-json\/wp\/v2\/categories?post=236102"},{"taxonomy":"post_tag","embeddable":true,"href":"https:\/\/www.gaveanews.com\/index.php\/wp-json\/wp\/v2\/tags?post=236102"}],"curies":[{"name":"wp","href":"https:\/\/api.w.org\/{rel}","templated":true}]}}