{"id":23611,"date":"2019-07-26T16:17:37","date_gmt":"2019-07-26T19:17:37","guid":{"rendered":"http:\/\/www.gaveanews.com\/?p=23611"},"modified":"2019-07-26T16:17:38","modified_gmt":"2019-07-26T19:17:38","slug":"jornalista-assegura-que-o-flamengo-possui-conversas-avancas-para-contratar-um-centroavante","status":"publish","type":"post","link":"https:\/\/www.gaveanews.com\/index.php\/2019\/07\/26\/jornalista-assegura-que-o-flamengo-possui-conversas-avancas-para-contratar-um-centroavante\/","title":{"rendered":"Jornalista assegura que o Flamengo possui conversas avan\u00e7as para contratar um centroavante"},"content":{"rendered":"\n<p>Ap\u00f3s ter sido anunciado como novo refor\u00e7o do Flamengo, o jogador Filipe Lu\u00eds foi apresentado oficialmente nesta sexta-feira (26), no CT Ninho do Urubu, em Vargem Grande. Nesta janela de transfer\u00eancias, que foi aberta oficialmente no dia primeiro de julho, a c\u00fapula Rubro-Negra efetivou a vinda de quatro jogadores, Rafinha, Pablo Mar\u00ed, Gerson e Filipe Lu\u00eds. <\/p>\n\n\n\n<p>Entretanto, os dirigentes do Mais Querido continuam buscando um nome para compor o ataque, a pedidos do t\u00e9cnico do Flamengo, e Gignac pode estar na mira do clube carioca.<\/p>\n\n\n\n<p>As especula\u00e7\u00f5es em torno das tratativas entre Flamengo e o atacante come\u00e7aram nos \u00faltimos dias, e o jornalista Jorge Nicola afirmou que o clube Rubro-Negro tem negocia\u00e7\u00f5es avan\u00e7adas com o Tigres, time que o jogador pertence.<\/p>\n\n\n\n<p>\u2014 Eu tenho uma fonte, um empres\u00e1rio que trabalha muito fortemente no futebol mexicano, buscando jogadores da Am\u00e9rica do Sul para levar para l\u00e1, e vice-versa. Esse empres\u00e1rio foi procurado pelo Flamengo, para tratar sobre alternativas para a camisa 9. E esse empres\u00e1rio me garantiu que as conversas entre Flamengo, Tigres e Gignac avan\u00e7aram bem nos \u00faltimos dias, e que esse \u00e9 o nome pedido por Jorge Jesus para a \u00faltima vaga, o \u00faltimo refor\u00e7o do Flamengo para a temporada de 2019. <\/p>\n\n\n\n<p>Aos 33 anos, o atacante franc\u00eas atualmente defende o Tigres, clube mexicano. Andr\u00e9-Pierre Gignac deu seus primeiros passos no Lorient, time franc\u00eas. O jogador acumula passagens pelas equipes Pau, Toulouse, Olympique de Marseille, e tamb\u00e9m j\u00e1 foi convocado para defender a Fran\u00e7a em 2009.<\/p>\n\n\n\n\n\n<p>Retirado de: Coluna do Fla<\/p>\n","protected":false},"excerpt":{"rendered":"<p>Ap\u00f3s ter sido anunciado como novo refor\u00e7o do Flamengo, o jogador Filipe Lu\u00eds foi apresentado oficialmente nesta sexta-feira (26), no CT Ninho do Urubu, em Vargem Grande. Nesta janela de transfer\u00eancias, que foi aberta oficialmente no dia primeiro de julho, a c\u00fapula Rubro-Negra efetivou a vinda de quatro jogadores, Rafinha, Pablo Mar\u00ed, Gerson e Filipe [&hellip;]<\/p>\n","protected":false},"author":1,"featured_media":23418,"comment_status":"open","ping_status":"open","sticky":false,"template":"","format":"standard","meta":{"footnotes":""},"categories":[1],"tags":[],"class_list":["post-23611","post","type-post","status-publish","format-standard","has-post-thumbnail","hentry","category-flamengo"],"yoast_head":"<!-- This site is optimized with the Yoast SEO Premium plugin v24.2 (Yoast SEO v26.9) - https:\/\/yoast.com\/product\/yoast-seo-premium-wordpress\/ -->\n<title>Jornalista assegura que o Flamengo possui conversas avan\u00e7as para contratar um centroavante<\/title>\n<meta name=\"robots\" content=\"index, follow, max-snippet:-1, max-image-preview:large, max-video-preview:-1\" \/>\n<link rel=\"canonical\" href=\"https:\/\/www.gaveanews.com\/index.php\/2019\/07\/26\/jornalista-assegura-que-o-flamengo-possui-conversas-avancas-para-contratar-um-centroavante\/\" \/>\n<meta property=\"og:locale\" content=\"pt_BR\" \/>\n<meta property=\"og:type\" content=\"article\" \/>\n<meta property=\"og:title\" content=\"Jornalista assegura que o Flamengo possui conversas avan\u00e7as para contratar um centroavante\" \/>\n<meta property=\"og:description\" content=\"Ap\u00f3s ter sido anunciado como novo refor\u00e7o do Flamengo, o jogador Filipe Lu\u00eds foi apresentado oficialmente nesta sexta-feira (26), no CT Ninho do Urubu, em Vargem Grande. Nesta janela de transfer\u00eancias, que foi aberta oficialmente no dia primeiro de julho, a c\u00fapula Rubro-Negra efetivou a vinda de quatro jogadores, Rafinha, Pablo Mar\u00ed, Gerson e Filipe [&hellip;]\" \/>\n<meta property=\"og:url\" content=\"https:\/\/www.gaveanews.com\/index.php\/2019\/07\/26\/jornalista-assegura-que-o-flamengo-possui-conversas-avancas-para-contratar-um-centroavante\/\" \/>\n<meta property=\"og:site_name\" content=\"G\u00e1vea News\" \/>\n<meta property=\"article:publisher\" content=\"https:\/\/facebook.com\/gaveaNews\/\" \/>\n<meta property=\"article:published_time\" content=\"2019-07-26T19:17:37+00:00\" \/>\n<meta property=\"article:modified_time\" content=\"2019-07-26T19:17:38+00:00\" \/>\n<meta property=\"og:image\" content=\"https:\/\/www.gaveanews.com\/wp-content\/uploads\/2019\/07\/Gignac-em-acao-pela-Franca.webp\" \/>\n\t<meta property=\"og:image:width\" content=\"1\" \/>\n\t<meta property=\"og:image:height\" content=\"1\" \/>\n\t<meta property=\"og:image:type\" content=\"image\/jpeg\" \/>\n<meta name=\"author\" content=\"Equipe G\u00e1vea News\" \/>\n<meta name=\"twitter:card\" content=\"summary_large_image\" \/>\n<meta name=\"twitter:label1\" content=\"Escrito por\" \/>\n\t<meta name=\"twitter:data1\" content=\"Equipe G\u00e1vea News\" \/>\n\t<meta name=\"twitter:label2\" content=\"Est. tempo de leitura\" \/>\n\t<meta name=\"twitter:data2\" content=\"1 minuto\" \/>\n<script type=\"application\/ld+json\" class=\"yoast-schema-graph\">{\"@context\":\"https:\/\/schema.org\",\"@graph\":[{\"@type\":\"NewsArticle\",\"@id\":\"https:\/\/www.gaveanews.com\/index.php\/2019\/07\/26\/jornalista-assegura-que-o-flamengo-possui-conversas-avancas-para-contratar-um-centroavante\/#article\",\"isPartOf\":{\"@id\":\"https:\/\/www.gaveanews.com\/index.php\/2019\/07\/26\/jornalista-assegura-que-o-flamengo-possui-conversas-avancas-para-contratar-um-centroavante\/\"},\"author\":{\"name\":\"Equipe G\u00e1vea News\",\"@id\":\"https:\/\/www.gaveanews.com\/#\/schema\/person\/2ec14f73fb96be2caf28f91afb14749d\"},\"headline\":\"Jornalista assegura que o Flamengo possui conversas avan\u00e7as para contratar um centroavante\",\"datePublished\":\"2019-07-26T19:17:37+00:00\",\"dateModified\":\"2019-07-26T19:17:38+00:00\",\"mainEntityOfPage\":{\"@id\":\"https:\/\/www.gaveanews.com\/index.php\/2019\/07\/26\/jornalista-assegura-que-o-flamengo-possui-conversas-avancas-para-contratar-um-centroavante\/\"},\"wordCount\":280,\"commentCount\":0,\"image\":{\"@id\":\"https:\/\/www.gaveanews.com\/index.php\/2019\/07\/26\/jornalista-assegura-que-o-flamengo-possui-conversas-avancas-para-contratar-um-centroavante\/#primaryimage\"},\"thumbnailUrl\":\"https:\/\/www.gaveanews.com\/wp-content\/uploads\/2019\/07\/Gignac-em-acao-pela-Franca.webp\",\"articleSection\":[\"Flamengo\"],\"inLanguage\":\"pt-BR\",\"potentialAction\":[{\"@type\":\"CommentAction\",\"name\":\"Comment\",\"target\":[\"https:\/\/www.gaveanews.com\/index.php\/2019\/07\/26\/jornalista-assegura-que-o-flamengo-possui-conversas-avancas-para-contratar-um-centroavante\/#respond\"]}],\"copyrightYear\":\"2019\",\"copyrightHolder\":{\"@id\":\"https:\/\/www.gaveanews.com\/#organization\"}},{\"@type\":\"WebPage\",\"@id\":\"https:\/\/www.gaveanews.com\/index.php\/2019\/07\/26\/jornalista-assegura-que-o-flamengo-possui-conversas-avancas-para-contratar-um-centroavante\/\",\"url\":\"https:\/\/www.gaveanews.com\/index.php\/2019\/07\/26\/jornalista-assegura-que-o-flamengo-possui-conversas-avancas-para-contratar-um-centroavante\/\",\"name\":\"Jornalista assegura que o Flamengo possui conversas avan\u00e7as para contratar um centroavante\",\"isPartOf\":{\"@id\":\"https:\/\/www.gaveanews.com\/#website\"},\"primaryImageOfPage\":{\"@id\":\"https:\/\/www.gaveanews.com\/index.php\/2019\/07\/26\/jornalista-assegura-que-o-flamengo-possui-conversas-avancas-para-contratar-um-centroavante\/#primaryimage\"},\"image\":{\"@id\":\"https:\/\/www.gaveanews.com\/index.php\/2019\/07\/26\/jornalista-assegura-que-o-flamengo-possui-conversas-avancas-para-contratar-um-centroavante\/#primaryimage\"},\"thumbnailUrl\":\"https:\/\/www.gaveanews.com\/wp-content\/uploads\/2019\/07\/Gignac-em-acao-pela-Franca.webp\",\"datePublished\":\"2019-07-26T19:17:37+00:00\",\"dateModified\":\"2019-07-26T19:17:38+00:00\",\"author\":{\"@id\":\"https:\/\/www.gaveanews.com\/#\/schema\/person\/2ec14f73fb96be2caf28f91afb14749d\"},\"breadcrumb\":{\"@id\":\"https:\/\/www.gaveanews.com\/index.php\/2019\/07\/26\/jornalista-assegura-que-o-flamengo-possui-conversas-avancas-para-contratar-um-centroavante\/#breadcrumb\"},\"inLanguage\":\"pt-BR\",\"potentialAction\":[{\"@type\":\"ReadAction\",\"target\":[\"https:\/\/www.gaveanews.com\/index.php\/2019\/07\/26\/jornalista-assegura-que-o-flamengo-possui-conversas-avancas-para-contratar-um-centroavante\/\"]}]},{\"@type\":\"ImageObject\",\"inLanguage\":\"pt-BR\",\"@id\":\"https:\/\/www.gaveanews.com\/index.php\/2019\/07\/26\/jornalista-assegura-que-o-flamengo-possui-conversas-avancas-para-contratar-um-centroavante\/#primaryimage\",\"url\":\"https:\/\/www.gaveanews.com\/wp-content\/uploads\/2019\/07\/Gignac-em-acao-pela-Franca.webp\",\"contentUrl\":\"https:\/\/www.gaveanews.com\/wp-content\/uploads\/2019\/07\/Gignac-em-acao-pela-Franca.webp\",\"caption\":\"Gignac em a\u00e7\u00e3o pela Fran\u00e7a (Foto: Getty Images)\"},{\"@type\":\"BreadcrumbList\",\"@id\":\"https:\/\/www.gaveanews.com\/index.php\/2019\/07\/26\/jornalista-assegura-que-o-flamengo-possui-conversas-avancas-para-contratar-um-centroavante\/#breadcrumb\",\"itemListElement\":[{\"@type\":\"ListItem\",\"position\":1,\"name\":\"Home\",\"item\":\"https:\/\/www.gaveanews.com\/\"},{\"@type\":\"ListItem\",\"position\":2,\"name\":\"Jornalista assegura que o Flamengo possui conversas avan\u00e7as para contratar um centroavante\"}]},{\"@type\":\"WebSite\",\"@id\":\"https:\/\/www.gaveanews.com\/#website\",\"url\":\"https:\/\/www.gaveanews.com\/\",\"name\":\"G\u00e1vea News\",\"description\":\"Veja todas as not\u00edcias sobre o Flamengo: Contrata\u00e7\u00f5es, categorias de base, resultados das partidas, tabela de classifica\u00e7\u00e3o, pr\u00f3ximos jogos!\",\"potentialAction\":[{\"@type\":\"SearchAction\",\"target\":{\"@type\":\"EntryPoint\",\"urlTemplate\":\"https:\/\/www.gaveanews.com\/?s={search_term_string}\"},\"query-input\":{\"@type\":\"PropertyValueSpecification\",\"valueRequired\":true,\"valueName\":\"search_term_string\"}}],\"inLanguage\":\"pt-BR\"},{\"@type\":\"Person\",\"@id\":\"https:\/\/www.gaveanews.com\/#\/schema\/person\/2ec14f73fb96be2caf28f91afb14749d\",\"name\":\"Equipe G\u00e1vea News\",\"image\":{\"@type\":\"ImageObject\",\"inLanguage\":\"pt-BR\",\"@id\":\"https:\/\/www.gaveanews.com\/#\/schema\/person\/image\/\",\"url\":\"https:\/\/secure.gravatar.com\/avatar\/1e1956f1facbffd3f8fa53a326721950116b3b9dc9bd44939c01180fd4a745a9?s=96&d=mm&r=g\",\"contentUrl\":\"https:\/\/secure.gravatar.com\/avatar\/1e1956f1facbffd3f8fa53a326721950116b3b9dc9bd44939c01180fd4a745a9?s=96&d=mm&r=g\",\"caption\":\"Equipe G\u00e1vea News\"}}]}<\/script>\n<!-- \/ Yoast SEO Premium plugin. -->","yoast_head_json":{"title":"Jornalista assegura que o Flamengo possui conversas avan\u00e7as para contratar um centroavante","robots":{"index":"index","follow":"follow","max-snippet":"max-snippet:-1","max-image-preview":"max-image-preview:large","max-video-preview":"max-video-preview:-1"},"canonical":"https:\/\/www.gaveanews.com\/index.php\/2019\/07\/26\/jornalista-assegura-que-o-flamengo-possui-conversas-avancas-para-contratar-um-centroavante\/","og_locale":"pt_BR","og_type":"article","og_title":"Jornalista assegura que o Flamengo possui conversas avan\u00e7as para contratar um centroavante","og_description":"Ap\u00f3s ter sido anunciado como novo refor\u00e7o do Flamengo, o jogador Filipe Lu\u00eds foi apresentado oficialmente nesta sexta-feira (26), no CT Ninho do Urubu, em Vargem Grande. Nesta janela de transfer\u00eancias, que foi aberta oficialmente no dia primeiro de julho, a c\u00fapula Rubro-Negra efetivou a vinda de quatro jogadores, Rafinha, Pablo Mar\u00ed, Gerson e Filipe [&hellip;]","og_url":"https:\/\/www.gaveanews.com\/index.php\/2019\/07\/26\/jornalista-assegura-que-o-flamengo-possui-conversas-avancas-para-contratar-um-centroavante\/","og_site_name":"G\u00e1vea News","article_publisher":"https:\/\/facebook.com\/gaveaNews\/","article_published_time":"2019-07-26T19:17:37+00:00","article_modified_time":"2019-07-26T19:17:38+00:00","og_image":[{"url":"https:\/\/www.gaveanews.com\/wp-content\/uploads\/2019\/07\/Gignac-em-acao-pela-Franca.webp","width":1,"height":1,"type":"image\/jpeg"}],"author":"Equipe G\u00e1vea News","twitter_card":"summary_large_image","twitter_misc":{"Escrito por":"Equipe G\u00e1vea News","Est. tempo de leitura":"1 minuto"},"schema":{"@context":"https:\/\/schema.org","@graph":[{"@type":"NewsArticle","@id":"https:\/\/www.gaveanews.com\/index.php\/2019\/07\/26\/jornalista-assegura-que-o-flamengo-possui-conversas-avancas-para-contratar-um-centroavante\/#article","isPartOf":{"@id":"https:\/\/www.gaveanews.com\/index.php\/2019\/07\/26\/jornalista-assegura-que-o-flamengo-possui-conversas-avancas-para-contratar-um-centroavante\/"},"author":{"name":"Equipe G\u00e1vea News","@id":"https:\/\/www.gaveanews.com\/#\/schema\/person\/2ec14f73fb96be2caf28f91afb14749d"},"headline":"Jornalista assegura que o Flamengo possui conversas avan\u00e7as para contratar um centroavante","datePublished":"2019-07-26T19:17:37+00:00","dateModified":"2019-07-26T19:17:38+00:00","mainEntityOfPage":{"@id":"https:\/\/www.gaveanews.com\/index.php\/2019\/07\/26\/jornalista-assegura-que-o-flamengo-possui-conversas-avancas-para-contratar-um-centroavante\/"},"wordCount":280,"commentCount":0,"image":{"@id":"https:\/\/www.gaveanews.com\/index.php\/2019\/07\/26\/jornalista-assegura-que-o-flamengo-possui-conversas-avancas-para-contratar-um-centroavante\/#primaryimage"},"thumbnailUrl":"https:\/\/www.gaveanews.com\/wp-content\/uploads\/2019\/07\/Gignac-em-acao-pela-Franca.webp","articleSection":["Flamengo"],"inLanguage":"pt-BR","potentialAction":[{"@type":"CommentAction","name":"Comment","target":["https:\/\/www.gaveanews.com\/index.php\/2019\/07\/26\/jornalista-assegura-que-o-flamengo-possui-conversas-avancas-para-contratar-um-centroavante\/#respond"]}],"copyrightYear":"2019","copyrightHolder":{"@id":"https:\/\/www.gaveanews.com\/#organization"}},{"@type":"WebPage","@id":"https:\/\/www.gaveanews.com\/index.php\/2019\/07\/26\/jornalista-assegura-que-o-flamengo-possui-conversas-avancas-para-contratar-um-centroavante\/","url":"https:\/\/www.gaveanews.com\/index.php\/2019\/07\/26\/jornalista-assegura-que-o-flamengo-possui-conversas-avancas-para-contratar-um-centroavante\/","name":"Jornalista assegura que o Flamengo possui conversas avan\u00e7as para contratar um centroavante","isPartOf":{"@id":"https:\/\/www.gaveanews.com\/#website"},"primaryImageOfPage":{"@id":"https:\/\/www.gaveanews.com\/index.php\/2019\/07\/26\/jornalista-assegura-que-o-flamengo-possui-conversas-avancas-para-contratar-um-centroavante\/#primaryimage"},"image":{"@id":"https:\/\/www.gaveanews.com\/index.php\/2019\/07\/26\/jornalista-assegura-que-o-flamengo-possui-conversas-avancas-para-contratar-um-centroavante\/#primaryimage"},"thumbnailUrl":"https:\/\/www.gaveanews.com\/wp-content\/uploads\/2019\/07\/Gignac-em-acao-pela-Franca.webp","datePublished":"2019-07-26T19:17:37+00:00","dateModified":"2019-07-26T19:17:38+00:00","author":{"@id":"https:\/\/www.gaveanews.com\/#\/schema\/person\/2ec14f73fb96be2caf28f91afb14749d"},"breadcrumb":{"@id":"https:\/\/www.gaveanews.com\/index.php\/2019\/07\/26\/jornalista-assegura-que-o-flamengo-possui-conversas-avancas-para-contratar-um-centroavante\/#breadcrumb"},"inLanguage":"pt-BR","potentialAction":[{"@type":"ReadAction","target":["https:\/\/www.gaveanews.com\/index.php\/2019\/07\/26\/jornalista-assegura-que-o-flamengo-possui-conversas-avancas-para-contratar-um-centroavante\/"]}]},{"@type":"ImageObject","inLanguage":"pt-BR","@id":"https:\/\/www.gaveanews.com\/index.php\/2019\/07\/26\/jornalista-assegura-que-o-flamengo-possui-conversas-avancas-para-contratar-um-centroavante\/#primaryimage","url":"https:\/\/www.gaveanews.com\/wp-content\/uploads\/2019\/07\/Gignac-em-acao-pela-Franca.webp","contentUrl":"https:\/\/www.gaveanews.com\/wp-content\/uploads\/2019\/07\/Gignac-em-acao-pela-Franca.webp","caption":"Gignac em a\u00e7\u00e3o pela Fran\u00e7a (Foto: Getty Images)"},{"@type":"BreadcrumbList","@id":"https:\/\/www.gaveanews.com\/index.php\/2019\/07\/26\/jornalista-assegura-que-o-flamengo-possui-conversas-avancas-para-contratar-um-centroavante\/#breadcrumb","itemListElement":[{"@type":"ListItem","position":1,"name":"Home","item":"https:\/\/www.gaveanews.com\/"},{"@type":"ListItem","position":2,"name":"Jornalista assegura que o Flamengo possui conversas avan\u00e7as para contratar um centroavante"}]},{"@type":"WebSite","@id":"https:\/\/www.gaveanews.com\/#website","url":"https:\/\/www.gaveanews.com\/","name":"G\u00e1vea News","description":"Veja todas as not\u00edcias sobre o Flamengo: Contrata\u00e7\u00f5es, categorias de base, resultados das partidas, tabela de classifica\u00e7\u00e3o, pr\u00f3ximos jogos!","potentialAction":[{"@type":"SearchAction","target":{"@type":"EntryPoint","urlTemplate":"https:\/\/www.gaveanews.com\/?s={search_term_string}"},"query-input":{"@type":"PropertyValueSpecification","valueRequired":true,"valueName":"search_term_string"}}],"inLanguage":"pt-BR"},{"@type":"Person","@id":"https:\/\/www.gaveanews.com\/#\/schema\/person\/2ec14f73fb96be2caf28f91afb14749d","name":"Equipe G\u00e1vea News","image":{"@type":"ImageObject","inLanguage":"pt-BR","@id":"https:\/\/www.gaveanews.com\/#\/schema\/person\/image\/","url":"https:\/\/secure.gravatar.com\/avatar\/1e1956f1facbffd3f8fa53a326721950116b3b9dc9bd44939c01180fd4a745a9?s=96&d=mm&r=g","contentUrl":"https:\/\/secure.gravatar.com\/avatar\/1e1956f1facbffd3f8fa53a326721950116b3b9dc9bd44939c01180fd4a745a9?s=96&d=mm&r=g","caption":"Equipe G\u00e1vea News"}}]}},"_links":{"self":[{"href":"https:\/\/www.gaveanews.com\/index.php\/wp-json\/wp\/v2\/posts\/23611","targetHints":{"allow":["GET"]}}],"collection":[{"href":"https:\/\/www.gaveanews.com\/index.php\/wp-json\/wp\/v2\/posts"}],"about":[{"href":"https:\/\/www.gaveanews.com\/index.php\/wp-json\/wp\/v2\/types\/post"}],"author":[{"embeddable":true,"href":"https:\/\/www.gaveanews.com\/index.php\/wp-json\/wp\/v2\/users\/1"}],"replies":[{"embeddable":true,"href":"https:\/\/www.gaveanews.com\/index.php\/wp-json\/wp\/v2\/comments?post=23611"}],"version-history":[{"count":0,"href":"https:\/\/www.gaveanews.com\/index.php\/wp-json\/wp\/v2\/posts\/23611\/revisions"}],"wp:featuredmedia":[{"embeddable":true,"href":"https:\/\/www.gaveanews.com\/index.php\/wp-json\/wp\/v2\/media\/23418"}],"wp:attachment":[{"href":"https:\/\/www.gaveanews.com\/index.php\/wp-json\/wp\/v2\/media?parent=23611"}],"wp:term":[{"taxonomy":"category","embeddable":true,"href":"https:\/\/www.gaveanews.com\/index.php\/wp-json\/wp\/v2\/categories?post=23611"},{"taxonomy":"post_tag","embeddable":true,"href":"https:\/\/www.gaveanews.com\/index.php\/wp-json\/wp\/v2\/tags?post=23611"}],"curies":[{"name":"wp","href":"https:\/\/api.w.org\/{rel}","templated":true}]}}