{"id":236219,"date":"2025-03-05T19:20:00","date_gmt":"2025-03-05T22:20:00","guid":{"rendered":"https:\/\/www.gaveanews.com\/?p=236219"},"modified":"2025-03-05T16:03:35","modified_gmt":"2025-03-05T19:03:35","slug":"santos-fabio-sormani-e-sincero-ao-falar-sobre-gil-e-ze-ivaldo","status":"publish","type":"post","link":"https:\/\/www.gaveanews.com\/index.php\/2025\/03\/05\/santos-fabio-sormani-e-sincero-ao-falar-sobre-gil-e-ze-ivaldo\/","title":{"rendered":"Santos: F\u00e1bio Sormani \u00e9 sincero ao falar sobre Gil e Z\u00e9 Ivaldo"},"content":{"rendered":"\n<p>O Santos se prepara para mais um grande desafio no Campeonato Paulista, mas a temporada de 2025 j\u00e1 trouxe \u00e0 tona uma quest\u00e3o importante: o papel fundamental de Gil na defesa do Peixe.&nbsp;<\/p>\n\n\n\n<p>F\u00e1bio Sormani, jornalista renomado, n\u00e3o poupou cr\u00edticas ao treinador portugu\u00eas Pedro Caixinha por ter deixado o zagueiro experiente no banco de reservas no in\u00edcio da temporada.<\/p>\n\n\n\n<h2 class=\"wp-block-heading\" id=\"h-a-teimosia-de-caixinha-e-os-impactos-no-time\">A teimosia de Caixinha e os impactos no time<\/h2>\n\n\n\n<p>Sormani argumentou com firmeza sobre a import\u00e2ncia de Gil no sistema defensivo do Santos, afirmando que, se o defensor estivesse perdendo a posi\u00e7\u00e3o para um jogador incontest\u00e1vel, n\u00e3o haveria motivo para cr\u00edticas.&nbsp;<\/p>\n\n\n\n<p>\u201cSe o Gil tivesse perdendo a posi\u00e7\u00e3o para um jogador bom, um jogador incontest\u00e1vel, tudo bem, ningu\u00e9m ia reclamar. Mas o fato \u00e9 que o Gil estava sendo preterido pelo (Jo\u00e3o) Basso&#8221;, destacou o comentarista. Para ele, a insist\u00eancia de Caixinha em colocar Basso no lugar de Gil foi prejudicial ao time, j\u00e1 que o zagueiro n\u00e3o tinha condi\u00e7\u00e3o de ser titular na S\u00e9rie A.<\/p>\n\n\n\n<p>Al\u00e9m disso, Sormani ressaltou que a teimosia do treinador fez o Santos perder pontos importantes na fase de grupos do Campeonato Paulista.&nbsp;<\/p>\n\n\n\n<p>&#8220;Veja s\u00f3 o que a teimosia de um treinador faz com um time de futebol&#8221;, disse ele, apontando que a aus\u00eancia de Gil prejudicou o desempenho do Peixe.<\/p>\n\n\n\n<h2 class=\"wp-block-heading\" id=\"h-o-impacto-positivo-de-gil-e-ze-ivaldo\">O impacto positivo de Gil e Z\u00e9 Ivaldo<\/h2>\n\n\n\n<p>Com a entrada de Gil na defesa, o Santos viu uma melhora significativa. O time passou a sofrer menos gols, principalmente em bolas a\u00e9reas, e a defesa se estabilizou.&nbsp;<\/p>\n\n\n\n<p>&#8220;O Santos melhorou muito com Gil. Ele tem uma import\u00e2ncia fundamental na zaga&#8221;, afirmou Sormani. Al\u00e9m de Gil, outro destaque \u00e9 o zagueiro Z\u00e9 Ivaldo, que chegou por empr\u00e9stimo ao Peixe e rapidamente se firmou como titular.&nbsp;<\/p>\n\n\n\n<p>\u201cZ\u00e9 Ivaldo melhorou abruptamente com o passar do tempo e passou a ser esse jogador que est\u00e1 jogando muito&#8221;, elogiou Sormani.<\/p>\n\n\n\n<h2 class=\"wp-block-heading\" id=\"h-santos-em-busca-de-um-titulo\">Santos em busca de um t\u00edtulo<\/h2>\n\n\n\n<p>Com Gil e Z\u00e9 Ivaldo fortalecendo a defesa, o Santos agora mira a semifinal do Campeonato Paulista, onde enfrentar\u00e1 o Corinthians na Neo Qu\u00edmica Arena. O time do litoral almeja conquistar um t\u00edtulo que n\u00e3o vem desde 2016.&nbsp;<\/p>\n\n\n\n<p>Portanto, com uma defesa mais s\u00f3lida, o Peixe tem a chance de brigar pelo t\u00edtulo e resgatar a confian\u00e7a de sua torcida.<\/p>\n\n\n\n<p>Desse jeito, o Santos est\u00e1 cada vez mais competitivo e preparado para os pr\u00f3ximos desafios, com Gil e Z\u00e9 Ivaldo sendo pe\u00e7as-chave nesse processo. Vale destacar que o trabalho da comiss\u00e3o t\u00e9cnica ser\u00e1 fundamental para manter esse bom desempenho e buscar mais vit\u00f3rias na temporada.<\/p>\n","protected":false},"excerpt":{"rendered":"<p>O Santos se prepara para mais um grande desafio no Campeonato Paulista, mas a temporada de 2025 j\u00e1 trouxe \u00e0 tona uma quest\u00e3o importante: o papel fundamental de Gil na defesa do Peixe.&nbsp; F\u00e1bio Sormani, jornalista renomado, n\u00e3o poupou cr\u00edticas ao treinador portugu\u00eas Pedro Caixinha por ter deixado o zagueiro experiente no banco de reservas [&hellip;]<\/p>\n","protected":false},"author":25,"featured_media":52970,"comment_status":"open","ping_status":"closed","sticky":false,"template":"","format":"standard","meta":{"footnotes":""},"categories":[139],"tags":[],"class_list":["post-236219","post","type-post","status-publish","format-standard","has-post-thumbnail","hentry","category-santos"],"yoast_head":"<!-- This site is optimized with the Yoast SEO Premium plugin v24.2 (Yoast SEO v26.9) - https:\/\/yoast.com\/product\/yoast-seo-premium-wordpress\/ -->\n<title>Santos: F\u00e1bio Sormani \u00e9 sincero ao falar sobre Gil e Z\u00e9 Ivaldo<\/title>\n<meta name=\"robots\" content=\"index, follow, max-snippet:-1, max-image-preview:large, max-video-preview:-1\" \/>\n<link rel=\"canonical\" href=\"https:\/\/www.gaveanews.com\/index.php\/2025\/03\/05\/santos-fabio-sormani-e-sincero-ao-falar-sobre-gil-e-ze-ivaldo\/\" \/>\n<meta property=\"og:locale\" content=\"pt_BR\" \/>\n<meta property=\"og:type\" content=\"article\" \/>\n<meta property=\"og:title\" content=\"Santos: F\u00e1bio Sormani \u00e9 sincero ao falar sobre Gil e Z\u00e9 Ivaldo\" \/>\n<meta property=\"og:description\" content=\"O Santos se prepara para mais um grande desafio no Campeonato Paulista, mas a temporada de 2025 j\u00e1 trouxe \u00e0 tona uma quest\u00e3o importante: o papel fundamental de Gil na defesa do Peixe.&nbsp; F\u00e1bio Sormani, jornalista renomado, n\u00e3o poupou cr\u00edticas ao treinador portugu\u00eas Pedro Caixinha por ter deixado o zagueiro experiente no banco de reservas [&hellip;]\" \/>\n<meta property=\"og:url\" content=\"https:\/\/www.gaveanews.com\/index.php\/2025\/03\/05\/santos-fabio-sormani-e-sincero-ao-falar-sobre-gil-e-ze-ivaldo\/\" \/>\n<meta property=\"og:site_name\" content=\"G\u00e1vea News\" \/>\n<meta property=\"article:publisher\" content=\"https:\/\/facebook.com\/gaveaNews\/\" \/>\n<meta property=\"article:published_time\" content=\"2025-03-05T22:20:00+00:00\" \/>\n<meta property=\"og:image\" content=\"https:\/\/www.gaveanews.com\/wp-content\/uploads\/Sormani-durante-um-programa-da-emissora-Fox-Sports.webp\" \/>\n\t<meta property=\"og:image:width\" content=\"650\" \/>\n\t<meta property=\"og:image:height\" content=\"325\" \/>\n\t<meta property=\"og:image:type\" content=\"image\/jpeg\" \/>\n<meta name=\"author\" content=\"Rafaela Ladeira\" \/>\n<meta name=\"twitter:card\" content=\"summary_large_image\" \/>\n<meta name=\"twitter:label1\" content=\"Escrito por\" \/>\n\t<meta name=\"twitter:data1\" content=\"Rafaela Ladeira\" \/>\n\t<meta name=\"twitter:label2\" content=\"Est. tempo de leitura\" \/>\n\t<meta name=\"twitter:data2\" content=\"3 minutos\" \/>\n<script type=\"application\/ld+json\" class=\"yoast-schema-graph\">{\"@context\":\"https:\/\/schema.org\",\"@graph\":[{\"@type\":\"NewsArticle\",\"@id\":\"https:\/\/www.gaveanews.com\/index.php\/2025\/03\/05\/santos-fabio-sormani-e-sincero-ao-falar-sobre-gil-e-ze-ivaldo\/#article\",\"isPartOf\":{\"@id\":\"https:\/\/www.gaveanews.com\/index.php\/2025\/03\/05\/santos-fabio-sormani-e-sincero-ao-falar-sobre-gil-e-ze-ivaldo\/\"},\"author\":{\"name\":\"Rafaela Ladeira\",\"@id\":\"https:\/\/www.gaveanews.com\/#\/schema\/person\/0eb3e3fe1754f0205218538adbe8f5ed\"},\"headline\":\"Santos: F\u00e1bio Sormani \u00e9 sincero ao falar sobre Gil e Z\u00e9 Ivaldo\",\"datePublished\":\"2025-03-05T22:20:00+00:00\",\"mainEntityOfPage\":{\"@id\":\"https:\/\/www.gaveanews.com\/index.php\/2025\/03\/05\/santos-fabio-sormani-e-sincero-ao-falar-sobre-gil-e-ze-ivaldo\/\"},\"wordCount\":471,\"commentCount\":0,\"image\":{\"@id\":\"https:\/\/www.gaveanews.com\/index.php\/2025\/03\/05\/santos-fabio-sormani-e-sincero-ao-falar-sobre-gil-e-ze-ivaldo\/#primaryimage\"},\"thumbnailUrl\":\"https:\/\/www.gaveanews.com\/wp-content\/uploads\/Sormani-durante-um-programa-da-emissora-Fox-Sports.webp\",\"articleSection\":[\"Santos\"],\"inLanguage\":\"pt-BR\",\"potentialAction\":[{\"@type\":\"CommentAction\",\"name\":\"Comment\",\"target\":[\"https:\/\/www.gaveanews.com\/index.php\/2025\/03\/05\/santos-fabio-sormani-e-sincero-ao-falar-sobre-gil-e-ze-ivaldo\/#respond\"]}],\"copyrightYear\":\"2025\",\"copyrightHolder\":{\"@id\":\"https:\/\/www.gaveanews.com\/#organization\"}},{\"@type\":\"WebPage\",\"@id\":\"https:\/\/www.gaveanews.com\/index.php\/2025\/03\/05\/santos-fabio-sormani-e-sincero-ao-falar-sobre-gil-e-ze-ivaldo\/\",\"url\":\"https:\/\/www.gaveanews.com\/index.php\/2025\/03\/05\/santos-fabio-sormani-e-sincero-ao-falar-sobre-gil-e-ze-ivaldo\/\",\"name\":\"Santos: F\u00e1bio Sormani \u00e9 sincero ao falar sobre Gil e Z\u00e9 Ivaldo\",\"isPartOf\":{\"@id\":\"https:\/\/www.gaveanews.com\/#website\"},\"primaryImageOfPage\":{\"@id\":\"https:\/\/www.gaveanews.com\/index.php\/2025\/03\/05\/santos-fabio-sormani-e-sincero-ao-falar-sobre-gil-e-ze-ivaldo\/#primaryimage\"},\"image\":{\"@id\":\"https:\/\/www.gaveanews.com\/index.php\/2025\/03\/05\/santos-fabio-sormani-e-sincero-ao-falar-sobre-gil-e-ze-ivaldo\/#primaryimage\"},\"thumbnailUrl\":\"https:\/\/www.gaveanews.com\/wp-content\/uploads\/Sormani-durante-um-programa-da-emissora-Fox-Sports.webp\",\"datePublished\":\"2025-03-05T22:20:00+00:00\",\"author\":{\"@id\":\"https:\/\/www.gaveanews.com\/#\/schema\/person\/0eb3e3fe1754f0205218538adbe8f5ed\"},\"breadcrumb\":{\"@id\":\"https:\/\/www.gaveanews.com\/index.php\/2025\/03\/05\/santos-fabio-sormani-e-sincero-ao-falar-sobre-gil-e-ze-ivaldo\/#breadcrumb\"},\"inLanguage\":\"pt-BR\",\"potentialAction\":[{\"@type\":\"ReadAction\",\"target\":[\"https:\/\/www.gaveanews.com\/index.php\/2025\/03\/05\/santos-fabio-sormani-e-sincero-ao-falar-sobre-gil-e-ze-ivaldo\/\"]}]},{\"@type\":\"ImageObject\",\"inLanguage\":\"pt-BR\",\"@id\":\"https:\/\/www.gaveanews.com\/index.php\/2025\/03\/05\/santos-fabio-sormani-e-sincero-ao-falar-sobre-gil-e-ze-ivaldo\/#primaryimage\",\"url\":\"https:\/\/www.gaveanews.com\/wp-content\/uploads\/Sormani-durante-um-programa-da-emissora-Fox-Sports.webp\",\"contentUrl\":\"https:\/\/www.gaveanews.com\/wp-content\/uploads\/Sormani-durante-um-programa-da-emissora-Fox-Sports.webp\",\"width\":650,\"height\":325,\"caption\":\"Sormani durante um programa da emissora Fox Sports (Foto: Reprodu\u00e7\u00e3o)\"},{\"@type\":\"BreadcrumbList\",\"@id\":\"https:\/\/www.gaveanews.com\/index.php\/2025\/03\/05\/santos-fabio-sormani-e-sincero-ao-falar-sobre-gil-e-ze-ivaldo\/#breadcrumb\",\"itemListElement\":[{\"@type\":\"ListItem\",\"position\":1,\"name\":\"Home\",\"item\":\"https:\/\/www.gaveanews.com\/\"},{\"@type\":\"ListItem\",\"position\":2,\"name\":\"Santos: F\u00e1bio Sormani \u00e9 sincero ao falar sobre Gil e Z\u00e9 Ivaldo\"}]},{\"@type\":\"WebSite\",\"@id\":\"https:\/\/www.gaveanews.com\/#website\",\"url\":\"https:\/\/www.gaveanews.com\/\",\"name\":\"G\u00e1vea News\",\"description\":\"Veja todas as not\u00edcias sobre o Flamengo: Contrata\u00e7\u00f5es, categorias de base, resultados das partidas, tabela de classifica\u00e7\u00e3o, pr\u00f3ximos jogos!\",\"potentialAction\":[{\"@type\":\"SearchAction\",\"target\":{\"@type\":\"EntryPoint\",\"urlTemplate\":\"https:\/\/www.gaveanews.com\/?s={search_term_string}\"},\"query-input\":{\"@type\":\"PropertyValueSpecification\",\"valueRequired\":true,\"valueName\":\"search_term_string\"}}],\"inLanguage\":\"pt-BR\"},{\"@type\":\"Person\",\"@id\":\"https:\/\/www.gaveanews.com\/#\/schema\/person\/0eb3e3fe1754f0205218538adbe8f5ed\",\"name\":\"Rafaela Ladeira\",\"image\":{\"@type\":\"ImageObject\",\"inLanguage\":\"pt-BR\",\"@id\":\"https:\/\/www.gaveanews.com\/#\/schema\/person\/image\/\",\"url\":\"https:\/\/secure.gravatar.com\/avatar\/c31f513acffd85eacab5730cbdfdbbf59f21ba5aeada8cd890acea879fbb2455?s=96&d=mm&r=g\",\"contentUrl\":\"https:\/\/secure.gravatar.com\/avatar\/c31f513acffd85eacab5730cbdfdbbf59f21ba5aeada8cd890acea879fbb2455?s=96&d=mm&r=g\",\"caption\":\"Rafaela Ladeira\"}}]}<\/script>\n<!-- \/ Yoast SEO Premium plugin. -->","yoast_head_json":{"title":"Santos: F\u00e1bio Sormani \u00e9 sincero ao falar sobre Gil e Z\u00e9 Ivaldo","robots":{"index":"index","follow":"follow","max-snippet":"max-snippet:-1","max-image-preview":"max-image-preview:large","max-video-preview":"max-video-preview:-1"},"canonical":"https:\/\/www.gaveanews.com\/index.php\/2025\/03\/05\/santos-fabio-sormani-e-sincero-ao-falar-sobre-gil-e-ze-ivaldo\/","og_locale":"pt_BR","og_type":"article","og_title":"Santos: F\u00e1bio Sormani \u00e9 sincero ao falar sobre Gil e Z\u00e9 Ivaldo","og_description":"O Santos se prepara para mais um grande desafio no Campeonato Paulista, mas a temporada de 2025 j\u00e1 trouxe \u00e0 tona uma quest\u00e3o importante: o papel fundamental de Gil na defesa do Peixe.&nbsp; F\u00e1bio Sormani, jornalista renomado, n\u00e3o poupou cr\u00edticas ao treinador portugu\u00eas Pedro Caixinha por ter deixado o zagueiro experiente no banco de reservas [&hellip;]","og_url":"https:\/\/www.gaveanews.com\/index.php\/2025\/03\/05\/santos-fabio-sormani-e-sincero-ao-falar-sobre-gil-e-ze-ivaldo\/","og_site_name":"G\u00e1vea News","article_publisher":"https:\/\/facebook.com\/gaveaNews\/","article_published_time":"2025-03-05T22:20:00+00:00","og_image":[{"width":650,"height":325,"url":"https:\/\/www.gaveanews.com\/wp-content\/uploads\/Sormani-durante-um-programa-da-emissora-Fox-Sports.webp","type":"image\/jpeg"}],"author":"Rafaela Ladeira","twitter_card":"summary_large_image","twitter_misc":{"Escrito por":"Rafaela Ladeira","Est. tempo de leitura":"3 minutos"},"schema":{"@context":"https:\/\/schema.org","@graph":[{"@type":"NewsArticle","@id":"https:\/\/www.gaveanews.com\/index.php\/2025\/03\/05\/santos-fabio-sormani-e-sincero-ao-falar-sobre-gil-e-ze-ivaldo\/#article","isPartOf":{"@id":"https:\/\/www.gaveanews.com\/index.php\/2025\/03\/05\/santos-fabio-sormani-e-sincero-ao-falar-sobre-gil-e-ze-ivaldo\/"},"author":{"name":"Rafaela Ladeira","@id":"https:\/\/www.gaveanews.com\/#\/schema\/person\/0eb3e3fe1754f0205218538adbe8f5ed"},"headline":"Santos: F\u00e1bio Sormani \u00e9 sincero ao falar sobre Gil e Z\u00e9 Ivaldo","datePublished":"2025-03-05T22:20:00+00:00","mainEntityOfPage":{"@id":"https:\/\/www.gaveanews.com\/index.php\/2025\/03\/05\/santos-fabio-sormani-e-sincero-ao-falar-sobre-gil-e-ze-ivaldo\/"},"wordCount":471,"commentCount":0,"image":{"@id":"https:\/\/www.gaveanews.com\/index.php\/2025\/03\/05\/santos-fabio-sormani-e-sincero-ao-falar-sobre-gil-e-ze-ivaldo\/#primaryimage"},"thumbnailUrl":"https:\/\/www.gaveanews.com\/wp-content\/uploads\/Sormani-durante-um-programa-da-emissora-Fox-Sports.webp","articleSection":["Santos"],"inLanguage":"pt-BR","potentialAction":[{"@type":"CommentAction","name":"Comment","target":["https:\/\/www.gaveanews.com\/index.php\/2025\/03\/05\/santos-fabio-sormani-e-sincero-ao-falar-sobre-gil-e-ze-ivaldo\/#respond"]}],"copyrightYear":"2025","copyrightHolder":{"@id":"https:\/\/www.gaveanews.com\/#organization"}},{"@type":"WebPage","@id":"https:\/\/www.gaveanews.com\/index.php\/2025\/03\/05\/santos-fabio-sormani-e-sincero-ao-falar-sobre-gil-e-ze-ivaldo\/","url":"https:\/\/www.gaveanews.com\/index.php\/2025\/03\/05\/santos-fabio-sormani-e-sincero-ao-falar-sobre-gil-e-ze-ivaldo\/","name":"Santos: F\u00e1bio Sormani \u00e9 sincero ao falar sobre Gil e Z\u00e9 Ivaldo","isPartOf":{"@id":"https:\/\/www.gaveanews.com\/#website"},"primaryImageOfPage":{"@id":"https:\/\/www.gaveanews.com\/index.php\/2025\/03\/05\/santos-fabio-sormani-e-sincero-ao-falar-sobre-gil-e-ze-ivaldo\/#primaryimage"},"image":{"@id":"https:\/\/www.gaveanews.com\/index.php\/2025\/03\/05\/santos-fabio-sormani-e-sincero-ao-falar-sobre-gil-e-ze-ivaldo\/#primaryimage"},"thumbnailUrl":"https:\/\/www.gaveanews.com\/wp-content\/uploads\/Sormani-durante-um-programa-da-emissora-Fox-Sports.webp","datePublished":"2025-03-05T22:20:00+00:00","author":{"@id":"https:\/\/www.gaveanews.com\/#\/schema\/person\/0eb3e3fe1754f0205218538adbe8f5ed"},"breadcrumb":{"@id":"https:\/\/www.gaveanews.com\/index.php\/2025\/03\/05\/santos-fabio-sormani-e-sincero-ao-falar-sobre-gil-e-ze-ivaldo\/#breadcrumb"},"inLanguage":"pt-BR","potentialAction":[{"@type":"ReadAction","target":["https:\/\/www.gaveanews.com\/index.php\/2025\/03\/05\/santos-fabio-sormani-e-sincero-ao-falar-sobre-gil-e-ze-ivaldo\/"]}]},{"@type":"ImageObject","inLanguage":"pt-BR","@id":"https:\/\/www.gaveanews.com\/index.php\/2025\/03\/05\/santos-fabio-sormani-e-sincero-ao-falar-sobre-gil-e-ze-ivaldo\/#primaryimage","url":"https:\/\/www.gaveanews.com\/wp-content\/uploads\/Sormani-durante-um-programa-da-emissora-Fox-Sports.webp","contentUrl":"https:\/\/www.gaveanews.com\/wp-content\/uploads\/Sormani-durante-um-programa-da-emissora-Fox-Sports.webp","width":650,"height":325,"caption":"Sormani durante um programa da emissora Fox Sports (Foto: Reprodu\u00e7\u00e3o)"},{"@type":"BreadcrumbList","@id":"https:\/\/www.gaveanews.com\/index.php\/2025\/03\/05\/santos-fabio-sormani-e-sincero-ao-falar-sobre-gil-e-ze-ivaldo\/#breadcrumb","itemListElement":[{"@type":"ListItem","position":1,"name":"Home","item":"https:\/\/www.gaveanews.com\/"},{"@type":"ListItem","position":2,"name":"Santos: F\u00e1bio Sormani \u00e9 sincero ao falar sobre Gil e Z\u00e9 Ivaldo"}]},{"@type":"WebSite","@id":"https:\/\/www.gaveanews.com\/#website","url":"https:\/\/www.gaveanews.com\/","name":"G\u00e1vea News","description":"Veja todas as not\u00edcias sobre o Flamengo: Contrata\u00e7\u00f5es, categorias de base, resultados das partidas, tabela de classifica\u00e7\u00e3o, pr\u00f3ximos jogos!","potentialAction":[{"@type":"SearchAction","target":{"@type":"EntryPoint","urlTemplate":"https:\/\/www.gaveanews.com\/?s={search_term_string}"},"query-input":{"@type":"PropertyValueSpecification","valueRequired":true,"valueName":"search_term_string"}}],"inLanguage":"pt-BR"},{"@type":"Person","@id":"https:\/\/www.gaveanews.com\/#\/schema\/person\/0eb3e3fe1754f0205218538adbe8f5ed","name":"Rafaela Ladeira","image":{"@type":"ImageObject","inLanguage":"pt-BR","@id":"https:\/\/www.gaveanews.com\/#\/schema\/person\/image\/","url":"https:\/\/secure.gravatar.com\/avatar\/c31f513acffd85eacab5730cbdfdbbf59f21ba5aeada8cd890acea879fbb2455?s=96&d=mm&r=g","contentUrl":"https:\/\/secure.gravatar.com\/avatar\/c31f513acffd85eacab5730cbdfdbbf59f21ba5aeada8cd890acea879fbb2455?s=96&d=mm&r=g","caption":"Rafaela Ladeira"}}]}},"_links":{"self":[{"href":"https:\/\/www.gaveanews.com\/index.php\/wp-json\/wp\/v2\/posts\/236219","targetHints":{"allow":["GET"]}}],"collection":[{"href":"https:\/\/www.gaveanews.com\/index.php\/wp-json\/wp\/v2\/posts"}],"about":[{"href":"https:\/\/www.gaveanews.com\/index.php\/wp-json\/wp\/v2\/types\/post"}],"author":[{"embeddable":true,"href":"https:\/\/www.gaveanews.com\/index.php\/wp-json\/wp\/v2\/users\/25"}],"replies":[{"embeddable":true,"href":"https:\/\/www.gaveanews.com\/index.php\/wp-json\/wp\/v2\/comments?post=236219"}],"version-history":[{"count":1,"href":"https:\/\/www.gaveanews.com\/index.php\/wp-json\/wp\/v2\/posts\/236219\/revisions"}],"predecessor-version":[{"id":236221,"href":"https:\/\/www.gaveanews.com\/index.php\/wp-json\/wp\/v2\/posts\/236219\/revisions\/236221"}],"wp:featuredmedia":[{"embeddable":true,"href":"https:\/\/www.gaveanews.com\/index.php\/wp-json\/wp\/v2\/media\/52970"}],"wp:attachment":[{"href":"https:\/\/www.gaveanews.com\/index.php\/wp-json\/wp\/v2\/media?parent=236219"}],"wp:term":[{"taxonomy":"category","embeddable":true,"href":"https:\/\/www.gaveanews.com\/index.php\/wp-json\/wp\/v2\/categories?post=236219"},{"taxonomy":"post_tag","embeddable":true,"href":"https:\/\/www.gaveanews.com\/index.php\/wp-json\/wp\/v2\/tags?post=236219"}],"curies":[{"name":"wp","href":"https:\/\/api.w.org\/{rel}","templated":true}]}}