{"id":236326,"date":"2025-03-05T19:45:00","date_gmt":"2025-03-05T22:45:00","guid":{"rendered":"https:\/\/www.gaveanews.com\/?p=236326"},"modified":"2025-03-05T19:07:08","modified_gmt":"2025-03-05T22:07:08","slug":"palmeiras-quando-vitor-roque-vai-estrear","status":"publish","type":"post","link":"https:\/\/www.gaveanews.com\/index.php\/2025\/03\/05\/palmeiras-quando-vitor-roque-vai-estrear\/","title":{"rendered":"Palmeiras: quando Vitor Roque vai estrear?"},"content":{"rendered":"\n<p>O atacante Vitor Roque foi oficialmente integrado ao elenco do Palmeiras e j\u00e1 realizou seu primeiro treinamento na Academia de Futebol. O jogador, de 20 anos, foi contratado junto ao Barcelona e desembarcou em S\u00e3o Paulo na \u00faltima sexta-feira (28). Antes de ir a campo, passou por exames m\u00e9dicos e testes f\u00edsicos no clube.<\/p>\n\n\n\n<p>O Palmeiras investiu \u20ac 25,5 milh\u00f5es na contrata\u00e7\u00e3o do atacante, valor que pode chegar a \u20ac 30,5 milh\u00f5es, aproximadamente R$ 186 milh\u00f5es, caso algumas metas estipuladas sejam atingidas. Entre os objetivos contratuais, est\u00e3o premia\u00e7\u00f5es para o Barcelona caso Vitor Roque conquiste a Bola de Ouro ou se destaque entre os tr\u00eas melhores jogadores do Mundial de Clubes. Al\u00e9m disso, se o Palmeiras vencer a Libertadores ou o Mundial com o atacante atuando em pelo menos 60% das partidas, o clube espanhol tamb\u00e9m receber\u00e1 um b\u00f4nus financeiro.<\/p>\n\n\n\n<p>Regularizado no Campeonato Paulista, Vitor Roque est\u00e1 apto a estrear pelo Palmeiras. A expectativa \u00e9 que sua primeira partida ocorra na pr\u00f3xima segunda-feira (10), quando o Verd\u00e3o enfrentar\u00e1 o S\u00e3o Paulo na semifinal da competi\u00e7\u00e3o, no Allianz Parque, \u00e0s 21h30 (hor\u00e1rio de Bras\u00edlia).<\/p>\n\n\n\n<p>Durante a atividade desta quarta-feira (5), o atacante participou de trabalhos t\u00e1ticos e coletivos sob o comando da comiss\u00e3o t\u00e9cnica. O treino focou tanto no setor ofensivo quanto no defensivo, preparando a equipe para o confronto decisivo contra o rival tricolor.<\/p>\n\n\n\n<p>Enquanto isso, o Palmeiras monitora a condi\u00e7\u00e3o de outros jogadores do elenco. O zagueiro Gustavo G\u00f3mez e o lateral-esquerdo Piquerez est\u00e3o em fase de transi\u00e7\u00e3o f\u00edsica ap\u00f3s se recuperarem de les\u00f5es e participaram parcialmente do treino. Por outro lado, Paulinho, Bruno Rodrigues e Mauricio seguem em tratamento e devem voltar apenas no Campeonato Brasileiro.<\/p>\n\n\n\n<p>Com Vitor Roque integrado ao elenco e possivelmente estreando em um confronto decisivo, o Palmeiras busca refor\u00e7ar seu ataque e manter a competitividade na fase final do Campeonato Paulista.<\/p>\n","protected":false},"excerpt":{"rendered":"<p>O atacante Vitor Roque foi oficialmente integrado ao elenco do Palmeiras e j\u00e1 realizou seu primeiro treinamento na Academia de Futebol. O jogador, de 20 anos, foi contratado junto ao Barcelona e desembarcou em S\u00e3o Paulo na \u00faltima sexta-feira (28). Antes de ir a campo, passou por exames m\u00e9dicos e testes f\u00edsicos no clube. O [&hellip;]<\/p>\n","protected":false},"author":18,"featured_media":236329,"comment_status":"open","ping_status":"closed","sticky":false,"template":"","format":"standard","meta":{"footnotes":""},"categories":[150],"tags":[],"class_list":["post-236326","post","type-post","status-publish","format-standard","has-post-thumbnail","hentry","category-palmeiras"],"yoast_head":"<!-- This site is optimized with the Yoast SEO Premium plugin v24.2 (Yoast SEO v26.9) - https:\/\/yoast.com\/product\/yoast-seo-premium-wordpress\/ -->\n<title>Palmeiras: quando Vitor Roque vai estrear?<\/title>\n<meta name=\"robots\" content=\"index, follow, max-snippet:-1, max-image-preview:large, max-video-preview:-1\" \/>\n<link rel=\"canonical\" href=\"https:\/\/www.gaveanews.com\/index.php\/2025\/03\/05\/palmeiras-quando-vitor-roque-vai-estrear\/\" \/>\n<meta property=\"og:locale\" content=\"pt_BR\" \/>\n<meta property=\"og:type\" content=\"article\" \/>\n<meta property=\"og:title\" content=\"Palmeiras: quando Vitor Roque vai estrear?\" \/>\n<meta property=\"og:description\" content=\"O atacante Vitor Roque foi oficialmente integrado ao elenco do Palmeiras e j\u00e1 realizou seu primeiro treinamento na Academia de Futebol. O jogador, de 20 anos, foi contratado junto ao Barcelona e desembarcou em S\u00e3o Paulo na \u00faltima sexta-feira (28). Antes de ir a campo, passou por exames m\u00e9dicos e testes f\u00edsicos no clube. O [&hellip;]\" \/>\n<meta property=\"og:url\" content=\"https:\/\/www.gaveanews.com\/index.php\/2025\/03\/05\/palmeiras-quando-vitor-roque-vai-estrear\/\" \/>\n<meta property=\"og:site_name\" content=\"G\u00e1vea News\" \/>\n<meta property=\"article:publisher\" content=\"https:\/\/facebook.com\/gaveaNews\/\" \/>\n<meta property=\"article:published_time\" content=\"2025-03-05T22:45:00+00:00\" \/>\n<meta property=\"og:image\" content=\"https:\/\/www.gaveanews.com\/wp-content\/uploads\/Vitor-Roque-pelo-Palmeiras.webp\" \/>\n\t<meta property=\"og:image:width\" content=\"850\" \/>\n\t<meta property=\"og:image:height\" content=\"585\" \/>\n\t<meta property=\"og:image:type\" content=\"image\/jpeg\" \/>\n<meta name=\"author\" content=\"Paula Silva\" \/>\n<meta name=\"twitter:card\" content=\"summary_large_image\" \/>\n<meta name=\"twitter:label1\" content=\"Escrito por\" \/>\n\t<meta name=\"twitter:data1\" content=\"Paula Silva\" \/>\n\t<meta name=\"twitter:label2\" content=\"Est. tempo de leitura\" \/>\n\t<meta name=\"twitter:data2\" content=\"2 minutos\" \/>\n<script type=\"application\/ld+json\" class=\"yoast-schema-graph\">{\"@context\":\"https:\/\/schema.org\",\"@graph\":[{\"@type\":\"NewsArticle\",\"@id\":\"https:\/\/www.gaveanews.com\/index.php\/2025\/03\/05\/palmeiras-quando-vitor-roque-vai-estrear\/#article\",\"isPartOf\":{\"@id\":\"https:\/\/www.gaveanews.com\/index.php\/2025\/03\/05\/palmeiras-quando-vitor-roque-vai-estrear\/\"},\"author\":{\"name\":\"Paula Silva\",\"@id\":\"https:\/\/www.gaveanews.com\/#\/schema\/person\/daf63eec72e1164eb13dc35096c2b8da\"},\"headline\":\"Palmeiras: quando Vitor Roque vai estrear?\",\"datePublished\":\"2025-03-05T22:45:00+00:00\",\"mainEntityOfPage\":{\"@id\":\"https:\/\/www.gaveanews.com\/index.php\/2025\/03\/05\/palmeiras-quando-vitor-roque-vai-estrear\/\"},\"wordCount\":332,\"commentCount\":0,\"image\":{\"@id\":\"https:\/\/www.gaveanews.com\/index.php\/2025\/03\/05\/palmeiras-quando-vitor-roque-vai-estrear\/#primaryimage\"},\"thumbnailUrl\":\"https:\/\/www.gaveanews.com\/wp-content\/uploads\/Vitor-Roque-pelo-Palmeiras.webp\",\"articleSection\":[\"Palmeiras\"],\"inLanguage\":\"pt-BR\",\"potentialAction\":[{\"@type\":\"CommentAction\",\"name\":\"Comment\",\"target\":[\"https:\/\/www.gaveanews.com\/index.php\/2025\/03\/05\/palmeiras-quando-vitor-roque-vai-estrear\/#respond\"]}],\"copyrightYear\":\"2025\",\"copyrightHolder\":{\"@id\":\"https:\/\/www.gaveanews.com\/#organization\"}},{\"@type\":\"WebPage\",\"@id\":\"https:\/\/www.gaveanews.com\/index.php\/2025\/03\/05\/palmeiras-quando-vitor-roque-vai-estrear\/\",\"url\":\"https:\/\/www.gaveanews.com\/index.php\/2025\/03\/05\/palmeiras-quando-vitor-roque-vai-estrear\/\",\"name\":\"Palmeiras: quando Vitor Roque vai estrear?\",\"isPartOf\":{\"@id\":\"https:\/\/www.gaveanews.com\/#website\"},\"primaryImageOfPage\":{\"@id\":\"https:\/\/www.gaveanews.com\/index.php\/2025\/03\/05\/palmeiras-quando-vitor-roque-vai-estrear\/#primaryimage\"},\"image\":{\"@id\":\"https:\/\/www.gaveanews.com\/index.php\/2025\/03\/05\/palmeiras-quando-vitor-roque-vai-estrear\/#primaryimage\"},\"thumbnailUrl\":\"https:\/\/www.gaveanews.com\/wp-content\/uploads\/Vitor-Roque-pelo-Palmeiras.webp\",\"datePublished\":\"2025-03-05T22:45:00+00:00\",\"author\":{\"@id\":\"https:\/\/www.gaveanews.com\/#\/schema\/person\/daf63eec72e1164eb13dc35096c2b8da\"},\"breadcrumb\":{\"@id\":\"https:\/\/www.gaveanews.com\/index.php\/2025\/03\/05\/palmeiras-quando-vitor-roque-vai-estrear\/#breadcrumb\"},\"inLanguage\":\"pt-BR\",\"potentialAction\":[{\"@type\":\"ReadAction\",\"target\":[\"https:\/\/www.gaveanews.com\/index.php\/2025\/03\/05\/palmeiras-quando-vitor-roque-vai-estrear\/\"]}]},{\"@type\":\"ImageObject\",\"inLanguage\":\"pt-BR\",\"@id\":\"https:\/\/www.gaveanews.com\/index.php\/2025\/03\/05\/palmeiras-quando-vitor-roque-vai-estrear\/#primaryimage\",\"url\":\"https:\/\/www.gaveanews.com\/wp-content\/uploads\/Vitor-Roque-pelo-Palmeiras.webp\",\"contentUrl\":\"https:\/\/www.gaveanews.com\/wp-content\/uploads\/Vitor-Roque-pelo-Palmeiras.webp\",\"width\":850,\"height\":585,\"caption\":\"Vitor Roque pelo Palmeiras (Foto: Cesar Greco\/Palmeiras)\"},{\"@type\":\"BreadcrumbList\",\"@id\":\"https:\/\/www.gaveanews.com\/index.php\/2025\/03\/05\/palmeiras-quando-vitor-roque-vai-estrear\/#breadcrumb\",\"itemListElement\":[{\"@type\":\"ListItem\",\"position\":1,\"name\":\"Home\",\"item\":\"https:\/\/www.gaveanews.com\/\"},{\"@type\":\"ListItem\",\"position\":2,\"name\":\"Palmeiras: quando Vitor Roque vai estrear?\"}]},{\"@type\":\"WebSite\",\"@id\":\"https:\/\/www.gaveanews.com\/#website\",\"url\":\"https:\/\/www.gaveanews.com\/\",\"name\":\"G\u00e1vea News\",\"description\":\"Veja todas as not\u00edcias sobre o Flamengo: Contrata\u00e7\u00f5es, categorias de base, resultados das partidas, tabela de classifica\u00e7\u00e3o, pr\u00f3ximos jogos!\",\"potentialAction\":[{\"@type\":\"SearchAction\",\"target\":{\"@type\":\"EntryPoint\",\"urlTemplate\":\"https:\/\/www.gaveanews.com\/?s={search_term_string}\"},\"query-input\":{\"@type\":\"PropertyValueSpecification\",\"valueRequired\":true,\"valueName\":\"search_term_string\"}}],\"inLanguage\":\"pt-BR\"},{\"@type\":\"Person\",\"@id\":\"https:\/\/www.gaveanews.com\/#\/schema\/person\/daf63eec72e1164eb13dc35096c2b8da\",\"name\":\"Paula Silva\",\"image\":{\"@type\":\"ImageObject\",\"inLanguage\":\"pt-BR\",\"@id\":\"https:\/\/www.gaveanews.com\/#\/schema\/person\/image\/\",\"url\":\"https:\/\/secure.gravatar.com\/avatar\/eda381c845527cc5d64c13b901833cda29d97500ba040d3e6461f76f51d163bb?s=96&d=mm&r=g\",\"contentUrl\":\"https:\/\/secure.gravatar.com\/avatar\/eda381c845527cc5d64c13b901833cda29d97500ba040d3e6461f76f51d163bb?s=96&d=mm&r=g\",\"caption\":\"Paula Silva\"}}]}<\/script>\n<!-- \/ Yoast SEO Premium plugin. -->","yoast_head_json":{"title":"Palmeiras: quando Vitor Roque vai estrear?","robots":{"index":"index","follow":"follow","max-snippet":"max-snippet:-1","max-image-preview":"max-image-preview:large","max-video-preview":"max-video-preview:-1"},"canonical":"https:\/\/www.gaveanews.com\/index.php\/2025\/03\/05\/palmeiras-quando-vitor-roque-vai-estrear\/","og_locale":"pt_BR","og_type":"article","og_title":"Palmeiras: quando Vitor Roque vai estrear?","og_description":"O atacante Vitor Roque foi oficialmente integrado ao elenco do Palmeiras e j\u00e1 realizou seu primeiro treinamento na Academia de Futebol. O jogador, de 20 anos, foi contratado junto ao Barcelona e desembarcou em S\u00e3o Paulo na \u00faltima sexta-feira (28). Antes de ir a campo, passou por exames m\u00e9dicos e testes f\u00edsicos no clube. O [&hellip;]","og_url":"https:\/\/www.gaveanews.com\/index.php\/2025\/03\/05\/palmeiras-quando-vitor-roque-vai-estrear\/","og_site_name":"G\u00e1vea News","article_publisher":"https:\/\/facebook.com\/gaveaNews\/","article_published_time":"2025-03-05T22:45:00+00:00","og_image":[{"width":850,"height":585,"url":"https:\/\/www.gaveanews.com\/wp-content\/uploads\/Vitor-Roque-pelo-Palmeiras.webp","type":"image\/jpeg"}],"author":"Paula Silva","twitter_card":"summary_large_image","twitter_misc":{"Escrito por":"Paula Silva","Est. tempo de leitura":"2 minutos"},"schema":{"@context":"https:\/\/schema.org","@graph":[{"@type":"NewsArticle","@id":"https:\/\/www.gaveanews.com\/index.php\/2025\/03\/05\/palmeiras-quando-vitor-roque-vai-estrear\/#article","isPartOf":{"@id":"https:\/\/www.gaveanews.com\/index.php\/2025\/03\/05\/palmeiras-quando-vitor-roque-vai-estrear\/"},"author":{"name":"Paula Silva","@id":"https:\/\/www.gaveanews.com\/#\/schema\/person\/daf63eec72e1164eb13dc35096c2b8da"},"headline":"Palmeiras: quando Vitor Roque vai estrear?","datePublished":"2025-03-05T22:45:00+00:00","mainEntityOfPage":{"@id":"https:\/\/www.gaveanews.com\/index.php\/2025\/03\/05\/palmeiras-quando-vitor-roque-vai-estrear\/"},"wordCount":332,"commentCount":0,"image":{"@id":"https:\/\/www.gaveanews.com\/index.php\/2025\/03\/05\/palmeiras-quando-vitor-roque-vai-estrear\/#primaryimage"},"thumbnailUrl":"https:\/\/www.gaveanews.com\/wp-content\/uploads\/Vitor-Roque-pelo-Palmeiras.webp","articleSection":["Palmeiras"],"inLanguage":"pt-BR","potentialAction":[{"@type":"CommentAction","name":"Comment","target":["https:\/\/www.gaveanews.com\/index.php\/2025\/03\/05\/palmeiras-quando-vitor-roque-vai-estrear\/#respond"]}],"copyrightYear":"2025","copyrightHolder":{"@id":"https:\/\/www.gaveanews.com\/#organization"}},{"@type":"WebPage","@id":"https:\/\/www.gaveanews.com\/index.php\/2025\/03\/05\/palmeiras-quando-vitor-roque-vai-estrear\/","url":"https:\/\/www.gaveanews.com\/index.php\/2025\/03\/05\/palmeiras-quando-vitor-roque-vai-estrear\/","name":"Palmeiras: quando Vitor Roque vai estrear?","isPartOf":{"@id":"https:\/\/www.gaveanews.com\/#website"},"primaryImageOfPage":{"@id":"https:\/\/www.gaveanews.com\/index.php\/2025\/03\/05\/palmeiras-quando-vitor-roque-vai-estrear\/#primaryimage"},"image":{"@id":"https:\/\/www.gaveanews.com\/index.php\/2025\/03\/05\/palmeiras-quando-vitor-roque-vai-estrear\/#primaryimage"},"thumbnailUrl":"https:\/\/www.gaveanews.com\/wp-content\/uploads\/Vitor-Roque-pelo-Palmeiras.webp","datePublished":"2025-03-05T22:45:00+00:00","author":{"@id":"https:\/\/www.gaveanews.com\/#\/schema\/person\/daf63eec72e1164eb13dc35096c2b8da"},"breadcrumb":{"@id":"https:\/\/www.gaveanews.com\/index.php\/2025\/03\/05\/palmeiras-quando-vitor-roque-vai-estrear\/#breadcrumb"},"inLanguage":"pt-BR","potentialAction":[{"@type":"ReadAction","target":["https:\/\/www.gaveanews.com\/index.php\/2025\/03\/05\/palmeiras-quando-vitor-roque-vai-estrear\/"]}]},{"@type":"ImageObject","inLanguage":"pt-BR","@id":"https:\/\/www.gaveanews.com\/index.php\/2025\/03\/05\/palmeiras-quando-vitor-roque-vai-estrear\/#primaryimage","url":"https:\/\/www.gaveanews.com\/wp-content\/uploads\/Vitor-Roque-pelo-Palmeiras.webp","contentUrl":"https:\/\/www.gaveanews.com\/wp-content\/uploads\/Vitor-Roque-pelo-Palmeiras.webp","width":850,"height":585,"caption":"Vitor Roque pelo Palmeiras (Foto: Cesar Greco\/Palmeiras)"},{"@type":"BreadcrumbList","@id":"https:\/\/www.gaveanews.com\/index.php\/2025\/03\/05\/palmeiras-quando-vitor-roque-vai-estrear\/#breadcrumb","itemListElement":[{"@type":"ListItem","position":1,"name":"Home","item":"https:\/\/www.gaveanews.com\/"},{"@type":"ListItem","position":2,"name":"Palmeiras: quando Vitor Roque vai estrear?"}]},{"@type":"WebSite","@id":"https:\/\/www.gaveanews.com\/#website","url":"https:\/\/www.gaveanews.com\/","name":"G\u00e1vea News","description":"Veja todas as not\u00edcias sobre o Flamengo: Contrata\u00e7\u00f5es, categorias de base, resultados das partidas, tabela de classifica\u00e7\u00e3o, pr\u00f3ximos jogos!","potentialAction":[{"@type":"SearchAction","target":{"@type":"EntryPoint","urlTemplate":"https:\/\/www.gaveanews.com\/?s={search_term_string}"},"query-input":{"@type":"PropertyValueSpecification","valueRequired":true,"valueName":"search_term_string"}}],"inLanguage":"pt-BR"},{"@type":"Person","@id":"https:\/\/www.gaveanews.com\/#\/schema\/person\/daf63eec72e1164eb13dc35096c2b8da","name":"Paula Silva","image":{"@type":"ImageObject","inLanguage":"pt-BR","@id":"https:\/\/www.gaveanews.com\/#\/schema\/person\/image\/","url":"https:\/\/secure.gravatar.com\/avatar\/eda381c845527cc5d64c13b901833cda29d97500ba040d3e6461f76f51d163bb?s=96&d=mm&r=g","contentUrl":"https:\/\/secure.gravatar.com\/avatar\/eda381c845527cc5d64c13b901833cda29d97500ba040d3e6461f76f51d163bb?s=96&d=mm&r=g","caption":"Paula Silva"}}]}},"_links":{"self":[{"href":"https:\/\/www.gaveanews.com\/index.php\/wp-json\/wp\/v2\/posts\/236326","targetHints":{"allow":["GET"]}}],"collection":[{"href":"https:\/\/www.gaveanews.com\/index.php\/wp-json\/wp\/v2\/posts"}],"about":[{"href":"https:\/\/www.gaveanews.com\/index.php\/wp-json\/wp\/v2\/types\/post"}],"author":[{"embeddable":true,"href":"https:\/\/www.gaveanews.com\/index.php\/wp-json\/wp\/v2\/users\/18"}],"replies":[{"embeddable":true,"href":"https:\/\/www.gaveanews.com\/index.php\/wp-json\/wp\/v2\/comments?post=236326"}],"version-history":[{"count":1,"href":"https:\/\/www.gaveanews.com\/index.php\/wp-json\/wp\/v2\/posts\/236326\/revisions"}],"predecessor-version":[{"id":236330,"href":"https:\/\/www.gaveanews.com\/index.php\/wp-json\/wp\/v2\/posts\/236326\/revisions\/236330"}],"wp:featuredmedia":[{"embeddable":true,"href":"https:\/\/www.gaveanews.com\/index.php\/wp-json\/wp\/v2\/media\/236329"}],"wp:attachment":[{"href":"https:\/\/www.gaveanews.com\/index.php\/wp-json\/wp\/v2\/media?parent=236326"}],"wp:term":[{"taxonomy":"category","embeddable":true,"href":"https:\/\/www.gaveanews.com\/index.php\/wp-json\/wp\/v2\/categories?post=236326"},{"taxonomy":"post_tag","embeddable":true,"href":"https:\/\/www.gaveanews.com\/index.php\/wp-json\/wp\/v2\/tags?post=236326"}],"curies":[{"name":"wp","href":"https:\/\/api.w.org\/{rel}","templated":true}]}}